{"id":58709,"date":"2014-05-20T06:54:33","date_gmt":"2014-05-20T09:54:33","guid":{"rendered":"http:\/\/new.franciscanos.org.br\/?p=58709"},"modified":"2020-11-11T11:26:41","modified_gmt":"2020-11-11T14:26:41","slug":"congresso-convida-ordem-franciscana-a-sair-de-si","status":"publish","type":"post","link":"https:\/\/franciscanos.org.br\/noticias\/congresso-convida-ordem-franciscana-a-sair-de-si.html","title":{"rendered":"Congresso convida Ordem a \u201csair de si\u201d"},"content":{"rendered":"<p><strong>Frei Gustavo Medella<\/strong><\/p>\n<p><strong>Roma (It\u00e1lia)<\/strong> &#8211; As primeiras provoca\u00e7\u00f5es do Congresso de Evangeliza\u00e7\u00e3o e Miss\u00e3o apresentaram uma dire\u00e7\u00e3o convergente: evangelizar \u00e9 sair de si, \u00e9 ir ao encontro do outro, \u00e9 n\u00e3o se acomodar, nem se apequenar diante dos desafios. \u00c9 colocar-se por inteiro no testemunho e na propaga\u00e7\u00e3o da Boa Nova anunciada por Jesus Cristo. Ao apresentar a proposta do Congresso, o Secret\u00e1rio para as Miss\u00f5es e a Evangeliza\u00e7\u00e3o da Ordem, Frei Massimo Tedoldi, encorajou os participantes, vindos dos cinco continentes, a partilharem suas experi\u00eancias e a darem suas contribui\u00e7\u00f5es durante os dias de encontro. \u201cVoc\u00eas s\u00e3o os grandes realizadores deste encontro. A frase do lema, \u2018Vai e reconstr\u00f3i a minha casa\u2019, \u00e9 dirigida a cada um em particular\u201d, lembrou Frei Massimo.<\/p>\n<p>Em sua palavra de abertura, o Ministro Geral Frei Michael Perry partilhou algumas experi\u00eancias de seu tempo de mission\u00e1rio na \u00c1frica e lembrou que quem se disp\u00f5e a ser um evangelizador deve trazer dentro de si um profundo esp\u00edrito de humildade e a consci\u00eancia de quem reconhece que sempre tem algo de novo a aprender. No in\u00edcio da homilia da Missa que presidiu ao meio-dia, Frei Michael citou a Exorta\u00e7\u00e3o Apost\u00f3lica Evangelii Gaudium, do Papa Francisco: \u201cEvangelizadores plenos de Esp\u00edrito significa evangelizadores sem medo, abertos \u00e0 a\u00e7\u00e3o do Esp\u00edrito Santo\u201d.<\/p>\n<p><a href=\"http:\/\/franciscanos.org.br\/wp-content\/uploads\/2014\/05\/congresso_1.jpg\"><img loading=\"lazy\" class=\"alignright size-full wp-image-58713\" src=\"http:\/\/franciscanos.org.br\/wp-content\/uploads\/2014\/05\/congresso_1.jpg\" alt=\"congresso_1\" width=\"450\" height=\"408\" \/><\/a>Frei Giacomo Bini, ex-Ministro Geral falecido poucos dias antes do Congresso, faria a confer\u00eancia de abertura. Como forma de homenage\u00e1-lo e tamb\u00e9m de trazer presente a mem\u00f3ria de um frade estimado e respeitado em todo o mundo, os participantes do congresso receberam um livreto com aquela que seria a fala de Frei Bini, entregue antecipadamente para a organiza\u00e7\u00e3o.<\/p>\n<p>O documento foi lido em parte por frades que tiveram estreita liga\u00e7\u00e3o com o ex-Ministro Geral. No trecho em italiano, Frei Est\u00eav\u00e3o Ottenbreit, que fora Vig\u00e1rio Geral de Frei Bini, procedeu a leitura. Em seu depoimento pessoal acerca do frade falecido, o Ministro Geral Frei Michael Perry recordou que suas \u00faltimas palavras revelaram uma preocupa\u00e7\u00e3o e uma grande esperan\u00e7a. \u201cAntes de morrer, Frei Giacomo repetiu v\u00e1rias vezes \u2018as estruturas, as estruturas\u2019, e tamb\u00e9m, \u2018a vida continua\u2019\u201d.<\/p>\n<p>Segundo a interpreta\u00e7\u00e3o do Ministro Geral, a grande inquieta\u00e7\u00e3o de Frei Giacomo era que estrutura pesadas deixassem abafado o vigor do Evangelho na Ordem, e sua esperan\u00e7a era que, guiada por Deus, com certeza a Ordem seguiria sua caminhada.<\/p>\n<p>Na parte da tarde, o Prior do Mosteiro de Bose, uma experi\u00eancia de vida mon\u00e1stica leiga e que re\u00fane homens e mulheres na vida de ora\u00e7\u00e3o, Enzo Bianchi, apresentou o tema \u201cFalar com Deus para falar de Deus: o cora\u00e7\u00e3o de toda Evangeliza\u00e7\u00e3o\u201d. Manifestando uma espiritualidade profundamente encarnada, o palestrante destacou a import\u00e2ncia do testemunho para a Evangeliza\u00e7\u00e3o e ajudou a assembleia a compreender que o exerc\u00edcio orante, o \u201cfalar com Deus\u201d pressup\u00f5e uma profunda atitude de escuta.<\/p>\n<p>\u201cO Senhor fala no cora\u00e7\u00e3o e, para bem O escutarmos, precisamos tamb\u00e9m pedir a Ele como pediu Salom\u00e3o, que nos d\u00ea um cora\u00e7\u00e3o capaz de escutar\u201d, disse. Tamb\u00e9m recordou que a escuta de Deus \u00e9 um exerc\u00edcio de aproxima\u00e7\u00e3o humana. \u201cTodo ser humano \u00e9 imagem de Deus e, por isso, sempre temos de manter aberta em n\u00f3s a convic\u00e7\u00e3o de que as pessoas podem revel\u00e1-Lo para n\u00f3s\u201d, explicou. De acordo com Enzo Bianchi, na rela\u00e7\u00e3o entre o ser humano e Deus \u00e9 importante que eu cumpra o intiner\u00e1rio \u201cda escuta ao conhecimento, do conhecimento ao amor\u201d.<\/p>\n<p>Num segundo momento, Bianchi apresentou alguns pressupostos para que a vida de rela\u00e7\u00e3o com Deus (falar com Deus) se torne evangeliza\u00e7\u00e3o (falar de Deus), que seriam: coer\u00eancia, proximidade e levar somente o Evangelho naquilo que ele tem de essencial. O palestrante reconheceu que este \u00faltimo pressuposto \u00e9 bastante dif\u00edcil de se compreendido e praticado, mas ressaltou a import\u00e2ncia de que o servi\u00e7o de Evangeliza\u00e7\u00e3o n\u00e3o perca de vista este intento de se manter fiel ao n\u00facleo da Boa Nova apresentada por Jesus Cristo.<\/p>\n<p>O Primeiro Congresso de Evangeliza\u00e7\u00e3o e Miss\u00e3o da Ordem dos Frades Menores tem como lema: \u201cVai e reconstr\u00f3i a minha casa\u201d \u2013 Identidade e Novidade na Miss\u00e3o Evangelizadora da Ordem. O encontro est\u00e1 sendo realizado em um carmelo na periferia de Roma e segue at\u00e9 o dia 28 de maio.<\/p>\n<p><strong>Acompanhe o notici\u00e1rio internacional em:\u00a0<a href=\"http:\/\/www.ofm.org\/SGME2014\/\">http:\/\/www.ofm.org\/SGME2014\u00a0<\/a><\/strong><\/p>\n","protected":false},"excerpt":{"rendered":"<p>Miss\u00f5es e Envangeliza\u00e7\u00e3o<\/p>\n","protected":false},"author":1,"featured_media":218947,"comment_status":"closed","ping_status":"open","sticky":false,"template":"","format":"standard","meta":[],"categories":[1],"tags":[],"acf":[],"yoast_head":"<!-- This site is optimized with the Yoast SEO plugin v19.2 - https:\/\/yoast.com\/wordpress\/plugins\/seo\/ -->\n<title>Congresso convida Ordem a \u201csair de si\u201d - Not\u00edcias - Franciscanos<\/title>\n<meta name=\"robots\" content=\"index, follow, max-snippet:-1, max-image-preview:large, max-video-preview:-1\" \/>\n<link rel=\"canonical\" href=\"https:\/\/franciscanos.org.br\/noticias\/congresso-convida-ordem-franciscana-a-sair-de-si.html\" \/>\n<meta property=\"og:locale\" content=\"pt_BR\" \/>\n<meta property=\"og:type\" content=\"article\" \/>\n<meta property=\"og:title\" content=\"Congresso convida Ordem a \u201csair de si\u201d - Not\u00edcias - Franciscanos\" \/>\n<meta property=\"og:description\" content=\"Miss\u00f5es e Envangeliza\u00e7\u00e3o\" \/>\n<meta property=\"og:url\" content=\"https:\/\/franciscanos.org.br\/noticias\/congresso-convida-ordem-franciscana-a-sair-de-si.html\" \/>\n<meta property=\"og:site_name\" content=\"Not\u00edcias - Franciscanos\" \/>\n<meta property=\"article:published_time\" content=\"2014-05-20T09:54:33+00:00\" \/>\n<meta property=\"article:modified_time\" content=\"2020-11-11T14:26:41+00:00\" \/>\n<meta property=\"og:image\" content=\"https:\/\/franciscanos.org.br\/noticias\/wp-content\/uploads\/2014\/05\/congresso_1.jpg\" \/>\n\t<meta property=\"og:image:width\" content=\"273\" \/>\n\t<meta property=\"og:image:height\" content=\"181\" \/>\n\t<meta property=\"og:image:type\" content=\"image\/jpeg\" \/>\n<meta name=\"author\" content=\"admin\" \/>\n<meta name=\"twitter:card\" content=\"summary_large_image\" \/>\n<meta name=\"twitter:label1\" content=\"Escrito por\" \/>\n\t<meta name=\"twitter:data1\" content=\"admin\" \/>\n\t<meta name=\"twitter:label2\" content=\"Est. tempo de leitura\" \/>\n\t<meta name=\"twitter:data2\" content=\"4 minutos\" \/>\n<script type=\"application\/ld+json\" class=\"yoast-schema-graph\">{\"@context\":\"https:\/\/schema.org\",\"@graph\":[{\"@type\":\"WebSite\",\"@id\":\"https:\/\/franciscanos.org.br\/noticias\/#website\",\"url\":\"https:\/\/franciscanos.org.br\/noticias\/\",\"name\":\"Not\u00edcias - Franciscanos\",\"description\":\"Prov\u00edncia Franciscana da Imaculada Concei\u00e7\u00e3o do Brasil - Ordem dos Frades Menores - OFM\",\"potentialAction\":[{\"@type\":\"SearchAction\",\"target\":{\"@type\":\"EntryPoint\",\"urlTemplate\":\"https:\/\/franciscanos.org.br\/noticias\/?s={search_term_string}\"},\"query-input\":\"required name=search_term_string\"}],\"inLanguage\":\"pt-BR\"},{\"@type\":\"ImageObject\",\"inLanguage\":\"pt-BR\",\"@id\":\"https:\/\/franciscanos.org.br\/noticias\/congresso-convida-ordem-franciscana-a-sair-de-si.html#primaryimage\",\"url\":\"https:\/\/franciscanos.org.br\/noticias\/wp-content\/uploads\/2014\/05\/congresso_1.jpg\",\"contentUrl\":\"https:\/\/franciscanos.org.br\/noticias\/wp-content\/uploads\/2014\/05\/congresso_1.jpg\",\"width\":273,\"height\":181},{\"@type\":\"WebPage\",\"@id\":\"https:\/\/franciscanos.org.br\/noticias\/congresso-convida-ordem-franciscana-a-sair-de-si.html#webpage\",\"url\":\"https:\/\/franciscanos.org.br\/noticias\/congresso-convida-ordem-franciscana-a-sair-de-si.html\",\"name\":\"Congresso convida Ordem a \u201csair de si\u201d - Not\u00edcias - Franciscanos\",\"isPartOf\":{\"@id\":\"https:\/\/franciscanos.org.br\/noticias\/#website\"},\"primaryImageOfPage\":{\"@id\":\"https:\/\/franciscanos.org.br\/noticias\/congresso-convida-ordem-franciscana-a-sair-de-si.html#primaryimage\"},\"datePublished\":\"2014-05-20T09:54:33+00:00\",\"dateModified\":\"2020-11-11T14:26:41+00:00\",\"author\":{\"@id\":\"https:\/\/franciscanos.org.br\/noticias\/#\/schema\/person\/b38fbf43118f02820bd932f2e4b14ad3\"},\"breadcrumb\":{\"@id\":\"https:\/\/franciscanos.org.br\/noticias\/congresso-convida-ordem-franciscana-a-sair-de-si.html#breadcrumb\"},\"inLanguage\":\"pt-BR\",\"potentialAction\":[{\"@type\":\"ReadAction\",\"target\":[\"https:\/\/franciscanos.org.br\/noticias\/congresso-convida-ordem-franciscana-a-sair-de-si.html\"]}]},{\"@type\":\"BreadcrumbList\",\"@id\":\"https:\/\/franciscanos.org.br\/noticias\/congresso-convida-ordem-franciscana-a-sair-de-si.html#breadcrumb\",\"itemListElement\":[{\"@type\":\"ListItem\",\"position\":1,\"name\":\"Home\",\"item\":\"https:\/\/franciscanos.org.br\/noticias\"},{\"@type\":\"ListItem\",\"position\":2,\"name\":\"Congresso convida Ordem a \u201csair de si\u201d\"}]},{\"@type\":\"Person\",\"@id\":\"https:\/\/franciscanos.org.br\/noticias\/#\/schema\/person\/b38fbf43118f02820bd932f2e4b14ad3\",\"name\":\"admin\",\"image\":{\"@type\":\"ImageObject\",\"inLanguage\":\"pt-BR\",\"@id\":\"https:\/\/franciscanos.org.br\/noticias\/#\/schema\/person\/image\/\",\"url\":\"https:\/\/secure.gravatar.com\/avatar\/e8495742d34d0ba6448ea1c628263b3e?s=96&d=mm&r=g\",\"contentUrl\":\"https:\/\/secure.gravatar.com\/avatar\/e8495742d34d0ba6448ea1c628263b3e?s=96&d=mm&r=g\",\"caption\":\"admin\"},\"url\":\"https:\/\/franciscanos.org.br\/noticias\/author\/admin\"}]}<\/script>\n<!-- \/ Yoast SEO plugin. -->","yoast_head_json":{"title":"Congresso convida Ordem a \u201csair de si\u201d - Not\u00edcias - Franciscanos","robots":{"index":"index","follow":"follow","max-snippet":"max-snippet:-1","max-image-preview":"max-image-preview:large","max-video-preview":"max-video-preview:-1"},"canonical":"https:\/\/franciscanos.org.br\/noticias\/congresso-convida-ordem-franciscana-a-sair-de-si.html","og_locale":"pt_BR","og_type":"article","og_title":"Congresso convida Ordem a \u201csair de si\u201d - Not\u00edcias - Franciscanos","og_description":"Miss\u00f5es e Envangeliza\u00e7\u00e3o","og_url":"https:\/\/franciscanos.org.br\/noticias\/congresso-convida-ordem-franciscana-a-sair-de-si.html","og_site_name":"Not\u00edcias - Franciscanos","article_published_time":"2014-05-20T09:54:33+00:00","article_modified_time":"2020-11-11T14:26:41+00:00","og_image":[{"width":273,"height":181,"url":"https:\/\/franciscanos.org.br\/noticias\/wp-content\/uploads\/2014\/05\/congresso_1.jpg","type":"image\/jpeg"}],"author":"admin","twitter_card":"summary_large_image","twitter_misc":{"Escrito por":"admin","Est. tempo de leitura":"4 minutos"},"schema":{"@context":"https:\/\/schema.org","@graph":[{"@type":"WebSite","@id":"https:\/\/franciscanos.org.br\/noticias\/#website","url":"https:\/\/franciscanos.org.br\/noticias\/","name":"Not\u00edcias - Franciscanos","description":"Prov\u00edncia Franciscana da Imaculada Concei\u00e7\u00e3o do Brasil - Ordem dos Frades Menores - OFM","potentialAction":[{"@type":"SearchAction","target":{"@type":"EntryPoint","urlTemplate":"https:\/\/franciscanos.org.br\/noticias\/?s={search_term_string}"},"query-input":"required name=search_term_string"}],"inLanguage":"pt-BR"},{"@type":"ImageObject","inLanguage":"pt-BR","@id":"https:\/\/franciscanos.org.br\/noticias\/congresso-convida-ordem-franciscana-a-sair-de-si.html#primaryimage","url":"https:\/\/franciscanos.org.br\/noticias\/wp-content\/uploads\/2014\/05\/congresso_1.jpg","contentUrl":"https:\/\/franciscanos.org.br\/noticias\/wp-content\/uploads\/2014\/05\/congresso_1.jpg","width":273,"height":181},{"@type":"WebPage","@id":"https:\/\/franciscanos.org.br\/noticias\/congresso-convida-ordem-franciscana-a-sair-de-si.html#webpage","url":"https:\/\/franciscanos.org.br\/noticias\/congresso-convida-ordem-franciscana-a-sair-de-si.html","name":"Congresso convida Ordem a \u201csair de si\u201d - Not\u00edcias - Franciscanos","isPartOf":{"@id":"https:\/\/franciscanos.org.br\/noticias\/#website"},"primaryImageOfPage":{"@id":"https:\/\/franciscanos.org.br\/noticias\/congresso-convida-ordem-franciscana-a-sair-de-si.html#primaryimage"},"datePublished":"2014-05-20T09:54:33+00:00","dateModified":"2020-11-11T14:26:41+00:00","author":{"@id":"https:\/\/franciscanos.org.br\/noticias\/#\/schema\/person\/b38fbf43118f02820bd932f2e4b14ad3"},"breadcrumb":{"@id":"https:\/\/franciscanos.org.br\/noticias\/congresso-convida-ordem-franciscana-a-sair-de-si.html#breadcrumb"},"inLanguage":"pt-BR","potentialAction":[{"@type":"ReadAction","target":["https:\/\/franciscanos.org.br\/noticias\/congresso-convida-ordem-franciscana-a-sair-de-si.html"]}]},{"@type":"BreadcrumbList","@id":"https:\/\/franciscanos.org.br\/noticias\/congresso-convida-ordem-franciscana-a-sair-de-si.html#breadcrumb","itemListElement":[{"@type":"ListItem","position":1,"name":"Home","item":"https:\/\/franciscanos.org.br\/noticias"},{"@type":"ListItem","position":2,"name":"Congresso convida Ordem a \u201csair de si\u201d"}]},{"@type":"Person","@id":"https:\/\/franciscanos.org.br\/noticias\/#\/schema\/person\/b38fbf43118f02820bd932f2e4b14ad3","name":"admin","image":{"@type":"ImageObject","inLanguage":"pt-BR","@id":"https:\/\/franciscanos.org.br\/noticias\/#\/schema\/person\/image\/","url":"https:\/\/secure.gravatar.com\/avatar\/e8495742d34d0ba6448ea1c628263b3e?s=96&d=mm&r=g","contentUrl":"https:\/\/secure.gravatar.com\/avatar\/e8495742d34d0ba6448ea1c628263b3e?s=96&d=mm&r=g","caption":"admin"},"url":"https:\/\/franciscanos.org.br\/noticias\/author\/admin"}]}},"_links":{"self":[{"href":"https:\/\/franciscanos.org.br\/noticias\/wp-json\/wp\/v2\/posts\/58709"}],"collection":[{"href":"https:\/\/franciscanos.org.br\/noticias\/wp-json\/wp\/v2\/posts"}],"about":[{"href":"https:\/\/franciscanos.org.br\/noticias\/wp-json\/wp\/v2\/types\/post"}],"author":[{"embeddable":true,"href":"https:\/\/franciscanos.org.br\/noticias\/wp-json\/wp\/v2\/users\/1"}],"replies":[{"embeddable":true,"href":"https:\/\/franciscanos.org.br\/noticias\/wp-json\/wp\/v2\/comments?post=58709"}],"version-history":[{"count":1,"href":"https:\/\/franciscanos.org.br\/noticias\/wp-json\/wp\/v2\/posts\/58709\/revisions"}],"predecessor-version":[{"id":229316,"href":"https:\/\/franciscanos.org.br\/noticias\/wp-json\/wp\/v2\/posts\/58709\/revisions\/229316"}],"wp:featuredmedia":[{"embeddable":true,"href":"https:\/\/franciscanos.org.br\/noticias\/wp-json\/wp\/v2\/media\/218947"}],"wp:attachment":[{"href":"https:\/\/franciscanos.org.br\/noticias\/wp-json\/wp\/v2\/media?parent=58709"}],"wp:term":[{"taxonomy":"category","embeddable":true,"href":"https:\/\/franciscanos.org.br\/noticias\/wp-json\/wp\/v2\/categories?post=58709"},{"taxonomy":"post_tag","embeddable":true,"href":"https:\/\/franciscanos.org.br\/noticias\/wp-json\/wp\/v2\/tags?post=58709"}],"curies":[{"name":"wp","href":"https:\/\/api.w.org\/{rel}","templated":true}]}}