{"id":58602,"date":"2014-05-19T23:51:30","date_gmt":"2014-05-20T02:51:30","guid":{"rendered":"http:\/\/new.franciscanos.org.br\/?p=58602"},"modified":"2020-11-12T10:13:43","modified_gmt":"2020-11-12T13:13:43","slug":"d-negri-voces-sao-chamados-a-serem-pedras-vivas","status":"publish","type":"post","link":"https:\/\/franciscanos.org.br\/noticias\/d-negri-voces-sao-chamados-a-serem-pedras-vivas.html","title":{"rendered":"D.Negri: &#8216;Voc\u00eas s\u00e3o chamados a serem pedras vivas&#8217;"},"content":{"rendered":"<p><img loading=\"lazy\" src=\"http:\/\/franciscanos.org.br\/wp-content\/uploads\/2014\/05\/alto2.jpg\" alt=\"alto2\" width=\"820\" height=\"349\" \/><\/p>\n<p><strong>Moacir Beggo<\/strong><\/p>\n<p><strong>\u00a0Blumenau (SC)<\/strong> \u00a0&#8211; O bispo da Diocese de Blumenau, Dom Jos\u00e9 Negri, PIME, deixou os exemplos de Santo Est\u00eav\u00e3o e S\u00e3o Francisco como modelos para os novos di\u00e1conos da Igreja: Frei Paulijacson Pessoa de Moura e Alexsandro Valdir Borges. Eles foram ordenados para o minist\u00e9rio do diaconato na celebra\u00e7\u00e3o eucar\u00edstica na majestosa Catedral de S\u00e3o Paulo Ap\u00f3stolo de Blumenau, \u00e0s 15 horas, neste 5\u00ba domingo da P\u00e1scoa, 18 de maio. Frei Paulijacson \u00e9 frade da Prov\u00edncia da Imaculada Concei\u00e7\u00e3o e Alexsandro \u00e9 seminarista da Diocese de Blumenau.<\/p>\n<p><a href=\"http:\/\/franciscanos.org.br\/wp-content\/uploads\/2014\/05\/meio.jpg\"><img loading=\"lazy\" class=\"alignright size-full wp-image-58605\" src=\"http:\/\/franciscanos.org.br\/wp-content\/uploads\/2014\/05\/meio.jpg\" alt=\"Fotos Moacir Beggo\" width=\"338\" height=\"450\" \/><\/a>Diante de frades, novi\u00e7os e seminaristas de toda a Prov\u00edncia, sacerdotes, di\u00e1conos e seminaristas da Diocese, Dom Jos\u00e9 enfatizou que a ordena\u00e7\u00e3o desses dois jovens era uma grande alegria. &#8220;E todos n\u00f3s, como Diocese e Ordem Franciscana, devemos vibrar de alegria porque ainda temos jovens que sabem fazer esta escolha, dedicando a vida inteira pela causa do Reino e do Evangelho&#8221;, vibrou o bispo.<\/p>\n<p>Esta alegria o bispo tamb\u00e9m manifestou durante a homilia ao abordar as exig\u00eancias para se assumir o minist\u00e9rio diaconal. &#8220;Eles devem ser homens cheios do Esp\u00edrito Santo e de sabedoria. Devem ser pessoas dedicadas ao servi\u00e7o, como servir \u00e0s mesas das vi\u00favas. Ent\u00e3o, a miss\u00e3o do di\u00e1cono n\u00e3o \u00e9 tanto lit\u00fargica, mas caritativa. \u00c9 a caridade, \u00e9 o amor, a miss\u00e3o do di\u00e1cono. O di\u00e1cono est\u00e1 a servi\u00e7o dos mais fragilizados das pessoas mais necessitadas. Os ap\u00f3stolos tiveram de ceder esse trabalho social porque eles n\u00e3o davam conta. Portanto, os di\u00e1conos ajudam os sacerdotes, trabalham com os sacerdotes, mas no servi\u00e7o da caridade e do amor&#8221;, explicou.<\/p>\n<p>Est\u00eav\u00e3o \u00e9 o modelo de di\u00e1cono que mostra os Atos dos Ap\u00f3stolos. &#8220;Ele foi o primeiro m\u00e1rtir. Vejam que interessante! O primeiro m\u00e1rtir n\u00e3o foi um ap\u00f3stolo, mas um di\u00e1cono, porque o di\u00e1cono tem essa grande miss\u00e3o de se colocar a servi\u00e7o a ponto de dar a pr\u00f3pria vida, o pr\u00f3prio sangue. Esta foi a express\u00e3o mais bonita de um di\u00e1cono no servi\u00e7o. O que impressiona na vida de Est\u00eav\u00e3o \u00e9 o amor, \u00e9 a caridade&#8221;, ressaltou o bispo diocesano, lembrando que Est\u00eav\u00e3o morreu pedindo perd\u00e3o para os seus apedrejadores.<\/p>\n<div id=\"attachment_58606\" style=\"width: 348px\" class=\"wp-caption alignleft\"><a href=\"http:\/\/franciscanos.org.br\/wp-content\/uploads\/2014\/05\/meio2.jpg\"><img aria-describedby=\"caption-attachment-58606\" loading=\"lazy\" class=\"size-full wp-image-58606\" src=\"http:\/\/franciscanos.org.br\/wp-content\/uploads\/2014\/05\/meio2.jpg\" alt=\"Fotos Moacir Beggo\" width=\"338\" height=\"450\" \/><\/a><p id=\"caption-attachment-58606\" class=\"wp-caption-text\">Frei Paulijacson (\u00e0 esq.) e Alexsandro<\/p><\/div>\n<p>&nbsp;<\/p>\n<p><strong>S\u00e3o Francisco e as pedras vivas<\/strong><\/p>\n<p>Ao refletir sobre a segunda leitura, o bispo frisou que S\u00e3o Pedro nos convida a sermos pedras vivas na constru\u00e7\u00e3o do templo espiritual. &#8220;Interessante esta liga\u00e7\u00e3o de pedras. As pedras que fala Pedro s\u00e3o pedras boas, pedras que constroem&#8221;, disse, lembrando do franciscano Frei Br\u00e1s Reuter, que construiu a Igreja de S\u00e3o Paulo Ap\u00f3stolo e que foi consagrada no dia 25 de janeiro de 1958 e hoje \u00e9 a Catedral da Diocese.<\/p>\n<p>&#8220;Interessante ver como na Igreja de Cristo existem muitas pedras. Tem pedras que constroem, tem pedras que destroem; tem pedras vivas, tem pedras mortas; tem pedras que s\u00e3o \u00fateis, e tem pedras que s\u00e3o in\u00fateis. Como n\u00e3o lembrar de um homem, de um grande santo, o fundador da Ordem de nosso Frei Paulijacson. Francisco de Assis foi convidado por Deus a reconstruir a sua Igreja, que estava enfraquecida pelo poder, pelo dinheiro, pelo carreirismo. Francisco foi chamado por Deus para reconstruir uma Igreja que estava ainda em ru\u00ednas. Tem pedras que matam, que servem para destruir e tem pedras que servem para construir. Francisco conseguiu reconstruir a Igreja. Mas foi com pedras vivas. E a grande Ordem que ele fundou se espalhou pelo mundo inteiro e continua construindo nossa Igreja&#8221;, enfatizou.<\/p>\n<p>Ao comentar o Evangelho, disse que h\u00e1 pedras de trope\u00e7o e pedras de esc\u00e2ndalo, mas tamb\u00e9m pedras que edificam. &#8220;Meus queridos, sejam estas pedras na nossa Igreja. N\u00e3o precisamos muito de pedras brilhosas, de pedras que gostam de se enaltecerem. A nossa Igreja precisa de pedras com uma beleza interior, que d\u00e3o testemunho. Voc\u00eas s\u00e3o chamados a serem essas pedras vivas, humildes, que se contentam em ser o apoio de outras pedras maiores, mas o mais importante, pedras na constru\u00e7\u00e3o da Igreja, dando testemunho da caridade, do amor, a exemplo de Est\u00eav\u00e3o e de Francisco&#8221;.<\/p>\n<div id=\"attachment_58607\" style=\"width: 460px\" class=\"wp-caption alignright\"><a href=\"http:\/\/franciscanos.org.br\/wp-content\/uploads\/2014\/05\/meio3.jpg\"><img aria-describedby=\"caption-attachment-58607\" loading=\"lazy\" class=\"size-full wp-image-58607\" src=\"http:\/\/franciscanos.org.br\/wp-content\/uploads\/2014\/05\/meio3.jpg\" alt=\"Foto Moacir Beggo\" width=\"450\" height=\"300\" \/><\/a><p id=\"caption-attachment-58607\" class=\"wp-caption-text\">Frei Paulijacson, a m\u00e3e Elisabeth \u00a0e o irm\u00e3o Francisco Alexo<\/p><\/div>\n<p>Em seguida \u00e0 homilia, os candidatos confirmaram o prop\u00f3sito de serem ordenados di\u00e1conos diante de Dom Jos\u00e9 e da comunidade e se prostraram no presbit\u00e9rio em sinal de humildade e pequenez, enquanto se rezou a Ladainha de Todos os Santos. Pela imposi\u00e7\u00e3o das m\u00e3os de Dom Jos\u00e9, Frei Paulijacson e Alex foram ordenados di\u00e1conos e revestidos com a estola diaconal e a dalm\u00e1tica. O Pe. Jos\u00e9 Fontanela ajudou na vesti\u00e7\u00e3o o neo-di\u00e1cono Alexsandro e o Definidor Frei Germano Guesser, que representou o Ministro Provincial, Frei Fid\u00eancio Vanboemmel, vestiu Frei Paulijacson com a sua m\u00e3e Elisabeth.<\/p>\n<p>Significando a miss\u00e3o de anunciar o viver o Evangelho de Jesus Cristo, os neo-di\u00e1conos receberam do bispo o livro dos Evangelhos, o qual os exortou a serem fi\u00e9is no an\u00fancio e na pr\u00e1tica dos ensinamentos evang\u00e9licos. Em seguida, os neo-di\u00e1conos prepararam a Mesa da Eucaristia para a continua\u00e7\u00e3o da celebra\u00e7\u00e3o.<\/p>\n<p>Frei Paulijacson fez os agradecimentos no final: &#8220;Temos consci\u00eancia que a ordena\u00e7\u00e3o diaconal n\u00e3o \u00e9 s\u00f3 um ponto de chegada mas \u00e9 sobretudo um ponto de partida para nos prepararmos ainda mais para\u00a0 a ordena\u00e7\u00e3o sacerdotal, para melhor servirmos ao povo de Deus. A nossa voca\u00e7\u00e3o n\u00e3o \u00e9 um favor que fazemos a Deus mas \u00e9 a resposta ao imenso favor que Deus nos fez chamando-nos para o seu servi\u00e7o&#8221;, enfatizou.<\/p>\n<p>Novamente diante do bispo, os neo-di\u00e1conos receberam a b\u00ean\u00e7\u00e3o final. A festa terminou no Sal\u00e3o Paroquial da Catedral numa grande confraterniza\u00e7\u00e3o.<\/p>\n","protected":false},"excerpt":{"rendered":"<p>Ordena\u00e7\u00e3o diaconal<\/p>\n","protected":false},"author":1,"featured_media":217804,"comment_status":"closed","ping_status":"open","sticky":false,"template":"","format":"standard","meta":[],"categories":[1],"tags":[],"acf":[],"yoast_head":"<!-- This site is optimized with the Yoast SEO plugin v19.2 - https:\/\/yoast.com\/wordpress\/plugins\/seo\/ -->\n<title>D.Negri: &#039;Voc\u00eas s\u00e3o chamados a serem pedras vivas&#039; - Not\u00edcias - Franciscanos<\/title>\n<meta name=\"robots\" content=\"index, follow, max-snippet:-1, max-image-preview:large, max-video-preview:-1\" \/>\n<link rel=\"canonical\" href=\"https:\/\/franciscanos.org.br\/noticias\/d-negri-voces-sao-chamados-a-serem-pedras-vivas.html\" \/>\n<meta property=\"og:locale\" content=\"pt_BR\" \/>\n<meta property=\"og:type\" content=\"article\" \/>\n<meta property=\"og:title\" content=\"D.Negri: &#039;Voc\u00eas s\u00e3o chamados a serem pedras vivas&#039; - Not\u00edcias - Franciscanos\" \/>\n<meta property=\"og:description\" content=\"Ordena\u00e7\u00e3o diaconal\" \/>\n<meta property=\"og:url\" content=\"https:\/\/franciscanos.org.br\/noticias\/d-negri-voces-sao-chamados-a-serem-pedras-vivas.html\" \/>\n<meta property=\"og:site_name\" content=\"Not\u00edcias - Franciscanos\" \/>\n<meta property=\"article:published_time\" content=\"2014-05-20T02:51:30+00:00\" \/>\n<meta property=\"article:modified_time\" content=\"2020-11-12T13:13:43+00:00\" \/>\n<meta property=\"og:image\" content=\"https:\/\/franciscanos.org.br\/noticias\/wp-content\/uploads\/2014\/05\/alto2.jpg\" \/>\n\t<meta property=\"og:image:width\" content=\"273\" \/>\n\t<meta property=\"og:image:height\" content=\"181\" \/>\n\t<meta property=\"og:image:type\" content=\"image\/jpeg\" \/>\n<meta name=\"author\" content=\"admin\" \/>\n<meta name=\"twitter:card\" content=\"summary_large_image\" \/>\n<meta name=\"twitter:label1\" content=\"Escrito por\" \/>\n\t<meta name=\"twitter:data1\" content=\"admin\" \/>\n\t<meta name=\"twitter:label2\" content=\"Est. tempo de leitura\" \/>\n\t<meta name=\"twitter:data2\" content=\"5 minutos\" \/>\n<script type=\"application\/ld+json\" class=\"yoast-schema-graph\">{\"@context\":\"https:\/\/schema.org\",\"@graph\":[{\"@type\":\"WebSite\",\"@id\":\"https:\/\/franciscanos.org.br\/noticias\/#website\",\"url\":\"https:\/\/franciscanos.org.br\/noticias\/\",\"name\":\"Not\u00edcias - Franciscanos\",\"description\":\"Prov\u00edncia Franciscana da Imaculada Concei\u00e7\u00e3o do Brasil - Ordem dos Frades Menores - OFM\",\"potentialAction\":[{\"@type\":\"SearchAction\",\"target\":{\"@type\":\"EntryPoint\",\"urlTemplate\":\"https:\/\/franciscanos.org.br\/noticias\/?s={search_term_string}\"},\"query-input\":\"required name=search_term_string\"}],\"inLanguage\":\"pt-BR\"},{\"@type\":\"ImageObject\",\"inLanguage\":\"pt-BR\",\"@id\":\"https:\/\/franciscanos.org.br\/noticias\/d-negri-voces-sao-chamados-a-serem-pedras-vivas.html#primaryimage\",\"url\":\"https:\/\/franciscanos.org.br\/noticias\/wp-content\/uploads\/2014\/05\/alto2.jpg\",\"contentUrl\":\"https:\/\/franciscanos.org.br\/noticias\/wp-content\/uploads\/2014\/05\/alto2.jpg\",\"width\":273,\"height\":181},{\"@type\":\"WebPage\",\"@id\":\"https:\/\/franciscanos.org.br\/noticias\/d-negri-voces-sao-chamados-a-serem-pedras-vivas.html#webpage\",\"url\":\"https:\/\/franciscanos.org.br\/noticias\/d-negri-voces-sao-chamados-a-serem-pedras-vivas.html\",\"name\":\"D.Negri: 'Voc\u00eas s\u00e3o chamados a serem pedras vivas' - Not\u00edcias - Franciscanos\",\"isPartOf\":{\"@id\":\"https:\/\/franciscanos.org.br\/noticias\/#website\"},\"primaryImageOfPage\":{\"@id\":\"https:\/\/franciscanos.org.br\/noticias\/d-negri-voces-sao-chamados-a-serem-pedras-vivas.html#primaryimage\"},\"datePublished\":\"2014-05-20T02:51:30+00:00\",\"dateModified\":\"2020-11-12T13:13:43+00:00\",\"author\":{\"@id\":\"https:\/\/franciscanos.org.br\/noticias\/#\/schema\/person\/b38fbf43118f02820bd932f2e4b14ad3\"},\"breadcrumb\":{\"@id\":\"https:\/\/franciscanos.org.br\/noticias\/d-negri-voces-sao-chamados-a-serem-pedras-vivas.html#breadcrumb\"},\"inLanguage\":\"pt-BR\",\"potentialAction\":[{\"@type\":\"ReadAction\",\"target\":[\"https:\/\/franciscanos.org.br\/noticias\/d-negri-voces-sao-chamados-a-serem-pedras-vivas.html\"]}]},{\"@type\":\"BreadcrumbList\",\"@id\":\"https:\/\/franciscanos.org.br\/noticias\/d-negri-voces-sao-chamados-a-serem-pedras-vivas.html#breadcrumb\",\"itemListElement\":[{\"@type\":\"ListItem\",\"position\":1,\"name\":\"Home\",\"item\":\"https:\/\/franciscanos.org.br\/noticias\"},{\"@type\":\"ListItem\",\"position\":2,\"name\":\"D.Negri: &#8216;Voc\u00eas s\u00e3o chamados a serem pedras vivas&#8217;\"}]},{\"@type\":\"Person\",\"@id\":\"https:\/\/franciscanos.org.br\/noticias\/#\/schema\/person\/b38fbf43118f02820bd932f2e4b14ad3\",\"name\":\"admin\",\"image\":{\"@type\":\"ImageObject\",\"inLanguage\":\"pt-BR\",\"@id\":\"https:\/\/franciscanos.org.br\/noticias\/#\/schema\/person\/image\/\",\"url\":\"https:\/\/secure.gravatar.com\/avatar\/e8495742d34d0ba6448ea1c628263b3e?s=96&d=mm&r=g\",\"contentUrl\":\"https:\/\/secure.gravatar.com\/avatar\/e8495742d34d0ba6448ea1c628263b3e?s=96&d=mm&r=g\",\"caption\":\"admin\"},\"url\":\"https:\/\/franciscanos.org.br\/noticias\/author\/admin\"}]}<\/script>\n<!-- \/ Yoast SEO plugin. -->","yoast_head_json":{"title":"D.Negri: 'Voc\u00eas s\u00e3o chamados a serem pedras vivas' - Not\u00edcias - Franciscanos","robots":{"index":"index","follow":"follow","max-snippet":"max-snippet:-1","max-image-preview":"max-image-preview:large","max-video-preview":"max-video-preview:-1"},"canonical":"https:\/\/franciscanos.org.br\/noticias\/d-negri-voces-sao-chamados-a-serem-pedras-vivas.html","og_locale":"pt_BR","og_type":"article","og_title":"D.Negri: 'Voc\u00eas s\u00e3o chamados a serem pedras vivas' - Not\u00edcias - Franciscanos","og_description":"Ordena\u00e7\u00e3o diaconal","og_url":"https:\/\/franciscanos.org.br\/noticias\/d-negri-voces-sao-chamados-a-serem-pedras-vivas.html","og_site_name":"Not\u00edcias - Franciscanos","article_published_time":"2014-05-20T02:51:30+00:00","article_modified_time":"2020-11-12T13:13:43+00:00","og_image":[{"width":273,"height":181,"url":"https:\/\/franciscanos.org.br\/noticias\/wp-content\/uploads\/2014\/05\/alto2.jpg","type":"image\/jpeg"}],"author":"admin","twitter_card":"summary_large_image","twitter_misc":{"Escrito por":"admin","Est. tempo de leitura":"5 minutos"},"schema":{"@context":"https:\/\/schema.org","@graph":[{"@type":"WebSite","@id":"https:\/\/franciscanos.org.br\/noticias\/#website","url":"https:\/\/franciscanos.org.br\/noticias\/","name":"Not\u00edcias - Franciscanos","description":"Prov\u00edncia Franciscana da Imaculada Concei\u00e7\u00e3o do Brasil - Ordem dos Frades Menores - OFM","potentialAction":[{"@type":"SearchAction","target":{"@type":"EntryPoint","urlTemplate":"https:\/\/franciscanos.org.br\/noticias\/?s={search_term_string}"},"query-input":"required name=search_term_string"}],"inLanguage":"pt-BR"},{"@type":"ImageObject","inLanguage":"pt-BR","@id":"https:\/\/franciscanos.org.br\/noticias\/d-negri-voces-sao-chamados-a-serem-pedras-vivas.html#primaryimage","url":"https:\/\/franciscanos.org.br\/noticias\/wp-content\/uploads\/2014\/05\/alto2.jpg","contentUrl":"https:\/\/franciscanos.org.br\/noticias\/wp-content\/uploads\/2014\/05\/alto2.jpg","width":273,"height":181},{"@type":"WebPage","@id":"https:\/\/franciscanos.org.br\/noticias\/d-negri-voces-sao-chamados-a-serem-pedras-vivas.html#webpage","url":"https:\/\/franciscanos.org.br\/noticias\/d-negri-voces-sao-chamados-a-serem-pedras-vivas.html","name":"D.Negri: 'Voc\u00eas s\u00e3o chamados a serem pedras vivas' - Not\u00edcias - Franciscanos","isPartOf":{"@id":"https:\/\/franciscanos.org.br\/noticias\/#website"},"primaryImageOfPage":{"@id":"https:\/\/franciscanos.org.br\/noticias\/d-negri-voces-sao-chamados-a-serem-pedras-vivas.html#primaryimage"},"datePublished":"2014-05-20T02:51:30+00:00","dateModified":"2020-11-12T13:13:43+00:00","author":{"@id":"https:\/\/franciscanos.org.br\/noticias\/#\/schema\/person\/b38fbf43118f02820bd932f2e4b14ad3"},"breadcrumb":{"@id":"https:\/\/franciscanos.org.br\/noticias\/d-negri-voces-sao-chamados-a-serem-pedras-vivas.html#breadcrumb"},"inLanguage":"pt-BR","potentialAction":[{"@type":"ReadAction","target":["https:\/\/franciscanos.org.br\/noticias\/d-negri-voces-sao-chamados-a-serem-pedras-vivas.html"]}]},{"@type":"BreadcrumbList","@id":"https:\/\/franciscanos.org.br\/noticias\/d-negri-voces-sao-chamados-a-serem-pedras-vivas.html#breadcrumb","itemListElement":[{"@type":"ListItem","position":1,"name":"Home","item":"https:\/\/franciscanos.org.br\/noticias"},{"@type":"ListItem","position":2,"name":"D.Negri: &#8216;Voc\u00eas s\u00e3o chamados a serem pedras vivas&#8217;"}]},{"@type":"Person","@id":"https:\/\/franciscanos.org.br\/noticias\/#\/schema\/person\/b38fbf43118f02820bd932f2e4b14ad3","name":"admin","image":{"@type":"ImageObject","inLanguage":"pt-BR","@id":"https:\/\/franciscanos.org.br\/noticias\/#\/schema\/person\/image\/","url":"https:\/\/secure.gravatar.com\/avatar\/e8495742d34d0ba6448ea1c628263b3e?s=96&d=mm&r=g","contentUrl":"https:\/\/secure.gravatar.com\/avatar\/e8495742d34d0ba6448ea1c628263b3e?s=96&d=mm&r=g","caption":"admin"},"url":"https:\/\/franciscanos.org.br\/noticias\/author\/admin"}]}},"_links":{"self":[{"href":"https:\/\/franciscanos.org.br\/noticias\/wp-json\/wp\/v2\/posts\/58602"}],"collection":[{"href":"https:\/\/franciscanos.org.br\/noticias\/wp-json\/wp\/v2\/posts"}],"about":[{"href":"https:\/\/franciscanos.org.br\/noticias\/wp-json\/wp\/v2\/types\/post"}],"author":[{"embeddable":true,"href":"https:\/\/franciscanos.org.br\/noticias\/wp-json\/wp\/v2\/users\/1"}],"replies":[{"embeddable":true,"href":"https:\/\/franciscanos.org.br\/noticias\/wp-json\/wp\/v2\/comments?post=58602"}],"version-history":[{"count":1,"href":"https:\/\/franciscanos.org.br\/noticias\/wp-json\/wp\/v2\/posts\/58602\/revisions"}],"predecessor-version":[{"id":229375,"href":"https:\/\/franciscanos.org.br\/noticias\/wp-json\/wp\/v2\/posts\/58602\/revisions\/229375"}],"wp:featuredmedia":[{"embeddable":true,"href":"https:\/\/franciscanos.org.br\/noticias\/wp-json\/wp\/v2\/media\/217804"}],"wp:attachment":[{"href":"https:\/\/franciscanos.org.br\/noticias\/wp-json\/wp\/v2\/media?parent=58602"}],"wp:term":[{"taxonomy":"category","embeddable":true,"href":"https:\/\/franciscanos.org.br\/noticias\/wp-json\/wp\/v2\/categories?post=58602"},{"taxonomy":"post_tag","embeddable":true,"href":"https:\/\/franciscanos.org.br\/noticias\/wp-json\/wp\/v2\/tags?post=58602"}],"curies":[{"name":"wp","href":"https:\/\/api.w.org\/{rel}","templated":true}]}}