{"id":58591,"date":"2014-05-16T08:50:39","date_gmt":"2014-05-16T11:50:39","guid":{"rendered":"http:\/\/new.franciscanos.org.br\/?p=58591"},"modified":"2020-06-10T18:24:45","modified_gmt":"2020-06-10T21:24:45","slug":"rezar-celebrar-e-imitar-jesus-para-conhece-lo","status":"publish","type":"post","link":"https:\/\/franciscanos.org.br\/noticias\/rezar-celebrar-e-imitar-jesus-para-conhece-lo.html","title":{"rendered":"&#8220;Rezar, celebrar e imitar Jesus para conhec\u00ea-Lo&#8221;"},"content":{"rendered":"<p><strong><img loading=\"lazy\" class=\"alignright size-full wp-image-58593\" src=\"http:\/\/franciscanos.org.br\/wp-content\/uploads\/2014\/05\/pope_and_mons_grech.jpg\" alt=\"pope_and_mons_grech\" width=\"500\" height=\"402\" \/>Cidade do Vaticano \u2013<\/strong> Para conhecer Jesus, n\u00e3o basta estudar, mas rezar e imit\u00e1-Lo: palavras do Papa Francisco na Missa celebrada esta manh\u00e3 na Casa Santa Marta.<\/p>\n<p>Comentando a afirma\u00e7\u00e3o de Jesus \u201cEu sou o caminho, a verdade e a vida\u201d, Francisco observou que o \u201cconhecimento de Jesus \u00e9 o trabalho mais importante da nossa vida\u201d.<\/p>\n<p>Para isso, o estudo \u00e9 sim importante, mas n\u00e3o suficiente. \u201cAlgumas pessoas, afirmou ele, acreditam que somente as ideias nos levar\u00e3o ao conhecimento de Jesus. Inclusive entre os primeiros crist\u00e3os se pensava assim. Mas, no final, ficam presos em seus pensamentos:<\/p>\n<p>As ideias por si s\u00f3 n\u00e3o d\u00e3o vida e quem percorre o caminho somente das ideias acaba num labirinto e n\u00e3o sai mais! \u00c9 por isso que, desde o in\u00edcio da Igreja, existem as heresias. As heresias s\u00e3o isto: tentar entender quem \u00e9 Jesus somente com a nossa mente e a nossa luz. Um grande escritor ingl\u00eas dizia que a heresia \u00e9 uma ideia que enlouqueceu. \u00c9 assim. Quando as ideais est\u00e3o s\u00f3s, enlouquecem\u2026 Este n\u00e3o \u00e9 o caminho!<\/p>\n<p>Para conhecer Jesus \u2013 afirmou o Papa \u2013 \u00e9 preciso abrir tr\u00eas portas:<\/p>\n<p>Primeira porta: rezar a Jesus. O estudo sem ora\u00e7\u00e3o n\u00e3o serve. Rezar a Jesus para conhec\u00ea-Lo melhor. Os grandes te\u00f3logos fazem teologia de joelhos. E com o estudo, com a ora\u00e7\u00e3o, nos aproximamos um pouco&#8230;. Mas sem ora\u00e7\u00e3o jamais conheceremos Jesus. Jamais! Segunda porta: celebrar Jesus. N\u00e3o basta a ora\u00e7\u00e3o, mas tamb\u00e9m a alegria da celebra\u00e7\u00e3o. Celebrar Jesus nos seus Sacramentos, porque ali nos d\u00e1 a vida, a for\u00e7a, o alimento, o conforto, a alian\u00e7a e a miss\u00e3o. Sem a celebra\u00e7\u00e3o dos Sacramentos, n\u00e3o conseguiremos conhecer Jesus. Isso \u00e9 pr\u00f3prio da Igreja: a celebra\u00e7\u00e3o. Terceira porta: imit\u00e1-Lo. Pegar o Evangelho: o que Ele fez, como era a sua vida, o que nos disse, o que nos ensinou e tentar imit\u00e1-Lo.<\/p>\n<p>Entrar por essas tr\u00eas portas \u2013 disse ainda Francisco \u2013, significa \u201centrar no mist\u00e9rio de Jesus\u201d. Somente se formos capazes de entrar no seu mist\u00e9rio poderemos conhecer Jesus, \u201csem medo\u201d:<\/p>\n<p>Podemos hoje, durante o dia, pensar em como anda a porta da ora\u00e7\u00e3o na minha vida: mas a ora\u00e7\u00e3o do cora\u00e7\u00e3o, n\u00e3o a do papagaio! Como anda a celebra\u00e7\u00e3o crist\u00e3 na minha vida? E a imita\u00e7\u00e3o de Jesus? Como imit\u00e1-Lo?<\/p>\n<p>Para quem n\u00e3o se lembra porque o Evangelho est\u00e1 \u201ctodo empoeirado e nunca \u00e9 aberto\u201d, o Papa aconselhou a abri-lo, pois l\u00e1 encontrar\u00e1 como imitar Jesus.<\/p>\n<hr \/>\n<p><em>Fonte: \u00a0R\u00e1dio Vaticano<\/em><\/p>\n","protected":false},"excerpt":{"rendered":"<p>Missa em Santa Marta<\/p>\n","protected":false},"author":1,"featured_media":0,"comment_status":"closed","ping_status":"open","sticky":false,"template":"","format":"standard","meta":[],"categories":[1428],"tags":[1586],"acf":[],"yoast_head":"<!-- This site is optimized with the Yoast SEO plugin v19.2 - https:\/\/yoast.com\/wordpress\/plugins\/seo\/ -->\n<title>&quot;Rezar, celebrar e imitar Jesus para conhec\u00ea-Lo&quot; - Not\u00edcias - Franciscanos<\/title>\n<meta name=\"robots\" content=\"index, follow, max-snippet:-1, max-image-preview:large, max-video-preview:-1\" \/>\n<link rel=\"canonical\" href=\"https:\/\/franciscanos.org.br\/noticias\/rezar-celebrar-e-imitar-jesus-para-conhece-lo.html\" \/>\n<meta property=\"og:locale\" content=\"pt_BR\" \/>\n<meta property=\"og:type\" content=\"article\" \/>\n<meta property=\"og:title\" content=\"&quot;Rezar, celebrar e imitar Jesus para conhec\u00ea-Lo&quot; - Not\u00edcias - Franciscanos\" \/>\n<meta property=\"og:description\" content=\"Missa em Santa Marta\" \/>\n<meta property=\"og:url\" content=\"https:\/\/franciscanos.org.br\/noticias\/rezar-celebrar-e-imitar-jesus-para-conhece-lo.html\" \/>\n<meta property=\"og:site_name\" content=\"Not\u00edcias - Franciscanos\" \/>\n<meta property=\"article:published_time\" content=\"2014-05-16T11:50:39+00:00\" \/>\n<meta property=\"article:modified_time\" content=\"2020-06-10T21:24:45+00:00\" \/>\n<meta property=\"og:image\" content=\"http:\/\/franciscanos.org.br\/wp-content\/uploads\/2014\/05\/pope_and_mons_grech.jpg\" \/>\n<meta name=\"author\" content=\"admin\" \/>\n<meta name=\"twitter:card\" content=\"summary_large_image\" \/>\n<meta name=\"twitter:label1\" content=\"Escrito por\" \/>\n\t<meta name=\"twitter:data1\" content=\"admin\" \/>\n\t<meta name=\"twitter:label2\" content=\"Est. tempo de leitura\" \/>\n\t<meta name=\"twitter:data2\" content=\"2 minutos\" \/>\n<script type=\"application\/ld+json\" class=\"yoast-schema-graph\">{\"@context\":\"https:\/\/schema.org\",\"@graph\":[{\"@type\":\"WebSite\",\"@id\":\"https:\/\/franciscanos.org.br\/noticias\/#website\",\"url\":\"https:\/\/franciscanos.org.br\/noticias\/\",\"name\":\"Not\u00edcias - Franciscanos\",\"description\":\"Prov\u00edncia Franciscana da Imaculada Concei\u00e7\u00e3o do Brasil - Ordem dos Frades Menores - OFM\",\"potentialAction\":[{\"@type\":\"SearchAction\",\"target\":{\"@type\":\"EntryPoint\",\"urlTemplate\":\"https:\/\/franciscanos.org.br\/noticias\/?s={search_term_string}\"},\"query-input\":\"required name=search_term_string\"}],\"inLanguage\":\"pt-BR\"},{\"@type\":\"ImageObject\",\"inLanguage\":\"pt-BR\",\"@id\":\"https:\/\/franciscanos.org.br\/noticias\/rezar-celebrar-e-imitar-jesus-para-conhece-lo.html#primaryimage\",\"url\":\"http:\/\/franciscanos.org.br\/wp-content\/uploads\/2014\/05\/pope_and_mons_grech.jpg\",\"contentUrl\":\"http:\/\/franciscanos.org.br\/wp-content\/uploads\/2014\/05\/pope_and_mons_grech.jpg\"},{\"@type\":\"WebPage\",\"@id\":\"https:\/\/franciscanos.org.br\/noticias\/rezar-celebrar-e-imitar-jesus-para-conhece-lo.html#webpage\",\"url\":\"https:\/\/franciscanos.org.br\/noticias\/rezar-celebrar-e-imitar-jesus-para-conhece-lo.html\",\"name\":\"\\\"Rezar, celebrar e imitar Jesus para conhec\u00ea-Lo\\\" - Not\u00edcias - Franciscanos\",\"isPartOf\":{\"@id\":\"https:\/\/franciscanos.org.br\/noticias\/#website\"},\"primaryImageOfPage\":{\"@id\":\"https:\/\/franciscanos.org.br\/noticias\/rezar-celebrar-e-imitar-jesus-para-conhece-lo.html#primaryimage\"},\"datePublished\":\"2014-05-16T11:50:39+00:00\",\"dateModified\":\"2020-06-10T21:24:45+00:00\",\"author\":{\"@id\":\"https:\/\/franciscanos.org.br\/noticias\/#\/schema\/person\/b38fbf43118f02820bd932f2e4b14ad3\"},\"breadcrumb\":{\"@id\":\"https:\/\/franciscanos.org.br\/noticias\/rezar-celebrar-e-imitar-jesus-para-conhece-lo.html#breadcrumb\"},\"inLanguage\":\"pt-BR\",\"potentialAction\":[{\"@type\":\"ReadAction\",\"target\":[\"https:\/\/franciscanos.org.br\/noticias\/rezar-celebrar-e-imitar-jesus-para-conhece-lo.html\"]}]},{\"@type\":\"BreadcrumbList\",\"@id\":\"https:\/\/franciscanos.org.br\/noticias\/rezar-celebrar-e-imitar-jesus-para-conhece-lo.html#breadcrumb\",\"itemListElement\":[{\"@type\":\"ListItem\",\"position\":1,\"name\":\"Home\",\"item\":\"https:\/\/franciscanos.org.br\/noticias\"},{\"@type\":\"ListItem\",\"position\":2,\"name\":\"&#8220;Rezar, celebrar e imitar Jesus para conhec\u00ea-Lo&#8221;\"}]},{\"@type\":\"Person\",\"@id\":\"https:\/\/franciscanos.org.br\/noticias\/#\/schema\/person\/b38fbf43118f02820bd932f2e4b14ad3\",\"name\":\"admin\",\"image\":{\"@type\":\"ImageObject\",\"inLanguage\":\"pt-BR\",\"@id\":\"https:\/\/franciscanos.org.br\/noticias\/#\/schema\/person\/image\/\",\"url\":\"https:\/\/secure.gravatar.com\/avatar\/e8495742d34d0ba6448ea1c628263b3e?s=96&d=mm&r=g\",\"contentUrl\":\"https:\/\/secure.gravatar.com\/avatar\/e8495742d34d0ba6448ea1c628263b3e?s=96&d=mm&r=g\",\"caption\":\"admin\"},\"url\":\"https:\/\/franciscanos.org.br\/noticias\/author\/admin\"}]}<\/script>\n<!-- \/ Yoast SEO plugin. -->","yoast_head_json":{"title":"\"Rezar, celebrar e imitar Jesus para conhec\u00ea-Lo\" - Not\u00edcias - Franciscanos","robots":{"index":"index","follow":"follow","max-snippet":"max-snippet:-1","max-image-preview":"max-image-preview:large","max-video-preview":"max-video-preview:-1"},"canonical":"https:\/\/franciscanos.org.br\/noticias\/rezar-celebrar-e-imitar-jesus-para-conhece-lo.html","og_locale":"pt_BR","og_type":"article","og_title":"\"Rezar, celebrar e imitar Jesus para conhec\u00ea-Lo\" - Not\u00edcias - Franciscanos","og_description":"Missa em Santa Marta","og_url":"https:\/\/franciscanos.org.br\/noticias\/rezar-celebrar-e-imitar-jesus-para-conhece-lo.html","og_site_name":"Not\u00edcias - Franciscanos","article_published_time":"2014-05-16T11:50:39+00:00","article_modified_time":"2020-06-10T21:24:45+00:00","og_image":[{"url":"http:\/\/franciscanos.org.br\/wp-content\/uploads\/2014\/05\/pope_and_mons_grech.jpg"}],"author":"admin","twitter_card":"summary_large_image","twitter_misc":{"Escrito por":"admin","Est. tempo de leitura":"2 minutos"},"schema":{"@context":"https:\/\/schema.org","@graph":[{"@type":"WebSite","@id":"https:\/\/franciscanos.org.br\/noticias\/#website","url":"https:\/\/franciscanos.org.br\/noticias\/","name":"Not\u00edcias - Franciscanos","description":"Prov\u00edncia Franciscana da Imaculada Concei\u00e7\u00e3o do Brasil - Ordem dos Frades Menores - OFM","potentialAction":[{"@type":"SearchAction","target":{"@type":"EntryPoint","urlTemplate":"https:\/\/franciscanos.org.br\/noticias\/?s={search_term_string}"},"query-input":"required name=search_term_string"}],"inLanguage":"pt-BR"},{"@type":"ImageObject","inLanguage":"pt-BR","@id":"https:\/\/franciscanos.org.br\/noticias\/rezar-celebrar-e-imitar-jesus-para-conhece-lo.html#primaryimage","url":"http:\/\/franciscanos.org.br\/wp-content\/uploads\/2014\/05\/pope_and_mons_grech.jpg","contentUrl":"http:\/\/franciscanos.org.br\/wp-content\/uploads\/2014\/05\/pope_and_mons_grech.jpg"},{"@type":"WebPage","@id":"https:\/\/franciscanos.org.br\/noticias\/rezar-celebrar-e-imitar-jesus-para-conhece-lo.html#webpage","url":"https:\/\/franciscanos.org.br\/noticias\/rezar-celebrar-e-imitar-jesus-para-conhece-lo.html","name":"\"Rezar, celebrar e imitar Jesus para conhec\u00ea-Lo\" - Not\u00edcias - Franciscanos","isPartOf":{"@id":"https:\/\/franciscanos.org.br\/noticias\/#website"},"primaryImageOfPage":{"@id":"https:\/\/franciscanos.org.br\/noticias\/rezar-celebrar-e-imitar-jesus-para-conhece-lo.html#primaryimage"},"datePublished":"2014-05-16T11:50:39+00:00","dateModified":"2020-06-10T21:24:45+00:00","author":{"@id":"https:\/\/franciscanos.org.br\/noticias\/#\/schema\/person\/b38fbf43118f02820bd932f2e4b14ad3"},"breadcrumb":{"@id":"https:\/\/franciscanos.org.br\/noticias\/rezar-celebrar-e-imitar-jesus-para-conhece-lo.html#breadcrumb"},"inLanguage":"pt-BR","potentialAction":[{"@type":"ReadAction","target":["https:\/\/franciscanos.org.br\/noticias\/rezar-celebrar-e-imitar-jesus-para-conhece-lo.html"]}]},{"@type":"BreadcrumbList","@id":"https:\/\/franciscanos.org.br\/noticias\/rezar-celebrar-e-imitar-jesus-para-conhece-lo.html#breadcrumb","itemListElement":[{"@type":"ListItem","position":1,"name":"Home","item":"https:\/\/franciscanos.org.br\/noticias"},{"@type":"ListItem","position":2,"name":"&#8220;Rezar, celebrar e imitar Jesus para conhec\u00ea-Lo&#8221;"}]},{"@type":"Person","@id":"https:\/\/franciscanos.org.br\/noticias\/#\/schema\/person\/b38fbf43118f02820bd932f2e4b14ad3","name":"admin","image":{"@type":"ImageObject","inLanguage":"pt-BR","@id":"https:\/\/franciscanos.org.br\/noticias\/#\/schema\/person\/image\/","url":"https:\/\/secure.gravatar.com\/avatar\/e8495742d34d0ba6448ea1c628263b3e?s=96&d=mm&r=g","contentUrl":"https:\/\/secure.gravatar.com\/avatar\/e8495742d34d0ba6448ea1c628263b3e?s=96&d=mm&r=g","caption":"admin"},"url":"https:\/\/franciscanos.org.br\/noticias\/author\/admin"}]}},"_links":{"self":[{"href":"https:\/\/franciscanos.org.br\/noticias\/wp-json\/wp\/v2\/posts\/58591"}],"collection":[{"href":"https:\/\/franciscanos.org.br\/noticias\/wp-json\/wp\/v2\/posts"}],"about":[{"href":"https:\/\/franciscanos.org.br\/noticias\/wp-json\/wp\/v2\/types\/post"}],"author":[{"embeddable":true,"href":"https:\/\/franciscanos.org.br\/noticias\/wp-json\/wp\/v2\/users\/1"}],"replies":[{"embeddable":true,"href":"https:\/\/franciscanos.org.br\/noticias\/wp-json\/wp\/v2\/comments?post=58591"}],"version-history":[{"count":1,"href":"https:\/\/franciscanos.org.br\/noticias\/wp-json\/wp\/v2\/posts\/58591\/revisions"}],"predecessor-version":[{"id":226207,"href":"https:\/\/franciscanos.org.br\/noticias\/wp-json\/wp\/v2\/posts\/58591\/revisions\/226207"}],"wp:attachment":[{"href":"https:\/\/franciscanos.org.br\/noticias\/wp-json\/wp\/v2\/media?parent=58591"}],"wp:term":[{"taxonomy":"category","embeddable":true,"href":"https:\/\/franciscanos.org.br\/noticias\/wp-json\/wp\/v2\/categories?post=58591"},{"taxonomy":"post_tag","embeddable":true,"href":"https:\/\/franciscanos.org.br\/noticias\/wp-json\/wp\/v2\/tags?post=58591"}],"curies":[{"name":"wp","href":"https:\/\/api.w.org\/{rel}","templated":true}]}}