{"id":58554,"date":"2014-05-19T09:01:53","date_gmt":"2014-05-19T12:01:53","guid":{"rendered":"http:\/\/new.franciscanos.org.br\/?p=58554"},"modified":"2019-09-27T10:43:47","modified_gmt":"2019-09-27T13:43:47","slug":"1o-congresso-internacional-para-as-missoes-e-a-evangelizacao","status":"publish","type":"post","link":"https:\/\/franciscanos.org.br\/noticias\/1o-congresso-internacional-para-as-missoes-e-a-evangelizacao.html","title":{"rendered":"Come\u00e7a o primeiro Congresso da Ordem Franciscana em Roma"},"content":{"rendered":"<p><img loading=\"lazy\" class=\"alignnone size-full wp-image-197520\" src=\"https:\/\/franciscanos.org.br\/noticias\/wp-content\/uploads\/2014\/05\/CONGRESSO-1-1.jpg\" alt=\"\" width=\"830\" height=\"431\" srcset=\"https:\/\/franciscanos.org.br\/noticias\/wp-content\/uploads\/2014\/05\/CONGRESSO-1-1.jpg 830w, https:\/\/franciscanos.org.br\/noticias\/wp-content\/uploads\/2014\/05\/CONGRESSO-1-1-450x234.jpg 450w, https:\/\/franciscanos.org.br\/noticias\/wp-content\/uploads\/2014\/05\/CONGRESSO-1-1-768x399.jpg 768w, https:\/\/franciscanos.org.br\/noticias\/wp-content\/uploads\/2014\/05\/CONGRESSO-1-1-150x78.jpg 150w\" sizes=\"(max-width: 830px) 100vw, 830px\" \/><\/p>\n<p>\u201c<i>Vade, repara domum mean<\/i>\u201d (Vai e reconstr\u00f3i a minha casa\u201d). O envio que Francisco escutou e sentiu no cora\u00e7\u00e3o enquanto orava diante do Crucifixo da Capela de S\u00e3o Dami\u00e3o ecoa mais uma vez no seio da Ordem Franciscana como lema do Primeiro Congresso Internacional paras a Miss\u00f5es e a Evangeliza\u00e7\u00e3o. O encontro, que tem como tema: \u201cIdentidade e novidade na miss\u00e3o evangelizadora da Ordem\u201d, realiza-se entre os dias 18 e 28 de maio, na cidade de Roma.<\/p>\n<p>O Congresso \u00e9 uma promo\u00e7\u00e3o da Secretaria para as Miss\u00f5es e Evangeliza\u00e7\u00e3o e tem como p\u00fablico alvo os secret\u00e1rios e animadores destas \u00e1reas nas diferentes entidades da OFM pelo mundo. Da Prov\u00edncia Franciscana da Imaculada Concei\u00e7\u00e3o do Brasil participam Frei Ant\u00f4nio Michels (Secret\u00e1rio para Evangeliza\u00e7\u00e3o), Frei Est\u00e2v\u00e3o Ottenbreit (Coordenador da Frente de Evangeliza\u00e7\u00e3o da Miss\u00e3o) e Frei Gustavo Wayand Medella, da Frente de Evangeliza\u00e7\u00e3o da Comunica\u00e7\u00e3o, convidado a apresentar o tema \u201cEvangeliza\u00e7\u00e3o e os novos meios de comunica\u00e7\u00e3o\u201d.<\/p>\n<p>De acordo com mat\u00e9ria publicada no site especialmente preparado para a ocasi\u00e3o, os objetivos do congresso s\u00e3o:<\/p>\n<p>\u25cf\u00a0Celebrar o encontro dos frades do mundo, partilhando a riqueza das diferentes culturas e das v\u00e1rias formas de evangeliza\u00e7\u00e3o.<\/p>\n<p>\u25cf\u00a0Aprofundar a identidade e a novidade da miss\u00e3o evangelizadora da Ordem.<\/p>\n<p>\u25cf\u00a0Buscar meios e modalidades para renovar a miss\u00e3o evangelizadora nas entidades.<\/p>\n<p>\u25cf\u00a0Oferecer ao Cap\u00edtulo Geral 2015 e \u00e0s entidades algumas propostas concretas para reavivar o entusiasmo e o dinamismo mission\u00e1rio da Ordem.<\/p>\n<p>A programa\u00e7\u00e3o prev\u00ea, al\u00e9m de palestras com temas espec\u00edficos, momentos de di\u00e1logo entre os participantes e os conferencistas, aprofundamento das quest\u00f5es em laborat\u00f3rios por grupos, celebra\u00e7\u00f5es preparadas por frades das diferentes regi\u00f5es, encontros fraternos de partilha e recrea\u00e7\u00e3o e apresenta\u00e7\u00e3o de propostas concretas para a Evangeliza\u00e7\u00e3o.<\/p>\n<p>Acompanhe o notici\u00e1rio internacional em: <a href=\"http:\/\/www.ofm.org\/SGME2014\/\">http:\/\/www.ofm.org\/SGME2014\u00a0<\/a><\/p>\n<p><img loading=\"lazy\" src=\"http:\/\/franciscanos.org.br\/wp-content\/uploads\/2014\/05\/fio.jpg\" alt=\"fio\" width=\"830\" height=\"5\" \/><\/p>\n<p><em>Neste domingo, 18, teve in\u00edcio o Congresso Internacional de Miss\u00e3o e Evangeliza\u00e7\u00e3o da Ordem, com a presen\u00e7a de mais de 150 participantes de todos os Continentes, que refletir\u00e3o at\u00e9 o dia 28 sobre a identidade e novidade na miss\u00e3o evangelizadora da Ordem. Abaixo fotos da ora\u00e7\u00e3o vespertina.<\/em><\/p>\n<p>&nbsp;<\/p>\n","protected":false},"excerpt":{"rendered":"<p>Miss\u00f5es e Evangeliza\u00e7\u00e3o<\/p>\n","protected":false},"author":1,"featured_media":211625,"comment_status":"closed","ping_status":"open","sticky":false,"template":"","format":"standard","meta":[],"categories":[1],"tags":[128],"acf":[],"yoast_head":"<!-- This site is optimized with the Yoast SEO plugin v19.2 - https:\/\/yoast.com\/wordpress\/plugins\/seo\/ -->\n<title>Come\u00e7a o primeiro Congresso da Ordem Franciscana em Roma - Not\u00edcias - Franciscanos<\/title>\n<meta name=\"robots\" content=\"index, follow, max-snippet:-1, max-image-preview:large, max-video-preview:-1\" \/>\n<link rel=\"canonical\" href=\"https:\/\/franciscanos.org.br\/noticias\/1o-congresso-internacional-para-as-missoes-e-a-evangelizacao.html\" \/>\n<meta property=\"og:locale\" content=\"pt_BR\" \/>\n<meta property=\"og:type\" content=\"article\" \/>\n<meta property=\"og:title\" content=\"Come\u00e7a o primeiro Congresso da Ordem Franciscana em Roma - Not\u00edcias - Franciscanos\" \/>\n<meta property=\"og:description\" content=\"Miss\u00f5es e Evangeliza\u00e7\u00e3o\" \/>\n<meta property=\"og:url\" content=\"https:\/\/franciscanos.org.br\/noticias\/1o-congresso-internacional-para-as-missoes-e-a-evangelizacao.html\" \/>\n<meta property=\"og:site_name\" content=\"Not\u00edcias - Franciscanos\" \/>\n<meta property=\"article:published_time\" content=\"2014-05-19T12:01:53+00:00\" \/>\n<meta property=\"article:modified_time\" content=\"2019-09-27T13:43:47+00:00\" \/>\n<meta property=\"og:image\" content=\"https:\/\/franciscanos.org.br\/noticias\/wp-content\/uploads\/2014\/05\/CONGRESSO-1-1-2.jpg\" \/>\n\t<meta property=\"og:image:width\" content=\"273\" \/>\n\t<meta property=\"og:image:height\" content=\"181\" \/>\n\t<meta property=\"og:image:type\" content=\"image\/jpeg\" \/>\n<meta name=\"author\" content=\"admin\" \/>\n<meta name=\"twitter:card\" content=\"summary_large_image\" \/>\n<meta name=\"twitter:label1\" content=\"Escrito por\" \/>\n\t<meta name=\"twitter:data1\" content=\"admin\" \/>\n\t<meta name=\"twitter:label2\" content=\"Est. tempo de leitura\" \/>\n\t<meta name=\"twitter:data2\" content=\"2 minutos\" \/>\n<script type=\"application\/ld+json\" class=\"yoast-schema-graph\">{\"@context\":\"https:\/\/schema.org\",\"@graph\":[{\"@type\":\"WebSite\",\"@id\":\"https:\/\/franciscanos.org.br\/noticias\/#website\",\"url\":\"https:\/\/franciscanos.org.br\/noticias\/\",\"name\":\"Not\u00edcias - Franciscanos\",\"description\":\"Prov\u00edncia Franciscana da Imaculada Concei\u00e7\u00e3o do Brasil - Ordem dos Frades Menores - OFM\",\"potentialAction\":[{\"@type\":\"SearchAction\",\"target\":{\"@type\":\"EntryPoint\",\"urlTemplate\":\"https:\/\/franciscanos.org.br\/noticias\/?s={search_term_string}\"},\"query-input\":\"required name=search_term_string\"}],\"inLanguage\":\"pt-BR\"},{\"@type\":\"ImageObject\",\"inLanguage\":\"pt-BR\",\"@id\":\"https:\/\/franciscanos.org.br\/noticias\/1o-congresso-internacional-para-as-missoes-e-a-evangelizacao.html#primaryimage\",\"url\":\"https:\/\/franciscanos.org.br\/noticias\/wp-content\/uploads\/2014\/05\/CONGRESSO-1-1-2.jpg\",\"contentUrl\":\"https:\/\/franciscanos.org.br\/noticias\/wp-content\/uploads\/2014\/05\/CONGRESSO-1-1-2.jpg\",\"width\":273,\"height\":181},{\"@type\":\"WebPage\",\"@id\":\"https:\/\/franciscanos.org.br\/noticias\/1o-congresso-internacional-para-as-missoes-e-a-evangelizacao.html#webpage\",\"url\":\"https:\/\/franciscanos.org.br\/noticias\/1o-congresso-internacional-para-as-missoes-e-a-evangelizacao.html\",\"name\":\"Come\u00e7a o primeiro Congresso da Ordem Franciscana em Roma - Not\u00edcias - Franciscanos\",\"isPartOf\":{\"@id\":\"https:\/\/franciscanos.org.br\/noticias\/#website\"},\"primaryImageOfPage\":{\"@id\":\"https:\/\/franciscanos.org.br\/noticias\/1o-congresso-internacional-para-as-missoes-e-a-evangelizacao.html#primaryimage\"},\"datePublished\":\"2014-05-19T12:01:53+00:00\",\"dateModified\":\"2019-09-27T13:43:47+00:00\",\"author\":{\"@id\":\"https:\/\/franciscanos.org.br\/noticias\/#\/schema\/person\/b38fbf43118f02820bd932f2e4b14ad3\"},\"breadcrumb\":{\"@id\":\"https:\/\/franciscanos.org.br\/noticias\/1o-congresso-internacional-para-as-missoes-e-a-evangelizacao.html#breadcrumb\"},\"inLanguage\":\"pt-BR\",\"potentialAction\":[{\"@type\":\"ReadAction\",\"target\":[\"https:\/\/franciscanos.org.br\/noticias\/1o-congresso-internacional-para-as-missoes-e-a-evangelizacao.html\"]}]},{\"@type\":\"BreadcrumbList\",\"@id\":\"https:\/\/franciscanos.org.br\/noticias\/1o-congresso-internacional-para-as-missoes-e-a-evangelizacao.html#breadcrumb\",\"itemListElement\":[{\"@type\":\"ListItem\",\"position\":1,\"name\":\"Home\",\"item\":\"https:\/\/franciscanos.org.br\/noticias\"},{\"@type\":\"ListItem\",\"position\":2,\"name\":\"Come\u00e7a o primeiro Congresso da Ordem Franciscana em Roma\"}]},{\"@type\":\"Person\",\"@id\":\"https:\/\/franciscanos.org.br\/noticias\/#\/schema\/person\/b38fbf43118f02820bd932f2e4b14ad3\",\"name\":\"admin\",\"image\":{\"@type\":\"ImageObject\",\"inLanguage\":\"pt-BR\",\"@id\":\"https:\/\/franciscanos.org.br\/noticias\/#\/schema\/person\/image\/\",\"url\":\"https:\/\/secure.gravatar.com\/avatar\/e8495742d34d0ba6448ea1c628263b3e?s=96&d=mm&r=g\",\"contentUrl\":\"https:\/\/secure.gravatar.com\/avatar\/e8495742d34d0ba6448ea1c628263b3e?s=96&d=mm&r=g\",\"caption\":\"admin\"},\"url\":\"https:\/\/franciscanos.org.br\/noticias\/author\/admin\"}]}<\/script>\n<!-- \/ Yoast SEO plugin. -->","yoast_head_json":{"title":"Come\u00e7a o primeiro Congresso da Ordem Franciscana em Roma - Not\u00edcias - Franciscanos","robots":{"index":"index","follow":"follow","max-snippet":"max-snippet:-1","max-image-preview":"max-image-preview:large","max-video-preview":"max-video-preview:-1"},"canonical":"https:\/\/franciscanos.org.br\/noticias\/1o-congresso-internacional-para-as-missoes-e-a-evangelizacao.html","og_locale":"pt_BR","og_type":"article","og_title":"Come\u00e7a o primeiro Congresso da Ordem Franciscana em Roma - Not\u00edcias - Franciscanos","og_description":"Miss\u00f5es e Evangeliza\u00e7\u00e3o","og_url":"https:\/\/franciscanos.org.br\/noticias\/1o-congresso-internacional-para-as-missoes-e-a-evangelizacao.html","og_site_name":"Not\u00edcias - Franciscanos","article_published_time":"2014-05-19T12:01:53+00:00","article_modified_time":"2019-09-27T13:43:47+00:00","og_image":[{"width":273,"height":181,"url":"https:\/\/franciscanos.org.br\/noticias\/wp-content\/uploads\/2014\/05\/CONGRESSO-1-1-2.jpg","type":"image\/jpeg"}],"author":"admin","twitter_card":"summary_large_image","twitter_misc":{"Escrito por":"admin","Est. tempo de leitura":"2 minutos"},"schema":{"@context":"https:\/\/schema.org","@graph":[{"@type":"WebSite","@id":"https:\/\/franciscanos.org.br\/noticias\/#website","url":"https:\/\/franciscanos.org.br\/noticias\/","name":"Not\u00edcias - Franciscanos","description":"Prov\u00edncia Franciscana da Imaculada Concei\u00e7\u00e3o do Brasil - Ordem dos Frades Menores - OFM","potentialAction":[{"@type":"SearchAction","target":{"@type":"EntryPoint","urlTemplate":"https:\/\/franciscanos.org.br\/noticias\/?s={search_term_string}"},"query-input":"required name=search_term_string"}],"inLanguage":"pt-BR"},{"@type":"ImageObject","inLanguage":"pt-BR","@id":"https:\/\/franciscanos.org.br\/noticias\/1o-congresso-internacional-para-as-missoes-e-a-evangelizacao.html#primaryimage","url":"https:\/\/franciscanos.org.br\/noticias\/wp-content\/uploads\/2014\/05\/CONGRESSO-1-1-2.jpg","contentUrl":"https:\/\/franciscanos.org.br\/noticias\/wp-content\/uploads\/2014\/05\/CONGRESSO-1-1-2.jpg","width":273,"height":181},{"@type":"WebPage","@id":"https:\/\/franciscanos.org.br\/noticias\/1o-congresso-internacional-para-as-missoes-e-a-evangelizacao.html#webpage","url":"https:\/\/franciscanos.org.br\/noticias\/1o-congresso-internacional-para-as-missoes-e-a-evangelizacao.html","name":"Come\u00e7a o primeiro Congresso da Ordem Franciscana em Roma - Not\u00edcias - Franciscanos","isPartOf":{"@id":"https:\/\/franciscanos.org.br\/noticias\/#website"},"primaryImageOfPage":{"@id":"https:\/\/franciscanos.org.br\/noticias\/1o-congresso-internacional-para-as-missoes-e-a-evangelizacao.html#primaryimage"},"datePublished":"2014-05-19T12:01:53+00:00","dateModified":"2019-09-27T13:43:47+00:00","author":{"@id":"https:\/\/franciscanos.org.br\/noticias\/#\/schema\/person\/b38fbf43118f02820bd932f2e4b14ad3"},"breadcrumb":{"@id":"https:\/\/franciscanos.org.br\/noticias\/1o-congresso-internacional-para-as-missoes-e-a-evangelizacao.html#breadcrumb"},"inLanguage":"pt-BR","potentialAction":[{"@type":"ReadAction","target":["https:\/\/franciscanos.org.br\/noticias\/1o-congresso-internacional-para-as-missoes-e-a-evangelizacao.html"]}]},{"@type":"BreadcrumbList","@id":"https:\/\/franciscanos.org.br\/noticias\/1o-congresso-internacional-para-as-missoes-e-a-evangelizacao.html#breadcrumb","itemListElement":[{"@type":"ListItem","position":1,"name":"Home","item":"https:\/\/franciscanos.org.br\/noticias"},{"@type":"ListItem","position":2,"name":"Come\u00e7a o primeiro Congresso da Ordem Franciscana em Roma"}]},{"@type":"Person","@id":"https:\/\/franciscanos.org.br\/noticias\/#\/schema\/person\/b38fbf43118f02820bd932f2e4b14ad3","name":"admin","image":{"@type":"ImageObject","inLanguage":"pt-BR","@id":"https:\/\/franciscanos.org.br\/noticias\/#\/schema\/person\/image\/","url":"https:\/\/secure.gravatar.com\/avatar\/e8495742d34d0ba6448ea1c628263b3e?s=96&d=mm&r=g","contentUrl":"https:\/\/secure.gravatar.com\/avatar\/e8495742d34d0ba6448ea1c628263b3e?s=96&d=mm&r=g","caption":"admin"},"url":"https:\/\/franciscanos.org.br\/noticias\/author\/admin"}]}},"_links":{"self":[{"href":"https:\/\/franciscanos.org.br\/noticias\/wp-json\/wp\/v2\/posts\/58554"}],"collection":[{"href":"https:\/\/franciscanos.org.br\/noticias\/wp-json\/wp\/v2\/posts"}],"about":[{"href":"https:\/\/franciscanos.org.br\/noticias\/wp-json\/wp\/v2\/types\/post"}],"author":[{"embeddable":true,"href":"https:\/\/franciscanos.org.br\/noticias\/wp-json\/wp\/v2\/users\/1"}],"replies":[{"embeddable":true,"href":"https:\/\/franciscanos.org.br\/noticias\/wp-json\/wp\/v2\/comments?post=58554"}],"version-history":[{"count":0,"href":"https:\/\/franciscanos.org.br\/noticias\/wp-json\/wp\/v2\/posts\/58554\/revisions"}],"wp:featuredmedia":[{"embeddable":true,"href":"https:\/\/franciscanos.org.br\/noticias\/wp-json\/wp\/v2\/media\/211625"}],"wp:attachment":[{"href":"https:\/\/franciscanos.org.br\/noticias\/wp-json\/wp\/v2\/media?parent=58554"}],"wp:term":[{"taxonomy":"category","embeddable":true,"href":"https:\/\/franciscanos.org.br\/noticias\/wp-json\/wp\/v2\/categories?post=58554"},{"taxonomy":"post_tag","embeddable":true,"href":"https:\/\/franciscanos.org.br\/noticias\/wp-json\/wp\/v2\/tags?post=58554"}],"curies":[{"name":"wp","href":"https:\/\/api.w.org\/{rel}","templated":true}]}}