{"id":58548,"date":"2014-05-16T07:39:16","date_gmt":"2014-05-16T10:39:16","guid":{"rendered":"http:\/\/new.franciscanos.org.br\/?p=58548"},"modified":"2021-07-05T20:22:26","modified_gmt":"2021-07-05T23:22:26","slug":"instituto-dos-meninos-cantores-de-petropolis-recebe-coral-de-brasilia","status":"publish","type":"post","link":"https:\/\/franciscanos.org.br\/noticias\/instituto-dos-meninos-cantores-de-petropolis-recebe-coral-de-brasilia.html","title":{"rendered":"Instituto dos Meninos Cantores de Petr\u00f3polis recebe coral de Bras\u00edlia"},"content":{"rendered":"<p><img loading=\"lazy\" src=\"http:\/\/franciscanos.org.br\/wp-content\/uploads\/2014\/05\/foto-oficial-CoralMSB2013peq.jpg\" alt=\"foto-oficial-CoralMSB2013peq\" width=\"830\" height=\"399\" \/><\/p>\n<p><img loading=\"lazy\" class=\"alignright size-full wp-image-58552\" src=\"http:\/\/franciscanos.org.br\/wp-content\/uploads\/2014\/05\/IMG_5862.jpg\" alt=\"IMG_5862\" width=\"450\" height=\"300\" \/>Os corais dos Canarinhos ter\u00e3o visitantes entre 23 e 25 de maio. O Coral Mosteiro de S\u00e3o Bento, de Bras\u00edlia, se apresentar\u00e1, \u00e0s 20h do dia 24, na Igreja do Sagrado Cora\u00e7\u00e3o de Jesus com a participa\u00e7\u00e3o do Coral dos Canarinhos e das Meninas dos Canarinhos. Nesta ocasi\u00e3o, o Coral MSB ser\u00e1 avaliado para a entrada na Federa\u00e7\u00e3o Nacional dos Meninos Cantores do Brasil. No dia 25, os tr\u00eas coros cantar\u00e3o juntos a missa das 10h na mesma igreja.<\/p>\n<p>O encontro est\u00e1 sendo organizado pelo Instituto dos Meninos Cantores de Petr\u00f3polis, junto \u00e0 Federa\u00e7\u00e3o Nacional dos Meninos Cantores. Durante a primeira apresenta\u00e7\u00e3o, estar\u00e1 presente Messias Faleiros, regente dos Pequenos Cantores de C\u00e1ssia &#8211; MG, representando a comiss\u00e3o de avalia\u00e7\u00e3o, assim como o maestro Marco Aur\u00e9lio Lischt, diretor art\u00edstico do IMCP, regente do Coral dos Canarinhos de Petr\u00f3polis e presidente da Federa\u00e7\u00e3o Nacional dos Meninos Cantores. \u201cO Coral Mosteiro de S\u00e3o Bento tem uma proposta similar a dos Canarinhos. O objetivo \u00e9 integr\u00e1-los \u00e0 Federa\u00e7\u00e3o. Esse encontro \u00e9 importante para estreitar os la\u00e7os entre os corais.\u201d \u2013 declara o maestro Marco Aur\u00e9lio Lischt.<\/p>\n<p>Segundo Zoltan\u00a0Paulinyi, regente do Coral MSB, as crian\u00e7as est\u00e3o empolgadas com a viagem. \u201cEsse encontro vai ser de grande enriquecimento cultural e art\u00edstico para os jovens cantores.\u201d &#8211; conta o maestro, lembrando que, desde o in\u00edcio, o coral foi criado com o intuito de fazer parte da Federa\u00e7\u00e3o Nacional dos Meninos Cantores do Brasil. \u201cO coral foi criado dentro dos padr\u00f5es exigidos pela Federa\u00e7\u00e3o para que pudesse participar dos congressos e apresenta\u00e7\u00f5es promovidos pela institui\u00e7\u00e3o\u201d \u2013 ressaltou Paulinyi.<\/p>\n<p>De 1987 a 2013, o Coral Mosteiro de S\u00e3o Bento era formado apenas por monges. Em 2013, visando atender melhor \u00e0 comunidade, foi criado um grupo vocal infantil. Na visita \u00e0 Petr\u00f3polis, estar\u00e3o presentes as 11 crian\u00e7as (meninos e meninas) do coro, que t\u00eam entre 07 e 13 anos de idade.<\/p>\n<p><b>PROGRAMA<\/b><\/p>\n<p><strong>S\u00e1bado, 24 de maio de 2014<\/strong><\/p>\n<p>Entrada: Ave Maria (mon\u00e1stico), Salve Regina (hino)<br \/>\nZoltan Paulinyi (2013) \u2014 Missa Can\u00f4nica<br \/>\nHeitor Villa-Lobos \u2014 Terezinha de Jesus, Bambalal\u00e3o<br \/>\nGuillaume Dufay \u2014 Conditor Alme Siderum<br \/>\nPalestrina-Heine \u2014 Aleluia<\/p>\n<p><strong>Domingo, 25 de maio de 2014<\/strong><\/p>\n<p>(Recolhido de MSB, Olinda) \u2014 Hino a S\u00e3o Bento<br \/>\nZoltan Paulinyi (2014) \u2014 Salmo 65 (estreia), Salmista: Profa. Lu\u00edsa Lopes<br \/>\nStefan Stuligrosz-S.Muszak \u2014 Alma de Cristo, a\u00e7\u00e3o de gra\u00e7as<br \/>\nZiza Fernandes-Prim \u2014 Doce \u00e9 sentir (final, com todos)<\/p>\n","protected":false},"excerpt":{"rendered":"<p>Canarinhos<\/p>\n","protected":false},"author":1,"featured_media":218941,"comment_status":"closed","ping_status":"open","sticky":false,"template":"","format":"standard","meta":[],"categories":[1],"tags":[1788],"acf":[],"yoast_head":"<!-- This site is optimized with the Yoast SEO plugin v19.2 - https:\/\/yoast.com\/wordpress\/plugins\/seo\/ -->\n<title>Instituto dos Meninos Cantores de Petr\u00f3polis recebe coral de Bras\u00edlia - Not\u00edcias - Franciscanos<\/title>\n<meta name=\"robots\" content=\"index, follow, max-snippet:-1, max-image-preview:large, max-video-preview:-1\" \/>\n<link rel=\"canonical\" href=\"https:\/\/franciscanos.org.br\/noticias\/instituto-dos-meninos-cantores-de-petropolis-recebe-coral-de-brasilia.html\" \/>\n<meta property=\"og:locale\" content=\"pt_BR\" \/>\n<meta property=\"og:type\" content=\"article\" \/>\n<meta property=\"og:title\" content=\"Instituto dos Meninos Cantores de Petr\u00f3polis recebe coral de Bras\u00edlia - Not\u00edcias - Franciscanos\" \/>\n<meta property=\"og:description\" content=\"Canarinhos\" \/>\n<meta property=\"og:url\" content=\"https:\/\/franciscanos.org.br\/noticias\/instituto-dos-meninos-cantores-de-petropolis-recebe-coral-de-brasilia.html\" \/>\n<meta property=\"og:site_name\" content=\"Not\u00edcias - Franciscanos\" \/>\n<meta property=\"article:published_time\" content=\"2014-05-16T10:39:16+00:00\" \/>\n<meta property=\"article:modified_time\" content=\"2021-07-05T23:22:26+00:00\" \/>\n<meta property=\"og:image\" content=\"https:\/\/franciscanos.org.br\/noticias\/wp-content\/uploads\/2014\/05\/IMG_5862.jpg\" \/>\n\t<meta property=\"og:image:width\" content=\"273\" \/>\n\t<meta property=\"og:image:height\" content=\"181\" \/>\n\t<meta property=\"og:image:type\" content=\"image\/jpeg\" \/>\n<meta name=\"author\" content=\"admin\" \/>\n<meta name=\"twitter:card\" content=\"summary_large_image\" \/>\n<meta name=\"twitter:label1\" content=\"Escrito por\" \/>\n\t<meta name=\"twitter:data1\" content=\"admin\" \/>\n\t<meta name=\"twitter:label2\" content=\"Est. tempo de leitura\" \/>\n\t<meta name=\"twitter:data2\" content=\"2 minutos\" \/>\n<script type=\"application\/ld+json\" class=\"yoast-schema-graph\">{\"@context\":\"https:\/\/schema.org\",\"@graph\":[{\"@type\":\"WebSite\",\"@id\":\"https:\/\/franciscanos.org.br\/noticias\/#website\",\"url\":\"https:\/\/franciscanos.org.br\/noticias\/\",\"name\":\"Not\u00edcias - Franciscanos\",\"description\":\"Prov\u00edncia Franciscana da Imaculada Concei\u00e7\u00e3o do Brasil - Ordem dos Frades Menores - OFM\",\"potentialAction\":[{\"@type\":\"SearchAction\",\"target\":{\"@type\":\"EntryPoint\",\"urlTemplate\":\"https:\/\/franciscanos.org.br\/noticias\/?s={search_term_string}\"},\"query-input\":\"required name=search_term_string\"}],\"inLanguage\":\"pt-BR\"},{\"@type\":\"ImageObject\",\"inLanguage\":\"pt-BR\",\"@id\":\"https:\/\/franciscanos.org.br\/noticias\/instituto-dos-meninos-cantores-de-petropolis-recebe-coral-de-brasilia.html#primaryimage\",\"url\":\"https:\/\/franciscanos.org.br\/noticias\/wp-content\/uploads\/2014\/05\/IMG_5862.jpg\",\"contentUrl\":\"https:\/\/franciscanos.org.br\/noticias\/wp-content\/uploads\/2014\/05\/IMG_5862.jpg\",\"width\":273,\"height\":181},{\"@type\":\"WebPage\",\"@id\":\"https:\/\/franciscanos.org.br\/noticias\/instituto-dos-meninos-cantores-de-petropolis-recebe-coral-de-brasilia.html#webpage\",\"url\":\"https:\/\/franciscanos.org.br\/noticias\/instituto-dos-meninos-cantores-de-petropolis-recebe-coral-de-brasilia.html\",\"name\":\"Instituto dos Meninos Cantores de Petr\u00f3polis recebe coral de Bras\u00edlia - Not\u00edcias - Franciscanos\",\"isPartOf\":{\"@id\":\"https:\/\/franciscanos.org.br\/noticias\/#website\"},\"primaryImageOfPage\":{\"@id\":\"https:\/\/franciscanos.org.br\/noticias\/instituto-dos-meninos-cantores-de-petropolis-recebe-coral-de-brasilia.html#primaryimage\"},\"datePublished\":\"2014-05-16T10:39:16+00:00\",\"dateModified\":\"2021-07-05T23:22:26+00:00\",\"author\":{\"@id\":\"https:\/\/franciscanos.org.br\/noticias\/#\/schema\/person\/b38fbf43118f02820bd932f2e4b14ad3\"},\"breadcrumb\":{\"@id\":\"https:\/\/franciscanos.org.br\/noticias\/instituto-dos-meninos-cantores-de-petropolis-recebe-coral-de-brasilia.html#breadcrumb\"},\"inLanguage\":\"pt-BR\",\"potentialAction\":[{\"@type\":\"ReadAction\",\"target\":[\"https:\/\/franciscanos.org.br\/noticias\/instituto-dos-meninos-cantores-de-petropolis-recebe-coral-de-brasilia.html\"]}]},{\"@type\":\"BreadcrumbList\",\"@id\":\"https:\/\/franciscanos.org.br\/noticias\/instituto-dos-meninos-cantores-de-petropolis-recebe-coral-de-brasilia.html#breadcrumb\",\"itemListElement\":[{\"@type\":\"ListItem\",\"position\":1,\"name\":\"Home\",\"item\":\"https:\/\/franciscanos.org.br\/noticias\"},{\"@type\":\"ListItem\",\"position\":2,\"name\":\"Instituto dos Meninos Cantores de Petr\u00f3polis recebe coral de Bras\u00edlia\"}]},{\"@type\":\"Person\",\"@id\":\"https:\/\/franciscanos.org.br\/noticias\/#\/schema\/person\/b38fbf43118f02820bd932f2e4b14ad3\",\"name\":\"admin\",\"image\":{\"@type\":\"ImageObject\",\"inLanguage\":\"pt-BR\",\"@id\":\"https:\/\/franciscanos.org.br\/noticias\/#\/schema\/person\/image\/\",\"url\":\"https:\/\/secure.gravatar.com\/avatar\/e8495742d34d0ba6448ea1c628263b3e?s=96&d=mm&r=g\",\"contentUrl\":\"https:\/\/secure.gravatar.com\/avatar\/e8495742d34d0ba6448ea1c628263b3e?s=96&d=mm&r=g\",\"caption\":\"admin\"},\"url\":\"https:\/\/franciscanos.org.br\/noticias\/author\/admin\"}]}<\/script>\n<!-- \/ Yoast SEO plugin. -->","yoast_head_json":{"title":"Instituto dos Meninos Cantores de Petr\u00f3polis recebe coral de Bras\u00edlia - Not\u00edcias - Franciscanos","robots":{"index":"index","follow":"follow","max-snippet":"max-snippet:-1","max-image-preview":"max-image-preview:large","max-video-preview":"max-video-preview:-1"},"canonical":"https:\/\/franciscanos.org.br\/noticias\/instituto-dos-meninos-cantores-de-petropolis-recebe-coral-de-brasilia.html","og_locale":"pt_BR","og_type":"article","og_title":"Instituto dos Meninos Cantores de Petr\u00f3polis recebe coral de Bras\u00edlia - Not\u00edcias - Franciscanos","og_description":"Canarinhos","og_url":"https:\/\/franciscanos.org.br\/noticias\/instituto-dos-meninos-cantores-de-petropolis-recebe-coral-de-brasilia.html","og_site_name":"Not\u00edcias - Franciscanos","article_published_time":"2014-05-16T10:39:16+00:00","article_modified_time":"2021-07-05T23:22:26+00:00","og_image":[{"width":273,"height":181,"url":"https:\/\/franciscanos.org.br\/noticias\/wp-content\/uploads\/2014\/05\/IMG_5862.jpg","type":"image\/jpeg"}],"author":"admin","twitter_card":"summary_large_image","twitter_misc":{"Escrito por":"admin","Est. tempo de leitura":"2 minutos"},"schema":{"@context":"https:\/\/schema.org","@graph":[{"@type":"WebSite","@id":"https:\/\/franciscanos.org.br\/noticias\/#website","url":"https:\/\/franciscanos.org.br\/noticias\/","name":"Not\u00edcias - Franciscanos","description":"Prov\u00edncia Franciscana da Imaculada Concei\u00e7\u00e3o do Brasil - Ordem dos Frades Menores - OFM","potentialAction":[{"@type":"SearchAction","target":{"@type":"EntryPoint","urlTemplate":"https:\/\/franciscanos.org.br\/noticias\/?s={search_term_string}"},"query-input":"required name=search_term_string"}],"inLanguage":"pt-BR"},{"@type":"ImageObject","inLanguage":"pt-BR","@id":"https:\/\/franciscanos.org.br\/noticias\/instituto-dos-meninos-cantores-de-petropolis-recebe-coral-de-brasilia.html#primaryimage","url":"https:\/\/franciscanos.org.br\/noticias\/wp-content\/uploads\/2014\/05\/IMG_5862.jpg","contentUrl":"https:\/\/franciscanos.org.br\/noticias\/wp-content\/uploads\/2014\/05\/IMG_5862.jpg","width":273,"height":181},{"@type":"WebPage","@id":"https:\/\/franciscanos.org.br\/noticias\/instituto-dos-meninos-cantores-de-petropolis-recebe-coral-de-brasilia.html#webpage","url":"https:\/\/franciscanos.org.br\/noticias\/instituto-dos-meninos-cantores-de-petropolis-recebe-coral-de-brasilia.html","name":"Instituto dos Meninos Cantores de Petr\u00f3polis recebe coral de Bras\u00edlia - Not\u00edcias - Franciscanos","isPartOf":{"@id":"https:\/\/franciscanos.org.br\/noticias\/#website"},"primaryImageOfPage":{"@id":"https:\/\/franciscanos.org.br\/noticias\/instituto-dos-meninos-cantores-de-petropolis-recebe-coral-de-brasilia.html#primaryimage"},"datePublished":"2014-05-16T10:39:16+00:00","dateModified":"2021-07-05T23:22:26+00:00","author":{"@id":"https:\/\/franciscanos.org.br\/noticias\/#\/schema\/person\/b38fbf43118f02820bd932f2e4b14ad3"},"breadcrumb":{"@id":"https:\/\/franciscanos.org.br\/noticias\/instituto-dos-meninos-cantores-de-petropolis-recebe-coral-de-brasilia.html#breadcrumb"},"inLanguage":"pt-BR","potentialAction":[{"@type":"ReadAction","target":["https:\/\/franciscanos.org.br\/noticias\/instituto-dos-meninos-cantores-de-petropolis-recebe-coral-de-brasilia.html"]}]},{"@type":"BreadcrumbList","@id":"https:\/\/franciscanos.org.br\/noticias\/instituto-dos-meninos-cantores-de-petropolis-recebe-coral-de-brasilia.html#breadcrumb","itemListElement":[{"@type":"ListItem","position":1,"name":"Home","item":"https:\/\/franciscanos.org.br\/noticias"},{"@type":"ListItem","position":2,"name":"Instituto dos Meninos Cantores de Petr\u00f3polis recebe coral de Bras\u00edlia"}]},{"@type":"Person","@id":"https:\/\/franciscanos.org.br\/noticias\/#\/schema\/person\/b38fbf43118f02820bd932f2e4b14ad3","name":"admin","image":{"@type":"ImageObject","inLanguage":"pt-BR","@id":"https:\/\/franciscanos.org.br\/noticias\/#\/schema\/person\/image\/","url":"https:\/\/secure.gravatar.com\/avatar\/e8495742d34d0ba6448ea1c628263b3e?s=96&d=mm&r=g","contentUrl":"https:\/\/secure.gravatar.com\/avatar\/e8495742d34d0ba6448ea1c628263b3e?s=96&d=mm&r=g","caption":"admin"},"url":"https:\/\/franciscanos.org.br\/noticias\/author\/admin"}]}},"_links":{"self":[{"href":"https:\/\/franciscanos.org.br\/noticias\/wp-json\/wp\/v2\/posts\/58548"}],"collection":[{"href":"https:\/\/franciscanos.org.br\/noticias\/wp-json\/wp\/v2\/posts"}],"about":[{"href":"https:\/\/franciscanos.org.br\/noticias\/wp-json\/wp\/v2\/types\/post"}],"author":[{"embeddable":true,"href":"https:\/\/franciscanos.org.br\/noticias\/wp-json\/wp\/v2\/users\/1"}],"replies":[{"embeddable":true,"href":"https:\/\/franciscanos.org.br\/noticias\/wp-json\/wp\/v2\/comments?post=58548"}],"version-history":[{"count":1,"href":"https:\/\/franciscanos.org.br\/noticias\/wp-json\/wp\/v2\/posts\/58548\/revisions"}],"predecessor-version":[{"id":232925,"href":"https:\/\/franciscanos.org.br\/noticias\/wp-json\/wp\/v2\/posts\/58548\/revisions\/232925"}],"wp:featuredmedia":[{"embeddable":true,"href":"https:\/\/franciscanos.org.br\/noticias\/wp-json\/wp\/v2\/media\/218941"}],"wp:attachment":[{"href":"https:\/\/franciscanos.org.br\/noticias\/wp-json\/wp\/v2\/media?parent=58548"}],"wp:term":[{"taxonomy":"category","embeddable":true,"href":"https:\/\/franciscanos.org.br\/noticias\/wp-json\/wp\/v2\/categories?post=58548"},{"taxonomy":"post_tag","embeddable":true,"href":"https:\/\/franciscanos.org.br\/noticias\/wp-json\/wp\/v2\/tags?post=58548"}],"curies":[{"name":"wp","href":"https:\/\/api.w.org\/{rel}","templated":true}]}}