{"id":58240,"date":"2014-05-12T07:17:09","date_gmt":"2014-05-12T10:17:09","guid":{"rendered":"http:\/\/new.franciscanos.org.br\/?p=58240"},"modified":"2020-02-11T09:39:35","modified_gmt":"2020-02-11T12:39:35","slug":"frei-nilo-agostini-escreve-sobre-direito-ambiental-em-colecao","status":"publish","type":"post","link":"https:\/\/franciscanos.org.br\/noticias\/frei-nilo-agostini-escreve-sobre-direito-ambiental-em-colecao.html","title":{"rendered":"Frei Nilo Agostini escreve sobre Direito Ambiental em cole\u00e7\u00e3o"},"content":{"rendered":"<p><img loading=\"lazy\" class=\"alignright size-full wp-image-58241\" src=\"http:\/\/franciscanos.org.br\/wp-content\/uploads\/2014\/05\/Direito-Ambiental.jpg\" alt=\"Direito-Ambiental\" width=\"180\" height=\"255\" \/>A Embrapa acaba de lan\u00e7ar o primeiro dos 4 volumes da Cole\u00e7\u00e3o \u201cDireito Ambiental\u201d, com participa\u00e7\u00e3o de Frei Nilo Agostini, que escreveu o cap\u00edtulo sobre \u201c\u00c9tica e moral: Por um equil\u00edbrio entre o ser humano e a natureza\u201d. Este volume trata dos \u201cPrinc\u00edpios Gerais do Direito Ambiental\u201d. Veja o que diz a pr\u00f3pria resenha do livro:<\/p>\n<p><em>\u201cA civiliza\u00e7\u00e3o humana vem defrontando, atualmente, com um dos maiores desafios da sua hist\u00f3ria no planeta Terra, representado pela quest\u00e3o ambiental em escala global. Esta obra, que \u00e0 primeira vista parece destinada exclusivamente a operadores do Direito, \u00e9 de interesse de qualquer cidad\u00e3o, independentemente da sua forma\u00e7\u00e3o acad\u00eamica, por criar um painel com as mais variadas perspectivas e interpreta\u00e7\u00f5es sobre a mat\u00e9ria enfocada, em m\u00faltiplas \u00e1reas do conhecimento.<\/em><\/p>\n<p><em> Os quatro volumes que comp\u00f5em a Cole\u00e7\u00e3o Direito Ambiental &#8211; Princ\u00edpios Gerais do Direito Ambiental; Direitos Fundamentais e o Direito Ambiental; Bens e Recursos Ambientais e o Direito Ambiental; Espa\u00e7os Especialmente Protegidos e o Direito Ambiental apresentam o atual estado do conhecimento em quatro \u00e1reas inter-relacionadas. Assim, em cada volume, consegue-se integrar distintos campos de estudo que, mesmo quando compreendidos em separado, mant\u00eam coes\u00e3o com os demais, numa vis\u00e3o abrangente e interdisciplinar. Para tanto, contou-se com a contribui\u00e7\u00e3o de um amplo grupo de pesquisadores, professores universit\u00e1rios e fil\u00f3sofos, altamente qualificados.<\/em><\/p>\n<p><em> Este primeiro volume &#8211; Princ\u00edpios Gerais do Direito Ambiental- \u00e9 o ponto de partida para a interpreta\u00e7\u00e3o de todas as normas que comp\u00f5em o sistema jur\u00eddico ambiental. Os princ\u00edpios gerais desempenham papel relevante no Direito Ambiental, uma vez que a evolu\u00e7\u00e3o da sociedade e o cont\u00ednuo aparecimento de tecnologias fazem surgir, a cada dia, novas situa\u00e7\u00f5es, capazes de interferir na qualidade do meio ambiente, situa\u00e7\u00f5es essas que ainda n\u00e3o foram objeto de legisla\u00e7\u00e3o espec\u00edfica. \u00c9 com base nas abordagens contempor\u00e2neas deste volume que se estabelecer\u00e3o as reflex\u00f5es e os conhecimentos conexos contidos nos volumes que o suceder\u00e3o\u201d.<\/em><\/p>\n","protected":false},"excerpt":{"rendered":"<p>Embrapa<\/p>\n","protected":false},"author":1,"featured_media":218922,"comment_status":"closed","ping_status":"open","sticky":false,"template":"","format":"standard","meta":[],"categories":[1],"tags":[],"acf":[],"yoast_head":"<!-- This site is optimized with the Yoast SEO plugin v19.2 - https:\/\/yoast.com\/wordpress\/plugins\/seo\/ -->\n<title>Frei Nilo Agostini escreve sobre Direito Ambiental em cole\u00e7\u00e3o - Not\u00edcias - Franciscanos<\/title>\n<meta name=\"robots\" content=\"index, follow, max-snippet:-1, max-image-preview:large, max-video-preview:-1\" \/>\n<link rel=\"canonical\" href=\"https:\/\/franciscanos.org.br\/noticias\/frei-nilo-agostini-escreve-sobre-direito-ambiental-em-colecao.html\" \/>\n<meta property=\"og:locale\" content=\"pt_BR\" \/>\n<meta property=\"og:type\" content=\"article\" \/>\n<meta property=\"og:title\" content=\"Frei Nilo Agostini escreve sobre Direito Ambiental em cole\u00e7\u00e3o - Not\u00edcias - Franciscanos\" \/>\n<meta property=\"og:description\" content=\"Embrapa\" \/>\n<meta property=\"og:url\" content=\"https:\/\/franciscanos.org.br\/noticias\/frei-nilo-agostini-escreve-sobre-direito-ambiental-em-colecao.html\" \/>\n<meta property=\"og:site_name\" content=\"Not\u00edcias - Franciscanos\" \/>\n<meta property=\"article:published_time\" content=\"2014-05-12T10:17:09+00:00\" \/>\n<meta property=\"article:modified_time\" content=\"2020-02-11T12:39:35+00:00\" \/>\n<meta property=\"og:image\" content=\"https:\/\/franciscanos.org.br\/noticias\/wp-content\/uploads\/2014\/05\/Direito-Ambiental.jpg\" \/>\n\t<meta property=\"og:image:width\" content=\"273\" \/>\n\t<meta property=\"og:image:height\" content=\"180\" \/>\n\t<meta property=\"og:image:type\" content=\"image\/jpeg\" \/>\n<meta name=\"author\" content=\"admin\" \/>\n<meta name=\"twitter:card\" content=\"summary_large_image\" \/>\n<meta name=\"twitter:label1\" content=\"Escrito por\" \/>\n\t<meta name=\"twitter:data1\" content=\"admin\" \/>\n\t<meta name=\"twitter:label2\" content=\"Est. tempo de leitura\" \/>\n\t<meta name=\"twitter:data2\" content=\"2 minutos\" \/>\n<script type=\"application\/ld+json\" class=\"yoast-schema-graph\">{\"@context\":\"https:\/\/schema.org\",\"@graph\":[{\"@type\":\"WebSite\",\"@id\":\"https:\/\/franciscanos.org.br\/noticias\/#website\",\"url\":\"https:\/\/franciscanos.org.br\/noticias\/\",\"name\":\"Not\u00edcias - Franciscanos\",\"description\":\"Prov\u00edncia Franciscana da Imaculada Concei\u00e7\u00e3o do Brasil - Ordem dos Frades Menores - OFM\",\"potentialAction\":[{\"@type\":\"SearchAction\",\"target\":{\"@type\":\"EntryPoint\",\"urlTemplate\":\"https:\/\/franciscanos.org.br\/noticias\/?s={search_term_string}\"},\"query-input\":\"required name=search_term_string\"}],\"inLanguage\":\"pt-BR\"},{\"@type\":\"ImageObject\",\"inLanguage\":\"pt-BR\",\"@id\":\"https:\/\/franciscanos.org.br\/noticias\/frei-nilo-agostini-escreve-sobre-direito-ambiental-em-colecao.html#primaryimage\",\"url\":\"https:\/\/franciscanos.org.br\/noticias\/wp-content\/uploads\/2014\/05\/Direito-Ambiental.jpg\",\"contentUrl\":\"https:\/\/franciscanos.org.br\/noticias\/wp-content\/uploads\/2014\/05\/Direito-Ambiental.jpg\",\"width\":273,\"height\":180},{\"@type\":\"WebPage\",\"@id\":\"https:\/\/franciscanos.org.br\/noticias\/frei-nilo-agostini-escreve-sobre-direito-ambiental-em-colecao.html#webpage\",\"url\":\"https:\/\/franciscanos.org.br\/noticias\/frei-nilo-agostini-escreve-sobre-direito-ambiental-em-colecao.html\",\"name\":\"Frei Nilo Agostini escreve sobre Direito Ambiental em cole\u00e7\u00e3o - Not\u00edcias - Franciscanos\",\"isPartOf\":{\"@id\":\"https:\/\/franciscanos.org.br\/noticias\/#website\"},\"primaryImageOfPage\":{\"@id\":\"https:\/\/franciscanos.org.br\/noticias\/frei-nilo-agostini-escreve-sobre-direito-ambiental-em-colecao.html#primaryimage\"},\"datePublished\":\"2014-05-12T10:17:09+00:00\",\"dateModified\":\"2020-02-11T12:39:35+00:00\",\"author\":{\"@id\":\"https:\/\/franciscanos.org.br\/noticias\/#\/schema\/person\/b38fbf43118f02820bd932f2e4b14ad3\"},\"breadcrumb\":{\"@id\":\"https:\/\/franciscanos.org.br\/noticias\/frei-nilo-agostini-escreve-sobre-direito-ambiental-em-colecao.html#breadcrumb\"},\"inLanguage\":\"pt-BR\",\"potentialAction\":[{\"@type\":\"ReadAction\",\"target\":[\"https:\/\/franciscanos.org.br\/noticias\/frei-nilo-agostini-escreve-sobre-direito-ambiental-em-colecao.html\"]}]},{\"@type\":\"BreadcrumbList\",\"@id\":\"https:\/\/franciscanos.org.br\/noticias\/frei-nilo-agostini-escreve-sobre-direito-ambiental-em-colecao.html#breadcrumb\",\"itemListElement\":[{\"@type\":\"ListItem\",\"position\":1,\"name\":\"Home\",\"item\":\"https:\/\/franciscanos.org.br\/noticias\"},{\"@type\":\"ListItem\",\"position\":2,\"name\":\"Frei Nilo Agostini escreve sobre Direito Ambiental em cole\u00e7\u00e3o\"}]},{\"@type\":\"Person\",\"@id\":\"https:\/\/franciscanos.org.br\/noticias\/#\/schema\/person\/b38fbf43118f02820bd932f2e4b14ad3\",\"name\":\"admin\",\"image\":{\"@type\":\"ImageObject\",\"inLanguage\":\"pt-BR\",\"@id\":\"https:\/\/franciscanos.org.br\/noticias\/#\/schema\/person\/image\/\",\"url\":\"https:\/\/secure.gravatar.com\/avatar\/e8495742d34d0ba6448ea1c628263b3e?s=96&d=mm&r=g\",\"contentUrl\":\"https:\/\/secure.gravatar.com\/avatar\/e8495742d34d0ba6448ea1c628263b3e?s=96&d=mm&r=g\",\"caption\":\"admin\"},\"url\":\"https:\/\/franciscanos.org.br\/noticias\/author\/admin\"}]}<\/script>\n<!-- \/ Yoast SEO plugin. -->","yoast_head_json":{"title":"Frei Nilo Agostini escreve sobre Direito Ambiental em cole\u00e7\u00e3o - Not\u00edcias - Franciscanos","robots":{"index":"index","follow":"follow","max-snippet":"max-snippet:-1","max-image-preview":"max-image-preview:large","max-video-preview":"max-video-preview:-1"},"canonical":"https:\/\/franciscanos.org.br\/noticias\/frei-nilo-agostini-escreve-sobre-direito-ambiental-em-colecao.html","og_locale":"pt_BR","og_type":"article","og_title":"Frei Nilo Agostini escreve sobre Direito Ambiental em cole\u00e7\u00e3o - Not\u00edcias - Franciscanos","og_description":"Embrapa","og_url":"https:\/\/franciscanos.org.br\/noticias\/frei-nilo-agostini-escreve-sobre-direito-ambiental-em-colecao.html","og_site_name":"Not\u00edcias - Franciscanos","article_published_time":"2014-05-12T10:17:09+00:00","article_modified_time":"2020-02-11T12:39:35+00:00","og_image":[{"width":273,"height":180,"url":"https:\/\/franciscanos.org.br\/noticias\/wp-content\/uploads\/2014\/05\/Direito-Ambiental.jpg","type":"image\/jpeg"}],"author":"admin","twitter_card":"summary_large_image","twitter_misc":{"Escrito por":"admin","Est. tempo de leitura":"2 minutos"},"schema":{"@context":"https:\/\/schema.org","@graph":[{"@type":"WebSite","@id":"https:\/\/franciscanos.org.br\/noticias\/#website","url":"https:\/\/franciscanos.org.br\/noticias\/","name":"Not\u00edcias - Franciscanos","description":"Prov\u00edncia Franciscana da Imaculada Concei\u00e7\u00e3o do Brasil - Ordem dos Frades Menores - OFM","potentialAction":[{"@type":"SearchAction","target":{"@type":"EntryPoint","urlTemplate":"https:\/\/franciscanos.org.br\/noticias\/?s={search_term_string}"},"query-input":"required name=search_term_string"}],"inLanguage":"pt-BR"},{"@type":"ImageObject","inLanguage":"pt-BR","@id":"https:\/\/franciscanos.org.br\/noticias\/frei-nilo-agostini-escreve-sobre-direito-ambiental-em-colecao.html#primaryimage","url":"https:\/\/franciscanos.org.br\/noticias\/wp-content\/uploads\/2014\/05\/Direito-Ambiental.jpg","contentUrl":"https:\/\/franciscanos.org.br\/noticias\/wp-content\/uploads\/2014\/05\/Direito-Ambiental.jpg","width":273,"height":180},{"@type":"WebPage","@id":"https:\/\/franciscanos.org.br\/noticias\/frei-nilo-agostini-escreve-sobre-direito-ambiental-em-colecao.html#webpage","url":"https:\/\/franciscanos.org.br\/noticias\/frei-nilo-agostini-escreve-sobre-direito-ambiental-em-colecao.html","name":"Frei Nilo Agostini escreve sobre Direito Ambiental em cole\u00e7\u00e3o - Not\u00edcias - Franciscanos","isPartOf":{"@id":"https:\/\/franciscanos.org.br\/noticias\/#website"},"primaryImageOfPage":{"@id":"https:\/\/franciscanos.org.br\/noticias\/frei-nilo-agostini-escreve-sobre-direito-ambiental-em-colecao.html#primaryimage"},"datePublished":"2014-05-12T10:17:09+00:00","dateModified":"2020-02-11T12:39:35+00:00","author":{"@id":"https:\/\/franciscanos.org.br\/noticias\/#\/schema\/person\/b38fbf43118f02820bd932f2e4b14ad3"},"breadcrumb":{"@id":"https:\/\/franciscanos.org.br\/noticias\/frei-nilo-agostini-escreve-sobre-direito-ambiental-em-colecao.html#breadcrumb"},"inLanguage":"pt-BR","potentialAction":[{"@type":"ReadAction","target":["https:\/\/franciscanos.org.br\/noticias\/frei-nilo-agostini-escreve-sobre-direito-ambiental-em-colecao.html"]}]},{"@type":"BreadcrumbList","@id":"https:\/\/franciscanos.org.br\/noticias\/frei-nilo-agostini-escreve-sobre-direito-ambiental-em-colecao.html#breadcrumb","itemListElement":[{"@type":"ListItem","position":1,"name":"Home","item":"https:\/\/franciscanos.org.br\/noticias"},{"@type":"ListItem","position":2,"name":"Frei Nilo Agostini escreve sobre Direito Ambiental em cole\u00e7\u00e3o"}]},{"@type":"Person","@id":"https:\/\/franciscanos.org.br\/noticias\/#\/schema\/person\/b38fbf43118f02820bd932f2e4b14ad3","name":"admin","image":{"@type":"ImageObject","inLanguage":"pt-BR","@id":"https:\/\/franciscanos.org.br\/noticias\/#\/schema\/person\/image\/","url":"https:\/\/secure.gravatar.com\/avatar\/e8495742d34d0ba6448ea1c628263b3e?s=96&d=mm&r=g","contentUrl":"https:\/\/secure.gravatar.com\/avatar\/e8495742d34d0ba6448ea1c628263b3e?s=96&d=mm&r=g","caption":"admin"},"url":"https:\/\/franciscanos.org.br\/noticias\/author\/admin"}]}},"_links":{"self":[{"href":"https:\/\/franciscanos.org.br\/noticias\/wp-json\/wp\/v2\/posts\/58240"}],"collection":[{"href":"https:\/\/franciscanos.org.br\/noticias\/wp-json\/wp\/v2\/posts"}],"about":[{"href":"https:\/\/franciscanos.org.br\/noticias\/wp-json\/wp\/v2\/types\/post"}],"author":[{"embeddable":true,"href":"https:\/\/franciscanos.org.br\/noticias\/wp-json\/wp\/v2\/users\/1"}],"replies":[{"embeddable":true,"href":"https:\/\/franciscanos.org.br\/noticias\/wp-json\/wp\/v2\/comments?post=58240"}],"version-history":[{"count":0,"href":"https:\/\/franciscanos.org.br\/noticias\/wp-json\/wp\/v2\/posts\/58240\/revisions"}],"wp:featuredmedia":[{"embeddable":true,"href":"https:\/\/franciscanos.org.br\/noticias\/wp-json\/wp\/v2\/media\/218922"}],"wp:attachment":[{"href":"https:\/\/franciscanos.org.br\/noticias\/wp-json\/wp\/v2\/media?parent=58240"}],"wp:term":[{"taxonomy":"category","embeddable":true,"href":"https:\/\/franciscanos.org.br\/noticias\/wp-json\/wp\/v2\/categories?post=58240"},{"taxonomy":"post_tag","embeddable":true,"href":"https:\/\/franciscanos.org.br\/noticias\/wp-json\/wp\/v2\/tags?post=58240"}],"curies":[{"name":"wp","href":"https:\/\/api.w.org\/{rel}","templated":true}]}}