{"id":58168,"date":"2014-05-09T09:49:38","date_gmt":"2014-05-09T12:49:38","guid":{"rendered":"http:\/\/new.franciscanos.org.br\/?p=58168"},"modified":"2020-02-11T09:36:17","modified_gmt":"2020-02-11T12:36:17","slug":"falece-o-ex-ministro-geral-giacomo-bini","status":"publish","type":"post","link":"https:\/\/franciscanos.org.br\/noticias\/falece-o-ex-ministro-geral-giacomo-bini.html","title":{"rendered":"Falece o ex-Ministro Geral Giacomo Bini"},"content":{"rendered":"<p><img loading=\"lazy\" src=\"http:\/\/franciscanos.org.br\/wp-content\/uploads\/2014\/05\/bini.jpg\" alt=\"bini\" width=\"820\" height=\"296\" \/><\/p>\n<p><strong>Frei Walter de Carvalho J\u00fanior<\/strong><\/p>\n<p><b>S\u00e3o Paulo (SP)\u00a0<\/b>&#8211;\u00a0Nesta manh\u00e3, chegou a triste not\u00edcia da morte de Frei Giacomo Bini, que foi Ministro Geral da Ordem de 1997 a 2003. Tinha 75 anos de idade. Nascido em Ostra Vetere, na prov\u00edncia de Ancona, na It\u00e1lia, no dia 23 de agosto de 1938. Era filho de Amalio e Teresa Tanfani. Entrou na Ordem no dia 18 de setembro de 1956, na Prov\u00edncia de S\u00e3o Giacomo della Marca, onde fez a Primeira Profiss\u00e3o no dia 19 de setembro de 1957, e a Profiss\u00e3o Solene em 7 de setembro de 1963. Foi ordenado presb\u00edtero no dia 14 de mar\u00e7o de 1964. Foi mestre de novi\u00e7os, definidor e vig\u00e1rio provincial.<\/p>\n<p>Estudou por dois anos no Instituto Cat\u00f3lico de Paris, e no ano de 1971, junto \u00e0 Universidade de Estrasburgo, obteve o t\u00edtulo de doutor em Ci\u00eancias da Religi\u00e3o, com a tese: \u201cPecado e penit\u00eancia em S\u00e3o Bas\u00edlio de Cesareia\u201d.<\/p>\n<p>Em fevereiro de 1983, partiu para a miss\u00e3o ad gentes e se incardinou na Vice-Prov\u00edncia de S\u00e3o Francisco da \u00c1frica e Madagascar, onde lhe foram confiados os servi\u00e7os de definidor e vig\u00e1rio provincial. No sex\u00eanio precedente \u00e0 sua elei\u00e7\u00e3o como Ministro Geral, foi Ministro Provincial em Nair\u00f3bi, no Qu\u00eania.<\/p>\n<p>Em 14 de maio de 1997, no Cap\u00edtulo Geral em Santa Maria dos Anjos, em Assis, Frei Giacomo foi eleito Ministro Geral, tendo como Vig\u00e1rio Geral Frei Est\u00eav\u00e3o Ottenbreit, que, ao saber do falecimento de Frei Giacomo, comentou que perdeu um grande confrade e amigo.<\/p>\n<p>O generalato de Frei Giacomo foi, sem d\u00favida, marcado pela simplicidade de sua pr\u00f3pria pessoa. Muito fraterno, compartilhava com os confrades decis\u00f5es e responsabilidades. Insistia sempre no retorno \u00e0 intui\u00e7\u00e3o evang\u00e9lica franciscana, e propunha como um dos caminhos para isso a leitura pessoal di\u00e1ria da Palavra de Deus, e, em fraternidade, uma vez por semana, dando ele mesmo testemunho pessoal disso. Queria uma Ordem mais mission\u00e1ria e evangelizadora. Despojado, carregava nas viagens apenas bagagem de m\u00e3o. Em S\u00e3o Paulo, em uma de suas vindas \u00e0 Prov\u00edncia, lembro-me de ele perguntar-me onde poderia lavar a pr\u00f3pria roupa.<\/p>\n<p>Em 2007 foi nomeado guardi\u00e3o da Fraternidade Internacional de Palestrina, dependente do Ministro Geral, surgida como concretiza\u00e7\u00e3o do Semin\u00e1rio de 2006 sobre \u201cNovas Formas de Evangeliza\u00e7\u00e3o na Europa\u201d. Atualmente era presidente da Funda\u00e7\u00e3o \u201cBeato Eg\u00eddio\u201d, que al\u00e9m de Palestrina engloba tamb\u00e9m Istambul.<\/p>\n<p>O Senhor das miseric\u00f3rdias o acolha no seu abra\u00e7o de luz e de paz.<\/p>\n<p><strong>Ex\u00e9quias<\/strong><\/p>\n<p>1) No domingo, dia 11 de maio, \u00e0s 18h30, na igreja catedral de Palestrina, Dom Domenico Sigalini presidir\u00e1 a Missa de sufr\u00e1gio por Frei Giacomo.<\/p>\n<p>2) Na segunda-feira, 12 de maio, \u00e0s 10h30, ser\u00e3o celebradas as Ex\u00e9quias na Igreja das Irm\u00e3s Franciscanas Mission\u00e1rias de Maria, em Grottaferrata;<\/p>\n<p>3) O corpo de Frei Giacomo ser\u00e1 sepultado no cemit\u00e9rio de Marino, nas Marcas, junto ao t\u00famulo de seus pais.<\/p>\n<p>R.I.P.<\/p>\n","protected":false},"excerpt":{"rendered":"<p>Nesta manh\u00e3, chegou a triste not\u00edcia da morte de Frei Giacomo Bini, que foi Ministro Geral da Ordem de 1997 a 2003. Tinha 75 anos de idade. Nascido em Ostra Vetere, na prov\u00edncia de Ancona, na It\u00e1lia, no dia 23 de agosto de 1938. Era filho de Amalio e Teresa Tanfani.<\/p>\n","protected":false},"author":1,"featured_media":218911,"comment_status":"closed","ping_status":"open","sticky":false,"template":"","format":"standard","meta":[],"categories":[1],"tags":[],"acf":[],"yoast_head":"<!-- This site is optimized with the Yoast SEO plugin v19.2 - https:\/\/yoast.com\/wordpress\/plugins\/seo\/ -->\n<title>Falece o ex-Ministro Geral Giacomo Bini - Not\u00edcias - Franciscanos<\/title>\n<meta name=\"robots\" content=\"index, follow, max-snippet:-1, max-image-preview:large, max-video-preview:-1\" \/>\n<link rel=\"canonical\" href=\"https:\/\/franciscanos.org.br\/noticias\/falece-o-ex-ministro-geral-giacomo-bini.html\" \/>\n<meta property=\"og:locale\" content=\"pt_BR\" \/>\n<meta property=\"og:type\" content=\"article\" \/>\n<meta property=\"og:title\" content=\"Falece o ex-Ministro Geral Giacomo Bini - Not\u00edcias - Franciscanos\" \/>\n<meta property=\"og:description\" content=\"Nesta manh\u00e3, chegou a triste not\u00edcia da morte de Frei Giacomo Bini, que foi Ministro Geral da Ordem de 1997 a 2003. Tinha 75 anos de idade. Nascido em Ostra Vetere, na prov\u00edncia de Ancona, na It\u00e1lia, no dia 23 de agosto de 1938. Era filho de Amalio e Teresa Tanfani.\" \/>\n<meta property=\"og:url\" content=\"https:\/\/franciscanos.org.br\/noticias\/falece-o-ex-ministro-geral-giacomo-bini.html\" \/>\n<meta property=\"og:site_name\" content=\"Not\u00edcias - Franciscanos\" \/>\n<meta property=\"article:published_time\" content=\"2014-05-09T12:49:38+00:00\" \/>\n<meta property=\"article:modified_time\" content=\"2020-02-11T12:36:17+00:00\" \/>\n<meta property=\"og:image\" content=\"https:\/\/franciscanos.org.br\/noticias\/wp-content\/uploads\/2014\/05\/bini.jpg\" \/>\n\t<meta property=\"og:image:width\" content=\"273\" \/>\n\t<meta property=\"og:image:height\" content=\"181\" \/>\n\t<meta property=\"og:image:type\" content=\"image\/jpeg\" \/>\n<meta name=\"author\" content=\"admin\" \/>\n<meta name=\"twitter:card\" content=\"summary_large_image\" \/>\n<meta name=\"twitter:label1\" content=\"Escrito por\" \/>\n\t<meta name=\"twitter:data1\" content=\"admin\" \/>\n\t<meta name=\"twitter:label2\" content=\"Est. tempo de leitura\" \/>\n\t<meta name=\"twitter:data2\" content=\"3 minutos\" \/>\n<script type=\"application\/ld+json\" class=\"yoast-schema-graph\">{\"@context\":\"https:\/\/schema.org\",\"@graph\":[{\"@type\":\"WebSite\",\"@id\":\"https:\/\/franciscanos.org.br\/noticias\/#website\",\"url\":\"https:\/\/franciscanos.org.br\/noticias\/\",\"name\":\"Not\u00edcias - Franciscanos\",\"description\":\"Prov\u00edncia Franciscana da Imaculada Concei\u00e7\u00e3o do Brasil - Ordem dos Frades Menores - OFM\",\"potentialAction\":[{\"@type\":\"SearchAction\",\"target\":{\"@type\":\"EntryPoint\",\"urlTemplate\":\"https:\/\/franciscanos.org.br\/noticias\/?s={search_term_string}\"},\"query-input\":\"required name=search_term_string\"}],\"inLanguage\":\"pt-BR\"},{\"@type\":\"ImageObject\",\"inLanguage\":\"pt-BR\",\"@id\":\"https:\/\/franciscanos.org.br\/noticias\/falece-o-ex-ministro-geral-giacomo-bini.html#primaryimage\",\"url\":\"https:\/\/franciscanos.org.br\/noticias\/wp-content\/uploads\/2014\/05\/bini.jpg\",\"contentUrl\":\"https:\/\/franciscanos.org.br\/noticias\/wp-content\/uploads\/2014\/05\/bini.jpg\",\"width\":273,\"height\":181},{\"@type\":\"WebPage\",\"@id\":\"https:\/\/franciscanos.org.br\/noticias\/falece-o-ex-ministro-geral-giacomo-bini.html#webpage\",\"url\":\"https:\/\/franciscanos.org.br\/noticias\/falece-o-ex-ministro-geral-giacomo-bini.html\",\"name\":\"Falece o ex-Ministro Geral Giacomo Bini - Not\u00edcias - Franciscanos\",\"isPartOf\":{\"@id\":\"https:\/\/franciscanos.org.br\/noticias\/#website\"},\"primaryImageOfPage\":{\"@id\":\"https:\/\/franciscanos.org.br\/noticias\/falece-o-ex-ministro-geral-giacomo-bini.html#primaryimage\"},\"datePublished\":\"2014-05-09T12:49:38+00:00\",\"dateModified\":\"2020-02-11T12:36:17+00:00\",\"author\":{\"@id\":\"https:\/\/franciscanos.org.br\/noticias\/#\/schema\/person\/b38fbf43118f02820bd932f2e4b14ad3\"},\"breadcrumb\":{\"@id\":\"https:\/\/franciscanos.org.br\/noticias\/falece-o-ex-ministro-geral-giacomo-bini.html#breadcrumb\"},\"inLanguage\":\"pt-BR\",\"potentialAction\":[{\"@type\":\"ReadAction\",\"target\":[\"https:\/\/franciscanos.org.br\/noticias\/falece-o-ex-ministro-geral-giacomo-bini.html\"]}]},{\"@type\":\"BreadcrumbList\",\"@id\":\"https:\/\/franciscanos.org.br\/noticias\/falece-o-ex-ministro-geral-giacomo-bini.html#breadcrumb\",\"itemListElement\":[{\"@type\":\"ListItem\",\"position\":1,\"name\":\"Home\",\"item\":\"https:\/\/franciscanos.org.br\/noticias\"},{\"@type\":\"ListItem\",\"position\":2,\"name\":\"Falece o ex-Ministro Geral Giacomo Bini\"}]},{\"@type\":\"Person\",\"@id\":\"https:\/\/franciscanos.org.br\/noticias\/#\/schema\/person\/b38fbf43118f02820bd932f2e4b14ad3\",\"name\":\"admin\",\"image\":{\"@type\":\"ImageObject\",\"inLanguage\":\"pt-BR\",\"@id\":\"https:\/\/franciscanos.org.br\/noticias\/#\/schema\/person\/image\/\",\"url\":\"https:\/\/secure.gravatar.com\/avatar\/e8495742d34d0ba6448ea1c628263b3e?s=96&d=mm&r=g\",\"contentUrl\":\"https:\/\/secure.gravatar.com\/avatar\/e8495742d34d0ba6448ea1c628263b3e?s=96&d=mm&r=g\",\"caption\":\"admin\"},\"url\":\"https:\/\/franciscanos.org.br\/noticias\/author\/admin\"}]}<\/script>\n<!-- \/ Yoast SEO plugin. -->","yoast_head_json":{"title":"Falece o ex-Ministro Geral Giacomo Bini - Not\u00edcias - Franciscanos","robots":{"index":"index","follow":"follow","max-snippet":"max-snippet:-1","max-image-preview":"max-image-preview:large","max-video-preview":"max-video-preview:-1"},"canonical":"https:\/\/franciscanos.org.br\/noticias\/falece-o-ex-ministro-geral-giacomo-bini.html","og_locale":"pt_BR","og_type":"article","og_title":"Falece o ex-Ministro Geral Giacomo Bini - Not\u00edcias - Franciscanos","og_description":"Nesta manh\u00e3, chegou a triste not\u00edcia da morte de Frei Giacomo Bini, que foi Ministro Geral da Ordem de 1997 a 2003. Tinha 75 anos de idade. Nascido em Ostra Vetere, na prov\u00edncia de Ancona, na It\u00e1lia, no dia 23 de agosto de 1938. Era filho de Amalio e Teresa Tanfani.","og_url":"https:\/\/franciscanos.org.br\/noticias\/falece-o-ex-ministro-geral-giacomo-bini.html","og_site_name":"Not\u00edcias - Franciscanos","article_published_time":"2014-05-09T12:49:38+00:00","article_modified_time":"2020-02-11T12:36:17+00:00","og_image":[{"width":273,"height":181,"url":"https:\/\/franciscanos.org.br\/noticias\/wp-content\/uploads\/2014\/05\/bini.jpg","type":"image\/jpeg"}],"author":"admin","twitter_card":"summary_large_image","twitter_misc":{"Escrito por":"admin","Est. tempo de leitura":"3 minutos"},"schema":{"@context":"https:\/\/schema.org","@graph":[{"@type":"WebSite","@id":"https:\/\/franciscanos.org.br\/noticias\/#website","url":"https:\/\/franciscanos.org.br\/noticias\/","name":"Not\u00edcias - Franciscanos","description":"Prov\u00edncia Franciscana da Imaculada Concei\u00e7\u00e3o do Brasil - Ordem dos Frades Menores - OFM","potentialAction":[{"@type":"SearchAction","target":{"@type":"EntryPoint","urlTemplate":"https:\/\/franciscanos.org.br\/noticias\/?s={search_term_string}"},"query-input":"required name=search_term_string"}],"inLanguage":"pt-BR"},{"@type":"ImageObject","inLanguage":"pt-BR","@id":"https:\/\/franciscanos.org.br\/noticias\/falece-o-ex-ministro-geral-giacomo-bini.html#primaryimage","url":"https:\/\/franciscanos.org.br\/noticias\/wp-content\/uploads\/2014\/05\/bini.jpg","contentUrl":"https:\/\/franciscanos.org.br\/noticias\/wp-content\/uploads\/2014\/05\/bini.jpg","width":273,"height":181},{"@type":"WebPage","@id":"https:\/\/franciscanos.org.br\/noticias\/falece-o-ex-ministro-geral-giacomo-bini.html#webpage","url":"https:\/\/franciscanos.org.br\/noticias\/falece-o-ex-ministro-geral-giacomo-bini.html","name":"Falece o ex-Ministro Geral Giacomo Bini - Not\u00edcias - Franciscanos","isPartOf":{"@id":"https:\/\/franciscanos.org.br\/noticias\/#website"},"primaryImageOfPage":{"@id":"https:\/\/franciscanos.org.br\/noticias\/falece-o-ex-ministro-geral-giacomo-bini.html#primaryimage"},"datePublished":"2014-05-09T12:49:38+00:00","dateModified":"2020-02-11T12:36:17+00:00","author":{"@id":"https:\/\/franciscanos.org.br\/noticias\/#\/schema\/person\/b38fbf43118f02820bd932f2e4b14ad3"},"breadcrumb":{"@id":"https:\/\/franciscanos.org.br\/noticias\/falece-o-ex-ministro-geral-giacomo-bini.html#breadcrumb"},"inLanguage":"pt-BR","potentialAction":[{"@type":"ReadAction","target":["https:\/\/franciscanos.org.br\/noticias\/falece-o-ex-ministro-geral-giacomo-bini.html"]}]},{"@type":"BreadcrumbList","@id":"https:\/\/franciscanos.org.br\/noticias\/falece-o-ex-ministro-geral-giacomo-bini.html#breadcrumb","itemListElement":[{"@type":"ListItem","position":1,"name":"Home","item":"https:\/\/franciscanos.org.br\/noticias"},{"@type":"ListItem","position":2,"name":"Falece o ex-Ministro Geral Giacomo Bini"}]},{"@type":"Person","@id":"https:\/\/franciscanos.org.br\/noticias\/#\/schema\/person\/b38fbf43118f02820bd932f2e4b14ad3","name":"admin","image":{"@type":"ImageObject","inLanguage":"pt-BR","@id":"https:\/\/franciscanos.org.br\/noticias\/#\/schema\/person\/image\/","url":"https:\/\/secure.gravatar.com\/avatar\/e8495742d34d0ba6448ea1c628263b3e?s=96&d=mm&r=g","contentUrl":"https:\/\/secure.gravatar.com\/avatar\/e8495742d34d0ba6448ea1c628263b3e?s=96&d=mm&r=g","caption":"admin"},"url":"https:\/\/franciscanos.org.br\/noticias\/author\/admin"}]}},"_links":{"self":[{"href":"https:\/\/franciscanos.org.br\/noticias\/wp-json\/wp\/v2\/posts\/58168"}],"collection":[{"href":"https:\/\/franciscanos.org.br\/noticias\/wp-json\/wp\/v2\/posts"}],"about":[{"href":"https:\/\/franciscanos.org.br\/noticias\/wp-json\/wp\/v2\/types\/post"}],"author":[{"embeddable":true,"href":"https:\/\/franciscanos.org.br\/noticias\/wp-json\/wp\/v2\/users\/1"}],"replies":[{"embeddable":true,"href":"https:\/\/franciscanos.org.br\/noticias\/wp-json\/wp\/v2\/comments?post=58168"}],"version-history":[{"count":0,"href":"https:\/\/franciscanos.org.br\/noticias\/wp-json\/wp\/v2\/posts\/58168\/revisions"}],"wp:featuredmedia":[{"embeddable":true,"href":"https:\/\/franciscanos.org.br\/noticias\/wp-json\/wp\/v2\/media\/218911"}],"wp:attachment":[{"href":"https:\/\/franciscanos.org.br\/noticias\/wp-json\/wp\/v2\/media?parent=58168"}],"wp:term":[{"taxonomy":"category","embeddable":true,"href":"https:\/\/franciscanos.org.br\/noticias\/wp-json\/wp\/v2\/categories?post=58168"},{"taxonomy":"post_tag","embeddable":true,"href":"https:\/\/franciscanos.org.br\/noticias\/wp-json\/wp\/v2\/tags?post=58168"}],"curies":[{"name":"wp","href":"https:\/\/api.w.org\/{rel}","templated":true}]}}