{"id":58099,"date":"2014-05-07T08:59:35","date_gmt":"2014-05-07T11:59:35","guid":{"rendered":"http:\/\/new.franciscanos.org.br\/?p=58099"},"modified":"2020-06-10T18:29:03","modified_gmt":"2020-06-10T21:29:03","slug":"a-igreja-sem-testemunho-e-esteril","status":"publish","type":"post","link":"https:\/\/franciscanos.org.br\/noticias\/a-igreja-sem-testemunho-e-esteril.html","title":{"rendered":"&#8220;A Igreja sem testemunho \u00e9 est\u00e9ril&#8221;"},"content":{"rendered":"<p><img loading=\"lazy\" src=\"http:\/\/franciscanos.org.br\/wp-content\/uploads\/2014\/05\/papa_alto.jpg\" alt=\"Papa Francisco\" width=\"820\" height=\"336\" \/><\/p>\n<p><strong>Cidade do Vaticano<\/strong> &#8211; A Igreja n\u00e3o \u00e9 uma universidade da religi\u00e3o, afirmou o Papa Francisco na Missa em Santa Marta na manh\u00e3 desta ter\u00e7a-feira (06\/5), quando deixou uma mensagem clara: a Igreja sem testemunho \u00e9 est\u00e9ril.<\/p>\n<p>Na sua homilia o Santo Padre percorreu o caminho do mart\u00edrio de Est\u00eav\u00e3o, o primeiro m\u00e1rtir da Igreja. O primeiro de tantos testemunhos:<\/p>\n<p>\u201cMart\u00edrio \u00e9 a tradu\u00e7\u00e3o da palavra grega que tamb\u00e9m significa testemunho. E assim podemos dizer que para um crist\u00e3o o caminho vai no rasto deste testemunho, sobre estas pegadas de Jesus para dar testemunho d\u2019Ele e tantas vezes este testemunho acaba por dar a vida. N\u00e3o se pode entender um crist\u00e3o sem que seja testemunha e d\u00ea testemunho. N\u00f3s n\u00e3o somos uma religi\u00e3o de ideias, de pura teologia, de coisas belas, de mandamentos. N\u00e3o, n\u00f3s somos um povo que segue Jesus Cristo e d\u00e1 testemunho de Jesus Cristo \u2013 e este testemunho \u00e0s vezes chega a dar a vida&#8221;.<\/p>\n<p>Assassinado, Est\u00eav\u00e3o, l\u00ea-se nos Atos dos Ap\u00f3stolos, que eclodiu uma violenta persegui\u00e7\u00e3o contra a Igreja em Jerusal\u00e9m. E desta forma \u2013 sublinhou o Papa \u2013 os crist\u00e3os dispersaram-se na regi\u00e3o da Judeia e da Samaria. E estas pessoas onde quer que chegavam davam testemunho de Jesus dando assim in\u00edcio \u00e0 miss\u00e3o da Igreja \u2013 afirmou o Papa Francisco:<\/p>\n<p>\u201cO testemunho seja na vida quotidiana, seja com algumas dificuldades e, tamb\u00e9m seja na persegui\u00e7\u00e3o com a morte, sempre \u00e9 fecunda. A Igreja \u00e9 fecunda e m\u00e3e quando d\u00e1 testemunho de Jesus Cristo. Ao inv\u00e9s, quando a Igreja se fecha em si pr\u00f3pria, julga-se \u2013 digamos &#8211; uma universidade da religi\u00e3o, com tantas belas ideias, com tantos belos templos, com tantos belos museus, com tantas belas coisas, mas n\u00e3o d\u00e1 testemunho, torna-se est\u00e9ril. O crist\u00e3o tamb\u00e9m. O crist\u00e3o que n\u00e3o d\u00e1 testemunho fica est\u00e9ril, sem dar a vida que recebeu de Jesus Cristo.\u201d<\/p>\n<p>\u201cE hoje pensando nestes dois \u00edcones \u2013 Est\u00eav\u00e3o que morre e a gente, os crist\u00e3os, que fogem, andando por todo o lado devido \u00e0 violenta persegui\u00e7\u00e3o \u2013 perguntemo-nos: Como \u00e9 o meu testemunho? Sou um crist\u00e3o testemunha de Jesus ou sou um simples numer\u00e1rio desta seita? Sou fecundo porque dou testemunho, ou fico est\u00e9ril porque n\u00e3o sou capaz de deixar que o Esp\u00edrito Santo me leve para a frente na minha voca\u00e7\u00e3o crist\u00e3?\u201d<\/p>\n<hr \/>\n<p><em>Fonte: R\u00e1dio Vaticano<\/em><\/p>\n","protected":false},"excerpt":{"rendered":"<p>Missa em Santa Marta<\/p>\n","protected":false},"author":1,"featured_media":0,"comment_status":"closed","ping_status":"open","sticky":false,"template":"","format":"standard","meta":[],"categories":[1428],"tags":[1586],"acf":[],"yoast_head":"<!-- This site is optimized with the Yoast SEO plugin v19.2 - https:\/\/yoast.com\/wordpress\/plugins\/seo\/ -->\n<title>&quot;A Igreja sem testemunho \u00e9 est\u00e9ril&quot; - Not\u00edcias - Franciscanos<\/title>\n<meta name=\"robots\" content=\"index, follow, max-snippet:-1, max-image-preview:large, max-video-preview:-1\" \/>\n<link rel=\"canonical\" href=\"https:\/\/franciscanos.org.br\/noticias\/a-igreja-sem-testemunho-e-esteril.html\" \/>\n<meta property=\"og:locale\" content=\"pt_BR\" \/>\n<meta property=\"og:type\" content=\"article\" \/>\n<meta property=\"og:title\" content=\"&quot;A Igreja sem testemunho \u00e9 est\u00e9ril&quot; - Not\u00edcias - Franciscanos\" \/>\n<meta property=\"og:description\" content=\"Missa em Santa Marta\" \/>\n<meta property=\"og:url\" content=\"https:\/\/franciscanos.org.br\/noticias\/a-igreja-sem-testemunho-e-esteril.html\" \/>\n<meta property=\"og:site_name\" content=\"Not\u00edcias - Franciscanos\" \/>\n<meta property=\"article:published_time\" content=\"2014-05-07T11:59:35+00:00\" \/>\n<meta property=\"article:modified_time\" content=\"2020-06-10T21:29:03+00:00\" \/>\n<meta property=\"og:image\" content=\"http:\/\/franciscanos.org.br\/wp-content\/uploads\/2014\/05\/papa_alto.jpg\" \/>\n<meta name=\"author\" content=\"admin\" \/>\n<meta name=\"twitter:card\" content=\"summary_large_image\" \/>\n<meta name=\"twitter:label1\" content=\"Escrito por\" \/>\n\t<meta name=\"twitter:data1\" content=\"admin\" \/>\n\t<meta name=\"twitter:label2\" content=\"Est. tempo de leitura\" \/>\n\t<meta name=\"twitter:data2\" content=\"2 minutos\" \/>\n<script type=\"application\/ld+json\" class=\"yoast-schema-graph\">{\"@context\":\"https:\/\/schema.org\",\"@graph\":[{\"@type\":\"WebSite\",\"@id\":\"https:\/\/franciscanos.org.br\/noticias\/#website\",\"url\":\"https:\/\/franciscanos.org.br\/noticias\/\",\"name\":\"Not\u00edcias - Franciscanos\",\"description\":\"Prov\u00edncia Franciscana da Imaculada Concei\u00e7\u00e3o do Brasil - Ordem dos Frades Menores - OFM\",\"potentialAction\":[{\"@type\":\"SearchAction\",\"target\":{\"@type\":\"EntryPoint\",\"urlTemplate\":\"https:\/\/franciscanos.org.br\/noticias\/?s={search_term_string}\"},\"query-input\":\"required name=search_term_string\"}],\"inLanguage\":\"pt-BR\"},{\"@type\":\"ImageObject\",\"inLanguage\":\"pt-BR\",\"@id\":\"https:\/\/franciscanos.org.br\/noticias\/a-igreja-sem-testemunho-e-esteril.html#primaryimage\",\"url\":\"http:\/\/franciscanos.org.br\/wp-content\/uploads\/2014\/05\/papa_alto.jpg\",\"contentUrl\":\"http:\/\/franciscanos.org.br\/wp-content\/uploads\/2014\/05\/papa_alto.jpg\"},{\"@type\":\"WebPage\",\"@id\":\"https:\/\/franciscanos.org.br\/noticias\/a-igreja-sem-testemunho-e-esteril.html#webpage\",\"url\":\"https:\/\/franciscanos.org.br\/noticias\/a-igreja-sem-testemunho-e-esteril.html\",\"name\":\"\\\"A Igreja sem testemunho \u00e9 est\u00e9ril\\\" - Not\u00edcias - Franciscanos\",\"isPartOf\":{\"@id\":\"https:\/\/franciscanos.org.br\/noticias\/#website\"},\"primaryImageOfPage\":{\"@id\":\"https:\/\/franciscanos.org.br\/noticias\/a-igreja-sem-testemunho-e-esteril.html#primaryimage\"},\"datePublished\":\"2014-05-07T11:59:35+00:00\",\"dateModified\":\"2020-06-10T21:29:03+00:00\",\"author\":{\"@id\":\"https:\/\/franciscanos.org.br\/noticias\/#\/schema\/person\/b38fbf43118f02820bd932f2e4b14ad3\"},\"breadcrumb\":{\"@id\":\"https:\/\/franciscanos.org.br\/noticias\/a-igreja-sem-testemunho-e-esteril.html#breadcrumb\"},\"inLanguage\":\"pt-BR\",\"potentialAction\":[{\"@type\":\"ReadAction\",\"target\":[\"https:\/\/franciscanos.org.br\/noticias\/a-igreja-sem-testemunho-e-esteril.html\"]}]},{\"@type\":\"BreadcrumbList\",\"@id\":\"https:\/\/franciscanos.org.br\/noticias\/a-igreja-sem-testemunho-e-esteril.html#breadcrumb\",\"itemListElement\":[{\"@type\":\"ListItem\",\"position\":1,\"name\":\"Home\",\"item\":\"https:\/\/franciscanos.org.br\/noticias\"},{\"@type\":\"ListItem\",\"position\":2,\"name\":\"&#8220;A Igreja sem testemunho \u00e9 est\u00e9ril&#8221;\"}]},{\"@type\":\"Person\",\"@id\":\"https:\/\/franciscanos.org.br\/noticias\/#\/schema\/person\/b38fbf43118f02820bd932f2e4b14ad3\",\"name\":\"admin\",\"image\":{\"@type\":\"ImageObject\",\"inLanguage\":\"pt-BR\",\"@id\":\"https:\/\/franciscanos.org.br\/noticias\/#\/schema\/person\/image\/\",\"url\":\"https:\/\/secure.gravatar.com\/avatar\/e8495742d34d0ba6448ea1c628263b3e?s=96&d=mm&r=g\",\"contentUrl\":\"https:\/\/secure.gravatar.com\/avatar\/e8495742d34d0ba6448ea1c628263b3e?s=96&d=mm&r=g\",\"caption\":\"admin\"},\"url\":\"https:\/\/franciscanos.org.br\/noticias\/author\/admin\"}]}<\/script>\n<!-- \/ Yoast SEO plugin. -->","yoast_head_json":{"title":"\"A Igreja sem testemunho \u00e9 est\u00e9ril\" - Not\u00edcias - Franciscanos","robots":{"index":"index","follow":"follow","max-snippet":"max-snippet:-1","max-image-preview":"max-image-preview:large","max-video-preview":"max-video-preview:-1"},"canonical":"https:\/\/franciscanos.org.br\/noticias\/a-igreja-sem-testemunho-e-esteril.html","og_locale":"pt_BR","og_type":"article","og_title":"\"A Igreja sem testemunho \u00e9 est\u00e9ril\" - Not\u00edcias - Franciscanos","og_description":"Missa em Santa Marta","og_url":"https:\/\/franciscanos.org.br\/noticias\/a-igreja-sem-testemunho-e-esteril.html","og_site_name":"Not\u00edcias - Franciscanos","article_published_time":"2014-05-07T11:59:35+00:00","article_modified_time":"2020-06-10T21:29:03+00:00","og_image":[{"url":"http:\/\/franciscanos.org.br\/wp-content\/uploads\/2014\/05\/papa_alto.jpg"}],"author":"admin","twitter_card":"summary_large_image","twitter_misc":{"Escrito por":"admin","Est. tempo de leitura":"2 minutos"},"schema":{"@context":"https:\/\/schema.org","@graph":[{"@type":"WebSite","@id":"https:\/\/franciscanos.org.br\/noticias\/#website","url":"https:\/\/franciscanos.org.br\/noticias\/","name":"Not\u00edcias - Franciscanos","description":"Prov\u00edncia Franciscana da Imaculada Concei\u00e7\u00e3o do Brasil - Ordem dos Frades Menores - OFM","potentialAction":[{"@type":"SearchAction","target":{"@type":"EntryPoint","urlTemplate":"https:\/\/franciscanos.org.br\/noticias\/?s={search_term_string}"},"query-input":"required name=search_term_string"}],"inLanguage":"pt-BR"},{"@type":"ImageObject","inLanguage":"pt-BR","@id":"https:\/\/franciscanos.org.br\/noticias\/a-igreja-sem-testemunho-e-esteril.html#primaryimage","url":"http:\/\/franciscanos.org.br\/wp-content\/uploads\/2014\/05\/papa_alto.jpg","contentUrl":"http:\/\/franciscanos.org.br\/wp-content\/uploads\/2014\/05\/papa_alto.jpg"},{"@type":"WebPage","@id":"https:\/\/franciscanos.org.br\/noticias\/a-igreja-sem-testemunho-e-esteril.html#webpage","url":"https:\/\/franciscanos.org.br\/noticias\/a-igreja-sem-testemunho-e-esteril.html","name":"\"A Igreja sem testemunho \u00e9 est\u00e9ril\" - Not\u00edcias - Franciscanos","isPartOf":{"@id":"https:\/\/franciscanos.org.br\/noticias\/#website"},"primaryImageOfPage":{"@id":"https:\/\/franciscanos.org.br\/noticias\/a-igreja-sem-testemunho-e-esteril.html#primaryimage"},"datePublished":"2014-05-07T11:59:35+00:00","dateModified":"2020-06-10T21:29:03+00:00","author":{"@id":"https:\/\/franciscanos.org.br\/noticias\/#\/schema\/person\/b38fbf43118f02820bd932f2e4b14ad3"},"breadcrumb":{"@id":"https:\/\/franciscanos.org.br\/noticias\/a-igreja-sem-testemunho-e-esteril.html#breadcrumb"},"inLanguage":"pt-BR","potentialAction":[{"@type":"ReadAction","target":["https:\/\/franciscanos.org.br\/noticias\/a-igreja-sem-testemunho-e-esteril.html"]}]},{"@type":"BreadcrumbList","@id":"https:\/\/franciscanos.org.br\/noticias\/a-igreja-sem-testemunho-e-esteril.html#breadcrumb","itemListElement":[{"@type":"ListItem","position":1,"name":"Home","item":"https:\/\/franciscanos.org.br\/noticias"},{"@type":"ListItem","position":2,"name":"&#8220;A Igreja sem testemunho \u00e9 est\u00e9ril&#8221;"}]},{"@type":"Person","@id":"https:\/\/franciscanos.org.br\/noticias\/#\/schema\/person\/b38fbf43118f02820bd932f2e4b14ad3","name":"admin","image":{"@type":"ImageObject","inLanguage":"pt-BR","@id":"https:\/\/franciscanos.org.br\/noticias\/#\/schema\/person\/image\/","url":"https:\/\/secure.gravatar.com\/avatar\/e8495742d34d0ba6448ea1c628263b3e?s=96&d=mm&r=g","contentUrl":"https:\/\/secure.gravatar.com\/avatar\/e8495742d34d0ba6448ea1c628263b3e?s=96&d=mm&r=g","caption":"admin"},"url":"https:\/\/franciscanos.org.br\/noticias\/author\/admin"}]}},"_links":{"self":[{"href":"https:\/\/franciscanos.org.br\/noticias\/wp-json\/wp\/v2\/posts\/58099"}],"collection":[{"href":"https:\/\/franciscanos.org.br\/noticias\/wp-json\/wp\/v2\/posts"}],"about":[{"href":"https:\/\/franciscanos.org.br\/noticias\/wp-json\/wp\/v2\/types\/post"}],"author":[{"embeddable":true,"href":"https:\/\/franciscanos.org.br\/noticias\/wp-json\/wp\/v2\/users\/1"}],"replies":[{"embeddable":true,"href":"https:\/\/franciscanos.org.br\/noticias\/wp-json\/wp\/v2\/comments?post=58099"}],"version-history":[{"count":1,"href":"https:\/\/franciscanos.org.br\/noticias\/wp-json\/wp\/v2\/posts\/58099\/revisions"}],"predecessor-version":[{"id":226212,"href":"https:\/\/franciscanos.org.br\/noticias\/wp-json\/wp\/v2\/posts\/58099\/revisions\/226212"}],"wp:attachment":[{"href":"https:\/\/franciscanos.org.br\/noticias\/wp-json\/wp\/v2\/media?parent=58099"}],"wp:term":[{"taxonomy":"category","embeddable":true,"href":"https:\/\/franciscanos.org.br\/noticias\/wp-json\/wp\/v2\/categories?post=58099"},{"taxonomy":"post_tag","embeddable":true,"href":"https:\/\/franciscanos.org.br\/noticias\/wp-json\/wp\/v2\/tags?post=58099"}],"curies":[{"name":"wp","href":"https:\/\/api.w.org\/{rel}","templated":true}]}}