{"id":58093,"date":"2014-05-07T07:46:24","date_gmt":"2014-05-07T10:46:24","guid":{"rendered":"http:\/\/new.franciscanos.org.br\/?p=58093"},"modified":"2020-11-12T10:11:54","modified_gmt":"2020-11-12T13:11:54","slug":"juventude-franciscana-revisa-diretrizes-da-formacao-em-congresso-extraordinario","status":"publish","type":"post","link":"https:\/\/franciscanos.org.br\/noticias\/juventude-franciscana-revisa-diretrizes-da-formacao-em-congresso-extraordinario.html","title":{"rendered":"Juventude Franciscana revisa diretrizes da forma\u00e7\u00e3o em Congresso Extraordin\u00e1rio"},"content":{"rendered":"<p><b><img loading=\"lazy\" src=\"http:\/\/franciscanos.org.br\/wp-content\/uploads\/2014\/05\/jufra1.jpg\" alt=\"jufra\" width=\"830\" height=\"318\" \/><\/b><\/p>\n<p>Um momento hist\u00f3rico. Assim podemos definir o IV Congresso Nacional Extraordin\u00e1rio da Juventude Franciscana do Brasil (Jufra), realizado de 1\u00ba a 4 de maio, em Mogi Mirim (SP), no Convento Monte Alverne dos Frades da Terceira Ordem Regular (TOR). Com o intuito de concretizar uma resolu\u00e7\u00e3o aprovada no seu XV Congresso Nacional Ordin\u00e1rio, realizado no ano passado em Santa Maria (RS), toda a juventude franciscana se movimentou para que esse evento pudesse acontecer com serenidade, fraternidade e sabedoria em seus 43 anos de organiza\u00e7\u00e3o religiosa no Brasil.<\/p>\n<p>Esta assembleia teve como objetivo geral revisar as Diretrizes de Forma\u00e7\u00e3o da Jufra do Brasil para todos os jovens, desde o inicio de sua caminhada at\u00e9 o seu compromisso de profiss\u00e3o na Ordem Franciscana Secular (OFS), bem como revisar o seu estatuto nacional.<\/p>\n<p>O processo de revis\u00e3o das diretrizes contou com uma equipe de forma\u00e7\u00e3o para edi\u00e7\u00e3o e reda\u00e7\u00e3o das propostas de altera\u00e7\u00e3o, compostas por Mayara Ingrid (Secret\u00e1ria Fraterna Nacional da Jufra), Ana Carolina (Formadora Nacional da Jufra), Frei Wellington de Buarque (Assistente Espiritual Nacional da Jufra) e Raphael Taboada (Animador Fraterno Nacional da Jufra), al\u00e9m das propostas pr\u00e9vias enviadas pelos Regionais e grupos de estudos feitos no Conjufra. No processo de revis\u00e3o do estatuto foi constitu\u00edda uma equipe jur\u00eddica para edi\u00e7\u00e3o e reda\u00e7\u00e3o das propostas de altera\u00e7\u00e3o, compostas por Ariana Baccin (Secret\u00e1ria de Forma\u00e7\u00e3o do Regional Sul 3 \u2013 Rio Grande do Sul), J\u00e9ssica Lima (Comunicadora Nacional da Jufra), e Raphael Taboada (Animador Fraterno Nacional da Jufra), al\u00e9m das propostas pr\u00e9vias enviadas pelos Regionais, e consulta ao irm\u00e3o Nivaldo (Fam\u00edlia Franciscana do Brasil, Assistente Jur\u00eddico da OFS).<\/p>\n<p>Nesses dias de estudos e desafios, desej\u00e1vamos alcan\u00e7ar a mesma coragem de Francisco de Assis ao Construir o Reino do Senhor em seu cora\u00e7\u00e3o e despojar-se de tudo que lhe prendia, almejando apenas viver entre irm\u00e3os e seguir \u00e0 risca o Santo Evangelho. De forma fraterna, conseguimos proporcionar a constru\u00e7\u00e3o de estrat\u00e9gias de atua\u00e7\u00e3o a partir dos desafios da realidade local, visando provocar mudan\u00e7as na realidade das comunidades locais, na perspectiva da Forma\u00e7\u00e3o.<\/p>\n","protected":false},"excerpt":{"rendered":"<p>Jufra<\/p>\n","protected":false},"author":1,"featured_media":218903,"comment_status":"closed","ping_status":"open","sticky":false,"template":"","format":"standard","meta":[],"categories":[1],"tags":[187],"acf":[],"yoast_head":"<!-- This site is optimized with the Yoast SEO plugin v19.2 - https:\/\/yoast.com\/wordpress\/plugins\/seo\/ -->\n<title>Juventude Franciscana revisa diretrizes da forma\u00e7\u00e3o em Congresso Extraordin\u00e1rio - Not\u00edcias - Franciscanos<\/title>\n<meta name=\"robots\" content=\"index, follow, max-snippet:-1, max-image-preview:large, max-video-preview:-1\" \/>\n<link rel=\"canonical\" href=\"https:\/\/franciscanos.org.br\/noticias\/juventude-franciscana-revisa-diretrizes-da-formacao-em-congresso-extraordinario.html\" \/>\n<meta property=\"og:locale\" content=\"pt_BR\" \/>\n<meta property=\"og:type\" content=\"article\" \/>\n<meta property=\"og:title\" content=\"Juventude Franciscana revisa diretrizes da forma\u00e7\u00e3o em Congresso Extraordin\u00e1rio - Not\u00edcias - Franciscanos\" \/>\n<meta property=\"og:description\" content=\"Jufra\" \/>\n<meta property=\"og:url\" content=\"https:\/\/franciscanos.org.br\/noticias\/juventude-franciscana-revisa-diretrizes-da-formacao-em-congresso-extraordinario.html\" \/>\n<meta property=\"og:site_name\" content=\"Not\u00edcias - Franciscanos\" \/>\n<meta property=\"article:published_time\" content=\"2014-05-07T10:46:24+00:00\" \/>\n<meta property=\"article:modified_time\" content=\"2020-11-12T13:11:54+00:00\" \/>\n<meta property=\"og:image\" content=\"https:\/\/franciscanos.org.br\/noticias\/wp-content\/uploads\/2014\/05\/jufra1.jpg\" \/>\n\t<meta property=\"og:image:width\" content=\"273\" \/>\n\t<meta property=\"og:image:height\" content=\"181\" \/>\n\t<meta property=\"og:image:type\" content=\"image\/jpeg\" \/>\n<meta name=\"author\" content=\"admin\" \/>\n<meta name=\"twitter:card\" content=\"summary_large_image\" \/>\n<meta name=\"twitter:label1\" content=\"Escrito por\" \/>\n\t<meta name=\"twitter:data1\" content=\"admin\" \/>\n\t<meta name=\"twitter:label2\" content=\"Est. tempo de leitura\" \/>\n\t<meta name=\"twitter:data2\" content=\"2 minutos\" \/>\n<script type=\"application\/ld+json\" class=\"yoast-schema-graph\">{\"@context\":\"https:\/\/schema.org\",\"@graph\":[{\"@type\":\"WebSite\",\"@id\":\"https:\/\/franciscanos.org.br\/noticias\/#website\",\"url\":\"https:\/\/franciscanos.org.br\/noticias\/\",\"name\":\"Not\u00edcias - Franciscanos\",\"description\":\"Prov\u00edncia Franciscana da Imaculada Concei\u00e7\u00e3o do Brasil - Ordem dos Frades Menores - OFM\",\"potentialAction\":[{\"@type\":\"SearchAction\",\"target\":{\"@type\":\"EntryPoint\",\"urlTemplate\":\"https:\/\/franciscanos.org.br\/noticias\/?s={search_term_string}\"},\"query-input\":\"required name=search_term_string\"}],\"inLanguage\":\"pt-BR\"},{\"@type\":\"ImageObject\",\"inLanguage\":\"pt-BR\",\"@id\":\"https:\/\/franciscanos.org.br\/noticias\/juventude-franciscana-revisa-diretrizes-da-formacao-em-congresso-extraordinario.html#primaryimage\",\"url\":\"https:\/\/franciscanos.org.br\/noticias\/wp-content\/uploads\/2014\/05\/jufra1.jpg\",\"contentUrl\":\"https:\/\/franciscanos.org.br\/noticias\/wp-content\/uploads\/2014\/05\/jufra1.jpg\",\"width\":273,\"height\":181},{\"@type\":\"WebPage\",\"@id\":\"https:\/\/franciscanos.org.br\/noticias\/juventude-franciscana-revisa-diretrizes-da-formacao-em-congresso-extraordinario.html#webpage\",\"url\":\"https:\/\/franciscanos.org.br\/noticias\/juventude-franciscana-revisa-diretrizes-da-formacao-em-congresso-extraordinario.html\",\"name\":\"Juventude Franciscana revisa diretrizes da forma\u00e7\u00e3o em Congresso Extraordin\u00e1rio - Not\u00edcias - Franciscanos\",\"isPartOf\":{\"@id\":\"https:\/\/franciscanos.org.br\/noticias\/#website\"},\"primaryImageOfPage\":{\"@id\":\"https:\/\/franciscanos.org.br\/noticias\/juventude-franciscana-revisa-diretrizes-da-formacao-em-congresso-extraordinario.html#primaryimage\"},\"datePublished\":\"2014-05-07T10:46:24+00:00\",\"dateModified\":\"2020-11-12T13:11:54+00:00\",\"author\":{\"@id\":\"https:\/\/franciscanos.org.br\/noticias\/#\/schema\/person\/b38fbf43118f02820bd932f2e4b14ad3\"},\"breadcrumb\":{\"@id\":\"https:\/\/franciscanos.org.br\/noticias\/juventude-franciscana-revisa-diretrizes-da-formacao-em-congresso-extraordinario.html#breadcrumb\"},\"inLanguage\":\"pt-BR\",\"potentialAction\":[{\"@type\":\"ReadAction\",\"target\":[\"https:\/\/franciscanos.org.br\/noticias\/juventude-franciscana-revisa-diretrizes-da-formacao-em-congresso-extraordinario.html\"]}]},{\"@type\":\"BreadcrumbList\",\"@id\":\"https:\/\/franciscanos.org.br\/noticias\/juventude-franciscana-revisa-diretrizes-da-formacao-em-congresso-extraordinario.html#breadcrumb\",\"itemListElement\":[{\"@type\":\"ListItem\",\"position\":1,\"name\":\"Home\",\"item\":\"https:\/\/franciscanos.org.br\/noticias\"},{\"@type\":\"ListItem\",\"position\":2,\"name\":\"Juventude Franciscana revisa diretrizes da forma\u00e7\u00e3o em Congresso Extraordin\u00e1rio\"}]},{\"@type\":\"Person\",\"@id\":\"https:\/\/franciscanos.org.br\/noticias\/#\/schema\/person\/b38fbf43118f02820bd932f2e4b14ad3\",\"name\":\"admin\",\"image\":{\"@type\":\"ImageObject\",\"inLanguage\":\"pt-BR\",\"@id\":\"https:\/\/franciscanos.org.br\/noticias\/#\/schema\/person\/image\/\",\"url\":\"https:\/\/secure.gravatar.com\/avatar\/e8495742d34d0ba6448ea1c628263b3e?s=96&d=mm&r=g\",\"contentUrl\":\"https:\/\/secure.gravatar.com\/avatar\/e8495742d34d0ba6448ea1c628263b3e?s=96&d=mm&r=g\",\"caption\":\"admin\"},\"url\":\"https:\/\/franciscanos.org.br\/noticias\/author\/admin\"}]}<\/script>\n<!-- \/ Yoast SEO plugin. -->","yoast_head_json":{"title":"Juventude Franciscana revisa diretrizes da forma\u00e7\u00e3o em Congresso Extraordin\u00e1rio - Not\u00edcias - Franciscanos","robots":{"index":"index","follow":"follow","max-snippet":"max-snippet:-1","max-image-preview":"max-image-preview:large","max-video-preview":"max-video-preview:-1"},"canonical":"https:\/\/franciscanos.org.br\/noticias\/juventude-franciscana-revisa-diretrizes-da-formacao-em-congresso-extraordinario.html","og_locale":"pt_BR","og_type":"article","og_title":"Juventude Franciscana revisa diretrizes da forma\u00e7\u00e3o em Congresso Extraordin\u00e1rio - Not\u00edcias - Franciscanos","og_description":"Jufra","og_url":"https:\/\/franciscanos.org.br\/noticias\/juventude-franciscana-revisa-diretrizes-da-formacao-em-congresso-extraordinario.html","og_site_name":"Not\u00edcias - Franciscanos","article_published_time":"2014-05-07T10:46:24+00:00","article_modified_time":"2020-11-12T13:11:54+00:00","og_image":[{"width":273,"height":181,"url":"https:\/\/franciscanos.org.br\/noticias\/wp-content\/uploads\/2014\/05\/jufra1.jpg","type":"image\/jpeg"}],"author":"admin","twitter_card":"summary_large_image","twitter_misc":{"Escrito por":"admin","Est. tempo de leitura":"2 minutos"},"schema":{"@context":"https:\/\/schema.org","@graph":[{"@type":"WebSite","@id":"https:\/\/franciscanos.org.br\/noticias\/#website","url":"https:\/\/franciscanos.org.br\/noticias\/","name":"Not\u00edcias - Franciscanos","description":"Prov\u00edncia Franciscana da Imaculada Concei\u00e7\u00e3o do Brasil - Ordem dos Frades Menores - OFM","potentialAction":[{"@type":"SearchAction","target":{"@type":"EntryPoint","urlTemplate":"https:\/\/franciscanos.org.br\/noticias\/?s={search_term_string}"},"query-input":"required name=search_term_string"}],"inLanguage":"pt-BR"},{"@type":"ImageObject","inLanguage":"pt-BR","@id":"https:\/\/franciscanos.org.br\/noticias\/juventude-franciscana-revisa-diretrizes-da-formacao-em-congresso-extraordinario.html#primaryimage","url":"https:\/\/franciscanos.org.br\/noticias\/wp-content\/uploads\/2014\/05\/jufra1.jpg","contentUrl":"https:\/\/franciscanos.org.br\/noticias\/wp-content\/uploads\/2014\/05\/jufra1.jpg","width":273,"height":181},{"@type":"WebPage","@id":"https:\/\/franciscanos.org.br\/noticias\/juventude-franciscana-revisa-diretrizes-da-formacao-em-congresso-extraordinario.html#webpage","url":"https:\/\/franciscanos.org.br\/noticias\/juventude-franciscana-revisa-diretrizes-da-formacao-em-congresso-extraordinario.html","name":"Juventude Franciscana revisa diretrizes da forma\u00e7\u00e3o em Congresso Extraordin\u00e1rio - Not\u00edcias - Franciscanos","isPartOf":{"@id":"https:\/\/franciscanos.org.br\/noticias\/#website"},"primaryImageOfPage":{"@id":"https:\/\/franciscanos.org.br\/noticias\/juventude-franciscana-revisa-diretrizes-da-formacao-em-congresso-extraordinario.html#primaryimage"},"datePublished":"2014-05-07T10:46:24+00:00","dateModified":"2020-11-12T13:11:54+00:00","author":{"@id":"https:\/\/franciscanos.org.br\/noticias\/#\/schema\/person\/b38fbf43118f02820bd932f2e4b14ad3"},"breadcrumb":{"@id":"https:\/\/franciscanos.org.br\/noticias\/juventude-franciscana-revisa-diretrizes-da-formacao-em-congresso-extraordinario.html#breadcrumb"},"inLanguage":"pt-BR","potentialAction":[{"@type":"ReadAction","target":["https:\/\/franciscanos.org.br\/noticias\/juventude-franciscana-revisa-diretrizes-da-formacao-em-congresso-extraordinario.html"]}]},{"@type":"BreadcrumbList","@id":"https:\/\/franciscanos.org.br\/noticias\/juventude-franciscana-revisa-diretrizes-da-formacao-em-congresso-extraordinario.html#breadcrumb","itemListElement":[{"@type":"ListItem","position":1,"name":"Home","item":"https:\/\/franciscanos.org.br\/noticias"},{"@type":"ListItem","position":2,"name":"Juventude Franciscana revisa diretrizes da forma\u00e7\u00e3o em Congresso Extraordin\u00e1rio"}]},{"@type":"Person","@id":"https:\/\/franciscanos.org.br\/noticias\/#\/schema\/person\/b38fbf43118f02820bd932f2e4b14ad3","name":"admin","image":{"@type":"ImageObject","inLanguage":"pt-BR","@id":"https:\/\/franciscanos.org.br\/noticias\/#\/schema\/person\/image\/","url":"https:\/\/secure.gravatar.com\/avatar\/e8495742d34d0ba6448ea1c628263b3e?s=96&d=mm&r=g","contentUrl":"https:\/\/secure.gravatar.com\/avatar\/e8495742d34d0ba6448ea1c628263b3e?s=96&d=mm&r=g","caption":"admin"},"url":"https:\/\/franciscanos.org.br\/noticias\/author\/admin"}]}},"_links":{"self":[{"href":"https:\/\/franciscanos.org.br\/noticias\/wp-json\/wp\/v2\/posts\/58093"}],"collection":[{"href":"https:\/\/franciscanos.org.br\/noticias\/wp-json\/wp\/v2\/posts"}],"about":[{"href":"https:\/\/franciscanos.org.br\/noticias\/wp-json\/wp\/v2\/types\/post"}],"author":[{"embeddable":true,"href":"https:\/\/franciscanos.org.br\/noticias\/wp-json\/wp\/v2\/users\/1"}],"replies":[{"embeddable":true,"href":"https:\/\/franciscanos.org.br\/noticias\/wp-json\/wp\/v2\/comments?post=58093"}],"version-history":[{"count":1,"href":"https:\/\/franciscanos.org.br\/noticias\/wp-json\/wp\/v2\/posts\/58093\/revisions"}],"predecessor-version":[{"id":229373,"href":"https:\/\/franciscanos.org.br\/noticias\/wp-json\/wp\/v2\/posts\/58093\/revisions\/229373"}],"wp:featuredmedia":[{"embeddable":true,"href":"https:\/\/franciscanos.org.br\/noticias\/wp-json\/wp\/v2\/media\/218903"}],"wp:attachment":[{"href":"https:\/\/franciscanos.org.br\/noticias\/wp-json\/wp\/v2\/media?parent=58093"}],"wp:term":[{"taxonomy":"category","embeddable":true,"href":"https:\/\/franciscanos.org.br\/noticias\/wp-json\/wp\/v2\/categories?post=58093"},{"taxonomy":"post_tag","embeddable":true,"href":"https:\/\/franciscanos.org.br\/noticias\/wp-json\/wp\/v2\/tags?post=58093"}],"curies":[{"name":"wp","href":"https:\/\/api.w.org\/{rel}","templated":true}]}}