{"id":57453,"date":"2014-04-15T07:13:55","date_gmt":"2014-04-15T10:13:55","guid":{"rendered":"http:\/\/new.franciscanos.org.br\/?p=57453"},"modified":"2020-02-06T13:01:41","modified_gmt":"2020-02-06T16:01:41","slug":"mensagem-do-ministro-geral-dos-frades-menores-para-a-pascoa","status":"publish","type":"post","link":"https:\/\/franciscanos.org.br\/noticias\/mensagem-do-ministro-geral-dos-frades-menores-para-a-pascoa.html","title":{"rendered":"Mensagem do Ministro Geral dos Frades Menores para a P\u00e1scoa"},"content":{"rendered":"<p><img loading=\"lazy\" class=\"alignright size-full wp-image-57454\" src=\"http:\/\/franciscanos.org.br\/wp-content\/uploads\/2014\/04\/Pasqua2014_pr1-1.jpg\" alt=\"Pasqua2014_pr1-1\" width=\"450\" height=\"636\" \/><\/p>\n<h4><strong>Vi o\u00a0Senhor!<\/strong><\/h4>\n<p>Car\u00edssimos Irm\u00e3os,<br \/>\n<em>Aleluia! Cristo ressuscitou!<\/em><\/p>\n<p>S\u00e3o Boaventura, no cap\u00edtulo 20 do seu Coment\u00e1rio ao Evangelho de S\u00e3o Jo\u00e3o, nos apresenta uma imagem da manh\u00e3 da ressurrei\u00e7\u00e3o. Figura chave desta narra\u00e7\u00e3o \u00e9 Maria Madalena, que \u00e9 apresentada pelo santo como modelo, \u201cseja na vigil\u00e2ncia da busca seja no zelo do an\u00fancio\u201d (20,2). Madalena \u00e9 uma buscadora vigilante, que chega ao t\u00famulo nas primeir\u00edssimas luzes da aurora, \u201cquando ainda estava escuro\u201d (Jo 20,1). Segundo Boaventura, \u00e9 como se Jesus pronunciasse as palavras de Prov\u00e9rbio 8,17: \u201cAqueles que madrugam por mim h\u00e3o de me encontrar\u201d. Continua, pois, com o retrato de Maria Madalena, explicando que, depois do seu encontro com o Senhor ressuscitado, ela se tornou anunciadora zelosa, indo anunciar aos disc\u00edpulos: \u201cVi o Senhor\u201d e as coisas que ele lhe disse (Jo 20,18).<\/p>\n<p>Celebrando a grande festa da P\u00e1scoa, vos exorto, irm\u00e3os, a encontrar nesta dupla imagem de Maria Madalena, buscadora vigilante e anunciadora zelosa, um exemplo de como se pode testemunhar a vida no Senhor Jesus ressuscitado. Tamb\u00e9m n\u00f3s somos chamados a sermos vigilantes na busca de Cristo em todos os \u00e2mbitos da nossa vida, nas situa\u00e7\u00f5es cotidianas em que nos encontramos, nas m\u00faltiplas culturas que nos circundam por causa da globaliza\u00e7\u00e3o e no uso da internet e de outros meios de comunica\u00e7\u00e3o. Como Maria Madalena, somos chamados tamb\u00e9m n\u00f3s a sermos dedicados em anunciar o que vimos e experimentamos na nossa vida, o Senhor Jesus ressuscitado, e em partilhar esta Boa Nova com todos aqueles que encontramos.<br \/>\n<b><\/b><\/p>\n<p><b>Busca vigilante <\/b><\/p>\n<p>Como Maria Madalena, somos convidados a sermos vigilantes na nossa busca. O nosso er\u00e1fico pai Francisco se revela como exemplo por excel\u00eancia de algu\u00e9m que, bem vigilante, vai em busca do Senhor ressuscitado. Tom\u00e1s de Celano nos diz que \u201ca mais sublime vontade, o principal desejo e supremo prop\u00f3sito dele era observar em tudo e por tudo o santo Evangelho, seguir perfeitamente a doutrina e imitar e seguir os passos de Nosso Senhor Jesus Cristo com toda a vigil\u00e2ncia, com todo o empenho, com todo o desejo da mente e com todo o fervor do cora\u00e7\u00e3o.\u201d (1Cel 30,84).<\/p>\n<p>Mas, onde vamos buscar o Cristo ressuscitado? O que implica esta busca vigilante? Se nos perguntarmos seriamente a n\u00f3s mesmos, nos daremos conta de que n\u00e3o se pode em modo algum delimitar tal busca. Cerca de cinquenta anos atr\u00e1s o Conc\u00edlio Vaticano II nos desafiou a \u201cperscrutar os sinais dos tempos\u201d (GS 4), recordando-nos que em nossa busca do Cristo ressuscitado n\u00e3o \u00e9 descartado nenhum lugar. Em muitas das nossas culturas a leitura dos sinais dos tempos nos impele a encontrar outras grandes tradi\u00e7\u00f5es de f\u00e9 ou de cultura, gra\u00e7as \u00e0 media\u00e7\u00e3o do di\u00e1logo interreligioso e intercultural. Em outros contextos, a busca poderia levar-nos a renovar o di\u00e1logo com a ci\u00eancia em rela\u00e7\u00e3o a quest\u00f5es importantes para hoje. Em outras situa\u00e7\u00f5es ainda, a busca nos convidar\u00e1 a entrar em di\u00e1logo com os movimentos culturais novos e emergentes. Em todos os casos, a busca nos obrigar\u00e1 a ir al\u00e9m do que nos \u00e9 confort\u00e1vel: nos levar\u00e1 \u00e0s periferias existenciais, como aconteceu com S\u00e3o Francisco. Na recente Exorta\u00e7\u00e3o apost\u00f3lica Evangelii gaudium (= EG), Papa Francisco nos encoraja a \u201csair da pr\u00f3pria comodidade e ter a coragem de alcan\u00e7ar todas as periferias que precisam da luz do Evangelho\u201d (EG 20). Como as mulheres no sepulcro, continuamos a escutar as palavras do anjo: \u201cPor que buscais entre os mortos aquele que vive? Ele n\u00e3o est\u00e1 aqui; ressuscitou\u201d (Lc 24,5-6). A nossa busca desejosa e atenta do Cristo ressuscitado nos levar\u00e1 para novos e inesperados horizontes, desde que o nosso cora\u00e7\u00e3o e a nossa mente estejam abertos a este desafio t\u00e3o grande e ao mesmo tempo t\u00e3o comprometedor.<\/p>\n<p>Surge tamb\u00e9m uma segunda pergunta: como buscar o Cristo ressuscitado? Talvez a resposta mais simples seja: por meio da \u201cescuta atenta\u201d. O Cap\u00edtulo geral extraordin\u00e1rio de 2006 prop\u00f4s a todos os Frades a chamada metodologia de Ema\u00fas, descrita como encontro baseado por sua vez no encontro dos disc\u00edpulos com o Cristo ressuscitado. Esta metodologia, nos recordou o Cap\u00edtulo, consiste em \u201creunir-se; falar daquilo que nos aconteceu; partilhar o Evangelho, reler a Regra; orar e louvar a Deus \u201cpor todos os seus dons\u201d; celebrar a comunh\u00e3o fraterna; e voltar aos nossos irm\u00e3os das fraternidades, aos nossos irm\u00e3os e irm\u00e3s do mundo inteiro com a boa nova que transformou as nossas vidas\u201d (Sfc 45). Portanto, \u00e9 essencialmente um m\u00e9todo de escuta: escuta dos irm\u00e3os na comunidade; escuta daqueles que servimos, especialmente dos pobres e dos marginalizados; sobretudo, escuta da voz de Deus que nos fala, de um Deus que sempre sai de Si mesmo para vir a encontrar-nos e convidar-nos a entrar na rela\u00e7\u00e3o com Ele. Quando escutamos a voz de Deus, escolhemos de novo a via da convers\u00e3o, uma convers\u00e3o dos pensamentos, das atitudes e dos comportamentos. Ent\u00e3o, a nossa vida ser\u00e1 transformada gra\u00e7as \u00e0 busca vigilante e \u00e0 escuta atenta. Somente ap\u00f3s ter encontrado o Senhor Jesus ressuscitado na escuta orante, tornamo-nos testemunhas e evangelizadores dedicados e audazes.<\/p>\n<p>Sabemos bem que o caminho ser\u00e1 marcado por obst\u00e1culos, os quais procurar\u00e3o impedir-nos de buscar o Cristo ressuscitado. Alguns desses obst\u00e1culos nascem dos nossos limites pessoais. O pr\u00f3prio S\u00e3o Francisco nos alertou para que nos acautel\u00e1ssemos \u201cde toda soberba, vangl\u00f3ria, inveja, avareza, cuidado e solicitude deste mundo, detra\u00e7\u00e3o e murmura\u00e7\u00e3o\u201d (Rb 10,7). Outros s\u00e3o devidos ao nosso permanecer em lugares de sempre e confort\u00e1veis, enquanto buscamos respostas novas. Papa Francisco, mais uma vez, nos desafia: \u201cA pastoral em chave mission\u00e1ria exige o abandono deste c\u00f4modo crit\u00e9rio pastoral: \u2018fez-se sempre assim\u2019\u201d (EG 33). O apelo do Cristo ressuscitado \u00e9 apelo \u00e0 novidade, a abra\u00e7ar uma vis\u00e3o radicalmente nova e diversa da nossa vida, da dignidade e bondade daqueles que nos circundam, os quais, como nos recorda S\u00e3o Francisco, s\u00e3o todos nossos irm\u00e3os e nossas irm\u00e3s, e da beleza e dignidade de todas as criaturas, com as quais somos chamados a render gl\u00f3ria a Deus. As nossas Fraternidades devem olhar sempre para fora a fim de n\u00e3o serem grupos fechados sobre si mesmos. A nossa miss\u00e3o consiste em tornar conhecido de todos o Reino de Deus (cf. CA 37; Seguidores de Cristo para um mundo fraterno (Roma, 2004), p. 33), ou seja, a pot\u00eancia do Cristo ressuscitado. E esta miss\u00e3o podemos realiz\u00e1-la acima de tudo com o testemunho cotidiano de uma vida vivida na gra\u00e7a e no amor e, s\u00f3 depois, atrav\u00e9s do testemunho da nossa palavra.<br \/>\n<b><\/b><\/p>\n<p><b>An\u00fancio zeloso <\/b><\/p>\n<p>Aquele que inicia com a busca e a escuta termina no an\u00fancio da realidade do Cristo ressuscitado. Como Maria Madalena tornamo-nos anunciadores ardorosos que proclamam: \u201cVimos o Senhor e nos disse essas coisas\u201d. Ultimamente se fala muito de \u201cnova evangeliza\u00e7\u00e3o\u201d. Papa Francisco esclareceu ulteriormente esta no\u00e7\u00e3o ao falar de uma evangeliza\u00e7\u00e3o mission\u00e1ria e ao recordar a toda a Igreja que cada batizado \u00e9 chamado por Deus a ser mission\u00e1rio, a dar testemunho da pot\u00eancia da ressurrei\u00e7\u00e3o na sua vida. Para n\u00f3s Frades, isto n\u00e3o \u00e9 uma novidade. As Constitui\u00e7\u00f5es Gerais definem a natureza englobante de uma tal evangeliza\u00e7\u00e3o: \u201cOnde quer que estejam e o que quer que fa\u00e7am, dediquem-se os irm\u00e3os ao minist\u00e9rio da evangeliza\u00e7\u00e3o; tanto na comunh\u00e3o fraterna, por uma vida de contempla\u00e7\u00e3o e penit\u00eancia e pelos diversos trabalhos executados em favor da Fraternidade; como na sociedade humana, por atividades intelectuais e materiais e pelo exerc\u00edcio do minist\u00e9rio pastoral nas par\u00f3quias e outras institui\u00e7\u00f5es eclesi\u00e1sticas; e, finalmente, anunciando o advento do Reino de Deus pelo testemunho da simples presen\u00e7a franciscana\u201d (CCGG 84).<\/p>\n<p>Os pr\u00f3prios \u00e2mbitos existenciais e culturais, que nos conduzem \u00e0 busca do Cristo ressuscitado, muitas vezes necessitam da luz do Evangelho. As nossas culturas globalizadas e transmitidas pelo \u201cYouTube\u201d, como o ar que respiramos, penetram em nossa vida de modo t\u00e3o totalizante que n\u00e3o conseguimos mais identific\u00e1-las. Simplesmente as consideramos como pressuposto. A cultura pode, de fato, conduzir-nos a Cristo, mas tamb\u00e9m pode impedir-nos de escutar o seu Evangelho. Se o Evangelho n\u00e3o \u00e9 anunciado em modo sintonizado com a nossa cultura, n\u00e3o pode ser escutado. Ao mesmo tempo, por\u00e9m, toda a tentativa de anunciar o Evangelho que n\u00e3o ousa desafiar a nossa cultura arrisca impedir aos nossos irm\u00e3os e irm\u00e3s a plena acolhida do Cristo. Como Frades devemos promover aqueles aspectos culturais que revelam a presen\u00e7a do Cristo ressuscitado no meio de n\u00f3s e, al\u00e9m disso, devemos desafiar aqueles aspectos que escondem a Sua presen\u00e7a ou nos impedem de experimentar plenamente a Sua presen\u00e7a doadora de vida e de partilh\u00e1-la atrav\u00e9s do an\u00fancio ardente. Como podemos realizar este an\u00fancio com o devido cuidado? A resposta que S\u00e3o Francisco daria \u00e9 aquela de anunciar com humildade, como portadores do Evangelho, conscientes dos nossos pecados e dos nossos limites. Papa Francisco sugeriu em maneira an\u00e1loga que um cora\u00e7\u00e3o mission\u00e1rio \u00e9 consciente dos pr\u00f3prios limites e \u201cnunca se fecha, nunca se refugia nas pr\u00f3prias seguran\u00e7as, nunca opta pela rigidez autodefensiva. Sabe que ele mesmo deve crescer na compreens\u00e3o do Evangelho e no discernimento das sendas do Esp\u00edrito, e, assim, n\u00e3o renuncia ao bem poss\u00edvel, ainda que corra o risco de sujar-se com a lama da estrada\u201d (EG 45).<\/p>\n<p>\u00c9 \u00f3bvio que tal an\u00fancio deve iniciar com um discernimento orante. Tom\u00e1s de Celano cita S\u00e3o Francisco que afirma: \u201cO pregador deve haurir nas ora\u00e7\u00f5es secretas aquilo que depois vai difundir em palavras sagradas; deve antes aquecer-se por dentro para n\u00e3o proferir palavras frias\u201d (2Cel CXXII, 163). Entrando neste discernimento orante, escutamos o anjo que dirige a n\u00f3s as mesmas palavras ditas \u00e0s mulheres junto ao t\u00famulo: \u201cEle vos precede\u201d (Mc 16,7). E assim se fecha o c\u00edrculo. Encorajados para anunciar o Evangelho com zelo, descobrimos novamente a necessidade de permanecer vigilantes na nossa cont\u00ednua busca. Caros Irm\u00e3os, ao mergulhar de novo no mist\u00e9rio pascal, espero que todos possamos dedicar-nos totalmente e sem reservas a perscrutar vigilantes os sinais dos tempos e buscar, como Maria Madalena, em todos os \u00e2mbitos da nossa vida e cultura o Cristo ressuscitado. Cumpramos este santo prop\u00f3sito como irm\u00e3os em fraternidade, em comunh\u00e3o com todos os membros da Fam\u00edlia Franciscana, com a Igreja e com toda a fam\u00edlia humana. Buscamos o Senhor Jesus Ressuscitado n\u00e3o dentro de t\u00famulos vazios mas nas realidades da nossa vida quotidiana. Esta busca nos leve, pois, a aprofundar a nossa amizade com o Senhor Jesus atrav\u00e9s da ora\u00e7\u00e3o e da contempla\u00e7\u00e3o. Deixemos que esta nos empurre para fora das nossas casas confort\u00e1veis, da nossa rotina, dos nossos tradicionais modos de viver a nossa voca\u00e7\u00e3o crist\u00e3 e franciscana. Sujemos as m\u00e3os e os p\u00e9s, enquanto seguimos o Senhor Ressuscitado que se dirige \u00e0s periferias existenciais, onde daremos testemunho da sua compaix\u00e3o, da sua miseric\u00f3rdia e do seu amor, do qual j\u00e1 fizemos experi\u00eancia n\u00f3s mesmos!<\/p>\n<p>\u00abAleluia!<\/p>\n<p>O Senhor verdadeiramente ressuscitou!\u00bb.<\/p>\n<p>Desejo a todos v\u00f3s, Irm\u00e3os, uma P\u00e1scoa serena e repleta de b\u00ean\u00e7\u00e3os!<\/p>\n<p>Roma, 5 de maio de 2014<br \/>\nQuarta-feira das cinzas.<\/p>\n<p><strong>Fr. Michael Anthony Perry, OFM<\/strong><br \/>\n<b>Ministro geral<\/b><\/p>\n","protected":false},"excerpt":{"rendered":"<p>Mensagem do Ministro Geral Frei Michael Perry<\/p>\n","protected":false},"author":1,"featured_media":200489,"comment_status":"closed","ping_status":"open","sticky":false,"template":"","format":"standard","meta":[],"categories":[1],"tags":[523],"acf":[],"yoast_head":"<!-- This site is optimized with the Yoast SEO plugin v19.2 - https:\/\/yoast.com\/wordpress\/plugins\/seo\/ -->\n<title>Mensagem do Ministro Geral dos Frades Menores para a P\u00e1scoa - Not\u00edcias - Franciscanos<\/title>\n<meta name=\"robots\" content=\"index, follow, max-snippet:-1, max-image-preview:large, max-video-preview:-1\" \/>\n<link rel=\"canonical\" href=\"https:\/\/franciscanos.org.br\/noticias\/mensagem-do-ministro-geral-dos-frades-menores-para-a-pascoa.html\" \/>\n<meta property=\"og:locale\" content=\"pt_BR\" \/>\n<meta property=\"og:type\" content=\"article\" \/>\n<meta property=\"og:title\" content=\"Mensagem do Ministro Geral dos Frades Menores para a P\u00e1scoa - Not\u00edcias - Franciscanos\" \/>\n<meta property=\"og:description\" content=\"Mensagem do Ministro Geral Frei Michael Perry\" \/>\n<meta property=\"og:url\" content=\"https:\/\/franciscanos.org.br\/noticias\/mensagem-do-ministro-geral-dos-frades-menores-para-a-pascoa.html\" \/>\n<meta property=\"og:site_name\" content=\"Not\u00edcias - Franciscanos\" \/>\n<meta property=\"article:published_time\" content=\"2014-04-15T10:13:55+00:00\" \/>\n<meta property=\"article:modified_time\" content=\"2020-02-06T16:01:41+00:00\" \/>\n<meta property=\"og:image\" content=\"https:\/\/franciscanos.org.br\/noticias\/wp-content\/uploads\/2014\/04\/pascoa_2202.jpg\" \/>\n\t<meta property=\"og:image:width\" content=\"273\" \/>\n\t<meta property=\"og:image:height\" content=\"181\" \/>\n\t<meta property=\"og:image:type\" content=\"image\/jpeg\" \/>\n<meta name=\"author\" content=\"admin\" \/>\n<meta name=\"twitter:card\" content=\"summary_large_image\" \/>\n<meta name=\"twitter:label1\" content=\"Escrito por\" \/>\n\t<meta name=\"twitter:data1\" content=\"admin\" \/>\n\t<meta name=\"twitter:label2\" content=\"Est. tempo de leitura\" \/>\n\t<meta name=\"twitter:data2\" content=\"10 minutos\" \/>\n<script type=\"application\/ld+json\" class=\"yoast-schema-graph\">{\"@context\":\"https:\/\/schema.org\",\"@graph\":[{\"@type\":\"WebSite\",\"@id\":\"https:\/\/franciscanos.org.br\/noticias\/#website\",\"url\":\"https:\/\/franciscanos.org.br\/noticias\/\",\"name\":\"Not\u00edcias - Franciscanos\",\"description\":\"Prov\u00edncia Franciscana da Imaculada Concei\u00e7\u00e3o do Brasil - Ordem dos Frades Menores - OFM\",\"potentialAction\":[{\"@type\":\"SearchAction\",\"target\":{\"@type\":\"EntryPoint\",\"urlTemplate\":\"https:\/\/franciscanos.org.br\/noticias\/?s={search_term_string}\"},\"query-input\":\"required name=search_term_string\"}],\"inLanguage\":\"pt-BR\"},{\"@type\":\"ImageObject\",\"inLanguage\":\"pt-BR\",\"@id\":\"https:\/\/franciscanos.org.br\/noticias\/mensagem-do-ministro-geral-dos-frades-menores-para-a-pascoa.html#primaryimage\",\"url\":\"https:\/\/franciscanos.org.br\/noticias\/wp-content\/uploads\/2014\/04\/pascoa_2202.jpg\",\"contentUrl\":\"https:\/\/franciscanos.org.br\/noticias\/wp-content\/uploads\/2014\/04\/pascoa_2202.jpg\",\"width\":273,\"height\":181},{\"@type\":\"WebPage\",\"@id\":\"https:\/\/franciscanos.org.br\/noticias\/mensagem-do-ministro-geral-dos-frades-menores-para-a-pascoa.html#webpage\",\"url\":\"https:\/\/franciscanos.org.br\/noticias\/mensagem-do-ministro-geral-dos-frades-menores-para-a-pascoa.html\",\"name\":\"Mensagem do Ministro Geral dos Frades Menores para a P\u00e1scoa - Not\u00edcias - Franciscanos\",\"isPartOf\":{\"@id\":\"https:\/\/franciscanos.org.br\/noticias\/#website\"},\"primaryImageOfPage\":{\"@id\":\"https:\/\/franciscanos.org.br\/noticias\/mensagem-do-ministro-geral-dos-frades-menores-para-a-pascoa.html#primaryimage\"},\"datePublished\":\"2014-04-15T10:13:55+00:00\",\"dateModified\":\"2020-02-06T16:01:41+00:00\",\"author\":{\"@id\":\"https:\/\/franciscanos.org.br\/noticias\/#\/schema\/person\/b38fbf43118f02820bd932f2e4b14ad3\"},\"breadcrumb\":{\"@id\":\"https:\/\/franciscanos.org.br\/noticias\/mensagem-do-ministro-geral-dos-frades-menores-para-a-pascoa.html#breadcrumb\"},\"inLanguage\":\"pt-BR\",\"potentialAction\":[{\"@type\":\"ReadAction\",\"target\":[\"https:\/\/franciscanos.org.br\/noticias\/mensagem-do-ministro-geral-dos-frades-menores-para-a-pascoa.html\"]}]},{\"@type\":\"BreadcrumbList\",\"@id\":\"https:\/\/franciscanos.org.br\/noticias\/mensagem-do-ministro-geral-dos-frades-menores-para-a-pascoa.html#breadcrumb\",\"itemListElement\":[{\"@type\":\"ListItem\",\"position\":1,\"name\":\"Home\",\"item\":\"https:\/\/franciscanos.org.br\/noticias\"},{\"@type\":\"ListItem\",\"position\":2,\"name\":\"Mensagem do Ministro Geral dos Frades Menores para a P\u00e1scoa\"}]},{\"@type\":\"Person\",\"@id\":\"https:\/\/franciscanos.org.br\/noticias\/#\/schema\/person\/b38fbf43118f02820bd932f2e4b14ad3\",\"name\":\"admin\",\"image\":{\"@type\":\"ImageObject\",\"inLanguage\":\"pt-BR\",\"@id\":\"https:\/\/franciscanos.org.br\/noticias\/#\/schema\/person\/image\/\",\"url\":\"https:\/\/secure.gravatar.com\/avatar\/e8495742d34d0ba6448ea1c628263b3e?s=96&d=mm&r=g\",\"contentUrl\":\"https:\/\/secure.gravatar.com\/avatar\/e8495742d34d0ba6448ea1c628263b3e?s=96&d=mm&r=g\",\"caption\":\"admin\"},\"url\":\"https:\/\/franciscanos.org.br\/noticias\/author\/admin\"}]}<\/script>\n<!-- \/ Yoast SEO plugin. -->","yoast_head_json":{"title":"Mensagem do Ministro Geral dos Frades Menores para a P\u00e1scoa - Not\u00edcias - Franciscanos","robots":{"index":"index","follow":"follow","max-snippet":"max-snippet:-1","max-image-preview":"max-image-preview:large","max-video-preview":"max-video-preview:-1"},"canonical":"https:\/\/franciscanos.org.br\/noticias\/mensagem-do-ministro-geral-dos-frades-menores-para-a-pascoa.html","og_locale":"pt_BR","og_type":"article","og_title":"Mensagem do Ministro Geral dos Frades Menores para a P\u00e1scoa - Not\u00edcias - Franciscanos","og_description":"Mensagem do Ministro Geral Frei Michael Perry","og_url":"https:\/\/franciscanos.org.br\/noticias\/mensagem-do-ministro-geral-dos-frades-menores-para-a-pascoa.html","og_site_name":"Not\u00edcias - Franciscanos","article_published_time":"2014-04-15T10:13:55+00:00","article_modified_time":"2020-02-06T16:01:41+00:00","og_image":[{"width":273,"height":181,"url":"https:\/\/franciscanos.org.br\/noticias\/wp-content\/uploads\/2014\/04\/pascoa_2202.jpg","type":"image\/jpeg"}],"author":"admin","twitter_card":"summary_large_image","twitter_misc":{"Escrito por":"admin","Est. tempo de leitura":"10 minutos"},"schema":{"@context":"https:\/\/schema.org","@graph":[{"@type":"WebSite","@id":"https:\/\/franciscanos.org.br\/noticias\/#website","url":"https:\/\/franciscanos.org.br\/noticias\/","name":"Not\u00edcias - Franciscanos","description":"Prov\u00edncia Franciscana da Imaculada Concei\u00e7\u00e3o do Brasil - Ordem dos Frades Menores - OFM","potentialAction":[{"@type":"SearchAction","target":{"@type":"EntryPoint","urlTemplate":"https:\/\/franciscanos.org.br\/noticias\/?s={search_term_string}"},"query-input":"required name=search_term_string"}],"inLanguage":"pt-BR"},{"@type":"ImageObject","inLanguage":"pt-BR","@id":"https:\/\/franciscanos.org.br\/noticias\/mensagem-do-ministro-geral-dos-frades-menores-para-a-pascoa.html#primaryimage","url":"https:\/\/franciscanos.org.br\/noticias\/wp-content\/uploads\/2014\/04\/pascoa_2202.jpg","contentUrl":"https:\/\/franciscanos.org.br\/noticias\/wp-content\/uploads\/2014\/04\/pascoa_2202.jpg","width":273,"height":181},{"@type":"WebPage","@id":"https:\/\/franciscanos.org.br\/noticias\/mensagem-do-ministro-geral-dos-frades-menores-para-a-pascoa.html#webpage","url":"https:\/\/franciscanos.org.br\/noticias\/mensagem-do-ministro-geral-dos-frades-menores-para-a-pascoa.html","name":"Mensagem do Ministro Geral dos Frades Menores para a P\u00e1scoa - Not\u00edcias - Franciscanos","isPartOf":{"@id":"https:\/\/franciscanos.org.br\/noticias\/#website"},"primaryImageOfPage":{"@id":"https:\/\/franciscanos.org.br\/noticias\/mensagem-do-ministro-geral-dos-frades-menores-para-a-pascoa.html#primaryimage"},"datePublished":"2014-04-15T10:13:55+00:00","dateModified":"2020-02-06T16:01:41+00:00","author":{"@id":"https:\/\/franciscanos.org.br\/noticias\/#\/schema\/person\/b38fbf43118f02820bd932f2e4b14ad3"},"breadcrumb":{"@id":"https:\/\/franciscanos.org.br\/noticias\/mensagem-do-ministro-geral-dos-frades-menores-para-a-pascoa.html#breadcrumb"},"inLanguage":"pt-BR","potentialAction":[{"@type":"ReadAction","target":["https:\/\/franciscanos.org.br\/noticias\/mensagem-do-ministro-geral-dos-frades-menores-para-a-pascoa.html"]}]},{"@type":"BreadcrumbList","@id":"https:\/\/franciscanos.org.br\/noticias\/mensagem-do-ministro-geral-dos-frades-menores-para-a-pascoa.html#breadcrumb","itemListElement":[{"@type":"ListItem","position":1,"name":"Home","item":"https:\/\/franciscanos.org.br\/noticias"},{"@type":"ListItem","position":2,"name":"Mensagem do Ministro Geral dos Frades Menores para a P\u00e1scoa"}]},{"@type":"Person","@id":"https:\/\/franciscanos.org.br\/noticias\/#\/schema\/person\/b38fbf43118f02820bd932f2e4b14ad3","name":"admin","image":{"@type":"ImageObject","inLanguage":"pt-BR","@id":"https:\/\/franciscanos.org.br\/noticias\/#\/schema\/person\/image\/","url":"https:\/\/secure.gravatar.com\/avatar\/e8495742d34d0ba6448ea1c628263b3e?s=96&d=mm&r=g","contentUrl":"https:\/\/secure.gravatar.com\/avatar\/e8495742d34d0ba6448ea1c628263b3e?s=96&d=mm&r=g","caption":"admin"},"url":"https:\/\/franciscanos.org.br\/noticias\/author\/admin"}]}},"_links":{"self":[{"href":"https:\/\/franciscanos.org.br\/noticias\/wp-json\/wp\/v2\/posts\/57453"}],"collection":[{"href":"https:\/\/franciscanos.org.br\/noticias\/wp-json\/wp\/v2\/posts"}],"about":[{"href":"https:\/\/franciscanos.org.br\/noticias\/wp-json\/wp\/v2\/types\/post"}],"author":[{"embeddable":true,"href":"https:\/\/franciscanos.org.br\/noticias\/wp-json\/wp\/v2\/users\/1"}],"replies":[{"embeddable":true,"href":"https:\/\/franciscanos.org.br\/noticias\/wp-json\/wp\/v2\/comments?post=57453"}],"version-history":[{"count":0,"href":"https:\/\/franciscanos.org.br\/noticias\/wp-json\/wp\/v2\/posts\/57453\/revisions"}],"wp:featuredmedia":[{"embeddable":true,"href":"https:\/\/franciscanos.org.br\/noticias\/wp-json\/wp\/v2\/media\/200489"}],"wp:attachment":[{"href":"https:\/\/franciscanos.org.br\/noticias\/wp-json\/wp\/v2\/media?parent=57453"}],"wp:term":[{"taxonomy":"category","embeddable":true,"href":"https:\/\/franciscanos.org.br\/noticias\/wp-json\/wp\/v2\/categories?post=57453"},{"taxonomy":"post_tag","embeddable":true,"href":"https:\/\/franciscanos.org.br\/noticias\/wp-json\/wp\/v2\/tags?post=57453"}],"curies":[{"name":"wp","href":"https:\/\/api.w.org\/{rel}","templated":true}]}}