{"id":57416,"date":"2014-04-21T06:31:20","date_gmt":"2014-04-21T09:31:20","guid":{"rendered":"http:\/\/new.franciscanos.org.br\/?p=57416"},"modified":"2020-11-11T11:24:47","modified_gmt":"2020-11-11T14:24:47","slug":"jovens-encenam-a-paixao-do-senhor","status":"publish","type":"post","link":"https:\/\/franciscanos.org.br\/noticias\/jovens-encenam-a-paixao-do-senhor.html","title":{"rendered":"Jovens encenam a Paix\u00e3o do Senhor no Largo S\u00e3o Francisco"},"content":{"rendered":"<p><img loading=\"lazy\" src=\"http:\/\/franciscanos.org.br\/wp-content\/uploads\/2014\/04\/alto.jpg\" alt=\"alto\" width=\"820\" height=\"444\" \/><\/p>\n<p>A Par\u00f3quia e Santu\u00e1rio S\u00e3o Francisco de Assis, no Largo S\u00e3o Francisco, em S\u00e3o Paulo, lotou para ver a encena\u00e7\u00e3o da a 4\u00aa Via-Sacra Franciscana, que teve como atores a Juventude Franciscana da Fraternidade das Chagas e os jovens vocacionados \u00e0 vida franciscana.<\/p>\n<p>Em esp\u00edrito de ora\u00e7\u00e3o e devo\u00e7\u00e3o, fi\u00e9is vieram celebrar a Paix\u00e3o de Nosso Senhor Jesus Cristo, na Sexta-Feira Santa (18 de abril). A celebra\u00e7\u00e3o da Paix\u00e3o foi presidida pelo Cardeal Dom Cl\u00e1udio Hummes e concelebrada pelos frades do Convento. O Cardeal, em sua partilha da Palavra com os fi\u00e9is, destacou os \u00faltimos momentos da vida de Jesus, seu sofrimento, dor e morte.<\/p>\n<p>Logo ap\u00f3s a celebra\u00e7\u00e3o, deu-se in\u00edcio a Via-Sacra. Cada esta\u00e7\u00e3o era intercalada com cantos, reflex\u00f5es e encena\u00e7\u00f5es do caminho doloroso de Jesus. Frei Alvaci Mendes da Luz nos ajudou a refletir em cada passo do calv\u00e1rio de Jesus. Destacava pontos fortes e marcantes que nos levaram a uma profunda reflex\u00e3o interior. Nas esta\u00e7\u00f5es em que se reviveram as quedas de Jesus foram abordados alguns pontos da Campanha da Fraternidade deste ano: \u201cFraternidade e o tr\u00e1fico humano\u201d.<\/p>\n<p>Os jovens, por sua vez, reviveram com emo\u00e7\u00e3o cada momento. Os fi\u00e9is tamb\u00e9m foram protagonistas participando com devo\u00e7\u00e3o dos cantos e refr\u00f5es que eram entoados durante os momentos da encena\u00e7\u00e3o. Um dos pontos mais emocionantes foi a 13\u00aa esta\u00e7\u00e3o, em que a M\u00e3e Maria acolhe nos bra\u00e7os o seu filho Jesus, morto e desfigurado.<\/p>\n<p>Na execu\u00e7\u00e3o dos momentos de ora\u00e7\u00e3o e cantos, tamb\u00e9m ajudaram Frei Alexandre Rohling e Frei Odorico Decker com sua famosa gaita.<\/p>\n<p>A Via-Sacra terminou com a adora\u00e7\u00e3o do Senhor Morto, trazida pelos irm\u00e3os da Ordem Franciscana Secular. Certamente, foram momentos intensos de emo\u00e7\u00e3o e ora\u00e7\u00e3o, que levaram todos os fi\u00e9is presentes a percorrerem com Jesus este caminho doloroso e vivenciar melhor os mist\u00e9rios da nossa f\u00e9.<\/p>\n<p><i>\u201cMaior amor n\u00e3o h\u00e1 que se entregar. Maior amor n\u00e3o h\u00e1 e a vida doar. Maior amor n\u00e3o h\u00e1 que a VIDA doar.\u201d<\/i><i><\/i><\/p>\n","protected":false},"excerpt":{"rendered":"<p>Jufra<\/p>\n","protected":false},"author":1,"featured_media":218789,"comment_status":"closed","ping_status":"open","sticky":false,"template":"","format":"standard","meta":[],"categories":[1],"tags":[],"acf":[],"yoast_head":"<!-- This site is optimized with the Yoast SEO plugin v19.2 - https:\/\/yoast.com\/wordpress\/plugins\/seo\/ -->\n<title>Jovens encenam a Paix\u00e3o do Senhor no Largo S\u00e3o Francisco - Not\u00edcias - Franciscanos<\/title>\n<meta name=\"robots\" content=\"index, follow, max-snippet:-1, max-image-preview:large, max-video-preview:-1\" \/>\n<link rel=\"canonical\" href=\"https:\/\/franciscanos.org.br\/noticias\/jovens-encenam-a-paixao-do-senhor.html\" \/>\n<meta property=\"og:locale\" content=\"pt_BR\" \/>\n<meta property=\"og:type\" content=\"article\" \/>\n<meta property=\"og:title\" content=\"Jovens encenam a Paix\u00e3o do Senhor no Largo S\u00e3o Francisco - Not\u00edcias - Franciscanos\" \/>\n<meta property=\"og:description\" content=\"Jufra\" \/>\n<meta property=\"og:url\" content=\"https:\/\/franciscanos.org.br\/noticias\/jovens-encenam-a-paixao-do-senhor.html\" \/>\n<meta property=\"og:site_name\" content=\"Not\u00edcias - Franciscanos\" \/>\n<meta property=\"article:published_time\" content=\"2014-04-21T09:31:20+00:00\" \/>\n<meta property=\"article:modified_time\" content=\"2020-11-11T14:24:47+00:00\" \/>\n<meta property=\"og:image\" content=\"https:\/\/franciscanos.org.br\/noticias\/wp-content\/uploads\/2014\/04\/alto.jpg\" \/>\n\t<meta property=\"og:image:width\" content=\"273\" \/>\n\t<meta property=\"og:image:height\" content=\"181\" \/>\n\t<meta property=\"og:image:type\" content=\"image\/jpeg\" \/>\n<meta name=\"author\" content=\"admin\" \/>\n<meta name=\"twitter:card\" content=\"summary_large_image\" \/>\n<meta name=\"twitter:label1\" content=\"Escrito por\" \/>\n\t<meta name=\"twitter:data1\" content=\"admin\" \/>\n\t<meta name=\"twitter:label2\" content=\"Est. tempo de leitura\" \/>\n\t<meta name=\"twitter:data2\" content=\"2 minutos\" \/>\n<script type=\"application\/ld+json\" class=\"yoast-schema-graph\">{\"@context\":\"https:\/\/schema.org\",\"@graph\":[{\"@type\":\"WebSite\",\"@id\":\"https:\/\/franciscanos.org.br\/noticias\/#website\",\"url\":\"https:\/\/franciscanos.org.br\/noticias\/\",\"name\":\"Not\u00edcias - Franciscanos\",\"description\":\"Prov\u00edncia Franciscana da Imaculada Concei\u00e7\u00e3o do Brasil - Ordem dos Frades Menores - OFM\",\"potentialAction\":[{\"@type\":\"SearchAction\",\"target\":{\"@type\":\"EntryPoint\",\"urlTemplate\":\"https:\/\/franciscanos.org.br\/noticias\/?s={search_term_string}\"},\"query-input\":\"required name=search_term_string\"}],\"inLanguage\":\"pt-BR\"},{\"@type\":\"ImageObject\",\"inLanguage\":\"pt-BR\",\"@id\":\"https:\/\/franciscanos.org.br\/noticias\/jovens-encenam-a-paixao-do-senhor.html#primaryimage\",\"url\":\"https:\/\/franciscanos.org.br\/noticias\/wp-content\/uploads\/2014\/04\/alto.jpg\",\"contentUrl\":\"https:\/\/franciscanos.org.br\/noticias\/wp-content\/uploads\/2014\/04\/alto.jpg\",\"width\":273,\"height\":181},{\"@type\":\"WebPage\",\"@id\":\"https:\/\/franciscanos.org.br\/noticias\/jovens-encenam-a-paixao-do-senhor.html#webpage\",\"url\":\"https:\/\/franciscanos.org.br\/noticias\/jovens-encenam-a-paixao-do-senhor.html\",\"name\":\"Jovens encenam a Paix\u00e3o do Senhor no Largo S\u00e3o Francisco - Not\u00edcias - Franciscanos\",\"isPartOf\":{\"@id\":\"https:\/\/franciscanos.org.br\/noticias\/#website\"},\"primaryImageOfPage\":{\"@id\":\"https:\/\/franciscanos.org.br\/noticias\/jovens-encenam-a-paixao-do-senhor.html#primaryimage\"},\"datePublished\":\"2014-04-21T09:31:20+00:00\",\"dateModified\":\"2020-11-11T14:24:47+00:00\",\"author\":{\"@id\":\"https:\/\/franciscanos.org.br\/noticias\/#\/schema\/person\/b38fbf43118f02820bd932f2e4b14ad3\"},\"breadcrumb\":{\"@id\":\"https:\/\/franciscanos.org.br\/noticias\/jovens-encenam-a-paixao-do-senhor.html#breadcrumb\"},\"inLanguage\":\"pt-BR\",\"potentialAction\":[{\"@type\":\"ReadAction\",\"target\":[\"https:\/\/franciscanos.org.br\/noticias\/jovens-encenam-a-paixao-do-senhor.html\"]}]},{\"@type\":\"BreadcrumbList\",\"@id\":\"https:\/\/franciscanos.org.br\/noticias\/jovens-encenam-a-paixao-do-senhor.html#breadcrumb\",\"itemListElement\":[{\"@type\":\"ListItem\",\"position\":1,\"name\":\"Home\",\"item\":\"https:\/\/franciscanos.org.br\/noticias\"},{\"@type\":\"ListItem\",\"position\":2,\"name\":\"Jovens encenam a Paix\u00e3o do Senhor no Largo S\u00e3o Francisco\"}]},{\"@type\":\"Person\",\"@id\":\"https:\/\/franciscanos.org.br\/noticias\/#\/schema\/person\/b38fbf43118f02820bd932f2e4b14ad3\",\"name\":\"admin\",\"image\":{\"@type\":\"ImageObject\",\"inLanguage\":\"pt-BR\",\"@id\":\"https:\/\/franciscanos.org.br\/noticias\/#\/schema\/person\/image\/\",\"url\":\"https:\/\/secure.gravatar.com\/avatar\/e8495742d34d0ba6448ea1c628263b3e?s=96&d=mm&r=g\",\"contentUrl\":\"https:\/\/secure.gravatar.com\/avatar\/e8495742d34d0ba6448ea1c628263b3e?s=96&d=mm&r=g\",\"caption\":\"admin\"},\"url\":\"https:\/\/franciscanos.org.br\/noticias\/author\/admin\"}]}<\/script>\n<!-- \/ Yoast SEO plugin. -->","yoast_head_json":{"title":"Jovens encenam a Paix\u00e3o do Senhor no Largo S\u00e3o Francisco - Not\u00edcias - Franciscanos","robots":{"index":"index","follow":"follow","max-snippet":"max-snippet:-1","max-image-preview":"max-image-preview:large","max-video-preview":"max-video-preview:-1"},"canonical":"https:\/\/franciscanos.org.br\/noticias\/jovens-encenam-a-paixao-do-senhor.html","og_locale":"pt_BR","og_type":"article","og_title":"Jovens encenam a Paix\u00e3o do Senhor no Largo S\u00e3o Francisco - Not\u00edcias - Franciscanos","og_description":"Jufra","og_url":"https:\/\/franciscanos.org.br\/noticias\/jovens-encenam-a-paixao-do-senhor.html","og_site_name":"Not\u00edcias - Franciscanos","article_published_time":"2014-04-21T09:31:20+00:00","article_modified_time":"2020-11-11T14:24:47+00:00","og_image":[{"width":273,"height":181,"url":"https:\/\/franciscanos.org.br\/noticias\/wp-content\/uploads\/2014\/04\/alto.jpg","type":"image\/jpeg"}],"author":"admin","twitter_card":"summary_large_image","twitter_misc":{"Escrito por":"admin","Est. tempo de leitura":"2 minutos"},"schema":{"@context":"https:\/\/schema.org","@graph":[{"@type":"WebSite","@id":"https:\/\/franciscanos.org.br\/noticias\/#website","url":"https:\/\/franciscanos.org.br\/noticias\/","name":"Not\u00edcias - Franciscanos","description":"Prov\u00edncia Franciscana da Imaculada Concei\u00e7\u00e3o do Brasil - Ordem dos Frades Menores - OFM","potentialAction":[{"@type":"SearchAction","target":{"@type":"EntryPoint","urlTemplate":"https:\/\/franciscanos.org.br\/noticias\/?s={search_term_string}"},"query-input":"required name=search_term_string"}],"inLanguage":"pt-BR"},{"@type":"ImageObject","inLanguage":"pt-BR","@id":"https:\/\/franciscanos.org.br\/noticias\/jovens-encenam-a-paixao-do-senhor.html#primaryimage","url":"https:\/\/franciscanos.org.br\/noticias\/wp-content\/uploads\/2014\/04\/alto.jpg","contentUrl":"https:\/\/franciscanos.org.br\/noticias\/wp-content\/uploads\/2014\/04\/alto.jpg","width":273,"height":181},{"@type":"WebPage","@id":"https:\/\/franciscanos.org.br\/noticias\/jovens-encenam-a-paixao-do-senhor.html#webpage","url":"https:\/\/franciscanos.org.br\/noticias\/jovens-encenam-a-paixao-do-senhor.html","name":"Jovens encenam a Paix\u00e3o do Senhor no Largo S\u00e3o Francisco - Not\u00edcias - Franciscanos","isPartOf":{"@id":"https:\/\/franciscanos.org.br\/noticias\/#website"},"primaryImageOfPage":{"@id":"https:\/\/franciscanos.org.br\/noticias\/jovens-encenam-a-paixao-do-senhor.html#primaryimage"},"datePublished":"2014-04-21T09:31:20+00:00","dateModified":"2020-11-11T14:24:47+00:00","author":{"@id":"https:\/\/franciscanos.org.br\/noticias\/#\/schema\/person\/b38fbf43118f02820bd932f2e4b14ad3"},"breadcrumb":{"@id":"https:\/\/franciscanos.org.br\/noticias\/jovens-encenam-a-paixao-do-senhor.html#breadcrumb"},"inLanguage":"pt-BR","potentialAction":[{"@type":"ReadAction","target":["https:\/\/franciscanos.org.br\/noticias\/jovens-encenam-a-paixao-do-senhor.html"]}]},{"@type":"BreadcrumbList","@id":"https:\/\/franciscanos.org.br\/noticias\/jovens-encenam-a-paixao-do-senhor.html#breadcrumb","itemListElement":[{"@type":"ListItem","position":1,"name":"Home","item":"https:\/\/franciscanos.org.br\/noticias"},{"@type":"ListItem","position":2,"name":"Jovens encenam a Paix\u00e3o do Senhor no Largo S\u00e3o Francisco"}]},{"@type":"Person","@id":"https:\/\/franciscanos.org.br\/noticias\/#\/schema\/person\/b38fbf43118f02820bd932f2e4b14ad3","name":"admin","image":{"@type":"ImageObject","inLanguage":"pt-BR","@id":"https:\/\/franciscanos.org.br\/noticias\/#\/schema\/person\/image\/","url":"https:\/\/secure.gravatar.com\/avatar\/e8495742d34d0ba6448ea1c628263b3e?s=96&d=mm&r=g","contentUrl":"https:\/\/secure.gravatar.com\/avatar\/e8495742d34d0ba6448ea1c628263b3e?s=96&d=mm&r=g","caption":"admin"},"url":"https:\/\/franciscanos.org.br\/noticias\/author\/admin"}]}},"_links":{"self":[{"href":"https:\/\/franciscanos.org.br\/noticias\/wp-json\/wp\/v2\/posts\/57416"}],"collection":[{"href":"https:\/\/franciscanos.org.br\/noticias\/wp-json\/wp\/v2\/posts"}],"about":[{"href":"https:\/\/franciscanos.org.br\/noticias\/wp-json\/wp\/v2\/types\/post"}],"author":[{"embeddable":true,"href":"https:\/\/franciscanos.org.br\/noticias\/wp-json\/wp\/v2\/users\/1"}],"replies":[{"embeddable":true,"href":"https:\/\/franciscanos.org.br\/noticias\/wp-json\/wp\/v2\/comments?post=57416"}],"version-history":[{"count":1,"href":"https:\/\/franciscanos.org.br\/noticias\/wp-json\/wp\/v2\/posts\/57416\/revisions"}],"predecessor-version":[{"id":229312,"href":"https:\/\/franciscanos.org.br\/noticias\/wp-json\/wp\/v2\/posts\/57416\/revisions\/229312"}],"wp:featuredmedia":[{"embeddable":true,"href":"https:\/\/franciscanos.org.br\/noticias\/wp-json\/wp\/v2\/media\/218789"}],"wp:attachment":[{"href":"https:\/\/franciscanos.org.br\/noticias\/wp-json\/wp\/v2\/media?parent=57416"}],"wp:term":[{"taxonomy":"category","embeddable":true,"href":"https:\/\/franciscanos.org.br\/noticias\/wp-json\/wp\/v2\/categories?post=57416"},{"taxonomy":"post_tag","embeddable":true,"href":"https:\/\/franciscanos.org.br\/noticias\/wp-json\/wp\/v2\/tags?post=57416"}],"curies":[{"name":"wp","href":"https:\/\/api.w.org\/{rel}","templated":true}]}}