{"id":57409,"date":"2014-04-20T09:03:02","date_gmt":"2014-04-20T12:03:02","guid":{"rendered":"http:\/\/new.franciscanos.org.br\/?p=57409"},"modified":"2020-06-10T18:37:49","modified_gmt":"2020-06-10T21:37:49","slug":"mensagem-do-papa-francisco-para-a-pascoa","status":"publish","type":"post","link":"https:\/\/franciscanos.org.br\/noticias\/mensagem-do-papa-francisco-para-a-pascoa.html","title":{"rendered":"Mensagem do Papa Francisco para a P\u00e1scoa"},"content":{"rendered":"<p><a href=\"http:\/\/franciscanos.org.br\/wp-content\/uploads\/2014\/04\/pascoa.jpg\"><img loading=\"lazy\" class=\"alignright size-full wp-image-57410\" src=\"http:\/\/franciscanos.org.br\/wp-content\/uploads\/2014\/04\/pascoa.jpg\" alt=\"pascoa\" width=\"324\" height=\"300\" \/><\/a>O Papa Francisco, dirigindo <em>Urbi et Orbi<\/em> (\u00e0 Cidade de Roma e ao mundo inteiro), da varanda central da bas\u00edlica de S\u00e3o Pedro, deixou a sua mensagem pascal, em que tomou como ponto de partida o an\u00fancio do anjo \u00e0s mulheres perante o sepulcro aberto: \u201cRessuscitou! Vinde e vede!\u201d<\/p>\n<p><strong>\u00a0\u00abChristus surrexit, venite et videte\u00bb.<\/strong><\/p>\n<p>Amados irm\u00e3os e irm\u00e3s, boa P\u00e1scoa!<\/p>\n<p>Ressoa na Igreja espalhada por todo o mundo o an\u00fancio do anjo \u00e0s mulheres: \u00abN\u00e3o tenhais medo. Sei que buscais Jesus, o crucificado; n\u00e3o est\u00e1 aqui, pois ressuscitou (\u2026). Vinde, vede o lugar onde jazia\u00bb (Mt 28,5-6).<\/p>\n<p>Este \u00e9 o ponto culminante do Evangelho, \u00e9 a Boa Nova por excel\u00eancia: Jesus, o crucificado, ressuscitou!Este acontecimento est\u00e1 na base da nossa f\u00e9 e da nossa esperan\u00e7a: se Cristo n\u00e3o tivesse ressuscitado, o cristianismo perderia o seu valor; toda a miss\u00e3o da Igreja via esgotar-se o seu \u00edmpeto, porque dali partiu e sempre parte de novo. A mensagem que os crist\u00e3os levam ao mundo \u00e9 esta: Jesus, o Amor encarnado, morreu na cruz pelos nossos pecados, mas Deus Pai ressuscitou-O e f\u00ea-Lo Senhor da vida e da morte. Em Jesus, o Amor triunfou sobre o \u00f3dio, a miseric\u00f3rdia sobre o pecado, o bem sobre o mal, a verdade sobre a mentira, a vida sobre a morte.<\/p>\n<p>Por isso, n\u00f3s dizemos a todos: \u00abVinde e vede\u00bb. Em cada situa\u00e7\u00e3o humana, marcada pela fragilidade, o pecado e a morte, a Boa Nova n\u00e3o \u00e9 apenas uma palavra, mas \u00e9 um testemunho de amor gratuito e fiel:\u00e9 sair de si mesmo para ir ao encontro do outro, \u00e9 permanecer junto de quem a vida feriu, \u00e9 partilhar com quem n\u00e3o tem o necess\u00e1rio, \u00e9 ficar ao lado de quem est\u00e1 doente,\u00e9 idoso ou exclu\u00eddo\u2026 \u00abVinde e vede\u00bb: o Amor \u00e9 mais forte, o Amor d\u00e1 vida, o Amor faz florescera esperan\u00e7a no deserto.<\/p>\n<p>Com esta jubilosa certeza no cora\u00e7\u00e3o, hoje voltamo-nos para V\u00f3s, Senhor ressuscitado!<\/p>\n<p>Ajudai-nos a procurar-Vos para que todos possamos encontrar-Vos, saber que temos um Pai e n\u00e3o nos sentimos \u00f3rf\u00e3os; que podemos amar-Vos e adorar-Vos.<\/p>\n<p>Ajudai-nos a vencer a chaga da fome, agravada pelos conflitos e por um desperd\u00edcio imenso de que muitas vezes somos c\u00famplices.<\/p>\n<p>Tornai-nos capazes de proteger os indefesos??, sobretudo as crian\u00e7as, as mulheres e os idosos, por vezes objeto de explora\u00e7\u00e3o e de abandono.<\/p>\n<p>Fazei que possamos cuidar dos irm\u00e3os atingidos pela epidemia de \u00e9bola na Guin\u00e9 Conacri, Serra Leoa e Lib\u00e9ria, e daqueles que s\u00e3o afetados por tantas outras doen\u00e7as, que se difundem tamb\u00e9m pela neglig\u00eancia e a pobreza extrema.<\/p>\n<p>Consolai quantos hoje n\u00e3o podem celebrar a P\u00e1scoa com os seus entes queridos porque foram arrancados injustamente dos seus carinhos, como as numerosas pessoas, sacerdotes e leigos, que foram sequestradas em diferentes partes do mundo.<\/p>\n<p>Confortai aqueles que deixaram as suas terras e migrando para lugares onde possam esperar um futuro melhor, viver a pr\u00f3pria vida com dignidade e, n\u00e3o raro, professar livremente a sua f\u00e9.<\/p>\n<p>Pedimo-Vos, Jesus glorioso, que fa\u00e7ais cessar toda a guerra, toda a hostilidade grande ou pequena, antiga ou recente!<\/p>\n<p>Suplicamo-Vos, em particular, pela S\u00edria, para que quantos sofrem as consequ\u00eancias do conflito possam receber a ajuda humanit\u00e1ria necess\u00e1ria e as partes em causa cessem de usar a for\u00e7a para semear morte, sobretudo contra a popula\u00e7\u00e3o inerme, mas tenham a aud\u00e1cia de negociar a paz, h\u00e1 tanto tempo esperada.<\/p>\n<p>Pedimo-Vos que conforteis as v\u00edtimas das viol\u00eancias fratricidas no Iraque e sustenteis as esperan\u00e7as suscitadas pela retomada das negocia\u00e7\u00f5es entre israelitas e palestinianos.<\/p>\n<p>Imploramo-Vos que se ponha fim aos combates na Rep\u00fablica Centro-Africana e que cessem os hediondos ataques terroristas em algumas zonas da Nig\u00e9ria e as viol\u00eancias no Sud\u00e3o do Sul.<\/p>\n<p>Pedimos-Vos que os \u00e2nimos se inclinem para a reconcilia\u00e7\u00e3o e a conc\u00f3rdia fraterna na Venezuela.<\/p>\n<p>Pela vossa Ressurrei\u00e7\u00e3o, que este ano celebramos juntamente com as Igrejas que seguem o calend\u00e1rio juliano, vos pedimos que ilumine e inspire as iniciativas de pacifica\u00e7\u00e3o na Ucr\u00e2nia, para que todas as partes interessadas, apoiadas pela Comunidade internacional, possam empreender todo esfor\u00e7o para impedir a viol\u00eancia e construir, num esp\u00edrito de unidade e di\u00e1logo, o futuro do Pa\u00eds.<\/p>\n<p>Pedimo-Vos, Senhor, por todos os povos da terra:V\u00f3s que vencestes a morte, dai-nos a vossa vida, dai-nos a vossa paz!<br \/>\n<em>Mensagem de P\u00e1scoa e B\u00ean\u00e7\u00e3o Urbi et Orbi<\/em><br \/>\n<em>Papa Francisco no Balc\u00e3o Central da Bas\u00edlica de S\u00e3o Pedro<\/em><br \/>\n<em>Domingo, 20 de abril de 2014<\/em><\/p>\n<hr \/>\n<p><em>Fonte: R\u00e1dio Vaticano<\/em><\/p>\n","protected":false},"excerpt":{"rendered":"<p>Urbi et Orbi<\/p>\n","protected":false},"author":1,"featured_media":210777,"comment_status":"closed","ping_status":"open","sticky":false,"template":"","format":"standard","meta":[],"categories":[1428],"tags":[1544],"acf":[],"yoast_head":"<!-- This site is optimized with the Yoast SEO plugin v19.2 - https:\/\/yoast.com\/wordpress\/plugins\/seo\/ -->\n<title>Mensagem do Papa Francisco para a P\u00e1scoa - Not\u00edcias - Franciscanos<\/title>\n<meta name=\"robots\" content=\"index, follow, max-snippet:-1, max-image-preview:large, max-video-preview:-1\" \/>\n<link rel=\"canonical\" href=\"https:\/\/franciscanos.org.br\/noticias\/mensagem-do-papa-francisco-para-a-pascoa.html\" \/>\n<meta property=\"og:locale\" content=\"pt_BR\" \/>\n<meta property=\"og:type\" content=\"article\" \/>\n<meta property=\"og:title\" content=\"Mensagem do Papa Francisco para a P\u00e1scoa - Not\u00edcias - Franciscanos\" \/>\n<meta property=\"og:description\" content=\"Urbi et Orbi\" \/>\n<meta property=\"og:url\" content=\"https:\/\/franciscanos.org.br\/noticias\/mensagem-do-papa-francisco-para-a-pascoa.html\" \/>\n<meta property=\"og:site_name\" content=\"Not\u00edcias - Franciscanos\" \/>\n<meta property=\"article:published_time\" content=\"2014-04-20T12:03:02+00:00\" \/>\n<meta property=\"article:modified_time\" content=\"2020-06-10T21:37:49+00:00\" \/>\n<meta property=\"og:image\" content=\"https:\/\/franciscanos.org.br\/noticias\/wp-content\/uploads\/2014\/04\/pascoa.jpg\" \/>\n\t<meta property=\"og:image:width\" content=\"273\" \/>\n\t<meta property=\"og:image:height\" content=\"180\" \/>\n\t<meta property=\"og:image:type\" content=\"image\/jpeg\" \/>\n<meta name=\"author\" content=\"admin\" \/>\n<meta name=\"twitter:card\" content=\"summary_large_image\" \/>\n<meta name=\"twitter:label1\" content=\"Escrito por\" \/>\n\t<meta name=\"twitter:data1\" content=\"admin\" \/>\n\t<meta name=\"twitter:label2\" content=\"Est. tempo de leitura\" \/>\n\t<meta name=\"twitter:data2\" content=\"4 minutos\" \/>\n<script type=\"application\/ld+json\" class=\"yoast-schema-graph\">{\"@context\":\"https:\/\/schema.org\",\"@graph\":[{\"@type\":\"WebSite\",\"@id\":\"https:\/\/franciscanos.org.br\/noticias\/#website\",\"url\":\"https:\/\/franciscanos.org.br\/noticias\/\",\"name\":\"Not\u00edcias - Franciscanos\",\"description\":\"Prov\u00edncia Franciscana da Imaculada Concei\u00e7\u00e3o do Brasil - Ordem dos Frades Menores - OFM\",\"potentialAction\":[{\"@type\":\"SearchAction\",\"target\":{\"@type\":\"EntryPoint\",\"urlTemplate\":\"https:\/\/franciscanos.org.br\/noticias\/?s={search_term_string}\"},\"query-input\":\"required name=search_term_string\"}],\"inLanguage\":\"pt-BR\"},{\"@type\":\"ImageObject\",\"inLanguage\":\"pt-BR\",\"@id\":\"https:\/\/franciscanos.org.br\/noticias\/mensagem-do-papa-francisco-para-a-pascoa.html#primaryimage\",\"url\":\"https:\/\/franciscanos.org.br\/noticias\/wp-content\/uploads\/2014\/04\/pascoa.jpg\",\"contentUrl\":\"https:\/\/franciscanos.org.br\/noticias\/wp-content\/uploads\/2014\/04\/pascoa.jpg\",\"width\":273,\"height\":180},{\"@type\":\"WebPage\",\"@id\":\"https:\/\/franciscanos.org.br\/noticias\/mensagem-do-papa-francisco-para-a-pascoa.html#webpage\",\"url\":\"https:\/\/franciscanos.org.br\/noticias\/mensagem-do-papa-francisco-para-a-pascoa.html\",\"name\":\"Mensagem do Papa Francisco para a P\u00e1scoa - Not\u00edcias - Franciscanos\",\"isPartOf\":{\"@id\":\"https:\/\/franciscanos.org.br\/noticias\/#website\"},\"primaryImageOfPage\":{\"@id\":\"https:\/\/franciscanos.org.br\/noticias\/mensagem-do-papa-francisco-para-a-pascoa.html#primaryimage\"},\"datePublished\":\"2014-04-20T12:03:02+00:00\",\"dateModified\":\"2020-06-10T21:37:49+00:00\",\"author\":{\"@id\":\"https:\/\/franciscanos.org.br\/noticias\/#\/schema\/person\/b38fbf43118f02820bd932f2e4b14ad3\"},\"breadcrumb\":{\"@id\":\"https:\/\/franciscanos.org.br\/noticias\/mensagem-do-papa-francisco-para-a-pascoa.html#breadcrumb\"},\"inLanguage\":\"pt-BR\",\"potentialAction\":[{\"@type\":\"ReadAction\",\"target\":[\"https:\/\/franciscanos.org.br\/noticias\/mensagem-do-papa-francisco-para-a-pascoa.html\"]}]},{\"@type\":\"BreadcrumbList\",\"@id\":\"https:\/\/franciscanos.org.br\/noticias\/mensagem-do-papa-francisco-para-a-pascoa.html#breadcrumb\",\"itemListElement\":[{\"@type\":\"ListItem\",\"position\":1,\"name\":\"Home\",\"item\":\"https:\/\/franciscanos.org.br\/noticias\"},{\"@type\":\"ListItem\",\"position\":2,\"name\":\"Mensagem do Papa Francisco para a P\u00e1scoa\"}]},{\"@type\":\"Person\",\"@id\":\"https:\/\/franciscanos.org.br\/noticias\/#\/schema\/person\/b38fbf43118f02820bd932f2e4b14ad3\",\"name\":\"admin\",\"image\":{\"@type\":\"ImageObject\",\"inLanguage\":\"pt-BR\",\"@id\":\"https:\/\/franciscanos.org.br\/noticias\/#\/schema\/person\/image\/\",\"url\":\"https:\/\/secure.gravatar.com\/avatar\/e8495742d34d0ba6448ea1c628263b3e?s=96&d=mm&r=g\",\"contentUrl\":\"https:\/\/secure.gravatar.com\/avatar\/e8495742d34d0ba6448ea1c628263b3e?s=96&d=mm&r=g\",\"caption\":\"admin\"},\"url\":\"https:\/\/franciscanos.org.br\/noticias\/author\/admin\"}]}<\/script>\n<!-- \/ Yoast SEO plugin. -->","yoast_head_json":{"title":"Mensagem do Papa Francisco para a P\u00e1scoa - Not\u00edcias - Franciscanos","robots":{"index":"index","follow":"follow","max-snippet":"max-snippet:-1","max-image-preview":"max-image-preview:large","max-video-preview":"max-video-preview:-1"},"canonical":"https:\/\/franciscanos.org.br\/noticias\/mensagem-do-papa-francisco-para-a-pascoa.html","og_locale":"pt_BR","og_type":"article","og_title":"Mensagem do Papa Francisco para a P\u00e1scoa - Not\u00edcias - Franciscanos","og_description":"Urbi et Orbi","og_url":"https:\/\/franciscanos.org.br\/noticias\/mensagem-do-papa-francisco-para-a-pascoa.html","og_site_name":"Not\u00edcias - Franciscanos","article_published_time":"2014-04-20T12:03:02+00:00","article_modified_time":"2020-06-10T21:37:49+00:00","og_image":[{"width":273,"height":180,"url":"https:\/\/franciscanos.org.br\/noticias\/wp-content\/uploads\/2014\/04\/pascoa.jpg","type":"image\/jpeg"}],"author":"admin","twitter_card":"summary_large_image","twitter_misc":{"Escrito por":"admin","Est. tempo de leitura":"4 minutos"},"schema":{"@context":"https:\/\/schema.org","@graph":[{"@type":"WebSite","@id":"https:\/\/franciscanos.org.br\/noticias\/#website","url":"https:\/\/franciscanos.org.br\/noticias\/","name":"Not\u00edcias - Franciscanos","description":"Prov\u00edncia Franciscana da Imaculada Concei\u00e7\u00e3o do Brasil - Ordem dos Frades Menores - OFM","potentialAction":[{"@type":"SearchAction","target":{"@type":"EntryPoint","urlTemplate":"https:\/\/franciscanos.org.br\/noticias\/?s={search_term_string}"},"query-input":"required name=search_term_string"}],"inLanguage":"pt-BR"},{"@type":"ImageObject","inLanguage":"pt-BR","@id":"https:\/\/franciscanos.org.br\/noticias\/mensagem-do-papa-francisco-para-a-pascoa.html#primaryimage","url":"https:\/\/franciscanos.org.br\/noticias\/wp-content\/uploads\/2014\/04\/pascoa.jpg","contentUrl":"https:\/\/franciscanos.org.br\/noticias\/wp-content\/uploads\/2014\/04\/pascoa.jpg","width":273,"height":180},{"@type":"WebPage","@id":"https:\/\/franciscanos.org.br\/noticias\/mensagem-do-papa-francisco-para-a-pascoa.html#webpage","url":"https:\/\/franciscanos.org.br\/noticias\/mensagem-do-papa-francisco-para-a-pascoa.html","name":"Mensagem do Papa Francisco para a P\u00e1scoa - Not\u00edcias - Franciscanos","isPartOf":{"@id":"https:\/\/franciscanos.org.br\/noticias\/#website"},"primaryImageOfPage":{"@id":"https:\/\/franciscanos.org.br\/noticias\/mensagem-do-papa-francisco-para-a-pascoa.html#primaryimage"},"datePublished":"2014-04-20T12:03:02+00:00","dateModified":"2020-06-10T21:37:49+00:00","author":{"@id":"https:\/\/franciscanos.org.br\/noticias\/#\/schema\/person\/b38fbf43118f02820bd932f2e4b14ad3"},"breadcrumb":{"@id":"https:\/\/franciscanos.org.br\/noticias\/mensagem-do-papa-francisco-para-a-pascoa.html#breadcrumb"},"inLanguage":"pt-BR","potentialAction":[{"@type":"ReadAction","target":["https:\/\/franciscanos.org.br\/noticias\/mensagem-do-papa-francisco-para-a-pascoa.html"]}]},{"@type":"BreadcrumbList","@id":"https:\/\/franciscanos.org.br\/noticias\/mensagem-do-papa-francisco-para-a-pascoa.html#breadcrumb","itemListElement":[{"@type":"ListItem","position":1,"name":"Home","item":"https:\/\/franciscanos.org.br\/noticias"},{"@type":"ListItem","position":2,"name":"Mensagem do Papa Francisco para a P\u00e1scoa"}]},{"@type":"Person","@id":"https:\/\/franciscanos.org.br\/noticias\/#\/schema\/person\/b38fbf43118f02820bd932f2e4b14ad3","name":"admin","image":{"@type":"ImageObject","inLanguage":"pt-BR","@id":"https:\/\/franciscanos.org.br\/noticias\/#\/schema\/person\/image\/","url":"https:\/\/secure.gravatar.com\/avatar\/e8495742d34d0ba6448ea1c628263b3e?s=96&d=mm&r=g","contentUrl":"https:\/\/secure.gravatar.com\/avatar\/e8495742d34d0ba6448ea1c628263b3e?s=96&d=mm&r=g","caption":"admin"},"url":"https:\/\/franciscanos.org.br\/noticias\/author\/admin"}]}},"_links":{"self":[{"href":"https:\/\/franciscanos.org.br\/noticias\/wp-json\/wp\/v2\/posts\/57409"}],"collection":[{"href":"https:\/\/franciscanos.org.br\/noticias\/wp-json\/wp\/v2\/posts"}],"about":[{"href":"https:\/\/franciscanos.org.br\/noticias\/wp-json\/wp\/v2\/types\/post"}],"author":[{"embeddable":true,"href":"https:\/\/franciscanos.org.br\/noticias\/wp-json\/wp\/v2\/users\/1"}],"replies":[{"embeddable":true,"href":"https:\/\/franciscanos.org.br\/noticias\/wp-json\/wp\/v2\/comments?post=57409"}],"version-history":[{"count":1,"href":"https:\/\/franciscanos.org.br\/noticias\/wp-json\/wp\/v2\/posts\/57409\/revisions"}],"predecessor-version":[{"id":226222,"href":"https:\/\/franciscanos.org.br\/noticias\/wp-json\/wp\/v2\/posts\/57409\/revisions\/226222"}],"wp:featuredmedia":[{"embeddable":true,"href":"https:\/\/franciscanos.org.br\/noticias\/wp-json\/wp\/v2\/media\/210777"}],"wp:attachment":[{"href":"https:\/\/franciscanos.org.br\/noticias\/wp-json\/wp\/v2\/media?parent=57409"}],"wp:term":[{"taxonomy":"category","embeddable":true,"href":"https:\/\/franciscanos.org.br\/noticias\/wp-json\/wp\/v2\/categories?post=57409"},{"taxonomy":"post_tag","embeddable":true,"href":"https:\/\/franciscanos.org.br\/noticias\/wp-json\/wp\/v2\/tags?post=57409"}],"curies":[{"name":"wp","href":"https:\/\/api.w.org\/{rel}","templated":true}]}}