{"id":57387,"date":"2014-04-20T06:21:18","date_gmt":"2014-04-20T09:21:18","guid":{"rendered":"http:\/\/new.franciscanos.org.br\/?p=57387"},"modified":"2020-06-10T18:38:34","modified_gmt":"2020-06-10T21:38:34","slug":"onde-e-a-minha-galileia-pergunta-o-papa-francisco","status":"publish","type":"post","link":"https:\/\/franciscanos.org.br\/noticias\/onde-e-a-minha-galileia-pergunta-o-papa-francisco.html","title":{"rendered":"&#8216;Onde \u00e9 a minha Galileia?&#8217;, pergunta o Papa Francisco"},"content":{"rendered":"<p><img loading=\"lazy\" src=\"http:\/\/franciscanos.org.br\/wp-content\/uploads\/2014\/04\/vigilia.jpg\" alt=\"vigilia\" width=\"820\" height=\"300\" \/><\/p>\n<p>Na noite deste S\u00e1bado Santo, o Papa Francisco presidiu, na Bas\u00edlica Vaticana, \u00e0 vig\u00edlia pascal.<\/p>\n<p>Eis a homilia integral pronunciada pelo Pont\u00edfice:<\/p>\n<p>HOMILIA DO SANTO PADRE\u00a0MISSA da VIG\u00cdLIA PASCAL<\/p>\n<p>O Evangelho da ressurrei\u00e7\u00e3o de Jesus Cristo come\u00e7a referindo o caminho das mulheres para o sepulcro, ao alvorecer do dia depois do s\u00e1bado. Querem honrar o corpo do Senhor e v\u00e3o ao t\u00famulo, mas encontram-no aberto e vazio. Um anjo majestoso diz-lhes: \u00abN\u00e3o tenhais medo!\u00bb (Mt 28, 5). E ordena-lhes que levem esta not\u00edcia aos disc\u00edpulos: \u00abEle ressuscitou dos mortos e vai \u00e0 vossa frente para a Galileia\u00bb (28, 7). As mulheres fogem de l\u00e1 imediatamente, mas, ao longo da estrada, sai-lhes ao encontro o pr\u00f3prio Jesus que lhes diz: \u00abN\u00e3o temais. Ide anunciar aos meus irm\u00e3os que partam para a Galileia. L\u00e1 me ver\u00e3o\u00bb (28, 10).<\/p>\n<p>Depois da morte do Mestre, os disc\u00edpulos tinham-se dispersado; a sua f\u00e9 quebrantara-se, tudo parecia ter acabado: desabadas as certezas, apagadas as esperan\u00e7as. Mas agora, aquele an\u00fancio das mulheres, embora incr\u00edvel, chegava como um raio de luz na escurid\u00e3o. A not\u00edcia espalha-se: Jesus ressuscitou, como predissera&#8230; E de igual modo a ordem de partir para a Galileia; duas vezes a ouviram as mulheres, primeiro do anjo, depois do pr\u00f3prio Jesus: \u00abPartam para a Galileia. L\u00e1 Me ver\u00e3o\u00bb.<\/p>\n<p>A Galileia \u00e9 o lugar da primeira chamada, onde tudo come\u00e7ara! Trata-se de voltar l\u00e1, voltar ao lugar da primeira chamada. Jesus passara pela margem do lago, enquanto os pescadores estavam a consertar as redes. Chamara-os e eles, deixando tudo, seguiram-No\u00bb (cf. Mt 4, 18-22).<\/p>\n<p>Voltar \u00e0 Galileia significa reler tudo a partir da cruz e da vit\u00f3ria. Reler tudo \u2013 a prega\u00e7\u00e3o, os milagres, a nova comunidade, os entusiasmos e as deser\u00e7\u00f5es, at\u00e9 a trai\u00e7\u00e3o \u2013 reler tudo a partir do fim, que \u00e9 um novo in\u00edcio, a partir deste supremo ato de amor.<\/p>\n<p>Tamb\u00e9m para cada um de n\u00f3s h\u00e1 uma \u00abGalileia\u00bb, no princ\u00edpio do caminho com Jesus. \u00abPartir para a Galileia\u00bb significa uma coisa estupenda, significa redescobrirmos o nosso Baptismo como fonte viva, tirarmos energia nova da raiz da nossa f\u00e9 e da nossa experi\u00eancia crist\u00e3. Voltar para a Galileia significa antes de tudo retornar l\u00e1, \u00e0quele ponto incandescente onde a Gra\u00e7a de Deus me tocou no in\u00edcio do caminho. \u00c9 desta fagulha que posso acender o fogo para o dia de hoje, para cada dia, e levar calor e luz aos meus irm\u00e3os e \u00e0s minhas irm\u00e3s. A partir daquela fagulha, acende-se uma alegria humilde, uma alegria que n\u00e3o ofende o sofrimento e o desespero, uma alegria mansa e bondosa.<\/p>\n<p>Na vida do crist\u00e3o, depois do Baptismo, h\u00e1 tamb\u00e9m uma \u00abGalileia\u00bb mais existencial: a experi\u00eancia do encontro pessoal com Jesus Cristo, que me chamou para O seguir e participar na sua miss\u00e3o. Neste sentido, voltar \u00e0 Galileia significa guardar no cora\u00e7\u00e3o a mem\u00f3ria viva desta chamada, quando Jesus passou pela minha estrada, olhou-me com miseric\u00f3rdia, pediu-me para O seguir; recuperar a lembran\u00e7a daquele momento em que os olhos d\u2019Ele se cruzaram com os meus, quando me fez sentir que me amava.<\/p>\n<p>Hoje, nesta noite, cada um de n\u00f3s pode interrogar-se: Qual \u00e9 a minha Galileia? Onde \u00e9 a minha Galileia? Lembro-me dela? Ou esqueci-a? Andei por estradas e sendas que ma fizeram esquecer. Senhor, ajudai-me! Dizei-me qual \u00e9 a minha Galileia. Como sabeis, eu quero voltar l\u00e1 para Vos encontrar e deixar-me abra\u00e7ar pela vossa miseric\u00f3rdia.<\/p>\n<p>O Evangelho de P\u00e1scoa \u00e9 claro: \u00e9 preciso voltar l\u00e1, para ver Jesus ressuscitado e tornar-se testemunha da sua ressurrei\u00e7\u00e3o. N\u00e3o \u00e9 voltar atr\u00e1s, n\u00e3o \u00e9 nostalgia. \u00c9 voltar ao primeiro amor, para receber o fogo que Jesus acendeu no mundo, e lev\u00e1-lo a todos at\u00e9 aos confins da terra.<\/p>\n<p>\u00abGalileia dos gentios\u00bb (Mt 4, 15; Is 8, 23): horizonte do Ressuscitado, horizonte da Igreja; desejo intenso de encontro&#8230; Ponhamo-nos a caminho!<\/p>\n<hr \/>\n<p><em>Fonte: R\u00e1dio Vaticano<\/em><\/p>\n","protected":false},"excerpt":{"rendered":"<p>Vig\u00edlia Pascal<\/p>\n","protected":false},"author":1,"featured_media":218780,"comment_status":"closed","ping_status":"open","sticky":false,"template":"","format":"standard","meta":[],"categories":[1428],"tags":[1191],"acf":[],"yoast_head":"<!-- This site is optimized with the Yoast SEO plugin v19.2 - https:\/\/yoast.com\/wordpress\/plugins\/seo\/ -->\n<title>&#039;Onde \u00e9 a minha Galileia?&#039;, pergunta o Papa Francisco - Not\u00edcias - Franciscanos<\/title>\n<meta name=\"robots\" content=\"index, follow, max-snippet:-1, max-image-preview:large, max-video-preview:-1\" \/>\n<link rel=\"canonical\" href=\"https:\/\/franciscanos.org.br\/noticias\/onde-e-a-minha-galileia-pergunta-o-papa-francisco.html\" \/>\n<meta property=\"og:locale\" content=\"pt_BR\" \/>\n<meta property=\"og:type\" content=\"article\" \/>\n<meta property=\"og:title\" content=\"&#039;Onde \u00e9 a minha Galileia?&#039;, pergunta o Papa Francisco - Not\u00edcias - Franciscanos\" \/>\n<meta property=\"og:description\" content=\"Vig\u00edlia Pascal\" \/>\n<meta property=\"og:url\" content=\"https:\/\/franciscanos.org.br\/noticias\/onde-e-a-minha-galileia-pergunta-o-papa-francisco.html\" \/>\n<meta property=\"og:site_name\" content=\"Not\u00edcias - Franciscanos\" \/>\n<meta property=\"article:published_time\" content=\"2014-04-20T09:21:18+00:00\" \/>\n<meta property=\"article:modified_time\" content=\"2020-06-10T21:38:34+00:00\" \/>\n<meta property=\"og:image\" content=\"https:\/\/franciscanos.org.br\/noticias\/wp-content\/uploads\/2014\/04\/vigilia.jpg\" \/>\n\t<meta property=\"og:image:width\" content=\"273\" \/>\n\t<meta property=\"og:image:height\" content=\"181\" \/>\n\t<meta property=\"og:image:type\" content=\"image\/jpeg\" \/>\n<meta name=\"author\" content=\"admin\" \/>\n<meta name=\"twitter:card\" content=\"summary_large_image\" \/>\n<meta name=\"twitter:label1\" content=\"Escrito por\" \/>\n\t<meta name=\"twitter:data1\" content=\"admin\" \/>\n\t<meta name=\"twitter:label2\" content=\"Est. tempo de leitura\" \/>\n\t<meta name=\"twitter:data2\" content=\"3 minutos\" \/>\n<script type=\"application\/ld+json\" class=\"yoast-schema-graph\">{\"@context\":\"https:\/\/schema.org\",\"@graph\":[{\"@type\":\"WebSite\",\"@id\":\"https:\/\/franciscanos.org.br\/noticias\/#website\",\"url\":\"https:\/\/franciscanos.org.br\/noticias\/\",\"name\":\"Not\u00edcias - Franciscanos\",\"description\":\"Prov\u00edncia Franciscana da Imaculada Concei\u00e7\u00e3o do Brasil - Ordem dos Frades Menores - OFM\",\"potentialAction\":[{\"@type\":\"SearchAction\",\"target\":{\"@type\":\"EntryPoint\",\"urlTemplate\":\"https:\/\/franciscanos.org.br\/noticias\/?s={search_term_string}\"},\"query-input\":\"required name=search_term_string\"}],\"inLanguage\":\"pt-BR\"},{\"@type\":\"ImageObject\",\"inLanguage\":\"pt-BR\",\"@id\":\"https:\/\/franciscanos.org.br\/noticias\/onde-e-a-minha-galileia-pergunta-o-papa-francisco.html#primaryimage\",\"url\":\"https:\/\/franciscanos.org.br\/noticias\/wp-content\/uploads\/2014\/04\/vigilia.jpg\",\"contentUrl\":\"https:\/\/franciscanos.org.br\/noticias\/wp-content\/uploads\/2014\/04\/vigilia.jpg\",\"width\":273,\"height\":181},{\"@type\":\"WebPage\",\"@id\":\"https:\/\/franciscanos.org.br\/noticias\/onde-e-a-minha-galileia-pergunta-o-papa-francisco.html#webpage\",\"url\":\"https:\/\/franciscanos.org.br\/noticias\/onde-e-a-minha-galileia-pergunta-o-papa-francisco.html\",\"name\":\"'Onde \u00e9 a minha Galileia?', pergunta o Papa Francisco - Not\u00edcias - Franciscanos\",\"isPartOf\":{\"@id\":\"https:\/\/franciscanos.org.br\/noticias\/#website\"},\"primaryImageOfPage\":{\"@id\":\"https:\/\/franciscanos.org.br\/noticias\/onde-e-a-minha-galileia-pergunta-o-papa-francisco.html#primaryimage\"},\"datePublished\":\"2014-04-20T09:21:18+00:00\",\"dateModified\":\"2020-06-10T21:38:34+00:00\",\"author\":{\"@id\":\"https:\/\/franciscanos.org.br\/noticias\/#\/schema\/person\/b38fbf43118f02820bd932f2e4b14ad3\"},\"breadcrumb\":{\"@id\":\"https:\/\/franciscanos.org.br\/noticias\/onde-e-a-minha-galileia-pergunta-o-papa-francisco.html#breadcrumb\"},\"inLanguage\":\"pt-BR\",\"potentialAction\":[{\"@type\":\"ReadAction\",\"target\":[\"https:\/\/franciscanos.org.br\/noticias\/onde-e-a-minha-galileia-pergunta-o-papa-francisco.html\"]}]},{\"@type\":\"BreadcrumbList\",\"@id\":\"https:\/\/franciscanos.org.br\/noticias\/onde-e-a-minha-galileia-pergunta-o-papa-francisco.html#breadcrumb\",\"itemListElement\":[{\"@type\":\"ListItem\",\"position\":1,\"name\":\"Home\",\"item\":\"https:\/\/franciscanos.org.br\/noticias\"},{\"@type\":\"ListItem\",\"position\":2,\"name\":\"&#8216;Onde \u00e9 a minha Galileia?&#8217;, pergunta o Papa Francisco\"}]},{\"@type\":\"Person\",\"@id\":\"https:\/\/franciscanos.org.br\/noticias\/#\/schema\/person\/b38fbf43118f02820bd932f2e4b14ad3\",\"name\":\"admin\",\"image\":{\"@type\":\"ImageObject\",\"inLanguage\":\"pt-BR\",\"@id\":\"https:\/\/franciscanos.org.br\/noticias\/#\/schema\/person\/image\/\",\"url\":\"https:\/\/secure.gravatar.com\/avatar\/e8495742d34d0ba6448ea1c628263b3e?s=96&d=mm&r=g\",\"contentUrl\":\"https:\/\/secure.gravatar.com\/avatar\/e8495742d34d0ba6448ea1c628263b3e?s=96&d=mm&r=g\",\"caption\":\"admin\"},\"url\":\"https:\/\/franciscanos.org.br\/noticias\/author\/admin\"}]}<\/script>\n<!-- \/ Yoast SEO plugin. -->","yoast_head_json":{"title":"'Onde \u00e9 a minha Galileia?', pergunta o Papa Francisco - Not\u00edcias - Franciscanos","robots":{"index":"index","follow":"follow","max-snippet":"max-snippet:-1","max-image-preview":"max-image-preview:large","max-video-preview":"max-video-preview:-1"},"canonical":"https:\/\/franciscanos.org.br\/noticias\/onde-e-a-minha-galileia-pergunta-o-papa-francisco.html","og_locale":"pt_BR","og_type":"article","og_title":"'Onde \u00e9 a minha Galileia?', pergunta o Papa Francisco - Not\u00edcias - Franciscanos","og_description":"Vig\u00edlia Pascal","og_url":"https:\/\/franciscanos.org.br\/noticias\/onde-e-a-minha-galileia-pergunta-o-papa-francisco.html","og_site_name":"Not\u00edcias - Franciscanos","article_published_time":"2014-04-20T09:21:18+00:00","article_modified_time":"2020-06-10T21:38:34+00:00","og_image":[{"width":273,"height":181,"url":"https:\/\/franciscanos.org.br\/noticias\/wp-content\/uploads\/2014\/04\/vigilia.jpg","type":"image\/jpeg"}],"author":"admin","twitter_card":"summary_large_image","twitter_misc":{"Escrito por":"admin","Est. tempo de leitura":"3 minutos"},"schema":{"@context":"https:\/\/schema.org","@graph":[{"@type":"WebSite","@id":"https:\/\/franciscanos.org.br\/noticias\/#website","url":"https:\/\/franciscanos.org.br\/noticias\/","name":"Not\u00edcias - Franciscanos","description":"Prov\u00edncia Franciscana da Imaculada Concei\u00e7\u00e3o do Brasil - Ordem dos Frades Menores - OFM","potentialAction":[{"@type":"SearchAction","target":{"@type":"EntryPoint","urlTemplate":"https:\/\/franciscanos.org.br\/noticias\/?s={search_term_string}"},"query-input":"required name=search_term_string"}],"inLanguage":"pt-BR"},{"@type":"ImageObject","inLanguage":"pt-BR","@id":"https:\/\/franciscanos.org.br\/noticias\/onde-e-a-minha-galileia-pergunta-o-papa-francisco.html#primaryimage","url":"https:\/\/franciscanos.org.br\/noticias\/wp-content\/uploads\/2014\/04\/vigilia.jpg","contentUrl":"https:\/\/franciscanos.org.br\/noticias\/wp-content\/uploads\/2014\/04\/vigilia.jpg","width":273,"height":181},{"@type":"WebPage","@id":"https:\/\/franciscanos.org.br\/noticias\/onde-e-a-minha-galileia-pergunta-o-papa-francisco.html#webpage","url":"https:\/\/franciscanos.org.br\/noticias\/onde-e-a-minha-galileia-pergunta-o-papa-francisco.html","name":"'Onde \u00e9 a minha Galileia?', pergunta o Papa Francisco - Not\u00edcias - Franciscanos","isPartOf":{"@id":"https:\/\/franciscanos.org.br\/noticias\/#website"},"primaryImageOfPage":{"@id":"https:\/\/franciscanos.org.br\/noticias\/onde-e-a-minha-galileia-pergunta-o-papa-francisco.html#primaryimage"},"datePublished":"2014-04-20T09:21:18+00:00","dateModified":"2020-06-10T21:38:34+00:00","author":{"@id":"https:\/\/franciscanos.org.br\/noticias\/#\/schema\/person\/b38fbf43118f02820bd932f2e4b14ad3"},"breadcrumb":{"@id":"https:\/\/franciscanos.org.br\/noticias\/onde-e-a-minha-galileia-pergunta-o-papa-francisco.html#breadcrumb"},"inLanguage":"pt-BR","potentialAction":[{"@type":"ReadAction","target":["https:\/\/franciscanos.org.br\/noticias\/onde-e-a-minha-galileia-pergunta-o-papa-francisco.html"]}]},{"@type":"BreadcrumbList","@id":"https:\/\/franciscanos.org.br\/noticias\/onde-e-a-minha-galileia-pergunta-o-papa-francisco.html#breadcrumb","itemListElement":[{"@type":"ListItem","position":1,"name":"Home","item":"https:\/\/franciscanos.org.br\/noticias"},{"@type":"ListItem","position":2,"name":"&#8216;Onde \u00e9 a minha Galileia?&#8217;, pergunta o Papa Francisco"}]},{"@type":"Person","@id":"https:\/\/franciscanos.org.br\/noticias\/#\/schema\/person\/b38fbf43118f02820bd932f2e4b14ad3","name":"admin","image":{"@type":"ImageObject","inLanguage":"pt-BR","@id":"https:\/\/franciscanos.org.br\/noticias\/#\/schema\/person\/image\/","url":"https:\/\/secure.gravatar.com\/avatar\/e8495742d34d0ba6448ea1c628263b3e?s=96&d=mm&r=g","contentUrl":"https:\/\/secure.gravatar.com\/avatar\/e8495742d34d0ba6448ea1c628263b3e?s=96&d=mm&r=g","caption":"admin"},"url":"https:\/\/franciscanos.org.br\/noticias\/author\/admin"}]}},"_links":{"self":[{"href":"https:\/\/franciscanos.org.br\/noticias\/wp-json\/wp\/v2\/posts\/57387"}],"collection":[{"href":"https:\/\/franciscanos.org.br\/noticias\/wp-json\/wp\/v2\/posts"}],"about":[{"href":"https:\/\/franciscanos.org.br\/noticias\/wp-json\/wp\/v2\/types\/post"}],"author":[{"embeddable":true,"href":"https:\/\/franciscanos.org.br\/noticias\/wp-json\/wp\/v2\/users\/1"}],"replies":[{"embeddable":true,"href":"https:\/\/franciscanos.org.br\/noticias\/wp-json\/wp\/v2\/comments?post=57387"}],"version-history":[{"count":1,"href":"https:\/\/franciscanos.org.br\/noticias\/wp-json\/wp\/v2\/posts\/57387\/revisions"}],"predecessor-version":[{"id":226223,"href":"https:\/\/franciscanos.org.br\/noticias\/wp-json\/wp\/v2\/posts\/57387\/revisions\/226223"}],"wp:featuredmedia":[{"embeddable":true,"href":"https:\/\/franciscanos.org.br\/noticias\/wp-json\/wp\/v2\/media\/218780"}],"wp:attachment":[{"href":"https:\/\/franciscanos.org.br\/noticias\/wp-json\/wp\/v2\/media?parent=57387"}],"wp:term":[{"taxonomy":"category","embeddable":true,"href":"https:\/\/franciscanos.org.br\/noticias\/wp-json\/wp\/v2\/categories?post=57387"},{"taxonomy":"post_tag","embeddable":true,"href":"https:\/\/franciscanos.org.br\/noticias\/wp-json\/wp\/v2\/tags?post=57387"}],"curies":[{"name":"wp","href":"https:\/\/api.w.org\/{rel}","templated":true}]}}