{"id":57361,"date":"2014-04-17T07:50:53","date_gmt":"2014-04-17T10:50:53","guid":{"rendered":"http:\/\/new.franciscanos.org.br\/?p=57361"},"modified":"2020-06-10T18:52:48","modified_gmt":"2020-06-10T21:52:48","slug":"francisco-a-alegria-do-sacerdote-e-um-bem-precioso","status":"publish","type":"post","link":"https:\/\/franciscanos.org.br\/noticias\/francisco-a-alegria-do-sacerdote-e-um-bem-precioso.html","title":{"rendered":"Francisco: &#8220;A alegria do sacerdote \u00e9 um bem precioso&#8221;"},"content":{"rendered":"<p><img loading=\"lazy\" src=\"http:\/\/franciscanos.org.br\/wp-content\/uploads\/2014\/04\/papa2.jpg\" alt=\"papa\" width=\"820\" height=\"267\" \/><\/p>\n<p><strong>Eis o texto integral da homilia do Papa Francisco na Missa Crismal desta Quinta-feira Santa, na bas\u00edlica de S\u00e3o Pedro:<\/strong><\/p>\n<p>Amados irm\u00e3os no sacerd\u00f3cio!<\/p>\n<p>No Hoje de Quinta-feira Santa, em que Cristo levou o seu amor por n\u00f3s at\u00e9 ao extremo (cf. Jo 13, 1), comemoramos o dia feliz da institui\u00e7\u00e3o do sacerd\u00f3cio e o da nossa ordena\u00e7\u00e3o sacerdotal. O Senhor ungiu-nos em Cristo com \u00f3leo da alegria, e esta un\u00e7\u00e3o convida-nos a acolher e cuidar deste grande dom: a alegria, o j\u00fabilo sacerdotal. A alegria do sacerdote \u00e9 um bem precioso tanto para si mesmo como para todo o povo fiel de Deus: do meio deste povo fiel \u00e9 chamado o sacerdote para ser ungido e ao mesmo povo \u00e9 enviado para ungir.<\/p>\n<p>Ungidos com \u00f3leo de alegria para ungir com \u00f3leo de alegria. A alegria sacerdotal tem a sua fonte no Amor do Pai, e o Senhor deseja que a alegria deste amor \u00abesteja em n\u00f3s\u00bb e \u00abseja completa\u00bb (Jo 15, 11). Gosto de pensar na alegria contemplando Nossa Senhora: Maria \u00e9 \u00abM\u00e3e do Evangelho vivente, manancial de alegria para os pequeninos\u00bb (Exort. ap. Evangelii gaudium, 288), e creio n\u00e3o exagerar se dissermos que o sacerdote \u00e9 uma pessoa muito pequena: a grandeza incomensur\u00e1vel do dom que nos \u00e9 dado para o minist\u00e9rio relega-nos entre os menores dos homens. O sacerdote \u00e9 o mais pobre dos homens, se Jesus n\u00e3o o enriquece com a sua pobreza; \u00e9 o servo mais in\u00fatil, se Jesus n\u00e3o o trata como amigo; \u00e9 o mais louco dos homens, se Jesus n\u00e3o o instrui pacientemente como fez com Pedro; o mais indefeso dos crist\u00e3os, se o Bom Pastor n\u00e3o o fortifica no meio do rebanho. N\u00e3o h\u00e1 ningu\u00e9m menor que um sacerdote deixado meramente \u00e0s suas for\u00e7as; por isso, a nossa ora\u00e7\u00e3o de defesa contra toda a cilada do Maligno \u00e9 a ora\u00e7\u00e3o da nossa M\u00e3e: sou sacerdote, porque Ele olhou com bondade para a minha pequenez (cf. Lc 1, 48). E, a partir desta pequenez, recebemos a nossa alegria.<\/p>\n<p>Na nossa alegria sacerdotal, encontro tr\u00eas caracter\u00edsticas significativas: uma alegria que nos unge (sem nos tornar untuosos, sumptuosos e presun\u00e7osos), uma alegria incorrupt\u00edvel e uma alegria mission\u00e1ria que irradia para todos e todos atrai a come\u00e7ar, inversamente, pelos mais distantes.<\/p>\n<p>Uma alegria que nos unge. Quer dizer: penetrou no \u00edntimo do nosso cora\u00e7\u00e3o, configurou-o e fortificou-o sacramentalmente. Os sinais da liturgia da ordena\u00e7\u00e3o falam-nos do desejo materno que a Igreja tem de transmitir e comunicar tudo aquilo que o Senhor nos deu: a imposi\u00e7\u00e3o das m\u00e3os, a un\u00e7\u00e3o com o santo Crisma, o revestir-se com os paramentos sagrados, a participa\u00e7\u00e3o imediata na primeira Consagra\u00e7\u00e3o&#8230; A gra\u00e7a enche-nos e derrama-se \u00edntegra, abundante e plena em cada sacerdote. Ungidos at\u00e9 aos ossos&#8230; e a nossa alegria, que brota de dentro, \u00e9 o eco desta un\u00e7\u00e3o.<\/p>\n<p>Uma alegria incorrupt\u00edvel. A integridade do Dom \u2013 ningu\u00e9m lhe pode tirar nem acrescentar nada \u2013 \u00e9 fonte incessante de alegria: uma alegria incorrupt\u00edvel, a prop\u00f3sito da qual prometeu o Senhor que ningu\u00e9m no-la poder\u00e1 tirar (cf. Jo 16, 22). Pode ser adormentada ou sufocada pelo pecado ou pelas preocupa\u00e7\u00f5es da vida, mas, no fundo, permanece intacta como o ti\u00e7\u00e3o aceso dum cepo queimado sob as cinzas, e sempre se pode renovar. Permanece sempre actual a recomenda\u00e7\u00e3o de Paulo a Tim\u00f3teo: reaviva o fogo do dom de Deus, que est\u00e1 em ti pela imposi\u00e7\u00e3o das minhas m\u00e3os (cf. 2 Tm 1, 6).<\/p>\n<p>Uma alegria mission\u00e1ria. Sobre esta terceira caracter\u00edstica, quero alongar-me mais convosco sublinhando-a de maneira especial: a alegria do sacerdote est\u00e1 intimamente relacionada com o povo fiel e santo de Deus, porque se trata de uma alegria eminentemente mission\u00e1ria. A un\u00e7\u00e3o ordena-se para ungir o povo fiel e santo de Deus: para baptizar e confirmar, para curar e consagrar, para aben\u00e7oar, para consolar e evangelizar.<\/p>\n<p>E, sendo uma alegria que flui apenas quando o pastor est\u00e1 no meio do seu rebanho (mesmo no sil\u00eancio da ora\u00e7\u00e3o, o pastor que adora o Pai est\u00e1 no meio das suas ovelhas), \u00e9 uma \u00abalegria guardada\u00bb por este mesmo rebanho. Mesmo nos momentos de tristeza, quando tudo parece entenebrecer-se e nos seduz a vertigem do isolamento, naqueles momentos ap\u00e1ticos e chatos que por vezes nos assaltam na vida sacerdotal (e pelos quais tamb\u00e9m eu passei), mesmo em tais momentos o povo de Deus \u00e9 capaz de guardar a alegria, \u00e9 capaz de proteger-te, abra\u00e7ar-te, ajudar-te a abrir o cora\u00e7\u00e3o e reencontrar uma alegria renovada.<\/p>\n<p>\u00abAlegria guardada\u00bb pelo rebanho e guardada tamb\u00e9m por tr\u00eas irm\u00e3s que a rodeiam, protegem e defendem: irm\u00e3 pobreza, irm\u00e3 fidelidade e irm\u00e3 obedi\u00eancia.<\/p>\n<p>A alegria sacerdotal \u00e9 uma alegria que tem como irm\u00e3 a pobreza. O sacerdote \u00e9 pobre de alegrias meramente humanas: renunciou a tantas coisas! E, visto que \u00e9 pobre \u2013 ele que tantas coisas d\u00e1 aos outros \u2013, a sua alegria deve pedi-la ao Senhor e ao povo fiel de Deus. N\u00e3o deve busc\u00e1-la ele mesmo. Sabemos que o nosso povo \u00e9 generos\u00edssimo a agradecer aos sacerdotes os m\u00ednimos gestos de b\u00ean\u00e7\u00e3o e, de modo especial, os Sacramentos. Muitos, falando da crise de identidade sacerdotal, n\u00e3o t\u00eam em conta que a identidade pressup\u00f5e perten\u00e7a. N\u00e3o h\u00e1 identidade \u2013 e, consequentemente, alegria de viver \u2013 sem uma activa e empenhada perten\u00e7a ao povo fiel de Deus (cf. Exort. ap. Evangelii gaudium, 268). O sacerdote que pretende encontrar a identidade sacerdotal indagando introspectivamente na pr\u00f3pria interioridade, talvez n\u00e3o encontre nada mais sen\u00e3o sinais que dizem \u00absa\u00edda\u00bb: sai de ti mesmo, sai em busca de Deus na adora\u00e7\u00e3o, sai e d\u00e1 ao teu povo aquilo que te foi confiado, e o teu povo ter\u00e1 o cuidado de fazer-te sentir e experimentar quem \u00e9s, como te chamas, qual \u00e9 a tua identidade e fazer-te-\u00e1 rejubilar com aquele cem por um que o Senhor prometeu aos seus servos. Se n\u00e3o sais de ti mesmo, o \u00f3leo torna-se ran\u00e7oso e a un\u00e7\u00e3o n\u00e3o pode ser fecunda. Sair de si mesmo requer despojar-se de si, comporta pobreza.<\/p>\n<p>A alegria sacerdotal \u00e9 uma alegria que tem como irm\u00e3 a fidelidade. N\u00e3o tanto no sentido de que seremos todos \u00abimaculados\u00bb (quem dera que o f\u00f4ssemos, com a gra\u00e7a de Deus!), dado que somos pecadores, como sobretudo no sentido de uma fidelidade sempre nova \u00e0 \u00fanica Esposa, a Igreja. Aqui est\u00e1 a chave da fecundidade. Os filhos espirituais que o Senhor d\u00e1 a cada sacerdote, aqueles que baptizou, as fam\u00edlias que aben\u00e7oou e ajudou a caminhar, os doentes que apoia, os jovens com quem partilha a catequese e a forma\u00e7\u00e3o, os pobres que socorre\u2026 todos eles s\u00e3o esta \u00abEsposa\u00bb que o sacerdote se sente feliz em tratar como sua predilecta e \u00fanica amada e ser-lhe fiel sem cessar. \u00c9 a Igreja viva, com nome e apelido, da qual o sacerdote cuida na sua par\u00f3quia ou na miss\u00e3o que lhe foi confiada, \u00e9 essa que lhe d\u00e1 alegria quando lhe \u00e9 fiel, quando faz tudo o que deve fazer e deixa tudo o que deve deixar contanto que permane\u00e7a no meio das ovelhas que o Senhor lhe confiou: \u00abApascenta as minhas ovelhas\u00bb (Jo 21, 16.17).<\/p>\n<p>A alegria sacerdotal \u00e9 uma alegria que tem como irm\u00e3 a obedi\u00eancia. Obedi\u00eancia \u00e0 Igreja na Hierarquia que nos d\u00e1, por assim dizer, n\u00e3o s\u00f3 o \u00e2mbito mais externo da obedi\u00eancia: a par\u00f3quia \u00e0 qual sou enviado, as faculdades do minist\u00e9rio, aquele encargo particular&#8230; e ainda a uni\u00e3o com Deus Pai, de Quem deriva toda a paternidade. Mas tamb\u00e9m a obedi\u00eancia \u00e0 Igreja no servi\u00e7o: disponibilidade e prontid\u00e3o para servir a todos, sempre e da melhor maneira, \u00e0 imagem de \u00abNossa Senhora da prontid\u00e3o\u00bb (cf. Lc 1, 39: meta spoudes), que acorre a servir sua prima e est\u00e1 atenta \u00e0 cozinha de Can\u00e1, onde falta o vinho. A disponibilidade do sacerdote faz da Igreja a Casa das portas abertas, ref\u00fagio para os pecadores, lar para aqueles que vivem na rua, casa de cura para os doentes, acampamento para os jovens, sess\u00e3o de catequese para as crian\u00e7as da Primeira Comunh\u00e3o&#8230; Onde o povo de Deus tem um desejo ou uma necessidade, a\u00ed est\u00e1 o sacerdote que sabe escutar (ob-audire) e pressente um mandato amoroso de Cristo que o envia a socorrer com miseric\u00f3rdia tal necessidade ou a apoiar aqueles bons desejos com caridade criativa.<\/p>\n<p>Aquele que \u00e9 chamado saiba que existe neste mundo uma alegria genu\u00edna e plena: a de ser tomado pelo povo que uma pessoa algu\u00e9m ama at\u00e9 ao ponto de ser enviada a ele como dispensadora dos dons e das consola\u00e7\u00f5es de Jesus, o \u00fanico Bom Pastor, que, cheio de profunda compaix\u00e3o por todos os humildes e os exclu\u00eddos desta terra, cansados e abatidos como ovelhas sem pastor, quis associar muitos sacerdotes ao seu minist\u00e9rio para, na pessoa deles, permanecer e agir Ele pr\u00f3prio em benef\u00edcio do seu povo.<\/p>\n<p>Nesta Quinta-feira sacerdotal, pe\u00e7o ao Senhor Jesus que fa\u00e7a descobrir a muitos jovens aquele ardor do cora\u00e7\u00e3o que faz acender a alegria logo que algu\u00e9m tem a feliz aud\u00e1cia de responder com prontid\u00e3o \u00e0 sua chamada.<br \/>\nNesta Quinta-feira sacerdotal, pe\u00e7o ao Senhor Jesus que conserve o brilho jubiloso nos olhos dos rec\u00e9m-ordenados, que partem para \u00abse dar a comer\u00bb pelo mundo, para consumar-se no meio do povo fiel de Deus, que exultam preparando a primeira homilia, a primeira Missa, o primeiro Baptismo, a primeira Confiss\u00e3o&#8230; \u00e9 a alegria de poder pela primeira vez, como ungidos, partilhar \u2013 maravilhados \u2013 o tesouro do Evangelho e sentir que o povo fiel volta a ungir-te de outra maneira: com os seus pedidos, inclinando a cabe\u00e7a para que tu os aben\u00e7oes, apertando-te as m\u00e3os, apresentando-te aos seus filhos, intercedendo pelos seus doentes&#8230; Conserva, Senhor, nos teus sacerdotes jovens, a alegria de come\u00e7ar, de fazer cada coisa como nova, a alegria de consumar a vida por Ti.<\/p>\n<p>Nesta Quinta-feira sacerdotal, pe\u00e7o ao Senhor Jesus que confirme a alegria sacerdotal daqueles que t\u00eam muitos anos de minist\u00e9rio. Aquela alegria que, sem desaparecer dos olhos, pousa sobre os ombros de quantos suportam o peso do minist\u00e9rio, aqueles sacerdotes que j\u00e1 tomaram o pulso ao trabalho, re\u00fanem as suas for\u00e7as e se rearmam: \u00abtomam f\u00f4lego\u00bb, como dizem os desportistas. Conserva, Senhor, a profundidade e a s\u00e1bia maturidade da alegria dos sacerdotes adultos. Saibam orar como Neemias: a alegria do Senhor \u00e9 a minha for\u00e7a (cf. Ne 8, 10).<\/p>\n<p>Enfim, nesta Quinta-feira sacerdotal, pe\u00e7o ao Senhor Jesus que brilhe a alegria dos sacerdotes idosos, s\u00e3os ou doentes. \u00c9 a alegria da Cruz, que dimana da certeza de possuir um tesouro incorrupt\u00edvel num vaso de barro que se vai desfazendo. Saibam estar bem em qualquer lugar, sentindo na fugacidade do tempo o sabor do eterno (Guardini). Sintam a alegria de passar a chama, a alegria de ver crescer os filhos dos filhos e de saudar, sorrindo e com mansid\u00e3o, as promessas, naquela esperan\u00e7a que n\u00e3o desilude.<\/p>\n<hr \/>\n<p><em>Fonte: R\u00e1dio Vaticano<\/em><\/p>\n","protected":false},"excerpt":{"rendered":"<p>Missa do Crisma<\/p>\n","protected":false},"author":1,"featured_media":218766,"comment_status":"closed","ping_status":"open","sticky":false,"template":"","format":"standard","meta":[],"categories":[1428],"tags":[1435],"acf":[],"yoast_head":"<!-- This site is optimized with the Yoast SEO plugin v19.2 - https:\/\/yoast.com\/wordpress\/plugins\/seo\/ -->\n<title>Francisco: &quot;A alegria do sacerdote \u00e9 um bem precioso&quot; - Not\u00edcias - Franciscanos<\/title>\n<meta name=\"robots\" content=\"index, follow, max-snippet:-1, max-image-preview:large, max-video-preview:-1\" \/>\n<link rel=\"canonical\" href=\"https:\/\/franciscanos.org.br\/noticias\/francisco-a-alegria-do-sacerdote-e-um-bem-precioso.html\" \/>\n<meta property=\"og:locale\" content=\"pt_BR\" \/>\n<meta property=\"og:type\" content=\"article\" \/>\n<meta property=\"og:title\" content=\"Francisco: &quot;A alegria do sacerdote \u00e9 um bem precioso&quot; - Not\u00edcias - Franciscanos\" \/>\n<meta property=\"og:description\" content=\"Missa do Crisma\" \/>\n<meta property=\"og:url\" content=\"https:\/\/franciscanos.org.br\/noticias\/francisco-a-alegria-do-sacerdote-e-um-bem-precioso.html\" \/>\n<meta property=\"og:site_name\" content=\"Not\u00edcias - Franciscanos\" \/>\n<meta property=\"article:published_time\" content=\"2014-04-17T10:50:53+00:00\" \/>\n<meta property=\"article:modified_time\" content=\"2020-06-10T21:52:48+00:00\" \/>\n<meta property=\"og:image\" content=\"https:\/\/franciscanos.org.br\/noticias\/wp-content\/uploads\/2014\/04\/papa2.jpg\" \/>\n\t<meta property=\"og:image:width\" content=\"273\" \/>\n\t<meta property=\"og:image:height\" content=\"181\" \/>\n\t<meta property=\"og:image:type\" content=\"image\/jpeg\" \/>\n<meta name=\"author\" content=\"admin\" \/>\n<meta name=\"twitter:card\" content=\"summary_large_image\" \/>\n<meta name=\"twitter:label1\" content=\"Escrito por\" \/>\n\t<meta name=\"twitter:data1\" content=\"admin\" \/>\n\t<meta name=\"twitter:label2\" content=\"Est. tempo de leitura\" \/>\n\t<meta name=\"twitter:data2\" content=\"9 minutos\" \/>\n<script type=\"application\/ld+json\" class=\"yoast-schema-graph\">{\"@context\":\"https:\/\/schema.org\",\"@graph\":[{\"@type\":\"WebSite\",\"@id\":\"https:\/\/franciscanos.org.br\/noticias\/#website\",\"url\":\"https:\/\/franciscanos.org.br\/noticias\/\",\"name\":\"Not\u00edcias - Franciscanos\",\"description\":\"Prov\u00edncia Franciscana da Imaculada Concei\u00e7\u00e3o do Brasil - Ordem dos Frades Menores - OFM\",\"potentialAction\":[{\"@type\":\"SearchAction\",\"target\":{\"@type\":\"EntryPoint\",\"urlTemplate\":\"https:\/\/franciscanos.org.br\/noticias\/?s={search_term_string}\"},\"query-input\":\"required name=search_term_string\"}],\"inLanguage\":\"pt-BR\"},{\"@type\":\"ImageObject\",\"inLanguage\":\"pt-BR\",\"@id\":\"https:\/\/franciscanos.org.br\/noticias\/francisco-a-alegria-do-sacerdote-e-um-bem-precioso.html#primaryimage\",\"url\":\"https:\/\/franciscanos.org.br\/noticias\/wp-content\/uploads\/2014\/04\/papa2.jpg\",\"contentUrl\":\"https:\/\/franciscanos.org.br\/noticias\/wp-content\/uploads\/2014\/04\/papa2.jpg\",\"width\":273,\"height\":181},{\"@type\":\"WebPage\",\"@id\":\"https:\/\/franciscanos.org.br\/noticias\/francisco-a-alegria-do-sacerdote-e-um-bem-precioso.html#webpage\",\"url\":\"https:\/\/franciscanos.org.br\/noticias\/francisco-a-alegria-do-sacerdote-e-um-bem-precioso.html\",\"name\":\"Francisco: \\\"A alegria do sacerdote \u00e9 um bem precioso\\\" - Not\u00edcias - Franciscanos\",\"isPartOf\":{\"@id\":\"https:\/\/franciscanos.org.br\/noticias\/#website\"},\"primaryImageOfPage\":{\"@id\":\"https:\/\/franciscanos.org.br\/noticias\/francisco-a-alegria-do-sacerdote-e-um-bem-precioso.html#primaryimage\"},\"datePublished\":\"2014-04-17T10:50:53+00:00\",\"dateModified\":\"2020-06-10T21:52:48+00:00\",\"author\":{\"@id\":\"https:\/\/franciscanos.org.br\/noticias\/#\/schema\/person\/b38fbf43118f02820bd932f2e4b14ad3\"},\"breadcrumb\":{\"@id\":\"https:\/\/franciscanos.org.br\/noticias\/francisco-a-alegria-do-sacerdote-e-um-bem-precioso.html#breadcrumb\"},\"inLanguage\":\"pt-BR\",\"potentialAction\":[{\"@type\":\"ReadAction\",\"target\":[\"https:\/\/franciscanos.org.br\/noticias\/francisco-a-alegria-do-sacerdote-e-um-bem-precioso.html\"]}]},{\"@type\":\"BreadcrumbList\",\"@id\":\"https:\/\/franciscanos.org.br\/noticias\/francisco-a-alegria-do-sacerdote-e-um-bem-precioso.html#breadcrumb\",\"itemListElement\":[{\"@type\":\"ListItem\",\"position\":1,\"name\":\"Home\",\"item\":\"https:\/\/franciscanos.org.br\/noticias\"},{\"@type\":\"ListItem\",\"position\":2,\"name\":\"Francisco: &#8220;A alegria do sacerdote \u00e9 um bem precioso&#8221;\"}]},{\"@type\":\"Person\",\"@id\":\"https:\/\/franciscanos.org.br\/noticias\/#\/schema\/person\/b38fbf43118f02820bd932f2e4b14ad3\",\"name\":\"admin\",\"image\":{\"@type\":\"ImageObject\",\"inLanguage\":\"pt-BR\",\"@id\":\"https:\/\/franciscanos.org.br\/noticias\/#\/schema\/person\/image\/\",\"url\":\"https:\/\/secure.gravatar.com\/avatar\/e8495742d34d0ba6448ea1c628263b3e?s=96&d=mm&r=g\",\"contentUrl\":\"https:\/\/secure.gravatar.com\/avatar\/e8495742d34d0ba6448ea1c628263b3e?s=96&d=mm&r=g\",\"caption\":\"admin\"},\"url\":\"https:\/\/franciscanos.org.br\/noticias\/author\/admin\"}]}<\/script>\n<!-- \/ Yoast SEO plugin. -->","yoast_head_json":{"title":"Francisco: \"A alegria do sacerdote \u00e9 um bem precioso\" - Not\u00edcias - Franciscanos","robots":{"index":"index","follow":"follow","max-snippet":"max-snippet:-1","max-image-preview":"max-image-preview:large","max-video-preview":"max-video-preview:-1"},"canonical":"https:\/\/franciscanos.org.br\/noticias\/francisco-a-alegria-do-sacerdote-e-um-bem-precioso.html","og_locale":"pt_BR","og_type":"article","og_title":"Francisco: \"A alegria do sacerdote \u00e9 um bem precioso\" - Not\u00edcias - Franciscanos","og_description":"Missa do Crisma","og_url":"https:\/\/franciscanos.org.br\/noticias\/francisco-a-alegria-do-sacerdote-e-um-bem-precioso.html","og_site_name":"Not\u00edcias - Franciscanos","article_published_time":"2014-04-17T10:50:53+00:00","article_modified_time":"2020-06-10T21:52:48+00:00","og_image":[{"width":273,"height":181,"url":"https:\/\/franciscanos.org.br\/noticias\/wp-content\/uploads\/2014\/04\/papa2.jpg","type":"image\/jpeg"}],"author":"admin","twitter_card":"summary_large_image","twitter_misc":{"Escrito por":"admin","Est. tempo de leitura":"9 minutos"},"schema":{"@context":"https:\/\/schema.org","@graph":[{"@type":"WebSite","@id":"https:\/\/franciscanos.org.br\/noticias\/#website","url":"https:\/\/franciscanos.org.br\/noticias\/","name":"Not\u00edcias - Franciscanos","description":"Prov\u00edncia Franciscana da Imaculada Concei\u00e7\u00e3o do Brasil - Ordem dos Frades Menores - OFM","potentialAction":[{"@type":"SearchAction","target":{"@type":"EntryPoint","urlTemplate":"https:\/\/franciscanos.org.br\/noticias\/?s={search_term_string}"},"query-input":"required name=search_term_string"}],"inLanguage":"pt-BR"},{"@type":"ImageObject","inLanguage":"pt-BR","@id":"https:\/\/franciscanos.org.br\/noticias\/francisco-a-alegria-do-sacerdote-e-um-bem-precioso.html#primaryimage","url":"https:\/\/franciscanos.org.br\/noticias\/wp-content\/uploads\/2014\/04\/papa2.jpg","contentUrl":"https:\/\/franciscanos.org.br\/noticias\/wp-content\/uploads\/2014\/04\/papa2.jpg","width":273,"height":181},{"@type":"WebPage","@id":"https:\/\/franciscanos.org.br\/noticias\/francisco-a-alegria-do-sacerdote-e-um-bem-precioso.html#webpage","url":"https:\/\/franciscanos.org.br\/noticias\/francisco-a-alegria-do-sacerdote-e-um-bem-precioso.html","name":"Francisco: \"A alegria do sacerdote \u00e9 um bem precioso\" - Not\u00edcias - Franciscanos","isPartOf":{"@id":"https:\/\/franciscanos.org.br\/noticias\/#website"},"primaryImageOfPage":{"@id":"https:\/\/franciscanos.org.br\/noticias\/francisco-a-alegria-do-sacerdote-e-um-bem-precioso.html#primaryimage"},"datePublished":"2014-04-17T10:50:53+00:00","dateModified":"2020-06-10T21:52:48+00:00","author":{"@id":"https:\/\/franciscanos.org.br\/noticias\/#\/schema\/person\/b38fbf43118f02820bd932f2e4b14ad3"},"breadcrumb":{"@id":"https:\/\/franciscanos.org.br\/noticias\/francisco-a-alegria-do-sacerdote-e-um-bem-precioso.html#breadcrumb"},"inLanguage":"pt-BR","potentialAction":[{"@type":"ReadAction","target":["https:\/\/franciscanos.org.br\/noticias\/francisco-a-alegria-do-sacerdote-e-um-bem-precioso.html"]}]},{"@type":"BreadcrumbList","@id":"https:\/\/franciscanos.org.br\/noticias\/francisco-a-alegria-do-sacerdote-e-um-bem-precioso.html#breadcrumb","itemListElement":[{"@type":"ListItem","position":1,"name":"Home","item":"https:\/\/franciscanos.org.br\/noticias"},{"@type":"ListItem","position":2,"name":"Francisco: &#8220;A alegria do sacerdote \u00e9 um bem precioso&#8221;"}]},{"@type":"Person","@id":"https:\/\/franciscanos.org.br\/noticias\/#\/schema\/person\/b38fbf43118f02820bd932f2e4b14ad3","name":"admin","image":{"@type":"ImageObject","inLanguage":"pt-BR","@id":"https:\/\/franciscanos.org.br\/noticias\/#\/schema\/person\/image\/","url":"https:\/\/secure.gravatar.com\/avatar\/e8495742d34d0ba6448ea1c628263b3e?s=96&d=mm&r=g","contentUrl":"https:\/\/secure.gravatar.com\/avatar\/e8495742d34d0ba6448ea1c628263b3e?s=96&d=mm&r=g","caption":"admin"},"url":"https:\/\/franciscanos.org.br\/noticias\/author\/admin"}]}},"_links":{"self":[{"href":"https:\/\/franciscanos.org.br\/noticias\/wp-json\/wp\/v2\/posts\/57361"}],"collection":[{"href":"https:\/\/franciscanos.org.br\/noticias\/wp-json\/wp\/v2\/posts"}],"about":[{"href":"https:\/\/franciscanos.org.br\/noticias\/wp-json\/wp\/v2\/types\/post"}],"author":[{"embeddable":true,"href":"https:\/\/franciscanos.org.br\/noticias\/wp-json\/wp\/v2\/users\/1"}],"replies":[{"embeddable":true,"href":"https:\/\/franciscanos.org.br\/noticias\/wp-json\/wp\/v2\/comments?post=57361"}],"version-history":[{"count":2,"href":"https:\/\/franciscanos.org.br\/noticias\/wp-json\/wp\/v2\/posts\/57361\/revisions"}],"predecessor-version":[{"id":226233,"href":"https:\/\/franciscanos.org.br\/noticias\/wp-json\/wp\/v2\/posts\/57361\/revisions\/226233"}],"wp:featuredmedia":[{"embeddable":true,"href":"https:\/\/franciscanos.org.br\/noticias\/wp-json\/wp\/v2\/media\/218766"}],"wp:attachment":[{"href":"https:\/\/franciscanos.org.br\/noticias\/wp-json\/wp\/v2\/media?parent=57361"}],"wp:term":[{"taxonomy":"category","embeddable":true,"href":"https:\/\/franciscanos.org.br\/noticias\/wp-json\/wp\/v2\/categories?post=57361"},{"taxonomy":"post_tag","embeddable":true,"href":"https:\/\/franciscanos.org.br\/noticias\/wp-json\/wp\/v2\/tags?post=57361"}],"curies":[{"name":"wp","href":"https:\/\/api.w.org\/{rel}","templated":true}]}}