{"id":57343,"date":"2014-04-16T20:09:56","date_gmt":"2014-04-16T23:09:56","guid":{"rendered":"http:\/\/new.franciscanos.org.br\/?p=57343"},"modified":"2020-02-06T13:06:40","modified_gmt":"2020-02-06T16:06:40","slug":"dom-joao-bosco-e-nomeado-bispo-de-osasco","status":"publish","type":"post","link":"https:\/\/franciscanos.org.br\/noticias\/dom-joao-bosco-e-nomeado-bispo-de-osasco.html","title":{"rendered":"Dom Jo\u00e3o Bosco \u00e9 nomeado bispo da Diocese de Osasco"},"content":{"rendered":"<p><a href=\"http:\/\/franciscanos.org.br\/wp-content\/uploads\/2014\/04\/dbosco.jpg\"><img loading=\"lazy\" class=\"alignright size-full wp-image-57345\" src=\"http:\/\/franciscanos.org.br\/wp-content\/uploads\/2014\/04\/dbosco.jpg\" alt=\"dbosco\" width=\"358\" height=\"350\" \/><\/a>Em mensagem, a Confer\u00eancia Nacional dos Bispos do Brasil (CNBB) sa\u00fada Dom Jo\u00e3o Bosco Barbosa de Sousa, nomeado hoje, 16 de abril, pelo Papa Francisco, bispo da diocese de Osasco (SP). Dom Jo\u00e3o Bosco, at\u00e9 o momento, era bispo de Uni\u00e3o da Vit\u00f3ria (PR). O texto \u00e9 assinada pelo bispo auxiliar de Bras\u00edlia e secret\u00e1rio geral da CNBB, dom Leonardo Ulrich Steiner.<\/p>\n<p>Leia, na \u00edntegra.<\/p>\n<p><em>Sauda\u00e7\u00e3o a Dom Jo\u00e3o Bosco Barbosa de Sousa<\/em><\/p>\n<p><em>A Confer\u00eancia Nacional dos Bispos do Brasil &#8211; CNBB congratula-se com Dom Jo\u00e3o Bosco Barbosa de Sousa, que foi nomeado hoje, 16 de abril, pelo Papa Francisco, como novo bispo da diocese de Osasco (SP), sendo transferido da diocese de Uni\u00e3o da Vit\u00f3ria (PR).<\/em><\/p>\n<p><em>O lema episcopal de Dom Jo\u00e3o Bosco, \u201cCristo nossa vit\u00f3ria\u201d, faz-nos recordar as palavras do Santo Padre, o beato Jo\u00e3o Paulo II, na Enc\u00edclica Redemptor Hominis, de que a miss\u00e3o da Igreja \u00e9 impulsionada pelas \u201cluzes e for\u00e7as do Esp\u00edrito que prov\u00eam de Cristo crucificado e ressuscitado\u201d (RH, 18).<\/em><\/p>\n<p><em>Acompanhamos Dom Jo\u00e3o Bosco com nossas preces, suplicando a Deus para que fa\u00e7a frutificar em muitas b\u00ean\u00e7\u00e3os seu pastoreio junto a todas as comunidades da Igreja Particular de Osasco, sob a prote\u00e7\u00e3o de S\u00e3o Francisco de Assis.<\/em><\/p>\n<p><em>Na ocasi\u00e3o, em nome dos irm\u00e3os do episcopado, agradecemos a dom Erc\u00edlio Turco a dedica\u00e7\u00e3o \u00e0 diocese de Osasco. O Senhor lhe conceda sa\u00fade e paz.<\/em><\/p>\n<p><strong>FRANCISCANO<\/strong><\/p>\n<p>Frei Jo\u00e3o Bosco nasceu no dia 8 de dezembro de 1952 e ingressou na Ordem dos Frades Menores pela Prov\u00edncia Franciscana da Imaculada Concei\u00e7\u00e3o no dia 20 de janeiro de 1971. Fez a profiss\u00e3o solene no dia 4 de outubro de 1975 e foi ordenado sacerdote no dia 7 de janeiro de 1978.<\/p>\n<p>Sua primeira transfer\u00eancia foi para S\u00e3o Paulo, onde se tornou vig\u00e1rio paroquial na Igreja Santo Ant\u00f4nio do Pari (1978-1982) e depois p\u00e1roco da Igreja de S\u00e3o Francisco de Assis (1983-1987; 1995-1997).<\/p>\n<p>Formado em jornalismo, Frei Jo\u00e3o foi diretor de produ\u00e7\u00e3o da ag\u00eancia Sonoviso do Brasil, produtora de audiovisuais de car\u00e1ter religioso e formativo, na arquidiocese do Rio de Janeiro (1988-1994). De 98 a 2000, participou do Conselho Provincial, per\u00edodo em que residiu em Pato Branco, no Paran\u00e1, onde foi tamb\u00e9m p\u00e1roco da Igreja S\u00e3o Pedro Ap\u00f3stolo e presidente da Funda\u00e7\u00e3o Celinauta &#8211; R\u00e1dio e TV, fun\u00e7\u00f5es que desempenhou at\u00e9 2003. A partir de 2004, voltou para S\u00e3o Paulo, como p\u00e1roco da Igreja de S\u00e3o Francisco de Assis.<\/p>\n<p>Frei Jo\u00e3o Bosco Barbosa de Sousa foi nomeado bispo pelo Papa Bento XVI para a Diocese de Uni\u00e3o da Vit\u00f3ria, no Paran\u00e1. Ordena\u00e7\u00e3o Episcopal ocorreu em 25 de mar\u00e7o de 2007 na Par\u00f3quia S\u00e3o Francisco de Assis; ordenante principal: Dom Frei Cl\u00e1udio Cardeal Hummes. e Co-ordenantes: Dom Frei Lu\u00eds Fl\u00e1vio Cappio e Dom Ant\u00f4nio Celso Queiroz.<\/p>\n","protected":false},"excerpt":{"rendered":"<p>Bispo franciscano<\/p>\n","protected":false},"author":1,"featured_media":218763,"comment_status":"closed","ping_status":"open","sticky":false,"template":"","format":"standard","meta":[],"categories":[1],"tags":[],"acf":[],"yoast_head":"<!-- This site is optimized with the Yoast SEO plugin v19.2 - https:\/\/yoast.com\/wordpress\/plugins\/seo\/ -->\n<title>Dom Jo\u00e3o Bosco \u00e9 nomeado bispo da Diocese de Osasco - Not\u00edcias - Franciscanos<\/title>\n<meta name=\"robots\" content=\"index, follow, max-snippet:-1, max-image-preview:large, max-video-preview:-1\" \/>\n<link rel=\"canonical\" href=\"https:\/\/franciscanos.org.br\/noticias\/dom-joao-bosco-e-nomeado-bispo-de-osasco.html\" \/>\n<meta property=\"og:locale\" content=\"pt_BR\" \/>\n<meta property=\"og:type\" content=\"article\" \/>\n<meta property=\"og:title\" content=\"Dom Jo\u00e3o Bosco \u00e9 nomeado bispo da Diocese de Osasco - Not\u00edcias - Franciscanos\" \/>\n<meta property=\"og:description\" content=\"Bispo franciscano\" \/>\n<meta property=\"og:url\" content=\"https:\/\/franciscanos.org.br\/noticias\/dom-joao-bosco-e-nomeado-bispo-de-osasco.html\" \/>\n<meta property=\"og:site_name\" content=\"Not\u00edcias - Franciscanos\" \/>\n<meta property=\"article:published_time\" content=\"2014-04-16T23:09:56+00:00\" \/>\n<meta property=\"article:modified_time\" content=\"2020-02-06T16:06:40+00:00\" \/>\n<meta property=\"og:image\" content=\"https:\/\/franciscanos.org.br\/noticias\/wp-content\/uploads\/2014\/04\/dbosco.jpg\" \/>\n\t<meta property=\"og:image:width\" content=\"273\" \/>\n\t<meta property=\"og:image:height\" content=\"181\" \/>\n\t<meta property=\"og:image:type\" content=\"image\/jpeg\" \/>\n<meta name=\"author\" content=\"admin\" \/>\n<meta name=\"twitter:card\" content=\"summary_large_image\" \/>\n<meta name=\"twitter:label1\" content=\"Escrito por\" \/>\n\t<meta name=\"twitter:data1\" content=\"admin\" \/>\n\t<meta name=\"twitter:label2\" content=\"Est. tempo de leitura\" \/>\n\t<meta name=\"twitter:data2\" content=\"3 minutos\" \/>\n<script type=\"application\/ld+json\" class=\"yoast-schema-graph\">{\"@context\":\"https:\/\/schema.org\",\"@graph\":[{\"@type\":\"WebSite\",\"@id\":\"https:\/\/franciscanos.org.br\/noticias\/#website\",\"url\":\"https:\/\/franciscanos.org.br\/noticias\/\",\"name\":\"Not\u00edcias - Franciscanos\",\"description\":\"Prov\u00edncia Franciscana da Imaculada Concei\u00e7\u00e3o do Brasil - Ordem dos Frades Menores - OFM\",\"potentialAction\":[{\"@type\":\"SearchAction\",\"target\":{\"@type\":\"EntryPoint\",\"urlTemplate\":\"https:\/\/franciscanos.org.br\/noticias\/?s={search_term_string}\"},\"query-input\":\"required name=search_term_string\"}],\"inLanguage\":\"pt-BR\"},{\"@type\":\"ImageObject\",\"inLanguage\":\"pt-BR\",\"@id\":\"https:\/\/franciscanos.org.br\/noticias\/dom-joao-bosco-e-nomeado-bispo-de-osasco.html#primaryimage\",\"url\":\"https:\/\/franciscanos.org.br\/noticias\/wp-content\/uploads\/2014\/04\/dbosco.jpg\",\"contentUrl\":\"https:\/\/franciscanos.org.br\/noticias\/wp-content\/uploads\/2014\/04\/dbosco.jpg\",\"width\":273,\"height\":181},{\"@type\":\"WebPage\",\"@id\":\"https:\/\/franciscanos.org.br\/noticias\/dom-joao-bosco-e-nomeado-bispo-de-osasco.html#webpage\",\"url\":\"https:\/\/franciscanos.org.br\/noticias\/dom-joao-bosco-e-nomeado-bispo-de-osasco.html\",\"name\":\"Dom Jo\u00e3o Bosco \u00e9 nomeado bispo da Diocese de Osasco - Not\u00edcias - Franciscanos\",\"isPartOf\":{\"@id\":\"https:\/\/franciscanos.org.br\/noticias\/#website\"},\"primaryImageOfPage\":{\"@id\":\"https:\/\/franciscanos.org.br\/noticias\/dom-joao-bosco-e-nomeado-bispo-de-osasco.html#primaryimage\"},\"datePublished\":\"2014-04-16T23:09:56+00:00\",\"dateModified\":\"2020-02-06T16:06:40+00:00\",\"author\":{\"@id\":\"https:\/\/franciscanos.org.br\/noticias\/#\/schema\/person\/b38fbf43118f02820bd932f2e4b14ad3\"},\"breadcrumb\":{\"@id\":\"https:\/\/franciscanos.org.br\/noticias\/dom-joao-bosco-e-nomeado-bispo-de-osasco.html#breadcrumb\"},\"inLanguage\":\"pt-BR\",\"potentialAction\":[{\"@type\":\"ReadAction\",\"target\":[\"https:\/\/franciscanos.org.br\/noticias\/dom-joao-bosco-e-nomeado-bispo-de-osasco.html\"]}]},{\"@type\":\"BreadcrumbList\",\"@id\":\"https:\/\/franciscanos.org.br\/noticias\/dom-joao-bosco-e-nomeado-bispo-de-osasco.html#breadcrumb\",\"itemListElement\":[{\"@type\":\"ListItem\",\"position\":1,\"name\":\"Home\",\"item\":\"https:\/\/franciscanos.org.br\/noticias\"},{\"@type\":\"ListItem\",\"position\":2,\"name\":\"Dom Jo\u00e3o Bosco \u00e9 nomeado bispo da Diocese de Osasco\"}]},{\"@type\":\"Person\",\"@id\":\"https:\/\/franciscanos.org.br\/noticias\/#\/schema\/person\/b38fbf43118f02820bd932f2e4b14ad3\",\"name\":\"admin\",\"image\":{\"@type\":\"ImageObject\",\"inLanguage\":\"pt-BR\",\"@id\":\"https:\/\/franciscanos.org.br\/noticias\/#\/schema\/person\/image\/\",\"url\":\"https:\/\/secure.gravatar.com\/avatar\/e8495742d34d0ba6448ea1c628263b3e?s=96&d=mm&r=g\",\"contentUrl\":\"https:\/\/secure.gravatar.com\/avatar\/e8495742d34d0ba6448ea1c628263b3e?s=96&d=mm&r=g\",\"caption\":\"admin\"},\"url\":\"https:\/\/franciscanos.org.br\/noticias\/author\/admin\"}]}<\/script>\n<!-- \/ Yoast SEO plugin. -->","yoast_head_json":{"title":"Dom Jo\u00e3o Bosco \u00e9 nomeado bispo da Diocese de Osasco - Not\u00edcias - Franciscanos","robots":{"index":"index","follow":"follow","max-snippet":"max-snippet:-1","max-image-preview":"max-image-preview:large","max-video-preview":"max-video-preview:-1"},"canonical":"https:\/\/franciscanos.org.br\/noticias\/dom-joao-bosco-e-nomeado-bispo-de-osasco.html","og_locale":"pt_BR","og_type":"article","og_title":"Dom Jo\u00e3o Bosco \u00e9 nomeado bispo da Diocese de Osasco - Not\u00edcias - Franciscanos","og_description":"Bispo franciscano","og_url":"https:\/\/franciscanos.org.br\/noticias\/dom-joao-bosco-e-nomeado-bispo-de-osasco.html","og_site_name":"Not\u00edcias - Franciscanos","article_published_time":"2014-04-16T23:09:56+00:00","article_modified_time":"2020-02-06T16:06:40+00:00","og_image":[{"width":273,"height":181,"url":"https:\/\/franciscanos.org.br\/noticias\/wp-content\/uploads\/2014\/04\/dbosco.jpg","type":"image\/jpeg"}],"author":"admin","twitter_card":"summary_large_image","twitter_misc":{"Escrito por":"admin","Est. tempo de leitura":"3 minutos"},"schema":{"@context":"https:\/\/schema.org","@graph":[{"@type":"WebSite","@id":"https:\/\/franciscanos.org.br\/noticias\/#website","url":"https:\/\/franciscanos.org.br\/noticias\/","name":"Not\u00edcias - Franciscanos","description":"Prov\u00edncia Franciscana da Imaculada Concei\u00e7\u00e3o do Brasil - Ordem dos Frades Menores - OFM","potentialAction":[{"@type":"SearchAction","target":{"@type":"EntryPoint","urlTemplate":"https:\/\/franciscanos.org.br\/noticias\/?s={search_term_string}"},"query-input":"required name=search_term_string"}],"inLanguage":"pt-BR"},{"@type":"ImageObject","inLanguage":"pt-BR","@id":"https:\/\/franciscanos.org.br\/noticias\/dom-joao-bosco-e-nomeado-bispo-de-osasco.html#primaryimage","url":"https:\/\/franciscanos.org.br\/noticias\/wp-content\/uploads\/2014\/04\/dbosco.jpg","contentUrl":"https:\/\/franciscanos.org.br\/noticias\/wp-content\/uploads\/2014\/04\/dbosco.jpg","width":273,"height":181},{"@type":"WebPage","@id":"https:\/\/franciscanos.org.br\/noticias\/dom-joao-bosco-e-nomeado-bispo-de-osasco.html#webpage","url":"https:\/\/franciscanos.org.br\/noticias\/dom-joao-bosco-e-nomeado-bispo-de-osasco.html","name":"Dom Jo\u00e3o Bosco \u00e9 nomeado bispo da Diocese de Osasco - Not\u00edcias - Franciscanos","isPartOf":{"@id":"https:\/\/franciscanos.org.br\/noticias\/#website"},"primaryImageOfPage":{"@id":"https:\/\/franciscanos.org.br\/noticias\/dom-joao-bosco-e-nomeado-bispo-de-osasco.html#primaryimage"},"datePublished":"2014-04-16T23:09:56+00:00","dateModified":"2020-02-06T16:06:40+00:00","author":{"@id":"https:\/\/franciscanos.org.br\/noticias\/#\/schema\/person\/b38fbf43118f02820bd932f2e4b14ad3"},"breadcrumb":{"@id":"https:\/\/franciscanos.org.br\/noticias\/dom-joao-bosco-e-nomeado-bispo-de-osasco.html#breadcrumb"},"inLanguage":"pt-BR","potentialAction":[{"@type":"ReadAction","target":["https:\/\/franciscanos.org.br\/noticias\/dom-joao-bosco-e-nomeado-bispo-de-osasco.html"]}]},{"@type":"BreadcrumbList","@id":"https:\/\/franciscanos.org.br\/noticias\/dom-joao-bosco-e-nomeado-bispo-de-osasco.html#breadcrumb","itemListElement":[{"@type":"ListItem","position":1,"name":"Home","item":"https:\/\/franciscanos.org.br\/noticias"},{"@type":"ListItem","position":2,"name":"Dom Jo\u00e3o Bosco \u00e9 nomeado bispo da Diocese de Osasco"}]},{"@type":"Person","@id":"https:\/\/franciscanos.org.br\/noticias\/#\/schema\/person\/b38fbf43118f02820bd932f2e4b14ad3","name":"admin","image":{"@type":"ImageObject","inLanguage":"pt-BR","@id":"https:\/\/franciscanos.org.br\/noticias\/#\/schema\/person\/image\/","url":"https:\/\/secure.gravatar.com\/avatar\/e8495742d34d0ba6448ea1c628263b3e?s=96&d=mm&r=g","contentUrl":"https:\/\/secure.gravatar.com\/avatar\/e8495742d34d0ba6448ea1c628263b3e?s=96&d=mm&r=g","caption":"admin"},"url":"https:\/\/franciscanos.org.br\/noticias\/author\/admin"}]}},"_links":{"self":[{"href":"https:\/\/franciscanos.org.br\/noticias\/wp-json\/wp\/v2\/posts\/57343"}],"collection":[{"href":"https:\/\/franciscanos.org.br\/noticias\/wp-json\/wp\/v2\/posts"}],"about":[{"href":"https:\/\/franciscanos.org.br\/noticias\/wp-json\/wp\/v2\/types\/post"}],"author":[{"embeddable":true,"href":"https:\/\/franciscanos.org.br\/noticias\/wp-json\/wp\/v2\/users\/1"}],"replies":[{"embeddable":true,"href":"https:\/\/franciscanos.org.br\/noticias\/wp-json\/wp\/v2\/comments?post=57343"}],"version-history":[{"count":0,"href":"https:\/\/franciscanos.org.br\/noticias\/wp-json\/wp\/v2\/posts\/57343\/revisions"}],"wp:featuredmedia":[{"embeddable":true,"href":"https:\/\/franciscanos.org.br\/noticias\/wp-json\/wp\/v2\/media\/218763"}],"wp:attachment":[{"href":"https:\/\/franciscanos.org.br\/noticias\/wp-json\/wp\/v2\/media?parent=57343"}],"wp:term":[{"taxonomy":"category","embeddable":true,"href":"https:\/\/franciscanos.org.br\/noticias\/wp-json\/wp\/v2\/categories?post=57343"},{"taxonomy":"post_tag","embeddable":true,"href":"https:\/\/franciscanos.org.br\/noticias\/wp-json\/wp\/v2\/tags?post=57343"}],"curies":[{"name":"wp","href":"https:\/\/api.w.org\/{rel}","templated":true}]}}