{"id":57265,"date":"2014-04-16T07:38:30","date_gmt":"2014-04-16T10:38:30","guid":{"rendered":"http:\/\/new.franciscanos.org.br\/?p=57265"},"modified":"2020-02-06T13:05:20","modified_gmt":"2020-02-06T16:05:20","slug":"familias-do-brasil-irao-participar-da-peregrinacao-nacional-em-aparecida","status":"publish","type":"post","link":"https:\/\/franciscanos.org.br\/noticias\/familias-do-brasil-irao-participar-da-peregrinacao-nacional-em-aparecida.html","title":{"rendered":"Fam\u00edlias do Brasil ir\u00e3o participar da Peregrina\u00e7\u00e3o Nacional, em Aparecida"},"content":{"rendered":"<p><img loading=\"lazy\" class=\"alignright size-full wp-image-57268\" src=\"http:\/\/franciscanos.org.br\/wp-content\/uploads\/2014\/04\/cartaz1.jpg\" alt=\"cartaz\" width=\"450\" height=\"322\" \/>Mais de 150 mil pessoas s\u00e3o esperadas para a 6\u00aa Peregrina\u00e7\u00e3o\u00a0e o 4\u00ba Simp\u00f3sio Nacional da Fam\u00edlia organizada pela Comiss\u00e3o Nacional da Pastoral Familiar vinculada \u00e0 Comiss\u00e3o para Vida e Fam\u00edlia da CNBB. Os eventos ser\u00e3o realizados nas depend\u00eancias do Santu\u00e1rio Nacional de Aparecida (SP), nos dias 24 e 25 de maio, e com o \u00a0tema \u201cFam\u00edlia: caminhar com a luz de Cristo e a sabedoria do Evangelho\u201d.<\/p>\n<p>A programa\u00e7\u00e3o do 4\u00ba Simp\u00f3sio inclui celebra\u00e7\u00f5es de missa, confer\u00eancias, anima\u00e7\u00e3o musical, apresenta\u00e7\u00e3o de orquestra, testemunhos de casais, entre outras atividades. A cerim\u00f4nia de abertura contar\u00e1 com as presen\u00e7as do arcebispo de Aparecida, dom Raymundo Damasceno Assis, do presidente da Comiss\u00e3o Episcopal para a Vida e a Fam\u00edlia, dom Jo\u00e3o Carlos Petrini, do assessor nacional, padre Rafael Fornasier, do casal coordenador nacional da Pastoral Familiar, Roque Rhoden e Ver\u00f4nica Melz.<\/p>\n<p>Entre os conferencistas convidados para o Simp\u00f3sio est\u00e3o a poetisa e escritora brasileira, Ad\u00e9lia Prado, que dar\u00e1 seu testemunho sobre a vida em fam\u00edlia e o bispo de Palmas-Francisco Beltr\u00e3o (PR), dom Jos\u00e9 Ant\u00f4nio Peruzzo. O tema \u201cEspiritualidade da fam\u00edlia\u201d ser\u00e1 abordado por dom Peruzzo, que possui doutorado em Ci\u00eancias B\u00edblicas e membro da Comiss\u00e3o Episcopal Pastoral para a Anima\u00e7\u00e3o B\u00edblico-Catequ\u00e9tica da CNBB.<\/p>\n<p><strong>Peregrina\u00e7\u00e3o<\/strong><\/p>\n<p>A missa de abertura da 6\u00aa Peregrina\u00e7\u00e3o Nacional da Fam\u00edlia ser\u00e1 celebrada dia 24, \u00e0s 18h, na Bas\u00edlica do Santu\u00e1rio Nacional de Nossa Senhora Aparecida, presidida pelo cardeal Raymundo Damasceno Assis. No domingo, 25, haver\u00e1 missas, no Santu\u00e1rio, em diferentes hor\u00e1rios, com a participa\u00e7\u00e3o das fam\u00edlias: \u00e0s 5h30, 8h, 10h e ao meio-dia.<\/p>\n<p>Para o bispo de Cama\u00e7ari (BA) e presidente da Comiss\u00e3o Episcopal Pastoral para a Vida e a Fam\u00edlia da CNBB, dom Jo\u00e3o Carlos Petrini, s\u00e3o esperadas muitas fam\u00edlias das dioceses e comunidades pr\u00f3ximas ao Santu\u00e1rio Nacional. Ele destaca que a peregrina\u00e7\u00e3o nacional, al\u00e9m de ser espa\u00e7o de forma\u00e7\u00e3o, possibilita visibilidade das fam\u00edlias brasileiras que est\u00e3o comprometidas com os valores humanos e crist\u00e3os. \u201cA peregrina\u00e7\u00e3o \u00e9 uma oportunidade de mostrar para a sociedade que tem muita gente que deseja ser fam\u00edlia assim como Deus a imaginou, exatamente para ser uma fonte de alegria, de felicidade e realiza\u00e7\u00e3o humana\u201d, explica.<\/p>\n<p><strong>Caravanas<\/strong><br \/>\nA Comiss\u00e3o motiva as dioceses para que organizem suas caravanas rumo ao Santu\u00e1rio Nacional que est\u00e1 preparando uma estrutura de qualidade para atender as fam\u00edlias peregrinas. As atividades do Simp\u00f3sio ser\u00e3o realizadas no Centro de Eventos Padre V\u00edtor, nas imedia\u00e7\u00f5es da Bas\u00edlica. Ser\u00e1 cobrada taxa de participa\u00e7\u00e3o de R$ 3,00 por adulto, idosos e crian\u00e7as n\u00e3o pagam.<\/p>\n<p><strong>Informa\u00e7\u00e3o<\/strong><\/p>\n<p>6\u00aa Peregrina\u00e7\u00e3o\u00a0e o 4\u00ba Simp\u00f3sio Nacional da Fam\u00edlia<\/p>\n<p>24 e 25 de maio de 2014, em Aparecida (SP)<\/p>\n","protected":false},"excerpt":{"rendered":"<p>CNBB<\/p>\n","protected":false},"author":1,"featured_media":218757,"comment_status":"closed","ping_status":"open","sticky":false,"template":"","format":"standard","meta":[],"categories":[1],"tags":[29],"acf":[],"yoast_head":"<!-- This site is optimized with the Yoast SEO plugin v19.2 - https:\/\/yoast.com\/wordpress\/plugins\/seo\/ -->\n<title>Fam\u00edlias do Brasil ir\u00e3o participar da Peregrina\u00e7\u00e3o Nacional, em Aparecida - Not\u00edcias - Franciscanos<\/title>\n<meta name=\"robots\" content=\"index, follow, max-snippet:-1, max-image-preview:large, max-video-preview:-1\" \/>\n<link rel=\"canonical\" href=\"https:\/\/franciscanos.org.br\/noticias\/familias-do-brasil-irao-participar-da-peregrinacao-nacional-em-aparecida.html\" \/>\n<meta property=\"og:locale\" content=\"pt_BR\" \/>\n<meta property=\"og:type\" content=\"article\" \/>\n<meta property=\"og:title\" content=\"Fam\u00edlias do Brasil ir\u00e3o participar da Peregrina\u00e7\u00e3o Nacional, em Aparecida - Not\u00edcias - Franciscanos\" \/>\n<meta property=\"og:description\" content=\"CNBB\" \/>\n<meta property=\"og:url\" content=\"https:\/\/franciscanos.org.br\/noticias\/familias-do-brasil-irao-participar-da-peregrinacao-nacional-em-aparecida.html\" \/>\n<meta property=\"og:site_name\" content=\"Not\u00edcias - Franciscanos\" \/>\n<meta property=\"article:published_time\" content=\"2014-04-16T10:38:30+00:00\" \/>\n<meta property=\"article:modified_time\" content=\"2020-02-06T16:05:20+00:00\" \/>\n<meta property=\"og:image\" content=\"https:\/\/franciscanos.org.br\/noticias\/wp-content\/uploads\/2014\/04\/cartaz1.jpg\" \/>\n\t<meta property=\"og:image:width\" content=\"273\" \/>\n\t<meta property=\"og:image:height\" content=\"182\" \/>\n\t<meta property=\"og:image:type\" content=\"image\/jpeg\" \/>\n<meta name=\"author\" content=\"admin\" \/>\n<meta name=\"twitter:card\" content=\"summary_large_image\" \/>\n<meta name=\"twitter:label1\" content=\"Escrito por\" \/>\n\t<meta name=\"twitter:data1\" content=\"admin\" \/>\n\t<meta name=\"twitter:label2\" content=\"Est. tempo de leitura\" \/>\n\t<meta name=\"twitter:data2\" content=\"2 minutos\" \/>\n<script type=\"application\/ld+json\" class=\"yoast-schema-graph\">{\"@context\":\"https:\/\/schema.org\",\"@graph\":[{\"@type\":\"WebSite\",\"@id\":\"https:\/\/franciscanos.org.br\/noticias\/#website\",\"url\":\"https:\/\/franciscanos.org.br\/noticias\/\",\"name\":\"Not\u00edcias - Franciscanos\",\"description\":\"Prov\u00edncia Franciscana da Imaculada Concei\u00e7\u00e3o do Brasil - Ordem dos Frades Menores - OFM\",\"potentialAction\":[{\"@type\":\"SearchAction\",\"target\":{\"@type\":\"EntryPoint\",\"urlTemplate\":\"https:\/\/franciscanos.org.br\/noticias\/?s={search_term_string}\"},\"query-input\":\"required name=search_term_string\"}],\"inLanguage\":\"pt-BR\"},{\"@type\":\"ImageObject\",\"inLanguage\":\"pt-BR\",\"@id\":\"https:\/\/franciscanos.org.br\/noticias\/familias-do-brasil-irao-participar-da-peregrinacao-nacional-em-aparecida.html#primaryimage\",\"url\":\"https:\/\/franciscanos.org.br\/noticias\/wp-content\/uploads\/2014\/04\/cartaz1.jpg\",\"contentUrl\":\"https:\/\/franciscanos.org.br\/noticias\/wp-content\/uploads\/2014\/04\/cartaz1.jpg\",\"width\":273,\"height\":182},{\"@type\":\"WebPage\",\"@id\":\"https:\/\/franciscanos.org.br\/noticias\/familias-do-brasil-irao-participar-da-peregrinacao-nacional-em-aparecida.html#webpage\",\"url\":\"https:\/\/franciscanos.org.br\/noticias\/familias-do-brasil-irao-participar-da-peregrinacao-nacional-em-aparecida.html\",\"name\":\"Fam\u00edlias do Brasil ir\u00e3o participar da Peregrina\u00e7\u00e3o Nacional, em Aparecida - Not\u00edcias - Franciscanos\",\"isPartOf\":{\"@id\":\"https:\/\/franciscanos.org.br\/noticias\/#website\"},\"primaryImageOfPage\":{\"@id\":\"https:\/\/franciscanos.org.br\/noticias\/familias-do-brasil-irao-participar-da-peregrinacao-nacional-em-aparecida.html#primaryimage\"},\"datePublished\":\"2014-04-16T10:38:30+00:00\",\"dateModified\":\"2020-02-06T16:05:20+00:00\",\"author\":{\"@id\":\"https:\/\/franciscanos.org.br\/noticias\/#\/schema\/person\/b38fbf43118f02820bd932f2e4b14ad3\"},\"breadcrumb\":{\"@id\":\"https:\/\/franciscanos.org.br\/noticias\/familias-do-brasil-irao-participar-da-peregrinacao-nacional-em-aparecida.html#breadcrumb\"},\"inLanguage\":\"pt-BR\",\"potentialAction\":[{\"@type\":\"ReadAction\",\"target\":[\"https:\/\/franciscanos.org.br\/noticias\/familias-do-brasil-irao-participar-da-peregrinacao-nacional-em-aparecida.html\"]}]},{\"@type\":\"BreadcrumbList\",\"@id\":\"https:\/\/franciscanos.org.br\/noticias\/familias-do-brasil-irao-participar-da-peregrinacao-nacional-em-aparecida.html#breadcrumb\",\"itemListElement\":[{\"@type\":\"ListItem\",\"position\":1,\"name\":\"Home\",\"item\":\"https:\/\/franciscanos.org.br\/noticias\"},{\"@type\":\"ListItem\",\"position\":2,\"name\":\"Fam\u00edlias do Brasil ir\u00e3o participar da Peregrina\u00e7\u00e3o Nacional, em Aparecida\"}]},{\"@type\":\"Person\",\"@id\":\"https:\/\/franciscanos.org.br\/noticias\/#\/schema\/person\/b38fbf43118f02820bd932f2e4b14ad3\",\"name\":\"admin\",\"image\":{\"@type\":\"ImageObject\",\"inLanguage\":\"pt-BR\",\"@id\":\"https:\/\/franciscanos.org.br\/noticias\/#\/schema\/person\/image\/\",\"url\":\"https:\/\/secure.gravatar.com\/avatar\/e8495742d34d0ba6448ea1c628263b3e?s=96&d=mm&r=g\",\"contentUrl\":\"https:\/\/secure.gravatar.com\/avatar\/e8495742d34d0ba6448ea1c628263b3e?s=96&d=mm&r=g\",\"caption\":\"admin\"},\"url\":\"https:\/\/franciscanos.org.br\/noticias\/author\/admin\"}]}<\/script>\n<!-- \/ Yoast SEO plugin. -->","yoast_head_json":{"title":"Fam\u00edlias do Brasil ir\u00e3o participar da Peregrina\u00e7\u00e3o Nacional, em Aparecida - Not\u00edcias - Franciscanos","robots":{"index":"index","follow":"follow","max-snippet":"max-snippet:-1","max-image-preview":"max-image-preview:large","max-video-preview":"max-video-preview:-1"},"canonical":"https:\/\/franciscanos.org.br\/noticias\/familias-do-brasil-irao-participar-da-peregrinacao-nacional-em-aparecida.html","og_locale":"pt_BR","og_type":"article","og_title":"Fam\u00edlias do Brasil ir\u00e3o participar da Peregrina\u00e7\u00e3o Nacional, em Aparecida - Not\u00edcias - Franciscanos","og_description":"CNBB","og_url":"https:\/\/franciscanos.org.br\/noticias\/familias-do-brasil-irao-participar-da-peregrinacao-nacional-em-aparecida.html","og_site_name":"Not\u00edcias - Franciscanos","article_published_time":"2014-04-16T10:38:30+00:00","article_modified_time":"2020-02-06T16:05:20+00:00","og_image":[{"width":273,"height":182,"url":"https:\/\/franciscanos.org.br\/noticias\/wp-content\/uploads\/2014\/04\/cartaz1.jpg","type":"image\/jpeg"}],"author":"admin","twitter_card":"summary_large_image","twitter_misc":{"Escrito por":"admin","Est. tempo de leitura":"2 minutos"},"schema":{"@context":"https:\/\/schema.org","@graph":[{"@type":"WebSite","@id":"https:\/\/franciscanos.org.br\/noticias\/#website","url":"https:\/\/franciscanos.org.br\/noticias\/","name":"Not\u00edcias - Franciscanos","description":"Prov\u00edncia Franciscana da Imaculada Concei\u00e7\u00e3o do Brasil - Ordem dos Frades Menores - OFM","potentialAction":[{"@type":"SearchAction","target":{"@type":"EntryPoint","urlTemplate":"https:\/\/franciscanos.org.br\/noticias\/?s={search_term_string}"},"query-input":"required name=search_term_string"}],"inLanguage":"pt-BR"},{"@type":"ImageObject","inLanguage":"pt-BR","@id":"https:\/\/franciscanos.org.br\/noticias\/familias-do-brasil-irao-participar-da-peregrinacao-nacional-em-aparecida.html#primaryimage","url":"https:\/\/franciscanos.org.br\/noticias\/wp-content\/uploads\/2014\/04\/cartaz1.jpg","contentUrl":"https:\/\/franciscanos.org.br\/noticias\/wp-content\/uploads\/2014\/04\/cartaz1.jpg","width":273,"height":182},{"@type":"WebPage","@id":"https:\/\/franciscanos.org.br\/noticias\/familias-do-brasil-irao-participar-da-peregrinacao-nacional-em-aparecida.html#webpage","url":"https:\/\/franciscanos.org.br\/noticias\/familias-do-brasil-irao-participar-da-peregrinacao-nacional-em-aparecida.html","name":"Fam\u00edlias do Brasil ir\u00e3o participar da Peregrina\u00e7\u00e3o Nacional, em Aparecida - Not\u00edcias - Franciscanos","isPartOf":{"@id":"https:\/\/franciscanos.org.br\/noticias\/#website"},"primaryImageOfPage":{"@id":"https:\/\/franciscanos.org.br\/noticias\/familias-do-brasil-irao-participar-da-peregrinacao-nacional-em-aparecida.html#primaryimage"},"datePublished":"2014-04-16T10:38:30+00:00","dateModified":"2020-02-06T16:05:20+00:00","author":{"@id":"https:\/\/franciscanos.org.br\/noticias\/#\/schema\/person\/b38fbf43118f02820bd932f2e4b14ad3"},"breadcrumb":{"@id":"https:\/\/franciscanos.org.br\/noticias\/familias-do-brasil-irao-participar-da-peregrinacao-nacional-em-aparecida.html#breadcrumb"},"inLanguage":"pt-BR","potentialAction":[{"@type":"ReadAction","target":["https:\/\/franciscanos.org.br\/noticias\/familias-do-brasil-irao-participar-da-peregrinacao-nacional-em-aparecida.html"]}]},{"@type":"BreadcrumbList","@id":"https:\/\/franciscanos.org.br\/noticias\/familias-do-brasil-irao-participar-da-peregrinacao-nacional-em-aparecida.html#breadcrumb","itemListElement":[{"@type":"ListItem","position":1,"name":"Home","item":"https:\/\/franciscanos.org.br\/noticias"},{"@type":"ListItem","position":2,"name":"Fam\u00edlias do Brasil ir\u00e3o participar da Peregrina\u00e7\u00e3o Nacional, em Aparecida"}]},{"@type":"Person","@id":"https:\/\/franciscanos.org.br\/noticias\/#\/schema\/person\/b38fbf43118f02820bd932f2e4b14ad3","name":"admin","image":{"@type":"ImageObject","inLanguage":"pt-BR","@id":"https:\/\/franciscanos.org.br\/noticias\/#\/schema\/person\/image\/","url":"https:\/\/secure.gravatar.com\/avatar\/e8495742d34d0ba6448ea1c628263b3e?s=96&d=mm&r=g","contentUrl":"https:\/\/secure.gravatar.com\/avatar\/e8495742d34d0ba6448ea1c628263b3e?s=96&d=mm&r=g","caption":"admin"},"url":"https:\/\/franciscanos.org.br\/noticias\/author\/admin"}]}},"_links":{"self":[{"href":"https:\/\/franciscanos.org.br\/noticias\/wp-json\/wp\/v2\/posts\/57265"}],"collection":[{"href":"https:\/\/franciscanos.org.br\/noticias\/wp-json\/wp\/v2\/posts"}],"about":[{"href":"https:\/\/franciscanos.org.br\/noticias\/wp-json\/wp\/v2\/types\/post"}],"author":[{"embeddable":true,"href":"https:\/\/franciscanos.org.br\/noticias\/wp-json\/wp\/v2\/users\/1"}],"replies":[{"embeddable":true,"href":"https:\/\/franciscanos.org.br\/noticias\/wp-json\/wp\/v2\/comments?post=57265"}],"version-history":[{"count":0,"href":"https:\/\/franciscanos.org.br\/noticias\/wp-json\/wp\/v2\/posts\/57265\/revisions"}],"wp:featuredmedia":[{"embeddable":true,"href":"https:\/\/franciscanos.org.br\/noticias\/wp-json\/wp\/v2\/media\/218757"}],"wp:attachment":[{"href":"https:\/\/franciscanos.org.br\/noticias\/wp-json\/wp\/v2\/media?parent=57265"}],"wp:term":[{"taxonomy":"category","embeddable":true,"href":"https:\/\/franciscanos.org.br\/noticias\/wp-json\/wp\/v2\/categories?post=57265"},{"taxonomy":"post_tag","embeddable":true,"href":"https:\/\/franciscanos.org.br\/noticias\/wp-json\/wp\/v2\/tags?post=57265"}],"curies":[{"name":"wp","href":"https:\/\/api.w.org\/{rel}","templated":true}]}}