{"id":55610,"date":"2014-04-07T09:53:13","date_gmt":"2014-04-07T12:53:13","guid":{"rendered":"http:\/\/new.franciscanos.org.br\/?p=55610"},"modified":"2020-02-06T12:45:56","modified_gmt":"2020-02-06T15:45:56","slug":"universidade-registra-crescimento-de-141-nos-ultimos-4-anos","status":"publish","type":"post","link":"https:\/\/franciscanos.org.br\/noticias\/universidade-registra-crescimento-de-141-nos-ultimos-4-anos.html","title":{"rendered":"Universidade registra crescimento de 141% nos \u00faltimos 4 anos"},"content":{"rendered":"<blockquote><p><i><img loading=\"lazy\" class=\"alignright size-full wp-image-56032\" src=\"http:\/\/franciscanos.org.br\/wp-content\/uploads\/2014\/04\/GUI_9690.jpg\" alt=\"GUI_9690\" width=\"450\" height=\"299\" \/>Resultados demonstram sucesso nas estrat\u00e9gias de reposicionamento de mercado iniciadas a partir de 2010 pela atual gest\u00e3o; no \u00e2mbito acad\u00eamico, avalia\u00e7\u00f5es externas reafirmam a qualidade de ensino.<\/i><\/p><\/blockquote>\n<p>A Universidade S\u00e3o Francisco (USF) cresceu 141% nos \u00faltimos quatro anos no n\u00famero de alunos ingressantes, somando quase 3 mil novos alunos s\u00f3 no \u00faltimo vestibular. Os dados levantados pelo N\u00facleo de Registro e Controle Acad\u00eamico da institui\u00e7\u00e3o mostram que este crescimento permitiu que a USF alcan\u00e7asse aproximadamente 10 mil alunos matriculados nos seus cursos de gradua\u00e7\u00e3o.<\/p>\n<p>Para se ter uma ideia, de acordo com o CENSO da Educa\u00e7\u00e3o Superior 2012, \u00faltimo realizado pelo Minist\u00e9rio da Educa\u00e7\u00e3o (MEC), a m\u00e9dia nacional de crescimento de ingressantes, entre 2010 e 2012, foi de 25,9%. No mesmo per\u00edodo, a USF registrou um aumento de 38,57%. O desempenho da Universidade \u00e9 ainda mais relevante se considerarmos os \u00faltimos dois anos, quando a USF atingiu o \u00edndice de 73% de crescimento no n\u00famero de novos alunos.<\/p>\n<p>O resultado \u00e9 fruto das profundas mudan\u00e7as realizadas desde 2010 pela atual gest\u00e3o que, com apoio da Mantenedora Casa Nossa Senhora da Paz, renovaram a Universidade e aprofundaram sua inser\u00e7\u00e3o regional. \u201cEm 2010 assumimos a reitoria com o objetivo de promover um reposicionamento da USF, de forma a mant\u00ea-la sustent\u00e1vel no novo cen\u00e1rio do mercado educacional, e ainda garantir a manuten\u00e7\u00e3o e melhoria da qualidade acad\u00eamica. Os resultados come\u00e7aram a ser notados a partir de 2012, com essa evolu\u00e7\u00e3o extraordin\u00e1ria\u201d, comenta o professor Hector Escobar, Reitor da institui\u00e7\u00e3o.<\/p>\n<p>A qualidade dos cursos de gradua\u00e7\u00e3o \u00e9 um dos atrativos que a institui\u00e7\u00e3o oferece aos vestibulandos. Al\u00e9m de conceitos satisfat\u00f3rios nas avalia\u00e7\u00f5es do MEC, a USF obteve boas pontua\u00e7\u00f5es no Guia do Estudante e no Ranking Universit\u00e1rio Folha.<\/p>\n<p>Como universidade, al\u00e9m da gradua\u00e7\u00e3o, considera-se na avalia\u00e7\u00e3o da qualidade a relev\u00e2ncia no \u00e2mbito da pesquisa, \u00e1rea valorizada e reconhecida dentro da USF. \u201cO Programa de P\u00f3s-Gradua\u00e7\u00e3o Stricto Sensu em Psicologia foi novamente avaliado com conceito 6, em uma escala cuja nota m\u00e1xima \u00e9 7, fato que resultou em um convite para o ingresso no PROEX \u2013 Programa de Excel\u00eancia da CAPES, um reconhecimento \u00e0 qualidade da USF que beneficiar\u00e1 diretamente nossos alunos, uma vez que receberemos mais recursos para pesquisas\u201d, explica a professora Iara Fernandes, Pr\u00f3-Reitora de Ensino, Pesquisa e Extens\u00e3o.<\/p>\n<p>Outro ponto que favoreceu o aumento da procura pela institui\u00e7\u00e3o foi o alto \u00edndice de empregabilidade dos alunos, fomentados por meio de conv\u00eanios e parcerias do N\u00facleo de Empregabilidade e Empreendedorismo.\u00a0 \u201cUma prova da seriedade que temos com a forma\u00e7\u00e3o de qualidade dos nossos alunos tem sido o reconhecimento por parte do mercado na busca por estagi\u00e1rios e trainees, para ocuparem cargos em grandes empresas, maioritariamente, multinacionais\u201d, completa o Reitor<\/p>\n<p><img loading=\"lazy\" class=\"alignleft size-full wp-image-56031\" src=\"http:\/\/franciscanos.org.br\/wp-content\/uploads\/2014\/04\/grafico.jpg\" alt=\"grafico\" width=\"450\" height=\"265\" \/>O compromisso social \u00e9 parte da qualidade acad\u00eamica. Como institui\u00e7\u00e3o confessional, a USF tem como miss\u00e3o de vivenciar o legado deixado pelo seu Patrono S\u00e3o Francisco de Assis, de cuidado e apoio \u00e0 comunidade local em que est\u00e1 inserida, \u00e0s quais presta servi\u00e7os gratuitos de assist\u00eancia jur\u00eddica, assist\u00eancia multiprofissional de sa\u00fade, apoio \u00e0 forma\u00e7\u00e3o de professores, coopera\u00e7\u00e3o com \u00f3rg\u00e3os oficiais, atividades culturais, entre outras.<\/p>\n<p>\u201cTodos esses s\u00e3o frutos nascidos do carisma franciscano, semeado pelos frades que aqui trabalharam e, gradativamente, foram incorporados pelos colaboradores de todas as \u00e1reas e fun\u00e7\u00f5es. Pode-se afirmar com seguran\u00e7a que, gra\u00e7as ao trabalho pioneiro de constituir a identidade institucional, a miss\u00e3o da USF \u00e9 hoje conhecida e vivenciada em toda a comunidade universit\u00e1ria, imprimindo um car\u00e1ter pr\u00f3prio \u00e0 sua tarefa educativa\u201d, enfatiza o Reitor.<\/p>\n<p>Os frades da Prov\u00edncia da Imaculada Concei\u00e7\u00e3o do Brasil est\u00e3o presentes na Universidade desde 1976, quando assumiram o Instituto de Ensino Superior da Regi\u00e3o Bragantina.<\/p>\n","protected":false},"excerpt":{"rendered":"<p>USF<\/p>\n","protected":false},"author":1,"featured_media":218710,"comment_status":"closed","ping_status":"open","sticky":false,"template":"","format":"standard","meta":[],"categories":[1],"tags":[354],"acf":[],"yoast_head":"<!-- This site is optimized with the Yoast SEO plugin v19.2 - https:\/\/yoast.com\/wordpress\/plugins\/seo\/ -->\n<title>Universidade registra crescimento de 141% nos \u00faltimos 4 anos - Not\u00edcias - Franciscanos<\/title>\n<meta name=\"robots\" content=\"index, follow, max-snippet:-1, max-image-preview:large, max-video-preview:-1\" \/>\n<link rel=\"canonical\" href=\"https:\/\/franciscanos.org.br\/noticias\/universidade-registra-crescimento-de-141-nos-ultimos-4-anos.html\" \/>\n<meta property=\"og:locale\" content=\"pt_BR\" \/>\n<meta property=\"og:type\" content=\"article\" \/>\n<meta property=\"og:title\" content=\"Universidade registra crescimento de 141% nos \u00faltimos 4 anos - Not\u00edcias - Franciscanos\" \/>\n<meta property=\"og:description\" content=\"USF\" \/>\n<meta property=\"og:url\" content=\"https:\/\/franciscanos.org.br\/noticias\/universidade-registra-crescimento-de-141-nos-ultimos-4-anos.html\" \/>\n<meta property=\"og:site_name\" content=\"Not\u00edcias - Franciscanos\" \/>\n<meta property=\"article:published_time\" content=\"2014-04-07T12:53:13+00:00\" \/>\n<meta property=\"article:modified_time\" content=\"2020-02-06T15:45:56+00:00\" \/>\n<meta property=\"og:image\" content=\"https:\/\/franciscanos.org.br\/noticias\/wp-content\/uploads\/2014\/04\/GUI_9690.jpg\" \/>\n\t<meta property=\"og:image:width\" content=\"273\" \/>\n\t<meta property=\"og:image:height\" content=\"181\" \/>\n\t<meta property=\"og:image:type\" content=\"image\/jpeg\" \/>\n<meta name=\"author\" content=\"admin\" \/>\n<meta name=\"twitter:card\" content=\"summary_large_image\" \/>\n<meta name=\"twitter:label1\" content=\"Escrito por\" \/>\n\t<meta name=\"twitter:data1\" content=\"admin\" \/>\n\t<meta name=\"twitter:label2\" content=\"Est. tempo de leitura\" \/>\n\t<meta name=\"twitter:data2\" content=\"3 minutos\" \/>\n<script type=\"application\/ld+json\" class=\"yoast-schema-graph\">{\"@context\":\"https:\/\/schema.org\",\"@graph\":[{\"@type\":\"WebSite\",\"@id\":\"https:\/\/franciscanos.org.br\/noticias\/#website\",\"url\":\"https:\/\/franciscanos.org.br\/noticias\/\",\"name\":\"Not\u00edcias - Franciscanos\",\"description\":\"Prov\u00edncia Franciscana da Imaculada Concei\u00e7\u00e3o do Brasil - Ordem dos Frades Menores - OFM\",\"potentialAction\":[{\"@type\":\"SearchAction\",\"target\":{\"@type\":\"EntryPoint\",\"urlTemplate\":\"https:\/\/franciscanos.org.br\/noticias\/?s={search_term_string}\"},\"query-input\":\"required name=search_term_string\"}],\"inLanguage\":\"pt-BR\"},{\"@type\":\"ImageObject\",\"inLanguage\":\"pt-BR\",\"@id\":\"https:\/\/franciscanos.org.br\/noticias\/universidade-registra-crescimento-de-141-nos-ultimos-4-anos.html#primaryimage\",\"url\":\"https:\/\/franciscanos.org.br\/noticias\/wp-content\/uploads\/2014\/04\/GUI_9690.jpg\",\"contentUrl\":\"https:\/\/franciscanos.org.br\/noticias\/wp-content\/uploads\/2014\/04\/GUI_9690.jpg\",\"width\":273,\"height\":181},{\"@type\":\"WebPage\",\"@id\":\"https:\/\/franciscanos.org.br\/noticias\/universidade-registra-crescimento-de-141-nos-ultimos-4-anos.html#webpage\",\"url\":\"https:\/\/franciscanos.org.br\/noticias\/universidade-registra-crescimento-de-141-nos-ultimos-4-anos.html\",\"name\":\"Universidade registra crescimento de 141% nos \u00faltimos 4 anos - Not\u00edcias - Franciscanos\",\"isPartOf\":{\"@id\":\"https:\/\/franciscanos.org.br\/noticias\/#website\"},\"primaryImageOfPage\":{\"@id\":\"https:\/\/franciscanos.org.br\/noticias\/universidade-registra-crescimento-de-141-nos-ultimos-4-anos.html#primaryimage\"},\"datePublished\":\"2014-04-07T12:53:13+00:00\",\"dateModified\":\"2020-02-06T15:45:56+00:00\",\"author\":{\"@id\":\"https:\/\/franciscanos.org.br\/noticias\/#\/schema\/person\/b38fbf43118f02820bd932f2e4b14ad3\"},\"breadcrumb\":{\"@id\":\"https:\/\/franciscanos.org.br\/noticias\/universidade-registra-crescimento-de-141-nos-ultimos-4-anos.html#breadcrumb\"},\"inLanguage\":\"pt-BR\",\"potentialAction\":[{\"@type\":\"ReadAction\",\"target\":[\"https:\/\/franciscanos.org.br\/noticias\/universidade-registra-crescimento-de-141-nos-ultimos-4-anos.html\"]}]},{\"@type\":\"BreadcrumbList\",\"@id\":\"https:\/\/franciscanos.org.br\/noticias\/universidade-registra-crescimento-de-141-nos-ultimos-4-anos.html#breadcrumb\",\"itemListElement\":[{\"@type\":\"ListItem\",\"position\":1,\"name\":\"Home\",\"item\":\"https:\/\/franciscanos.org.br\/noticias\"},{\"@type\":\"ListItem\",\"position\":2,\"name\":\"Universidade registra crescimento de 141% nos \u00faltimos 4 anos\"}]},{\"@type\":\"Person\",\"@id\":\"https:\/\/franciscanos.org.br\/noticias\/#\/schema\/person\/b38fbf43118f02820bd932f2e4b14ad3\",\"name\":\"admin\",\"image\":{\"@type\":\"ImageObject\",\"inLanguage\":\"pt-BR\",\"@id\":\"https:\/\/franciscanos.org.br\/noticias\/#\/schema\/person\/image\/\",\"url\":\"https:\/\/secure.gravatar.com\/avatar\/e8495742d34d0ba6448ea1c628263b3e?s=96&d=mm&r=g\",\"contentUrl\":\"https:\/\/secure.gravatar.com\/avatar\/e8495742d34d0ba6448ea1c628263b3e?s=96&d=mm&r=g\",\"caption\":\"admin\"},\"url\":\"https:\/\/franciscanos.org.br\/noticias\/author\/admin\"}]}<\/script>\n<!-- \/ Yoast SEO plugin. -->","yoast_head_json":{"title":"Universidade registra crescimento de 141% nos \u00faltimos 4 anos - Not\u00edcias - Franciscanos","robots":{"index":"index","follow":"follow","max-snippet":"max-snippet:-1","max-image-preview":"max-image-preview:large","max-video-preview":"max-video-preview:-1"},"canonical":"https:\/\/franciscanos.org.br\/noticias\/universidade-registra-crescimento-de-141-nos-ultimos-4-anos.html","og_locale":"pt_BR","og_type":"article","og_title":"Universidade registra crescimento de 141% nos \u00faltimos 4 anos - Not\u00edcias - Franciscanos","og_description":"USF","og_url":"https:\/\/franciscanos.org.br\/noticias\/universidade-registra-crescimento-de-141-nos-ultimos-4-anos.html","og_site_name":"Not\u00edcias - Franciscanos","article_published_time":"2014-04-07T12:53:13+00:00","article_modified_time":"2020-02-06T15:45:56+00:00","og_image":[{"width":273,"height":181,"url":"https:\/\/franciscanos.org.br\/noticias\/wp-content\/uploads\/2014\/04\/GUI_9690.jpg","type":"image\/jpeg"}],"author":"admin","twitter_card":"summary_large_image","twitter_misc":{"Escrito por":"admin","Est. tempo de leitura":"3 minutos"},"schema":{"@context":"https:\/\/schema.org","@graph":[{"@type":"WebSite","@id":"https:\/\/franciscanos.org.br\/noticias\/#website","url":"https:\/\/franciscanos.org.br\/noticias\/","name":"Not\u00edcias - Franciscanos","description":"Prov\u00edncia Franciscana da Imaculada Concei\u00e7\u00e3o do Brasil - Ordem dos Frades Menores - OFM","potentialAction":[{"@type":"SearchAction","target":{"@type":"EntryPoint","urlTemplate":"https:\/\/franciscanos.org.br\/noticias\/?s={search_term_string}"},"query-input":"required name=search_term_string"}],"inLanguage":"pt-BR"},{"@type":"ImageObject","inLanguage":"pt-BR","@id":"https:\/\/franciscanos.org.br\/noticias\/universidade-registra-crescimento-de-141-nos-ultimos-4-anos.html#primaryimage","url":"https:\/\/franciscanos.org.br\/noticias\/wp-content\/uploads\/2014\/04\/GUI_9690.jpg","contentUrl":"https:\/\/franciscanos.org.br\/noticias\/wp-content\/uploads\/2014\/04\/GUI_9690.jpg","width":273,"height":181},{"@type":"WebPage","@id":"https:\/\/franciscanos.org.br\/noticias\/universidade-registra-crescimento-de-141-nos-ultimos-4-anos.html#webpage","url":"https:\/\/franciscanos.org.br\/noticias\/universidade-registra-crescimento-de-141-nos-ultimos-4-anos.html","name":"Universidade registra crescimento de 141% nos \u00faltimos 4 anos - Not\u00edcias - Franciscanos","isPartOf":{"@id":"https:\/\/franciscanos.org.br\/noticias\/#website"},"primaryImageOfPage":{"@id":"https:\/\/franciscanos.org.br\/noticias\/universidade-registra-crescimento-de-141-nos-ultimos-4-anos.html#primaryimage"},"datePublished":"2014-04-07T12:53:13+00:00","dateModified":"2020-02-06T15:45:56+00:00","author":{"@id":"https:\/\/franciscanos.org.br\/noticias\/#\/schema\/person\/b38fbf43118f02820bd932f2e4b14ad3"},"breadcrumb":{"@id":"https:\/\/franciscanos.org.br\/noticias\/universidade-registra-crescimento-de-141-nos-ultimos-4-anos.html#breadcrumb"},"inLanguage":"pt-BR","potentialAction":[{"@type":"ReadAction","target":["https:\/\/franciscanos.org.br\/noticias\/universidade-registra-crescimento-de-141-nos-ultimos-4-anos.html"]}]},{"@type":"BreadcrumbList","@id":"https:\/\/franciscanos.org.br\/noticias\/universidade-registra-crescimento-de-141-nos-ultimos-4-anos.html#breadcrumb","itemListElement":[{"@type":"ListItem","position":1,"name":"Home","item":"https:\/\/franciscanos.org.br\/noticias"},{"@type":"ListItem","position":2,"name":"Universidade registra crescimento de 141% nos \u00faltimos 4 anos"}]},{"@type":"Person","@id":"https:\/\/franciscanos.org.br\/noticias\/#\/schema\/person\/b38fbf43118f02820bd932f2e4b14ad3","name":"admin","image":{"@type":"ImageObject","inLanguage":"pt-BR","@id":"https:\/\/franciscanos.org.br\/noticias\/#\/schema\/person\/image\/","url":"https:\/\/secure.gravatar.com\/avatar\/e8495742d34d0ba6448ea1c628263b3e?s=96&d=mm&r=g","contentUrl":"https:\/\/secure.gravatar.com\/avatar\/e8495742d34d0ba6448ea1c628263b3e?s=96&d=mm&r=g","caption":"admin"},"url":"https:\/\/franciscanos.org.br\/noticias\/author\/admin"}]}},"_links":{"self":[{"href":"https:\/\/franciscanos.org.br\/noticias\/wp-json\/wp\/v2\/posts\/55610"}],"collection":[{"href":"https:\/\/franciscanos.org.br\/noticias\/wp-json\/wp\/v2\/posts"}],"about":[{"href":"https:\/\/franciscanos.org.br\/noticias\/wp-json\/wp\/v2\/types\/post"}],"author":[{"embeddable":true,"href":"https:\/\/franciscanos.org.br\/noticias\/wp-json\/wp\/v2\/users\/1"}],"replies":[{"embeddable":true,"href":"https:\/\/franciscanos.org.br\/noticias\/wp-json\/wp\/v2\/comments?post=55610"}],"version-history":[{"count":0,"href":"https:\/\/franciscanos.org.br\/noticias\/wp-json\/wp\/v2\/posts\/55610\/revisions"}],"wp:featuredmedia":[{"embeddable":true,"href":"https:\/\/franciscanos.org.br\/noticias\/wp-json\/wp\/v2\/media\/218710"}],"wp:attachment":[{"href":"https:\/\/franciscanos.org.br\/noticias\/wp-json\/wp\/v2\/media?parent=55610"}],"wp:term":[{"taxonomy":"category","embeddable":true,"href":"https:\/\/franciscanos.org.br\/noticias\/wp-json\/wp\/v2\/categories?post=55610"},{"taxonomy":"post_tag","embeddable":true,"href":"https:\/\/franciscanos.org.br\/noticias\/wp-json\/wp\/v2\/tags?post=55610"}],"curies":[{"name":"wp","href":"https:\/\/api.w.org\/{rel}","templated":true}]}}