{"id":55023,"date":"2014-04-02T07:11:58","date_gmt":"2014-04-02T10:11:58","guid":{"rendered":"http:\/\/new.franciscanos.org.br\/?p=55023"},"modified":"2021-07-05T20:05:12","modified_gmt":"2021-07-05T23:05:12","slug":"canarinhos-celebram-a-semana-santa-e-a-pascoa","status":"publish","type":"post","link":"https:\/\/franciscanos.org.br\/noticias\/canarinhos-celebram-a-semana-santa-e-a-pascoa.html","title":{"rendered":"Canarinhos celebram a Semana Santa e a P\u00e1scoa no Sagrado"},"content":{"rendered":"<p><strong><img loading=\"lazy\" class=\"alignright size-full wp-image-55026\" src=\"http:\/\/franciscanos.org.br\/wp-content\/uploads\/2014\/04\/coral_canarinhos_franciscanos.org_.br_.jpg\" alt=\"coral_canarinhos_franciscanos.org.br\" width=\"450\" height=\"253\" \/><\/strong>O Coral dos Canarinhos de Petr\u00f3polis ir\u00e1 celebrar a P\u00e1scoa, per\u00edodo que marca a ressurrei\u00e7\u00e3o de Jesus Cristo. Os corais do Instituto dos Meninos Cantores (IMCP) participar\u00e3o de tr\u00eas celebra\u00e7\u00f5es (duas com o coral dos meninos e uma com o Coral das Meninas dos Canarinhos). As mesmas ser\u00e3o\u00a0na Igreja do Sagrado Cora\u00e7\u00e3o de Jesus, no Centro Hist\u00f3rico de Petr\u00f3polis.<\/p>\n<p>As Meninas dos Canarinhos cantar\u00e3o a missa, popularmente conhecida como Lava-P\u00e9s, no dia 17 \u00e0s 19h30 e os Canarinhos participar\u00e3o da Celebra\u00e7\u00e3o da Paix\u00e3o e Morte do Nosso Senhor Jesus Cristo, no dia 18, \u00e0s\u00a015h e da missa de P\u00e1scoa no dia 20 \u00e0s 10h.\u00a0Obras como \u201cChristus factus est\u201d em gregoriano; \u201cPopule meus\u201d, de Tomaso Luigi da Vittoria; Miserere mei, de G. Allegri; \u201cEli, Eli!\u201d, de Georgius B\u00e1rdos; \u201cAdoramus te, Christe\u201d, de G. Martini; \u201cO Jesu Christe\u201d, de Jaques van Berchem, Regina Coeli de Gregor Aichinger e a Missa Papae Marcelli de Palestrina, estar\u00e3o na programa\u00e7\u00e3o.<\/p>\n<p>O esp\u00edrito da P\u00e1scoa tamb\u00e9m \u00e9 lembrado no CD Reflexos do Brasil, gravado pelo Coral dos Canarinhos e lan\u00e7ado pelo IMCP.<\/p>\n<p>Composto por m\u00fasicas sacras brasileiras, todas contempor\u00e2neas, o trabalho do coro apresenta uma linguagem moderna, marcada por um choque harm\u00f4nico vanguardista, com disson\u00e2ncias. \u201cA grande diferen\u00e7a de um trabalho musical contempor\u00e2neo \u00e9 a perda de parte de sua base harm\u00f4nica. Isso pode causar um certo estranhamento para quem n\u00e3o est\u00e1 acostumado a este tipo de m\u00fasica\u201d, explica o maestro Marco Aur\u00e9lio Lischt, regente do coral, afirmando que o repert\u00f3rio \u00e9 in\u00e9dito. \u201cNenhum coro de meninos do mundo trabalha este tipo de repert\u00f3rio, por causa da sua dificuldade. S\u00f3 os profissionais ousam faz\u00ea-lo\u201d, destacou.<\/p>\n<p>Lischt explica que o desafio do CD \u201cReflexos do Brasil\u201d \u00e9 provocar a sociedade, que est\u00e1 confort\u00e1vel em sua rotina, a ouvir uma m\u00fasica diferente: \u201cA linguagem da m\u00fasica moderna, assim como outras manifesta\u00e7\u00f5es\u00a0de\u00a0arte moderna, n\u00e3o est\u00e1 no dia a dia das pessoas. No decorrer do s\u00e9culo XX, houve um afastamento entre a arte contempor\u00e2nea e a vida cotidiana. No caso da m\u00fasica, ela se tornou mais intelectualizada\u201d, explicou.<\/p>\n<p>O CD custa R$25 e est\u00e1 \u00e0 venda no site: <a href=\"http:\/\/www.canarinhos.com.br\" target=\"_blank\" rel=\"noopener noreferrer\">www.canarinhos.com.br<\/a>. Mais informa\u00e7\u00f5es tamb\u00e9m podem ser adquiridas pelo telefone: (24) 2104-4141.<\/p>\n","protected":false},"excerpt":{"rendered":"<p>Corais<\/p>\n","protected":false},"author":1,"featured_media":208939,"comment_status":"closed","ping_status":"open","sticky":false,"template":"","format":"standard","meta":[],"categories":[1],"tags":[1378],"acf":[],"yoast_head":"<!-- This site is optimized with the Yoast SEO plugin v19.2 - https:\/\/yoast.com\/wordpress\/plugins\/seo\/ -->\n<title>Canarinhos celebram a Semana Santa e a P\u00e1scoa no Sagrado - Not\u00edcias - Franciscanos<\/title>\n<meta name=\"robots\" content=\"index, follow, max-snippet:-1, max-image-preview:large, max-video-preview:-1\" \/>\n<link rel=\"canonical\" href=\"https:\/\/franciscanos.org.br\/noticias\/canarinhos-celebram-a-semana-santa-e-a-pascoa.html\" \/>\n<meta property=\"og:locale\" content=\"pt_BR\" \/>\n<meta property=\"og:type\" content=\"article\" \/>\n<meta property=\"og:title\" content=\"Canarinhos celebram a Semana Santa e a P\u00e1scoa no Sagrado - Not\u00edcias - Franciscanos\" \/>\n<meta property=\"og:description\" content=\"Corais\" \/>\n<meta property=\"og:url\" content=\"https:\/\/franciscanos.org.br\/noticias\/canarinhos-celebram-a-semana-santa-e-a-pascoa.html\" \/>\n<meta property=\"og:site_name\" content=\"Not\u00edcias - Franciscanos\" \/>\n<meta property=\"article:published_time\" content=\"2014-04-02T10:11:58+00:00\" \/>\n<meta property=\"article:modified_time\" content=\"2021-07-05T23:05:12+00:00\" \/>\n<meta property=\"og:image\" content=\"https:\/\/franciscanos.org.br\/noticias\/wp-content\/uploads\/2014\/04\/coral_canarinhos_franciscanos.org_.br_.jpg\" \/>\n\t<meta property=\"og:image:width\" content=\"273\" \/>\n\t<meta property=\"og:image:height\" content=\"181\" \/>\n\t<meta property=\"og:image:type\" content=\"image\/jpeg\" \/>\n<meta name=\"author\" content=\"admin\" \/>\n<meta name=\"twitter:card\" content=\"summary_large_image\" \/>\n<meta name=\"twitter:label1\" content=\"Escrito por\" \/>\n\t<meta name=\"twitter:data1\" content=\"admin\" \/>\n\t<meta name=\"twitter:label2\" content=\"Est. tempo de leitura\" \/>\n\t<meta name=\"twitter:data2\" content=\"2 minutos\" \/>\n<script type=\"application\/ld+json\" class=\"yoast-schema-graph\">{\"@context\":\"https:\/\/schema.org\",\"@graph\":[{\"@type\":\"WebSite\",\"@id\":\"https:\/\/franciscanos.org.br\/noticias\/#website\",\"url\":\"https:\/\/franciscanos.org.br\/noticias\/\",\"name\":\"Not\u00edcias - Franciscanos\",\"description\":\"Prov\u00edncia Franciscana da Imaculada Concei\u00e7\u00e3o do Brasil - Ordem dos Frades Menores - OFM\",\"potentialAction\":[{\"@type\":\"SearchAction\",\"target\":{\"@type\":\"EntryPoint\",\"urlTemplate\":\"https:\/\/franciscanos.org.br\/noticias\/?s={search_term_string}\"},\"query-input\":\"required name=search_term_string\"}],\"inLanguage\":\"pt-BR\"},{\"@type\":\"ImageObject\",\"inLanguage\":\"pt-BR\",\"@id\":\"https:\/\/franciscanos.org.br\/noticias\/canarinhos-celebram-a-semana-santa-e-a-pascoa.html#primaryimage\",\"url\":\"https:\/\/franciscanos.org.br\/noticias\/wp-content\/uploads\/2014\/04\/coral_canarinhos_franciscanos.org_.br_.jpg\",\"contentUrl\":\"https:\/\/franciscanos.org.br\/noticias\/wp-content\/uploads\/2014\/04\/coral_canarinhos_franciscanos.org_.br_.jpg\",\"width\":273,\"height\":181},{\"@type\":\"WebPage\",\"@id\":\"https:\/\/franciscanos.org.br\/noticias\/canarinhos-celebram-a-semana-santa-e-a-pascoa.html#webpage\",\"url\":\"https:\/\/franciscanos.org.br\/noticias\/canarinhos-celebram-a-semana-santa-e-a-pascoa.html\",\"name\":\"Canarinhos celebram a Semana Santa e a P\u00e1scoa no Sagrado - Not\u00edcias - Franciscanos\",\"isPartOf\":{\"@id\":\"https:\/\/franciscanos.org.br\/noticias\/#website\"},\"primaryImageOfPage\":{\"@id\":\"https:\/\/franciscanos.org.br\/noticias\/canarinhos-celebram-a-semana-santa-e-a-pascoa.html#primaryimage\"},\"datePublished\":\"2014-04-02T10:11:58+00:00\",\"dateModified\":\"2021-07-05T23:05:12+00:00\",\"author\":{\"@id\":\"https:\/\/franciscanos.org.br\/noticias\/#\/schema\/person\/b38fbf43118f02820bd932f2e4b14ad3\"},\"breadcrumb\":{\"@id\":\"https:\/\/franciscanos.org.br\/noticias\/canarinhos-celebram-a-semana-santa-e-a-pascoa.html#breadcrumb\"},\"inLanguage\":\"pt-BR\",\"potentialAction\":[{\"@type\":\"ReadAction\",\"target\":[\"https:\/\/franciscanos.org.br\/noticias\/canarinhos-celebram-a-semana-santa-e-a-pascoa.html\"]}]},{\"@type\":\"BreadcrumbList\",\"@id\":\"https:\/\/franciscanos.org.br\/noticias\/canarinhos-celebram-a-semana-santa-e-a-pascoa.html#breadcrumb\",\"itemListElement\":[{\"@type\":\"ListItem\",\"position\":1,\"name\":\"Home\",\"item\":\"https:\/\/franciscanos.org.br\/noticias\"},{\"@type\":\"ListItem\",\"position\":2,\"name\":\"Canarinhos celebram a Semana Santa e a P\u00e1scoa no Sagrado\"}]},{\"@type\":\"Person\",\"@id\":\"https:\/\/franciscanos.org.br\/noticias\/#\/schema\/person\/b38fbf43118f02820bd932f2e4b14ad3\",\"name\":\"admin\",\"image\":{\"@type\":\"ImageObject\",\"inLanguage\":\"pt-BR\",\"@id\":\"https:\/\/franciscanos.org.br\/noticias\/#\/schema\/person\/image\/\",\"url\":\"https:\/\/secure.gravatar.com\/avatar\/e8495742d34d0ba6448ea1c628263b3e?s=96&d=mm&r=g\",\"contentUrl\":\"https:\/\/secure.gravatar.com\/avatar\/e8495742d34d0ba6448ea1c628263b3e?s=96&d=mm&r=g\",\"caption\":\"admin\"},\"url\":\"https:\/\/franciscanos.org.br\/noticias\/author\/admin\"}]}<\/script>\n<!-- \/ Yoast SEO plugin. -->","yoast_head_json":{"title":"Canarinhos celebram a Semana Santa e a P\u00e1scoa no Sagrado - Not\u00edcias - Franciscanos","robots":{"index":"index","follow":"follow","max-snippet":"max-snippet:-1","max-image-preview":"max-image-preview:large","max-video-preview":"max-video-preview:-1"},"canonical":"https:\/\/franciscanos.org.br\/noticias\/canarinhos-celebram-a-semana-santa-e-a-pascoa.html","og_locale":"pt_BR","og_type":"article","og_title":"Canarinhos celebram a Semana Santa e a P\u00e1scoa no Sagrado - Not\u00edcias - Franciscanos","og_description":"Corais","og_url":"https:\/\/franciscanos.org.br\/noticias\/canarinhos-celebram-a-semana-santa-e-a-pascoa.html","og_site_name":"Not\u00edcias - Franciscanos","article_published_time":"2014-04-02T10:11:58+00:00","article_modified_time":"2021-07-05T23:05:12+00:00","og_image":[{"width":273,"height":181,"url":"https:\/\/franciscanos.org.br\/noticias\/wp-content\/uploads\/2014\/04\/coral_canarinhos_franciscanos.org_.br_.jpg","type":"image\/jpeg"}],"author":"admin","twitter_card":"summary_large_image","twitter_misc":{"Escrito por":"admin","Est. tempo de leitura":"2 minutos"},"schema":{"@context":"https:\/\/schema.org","@graph":[{"@type":"WebSite","@id":"https:\/\/franciscanos.org.br\/noticias\/#website","url":"https:\/\/franciscanos.org.br\/noticias\/","name":"Not\u00edcias - Franciscanos","description":"Prov\u00edncia Franciscana da Imaculada Concei\u00e7\u00e3o do Brasil - Ordem dos Frades Menores - OFM","potentialAction":[{"@type":"SearchAction","target":{"@type":"EntryPoint","urlTemplate":"https:\/\/franciscanos.org.br\/noticias\/?s={search_term_string}"},"query-input":"required name=search_term_string"}],"inLanguage":"pt-BR"},{"@type":"ImageObject","inLanguage":"pt-BR","@id":"https:\/\/franciscanos.org.br\/noticias\/canarinhos-celebram-a-semana-santa-e-a-pascoa.html#primaryimage","url":"https:\/\/franciscanos.org.br\/noticias\/wp-content\/uploads\/2014\/04\/coral_canarinhos_franciscanos.org_.br_.jpg","contentUrl":"https:\/\/franciscanos.org.br\/noticias\/wp-content\/uploads\/2014\/04\/coral_canarinhos_franciscanos.org_.br_.jpg","width":273,"height":181},{"@type":"WebPage","@id":"https:\/\/franciscanos.org.br\/noticias\/canarinhos-celebram-a-semana-santa-e-a-pascoa.html#webpage","url":"https:\/\/franciscanos.org.br\/noticias\/canarinhos-celebram-a-semana-santa-e-a-pascoa.html","name":"Canarinhos celebram a Semana Santa e a P\u00e1scoa no Sagrado - Not\u00edcias - Franciscanos","isPartOf":{"@id":"https:\/\/franciscanos.org.br\/noticias\/#website"},"primaryImageOfPage":{"@id":"https:\/\/franciscanos.org.br\/noticias\/canarinhos-celebram-a-semana-santa-e-a-pascoa.html#primaryimage"},"datePublished":"2014-04-02T10:11:58+00:00","dateModified":"2021-07-05T23:05:12+00:00","author":{"@id":"https:\/\/franciscanos.org.br\/noticias\/#\/schema\/person\/b38fbf43118f02820bd932f2e4b14ad3"},"breadcrumb":{"@id":"https:\/\/franciscanos.org.br\/noticias\/canarinhos-celebram-a-semana-santa-e-a-pascoa.html#breadcrumb"},"inLanguage":"pt-BR","potentialAction":[{"@type":"ReadAction","target":["https:\/\/franciscanos.org.br\/noticias\/canarinhos-celebram-a-semana-santa-e-a-pascoa.html"]}]},{"@type":"BreadcrumbList","@id":"https:\/\/franciscanos.org.br\/noticias\/canarinhos-celebram-a-semana-santa-e-a-pascoa.html#breadcrumb","itemListElement":[{"@type":"ListItem","position":1,"name":"Home","item":"https:\/\/franciscanos.org.br\/noticias"},{"@type":"ListItem","position":2,"name":"Canarinhos celebram a Semana Santa e a P\u00e1scoa no Sagrado"}]},{"@type":"Person","@id":"https:\/\/franciscanos.org.br\/noticias\/#\/schema\/person\/b38fbf43118f02820bd932f2e4b14ad3","name":"admin","image":{"@type":"ImageObject","inLanguage":"pt-BR","@id":"https:\/\/franciscanos.org.br\/noticias\/#\/schema\/person\/image\/","url":"https:\/\/secure.gravatar.com\/avatar\/e8495742d34d0ba6448ea1c628263b3e?s=96&d=mm&r=g","contentUrl":"https:\/\/secure.gravatar.com\/avatar\/e8495742d34d0ba6448ea1c628263b3e?s=96&d=mm&r=g","caption":"admin"},"url":"https:\/\/franciscanos.org.br\/noticias\/author\/admin"}]}},"_links":{"self":[{"href":"https:\/\/franciscanos.org.br\/noticias\/wp-json\/wp\/v2\/posts\/55023"}],"collection":[{"href":"https:\/\/franciscanos.org.br\/noticias\/wp-json\/wp\/v2\/posts"}],"about":[{"href":"https:\/\/franciscanos.org.br\/noticias\/wp-json\/wp\/v2\/types\/post"}],"author":[{"embeddable":true,"href":"https:\/\/franciscanos.org.br\/noticias\/wp-json\/wp\/v2\/users\/1"}],"replies":[{"embeddable":true,"href":"https:\/\/franciscanos.org.br\/noticias\/wp-json\/wp\/v2\/comments?post=55023"}],"version-history":[{"count":1,"href":"https:\/\/franciscanos.org.br\/noticias\/wp-json\/wp\/v2\/posts\/55023\/revisions"}],"predecessor-version":[{"id":229370,"href":"https:\/\/franciscanos.org.br\/noticias\/wp-json\/wp\/v2\/posts\/55023\/revisions\/229370"}],"wp:featuredmedia":[{"embeddable":true,"href":"https:\/\/franciscanos.org.br\/noticias\/wp-json\/wp\/v2\/media\/208939"}],"wp:attachment":[{"href":"https:\/\/franciscanos.org.br\/noticias\/wp-json\/wp\/v2\/media?parent=55023"}],"wp:term":[{"taxonomy":"category","embeddable":true,"href":"https:\/\/franciscanos.org.br\/noticias\/wp-json\/wp\/v2\/categories?post=55023"},{"taxonomy":"post_tag","embeddable":true,"href":"https:\/\/franciscanos.org.br\/noticias\/wp-json\/wp\/v2\/tags?post=55023"}],"curies":[{"name":"wp","href":"https:\/\/api.w.org\/{rel}","templated":true}]}}