{"id":52041,"date":"2014-01-28T08:55:43","date_gmt":"2014-01-28T10:55:43","guid":{"rendered":"http:\/\/new.franciscanos.org.br\/?p=52041"},"modified":"2020-06-10T19:02:28","modified_gmt":"2020-06-10T22:02:28","slug":"agradecimento-aos-sacerdotes-que-doam-suas-vidas-no-silencio","status":"publish","type":"post","link":"https:\/\/franciscanos.org.br\/noticias\/agradecimento-aos-sacerdotes-que-doam-suas-vidas-no-silencio.html","title":{"rendered":"Agradecimento aos sacerdotes que doam suas vidas no sil\u00eancio"},"content":{"rendered":"<p>&nbsp;<\/p>\n<p><img loading=\"lazy\" class=\"alignnone size-full wp-image-226242\" src=\"https:\/\/franciscanos.org.br\/noticias\/wp-content\/uploads\/2014\/01\/marta_2014.jpeg\" alt=\"\" width=\"750\" height=\"422\" srcset=\"https:\/\/franciscanos.org.br\/noticias\/wp-content\/uploads\/2014\/01\/marta_2014.jpeg 750w, https:\/\/franciscanos.org.br\/noticias\/wp-content\/uploads\/2014\/01\/marta_2014-450x253.jpeg 450w, https:\/\/franciscanos.org.br\/noticias\/wp-content\/uploads\/2014\/01\/marta_2014-150x84.jpeg 150w\" sizes=\"(max-width: 750px) 100vw, 750px\" \/><\/p>\n<p><strong>Cidade do Vaticano<\/strong> &#8211; A Igreja n\u00e3o pode ser entendida simplesmente como uma organiza\u00e7\u00e3o humana, o que faz a diferen\u00e7a \u00e9 a un\u00e7\u00e3o que d\u00e1 a bispos e sacerdotes o poder do Esp\u00edrito para servir o povo de Deus: foi o que afirmou o Papa Francisco durante a homilia da Santa Missa na manh\u00e3 desta segunda-feira na capela da Casa Santa Marta. O Pont\u00edfice agradeceu aos numerosos sacerdotes santos, que no anonimato, d\u00e3o suas vidas no servi\u00e7o di\u00e1rio.<\/p>\n<p>Comentando a primeira leitura do dia, que fala das tribos de Israel, que ungem Davi como seu rei, o Papa explica o significado espiritual da un\u00e7\u00e3o. \u201cSem esta un\u00e7\u00e3o &#8211; disse -, Davi teria sido apenas o chefe\u201d de \u201cuma empresa\u201d de uma \u201csociedade pol\u00edtica, que era o Reino de Israel\u201d, teria sido apenas um \u201corganizador pol\u00edtico\u201d. Em vez disso, \u201cap\u00f3s a un\u00e7\u00e3o, o Esp\u00edrito do Senhor\u201d desce sobre Davi e permanece com ele. E a Escritura diz: \u201cDavi estava cada vez mais crescendo em poder, e o Senhor Deus dos ex\u00e9rcitos estava com ele\u201d. \u201cEsta, \u2013 observa o Papa Francisco -, \u00e9 precisamente a diferen\u00e7a da un\u00e7\u00e3o\u201d. O ungido \u00e9 uma pessoa escolhida pelo Senhor. Assim \u00e9 na Igreja para bispos e sacerdotes:<\/p>\n<p>\u201cOs bispos n\u00e3o s\u00e3o eleitos apenas para levar avante uma organiza\u00e7\u00e3o, que se chama Igreja particular; s\u00e3o ungidos, eles t\u00eam a un\u00e7\u00e3o e o Esp\u00edrito do Senhor est\u00e1 com eles. Mas todos os bispos, todos n\u00f3s somos pecadores, todos! Mas somos ungidos. Mas todos n\u00f3s queremos ser mais santos a cada dia, mais fi\u00e9is a esta un\u00e7\u00e3o. E o que faz a Igreja realmente, e o que d\u00e1 unidade \u00e0 Igreja, \u00e9 a pessoa do bispo, em nome de Jesus Cristo, porque ele \u00e9 ungido, n\u00e3o porque ele foi eleito pela maioria. Porque \u00e9 ungido. \u00c9 nesta un\u00e7\u00e3o que uma Igreja particular tem a sua for\u00e7a. E por participa\u00e7\u00e3o tamb\u00e9m os sacerdotes s\u00e3o ungidos\u201d.<\/p>\n<p>A un\u00e7\u00e3o &#8211; continuou o Papa &#8211; aproxima os bispos e os sacerdotes ao Senhor, e d\u00e1 a eles a alegria e a for\u00e7a \u201cpara levar para frente um povo, a viver ao servi\u00e7o de um povo\u201d. Doa a alegria de sentirem-se \u201cescolhidos pelo Senhor, seguidos pelo Senhor, como aquele amor com que o Senhor olha para n\u00f3s, para todos n\u00f3s\u201d. Assim, \u201cquando pensamos nos bispos e sacerdotes, devemos pens\u00e1-los assim: ungidos\u201d<\/p>\n<p>\u201cAo contr\u00e1rio, n\u00e3o se entende a Igreja, mas n\u00e3o s\u00f3 n\u00e3o a entendemos como n\u00e3o se consegue explicar como a Igreja vai avante somente com as for\u00e7as humanas. Esta diocese vai avante porque tem um povo santo, tantas coisas, e tamb\u00e9m um ungido que \u00e9 a conduz, que a ajuda a crescer. Esta par\u00f3quia vai para frente porque h\u00e1 muitas organiza\u00e7\u00f5es, tantas coisas, mas tamb\u00e9m tem um sacerdote, um ungido que a leva para frente. E n\u00f3s na hist\u00f3ria conhecemos uma m\u00ednima parte: quantos bispos santos, quantos sacerdotes, quantos padres santos que deixaram as suas vidas e dedicaram-se ao servi\u00e7o da diocese, da par\u00f3quia; quantas pessoas receberam a for\u00e7a da f\u00e9, a for\u00e7a do amor, a esperan\u00e7a desses p\u00e1rocos an\u00f4nimos, que n\u00f3s n\u00e3o conhecemos. Existem muitos deles\u201d.<\/p>\n<p>S\u00e3o tantos &#8211; disse o Papa Francisco \u2013, \u201cos p\u00e1rocos do interior ou da cidade, que com a sua un\u00e7\u00e3o deram for\u00e7a ao povo, transmitiram a doutrina, deram os sacramentos, isto \u00e9 a santidade\u201d:<\/p>\n<p>\u201cMas, padre, eu li em um jornal que um bispo fez tal coisa, ou que um padre fez tal coisa. Oh sim, tamb\u00e9m eu li, mas, me diga, os jornais d\u00e3o tamb\u00e9m not\u00edcias daquilo que fazem tantos sacerdotes, tantos padres em muitas par\u00f3quias da cidade ou do interior, que fazem tanta caridade, tanto trabalho para levar avante o seu povo? Isso, n\u00e3o! Isso n\u00e3o \u00e9 not\u00edcia. \u00c9 sempre assim: faz mais barulho uma \u00e1rvore que cai, do que uma floresta que cresce. Hoje, pensando na un\u00e7\u00e3o de Davi, nos faz bem pensar em nossos bispos e nos nossos sacerdotes corajosos, santos, bons, fi\u00e9is, e rezar por eles. Gra\u00e7as a eles hoje n\u00f3s estamos aqui\u201d.<\/p>\n<hr \/>\n<p><em>Fonte: R\u00e1dio Vaticano<\/em><\/p>\n","protected":false},"excerpt":{"rendered":"<p>Missa em Santa Marta<\/p>\n","protected":false},"author":1,"featured_media":226243,"comment_status":"closed","ping_status":"open","sticky":false,"template":"","format":"standard","meta":[],"categories":[1428],"tags":[1586],"acf":[],"yoast_head":"<!-- This site is optimized with the Yoast SEO plugin v19.2 - https:\/\/yoast.com\/wordpress\/plugins\/seo\/ -->\n<title>Agradecimento aos sacerdotes que doam suas vidas no sil\u00eancio - Not\u00edcias - Franciscanos<\/title>\n<meta name=\"robots\" content=\"index, follow, max-snippet:-1, max-image-preview:large, max-video-preview:-1\" \/>\n<link rel=\"canonical\" href=\"https:\/\/franciscanos.org.br\/noticias\/agradecimento-aos-sacerdotes-que-doam-suas-vidas-no-silencio.html\" \/>\n<meta property=\"og:locale\" content=\"pt_BR\" \/>\n<meta property=\"og:type\" content=\"article\" \/>\n<meta property=\"og:title\" content=\"Agradecimento aos sacerdotes que doam suas vidas no sil\u00eancio - Not\u00edcias - Franciscanos\" \/>\n<meta property=\"og:description\" content=\"Missa em Santa Marta\" \/>\n<meta property=\"og:url\" content=\"https:\/\/franciscanos.org.br\/noticias\/agradecimento-aos-sacerdotes-que-doam-suas-vidas-no-silencio.html\" \/>\n<meta property=\"og:site_name\" content=\"Not\u00edcias - Franciscanos\" \/>\n<meta property=\"article:published_time\" content=\"2014-01-28T10:55:43+00:00\" \/>\n<meta property=\"article:modified_time\" content=\"2020-06-10T22:02:28+00:00\" \/>\n<meta property=\"og:image\" content=\"https:\/\/franciscanos.org.br\/noticias\/wp-content\/uploads\/2014\/01\/marta_2014d.jpg\" \/>\n\t<meta property=\"og:image:width\" content=\"800\" \/>\n\t<meta property=\"og:image:height\" content=\"601\" \/>\n\t<meta property=\"og:image:type\" content=\"image\/jpeg\" \/>\n<meta name=\"author\" content=\"admin\" \/>\n<meta name=\"twitter:card\" content=\"summary_large_image\" \/>\n<meta name=\"twitter:label1\" content=\"Escrito por\" \/>\n\t<meta name=\"twitter:data1\" content=\"admin\" \/>\n\t<meta name=\"twitter:label2\" content=\"Est. tempo de leitura\" \/>\n\t<meta name=\"twitter:data2\" content=\"4 minutos\" \/>\n<script type=\"application\/ld+json\" class=\"yoast-schema-graph\">{\"@context\":\"https:\/\/schema.org\",\"@graph\":[{\"@type\":\"WebSite\",\"@id\":\"https:\/\/franciscanos.org.br\/noticias\/#website\",\"url\":\"https:\/\/franciscanos.org.br\/noticias\/\",\"name\":\"Not\u00edcias - Franciscanos\",\"description\":\"Prov\u00edncia Franciscana da Imaculada Concei\u00e7\u00e3o do Brasil - Ordem dos Frades Menores - OFM\",\"potentialAction\":[{\"@type\":\"SearchAction\",\"target\":{\"@type\":\"EntryPoint\",\"urlTemplate\":\"https:\/\/franciscanos.org.br\/noticias\/?s={search_term_string}\"},\"query-input\":\"required name=search_term_string\"}],\"inLanguage\":\"pt-BR\"},{\"@type\":\"ImageObject\",\"inLanguage\":\"pt-BR\",\"@id\":\"https:\/\/franciscanos.org.br\/noticias\/agradecimento-aos-sacerdotes-que-doam-suas-vidas-no-silencio.html#primaryimage\",\"url\":\"https:\/\/franciscanos.org.br\/noticias\/wp-content\/uploads\/2014\/01\/marta_2014d.jpg\",\"contentUrl\":\"https:\/\/franciscanos.org.br\/noticias\/wp-content\/uploads\/2014\/01\/marta_2014d.jpg\",\"width\":800,\"height\":601},{\"@type\":\"WebPage\",\"@id\":\"https:\/\/franciscanos.org.br\/noticias\/agradecimento-aos-sacerdotes-que-doam-suas-vidas-no-silencio.html#webpage\",\"url\":\"https:\/\/franciscanos.org.br\/noticias\/agradecimento-aos-sacerdotes-que-doam-suas-vidas-no-silencio.html\",\"name\":\"Agradecimento aos sacerdotes que doam suas vidas no sil\u00eancio - Not\u00edcias - Franciscanos\",\"isPartOf\":{\"@id\":\"https:\/\/franciscanos.org.br\/noticias\/#website\"},\"primaryImageOfPage\":{\"@id\":\"https:\/\/franciscanos.org.br\/noticias\/agradecimento-aos-sacerdotes-que-doam-suas-vidas-no-silencio.html#primaryimage\"},\"datePublished\":\"2014-01-28T10:55:43+00:00\",\"dateModified\":\"2020-06-10T22:02:28+00:00\",\"author\":{\"@id\":\"https:\/\/franciscanos.org.br\/noticias\/#\/schema\/person\/b38fbf43118f02820bd932f2e4b14ad3\"},\"breadcrumb\":{\"@id\":\"https:\/\/franciscanos.org.br\/noticias\/agradecimento-aos-sacerdotes-que-doam-suas-vidas-no-silencio.html#breadcrumb\"},\"inLanguage\":\"pt-BR\",\"potentialAction\":[{\"@type\":\"ReadAction\",\"target\":[\"https:\/\/franciscanos.org.br\/noticias\/agradecimento-aos-sacerdotes-que-doam-suas-vidas-no-silencio.html\"]}]},{\"@type\":\"BreadcrumbList\",\"@id\":\"https:\/\/franciscanos.org.br\/noticias\/agradecimento-aos-sacerdotes-que-doam-suas-vidas-no-silencio.html#breadcrumb\",\"itemListElement\":[{\"@type\":\"ListItem\",\"position\":1,\"name\":\"Home\",\"item\":\"https:\/\/franciscanos.org.br\/noticias\"},{\"@type\":\"ListItem\",\"position\":2,\"name\":\"Agradecimento aos sacerdotes que doam suas vidas no sil\u00eancio\"}]},{\"@type\":\"Person\",\"@id\":\"https:\/\/franciscanos.org.br\/noticias\/#\/schema\/person\/b38fbf43118f02820bd932f2e4b14ad3\",\"name\":\"admin\",\"image\":{\"@type\":\"ImageObject\",\"inLanguage\":\"pt-BR\",\"@id\":\"https:\/\/franciscanos.org.br\/noticias\/#\/schema\/person\/image\/\",\"url\":\"https:\/\/secure.gravatar.com\/avatar\/e8495742d34d0ba6448ea1c628263b3e?s=96&d=mm&r=g\",\"contentUrl\":\"https:\/\/secure.gravatar.com\/avatar\/e8495742d34d0ba6448ea1c628263b3e?s=96&d=mm&r=g\",\"caption\":\"admin\"},\"url\":\"https:\/\/franciscanos.org.br\/noticias\/author\/admin\"}]}<\/script>\n<!-- \/ Yoast SEO plugin. -->","yoast_head_json":{"title":"Agradecimento aos sacerdotes que doam suas vidas no sil\u00eancio - Not\u00edcias - Franciscanos","robots":{"index":"index","follow":"follow","max-snippet":"max-snippet:-1","max-image-preview":"max-image-preview:large","max-video-preview":"max-video-preview:-1"},"canonical":"https:\/\/franciscanos.org.br\/noticias\/agradecimento-aos-sacerdotes-que-doam-suas-vidas-no-silencio.html","og_locale":"pt_BR","og_type":"article","og_title":"Agradecimento aos sacerdotes que doam suas vidas no sil\u00eancio - Not\u00edcias - Franciscanos","og_description":"Missa em Santa Marta","og_url":"https:\/\/franciscanos.org.br\/noticias\/agradecimento-aos-sacerdotes-que-doam-suas-vidas-no-silencio.html","og_site_name":"Not\u00edcias - Franciscanos","article_published_time":"2014-01-28T10:55:43+00:00","article_modified_time":"2020-06-10T22:02:28+00:00","og_image":[{"width":800,"height":601,"url":"https:\/\/franciscanos.org.br\/noticias\/wp-content\/uploads\/2014\/01\/marta_2014d.jpg","type":"image\/jpeg"}],"author":"admin","twitter_card":"summary_large_image","twitter_misc":{"Escrito por":"admin","Est. tempo de leitura":"4 minutos"},"schema":{"@context":"https:\/\/schema.org","@graph":[{"@type":"WebSite","@id":"https:\/\/franciscanos.org.br\/noticias\/#website","url":"https:\/\/franciscanos.org.br\/noticias\/","name":"Not\u00edcias - Franciscanos","description":"Prov\u00edncia Franciscana da Imaculada Concei\u00e7\u00e3o do Brasil - Ordem dos Frades Menores - OFM","potentialAction":[{"@type":"SearchAction","target":{"@type":"EntryPoint","urlTemplate":"https:\/\/franciscanos.org.br\/noticias\/?s={search_term_string}"},"query-input":"required name=search_term_string"}],"inLanguage":"pt-BR"},{"@type":"ImageObject","inLanguage":"pt-BR","@id":"https:\/\/franciscanos.org.br\/noticias\/agradecimento-aos-sacerdotes-que-doam-suas-vidas-no-silencio.html#primaryimage","url":"https:\/\/franciscanos.org.br\/noticias\/wp-content\/uploads\/2014\/01\/marta_2014d.jpg","contentUrl":"https:\/\/franciscanos.org.br\/noticias\/wp-content\/uploads\/2014\/01\/marta_2014d.jpg","width":800,"height":601},{"@type":"WebPage","@id":"https:\/\/franciscanos.org.br\/noticias\/agradecimento-aos-sacerdotes-que-doam-suas-vidas-no-silencio.html#webpage","url":"https:\/\/franciscanos.org.br\/noticias\/agradecimento-aos-sacerdotes-que-doam-suas-vidas-no-silencio.html","name":"Agradecimento aos sacerdotes que doam suas vidas no sil\u00eancio - Not\u00edcias - Franciscanos","isPartOf":{"@id":"https:\/\/franciscanos.org.br\/noticias\/#website"},"primaryImageOfPage":{"@id":"https:\/\/franciscanos.org.br\/noticias\/agradecimento-aos-sacerdotes-que-doam-suas-vidas-no-silencio.html#primaryimage"},"datePublished":"2014-01-28T10:55:43+00:00","dateModified":"2020-06-10T22:02:28+00:00","author":{"@id":"https:\/\/franciscanos.org.br\/noticias\/#\/schema\/person\/b38fbf43118f02820bd932f2e4b14ad3"},"breadcrumb":{"@id":"https:\/\/franciscanos.org.br\/noticias\/agradecimento-aos-sacerdotes-que-doam-suas-vidas-no-silencio.html#breadcrumb"},"inLanguage":"pt-BR","potentialAction":[{"@type":"ReadAction","target":["https:\/\/franciscanos.org.br\/noticias\/agradecimento-aos-sacerdotes-que-doam-suas-vidas-no-silencio.html"]}]},{"@type":"BreadcrumbList","@id":"https:\/\/franciscanos.org.br\/noticias\/agradecimento-aos-sacerdotes-que-doam-suas-vidas-no-silencio.html#breadcrumb","itemListElement":[{"@type":"ListItem","position":1,"name":"Home","item":"https:\/\/franciscanos.org.br\/noticias"},{"@type":"ListItem","position":2,"name":"Agradecimento aos sacerdotes que doam suas vidas no sil\u00eancio"}]},{"@type":"Person","@id":"https:\/\/franciscanos.org.br\/noticias\/#\/schema\/person\/b38fbf43118f02820bd932f2e4b14ad3","name":"admin","image":{"@type":"ImageObject","inLanguage":"pt-BR","@id":"https:\/\/franciscanos.org.br\/noticias\/#\/schema\/person\/image\/","url":"https:\/\/secure.gravatar.com\/avatar\/e8495742d34d0ba6448ea1c628263b3e?s=96&d=mm&r=g","contentUrl":"https:\/\/secure.gravatar.com\/avatar\/e8495742d34d0ba6448ea1c628263b3e?s=96&d=mm&r=g","caption":"admin"},"url":"https:\/\/franciscanos.org.br\/noticias\/author\/admin"}]}},"_links":{"self":[{"href":"https:\/\/franciscanos.org.br\/noticias\/wp-json\/wp\/v2\/posts\/52041"}],"collection":[{"href":"https:\/\/franciscanos.org.br\/noticias\/wp-json\/wp\/v2\/posts"}],"about":[{"href":"https:\/\/franciscanos.org.br\/noticias\/wp-json\/wp\/v2\/types\/post"}],"author":[{"embeddable":true,"href":"https:\/\/franciscanos.org.br\/noticias\/wp-json\/wp\/v2\/users\/1"}],"replies":[{"embeddable":true,"href":"https:\/\/franciscanos.org.br\/noticias\/wp-json\/wp\/v2\/comments?post=52041"}],"version-history":[{"count":2,"href":"https:\/\/franciscanos.org.br\/noticias\/wp-json\/wp\/v2\/posts\/52041\/revisions"}],"predecessor-version":[{"id":226245,"href":"https:\/\/franciscanos.org.br\/noticias\/wp-json\/wp\/v2\/posts\/52041\/revisions\/226245"}],"wp:featuredmedia":[{"embeddable":true,"href":"https:\/\/franciscanos.org.br\/noticias\/wp-json\/wp\/v2\/media\/226243"}],"wp:attachment":[{"href":"https:\/\/franciscanos.org.br\/noticias\/wp-json\/wp\/v2\/media?parent=52041"}],"wp:term":[{"taxonomy":"category","embeddable":true,"href":"https:\/\/franciscanos.org.br\/noticias\/wp-json\/wp\/v2\/categories?post=52041"},{"taxonomy":"post_tag","embeddable":true,"href":"https:\/\/franciscanos.org.br\/noticias\/wp-json\/wp\/v2\/tags?post=52041"}],"curies":[{"name":"wp","href":"https:\/\/api.w.org\/{rel}","templated":true}]}}