{"id":51956,"date":"2014-01-27T08:04:06","date_gmt":"2014-01-27T10:04:06","guid":{"rendered":"http:\/\/new.franciscanos.org.br\/?p=51956"},"modified":"2020-11-11T11:17:14","modified_gmt":"2020-11-11T14:17:14","slug":"emocao-marca-a-missa-de-envio-dos-jovens-vocacionados","status":"publish","type":"post","link":"https:\/\/franciscanos.org.br\/noticias\/emocao-marca-a-missa-de-envio-dos-jovens-vocacionados.html","title":{"rendered":"Emo\u00e7\u00e3o marca Missa de envio no Convento S\u00e3o Francisco"},"content":{"rendered":"<p><img loading=\"lazy\" src=\"http:\/\/franciscanos.org.br\/wp-content\/uploads\/2014\/01\/envio1.jpg\" alt=\"envio\" width=\"830\" height=\"370\" \/><\/p>\n<p><b>Thiago Augusto, vocacionado<\/b><\/p>\n<p>Na manh\u00e3 deste ultimo domingo, dia 26 de janeiro de 2014, \u00e0s 10h30, foi celebrada no Convento S\u00e3o Francisco, em S\u00e3o Paulo, a Missa de envio dos jovens vocacionados que ingressar\u00e3o no Semin\u00e1rio S\u00e3o Francisco de Assis, no caso dos menores que n\u00e3o conclu\u00edram o Ensino M\u00e9dio, e nas Fraternidades de Acolhimento Vocacional (FAVs), no caso dos jovens que j\u00e1 conclu\u00edram essa etapa de forma\u00e7\u00e3o.<\/p>\n<p>Durante as primeiras horas da manh\u00e3, familiares e amigos dos nove vocacionados, vindo de diversas partes de S\u00e3o Paulo, foram chegando ao tradicional Convento e Santu\u00e1rio S\u00e3o Francisco para acompanhar este momento importante na vida desses jovens que aspiram viver como um Frade Menor, observando o santo Evangelho de Nosso Senhor Jesus Cristo, vivendo em obedi\u00eancia, sem propriedade e em castidade, seguindo o exemplo de S\u00e3o Francisco de Assis, nossa fonte inspiradora.<\/p>\n<p>O clima entre n\u00f3s, vocacionados, era um misto de alegria, saudade dos momentos vivenciados nos encontros vocacionais, do conv\u00edvio com os frades e de ansiedade pelos pr\u00f3ximos passos que ser\u00e3o dados. Durante sua homilia, Frei Alvaci Mendes da Luz ressaltou a voca\u00e7\u00e3o Franciscana e falou sobre o chamado de Cristo em nossas vidas: <i>\u201cSegue \u2013 me, e eu farei de v\u00f3s pescadores de homens!\u201d<\/i>.<\/p>\n<p>Um dos momentos especiais da Missa foi a apresenta\u00e7\u00e3o do Frei Odorico Decker, acompanhado de sua gaita, e Frei Ermelindo Francisco, cantando uma m\u00fasica tradicional de Angola, sua terra natal.<\/p>\n<p>Houve tamb\u00e9m a consagra\u00e7\u00e3o a Nossa Senhora Aparecida, seguida de uma bel\u00edssima homenagem aos pais dos vocacionados, momento de grande emo\u00e7\u00e3o para todos os presentes, pois assim como Maria, aqueles pais entregaram seus filhos para seguir a miss\u00e3o confiada por Deus, e ao refletirmos sobre a nossa caminhada vocacional percebemos que \u00e9 <i>\u201cdentro de casa que o c\u00e9u come\u00e7a\u201d<\/i>. E n\u00f3s, vocacionados, fomos surpreendidos por uma linda mensagem, lida por Antonieta Brand\u00e3o, de todos os pais presentes.<\/p>\n<p>\u00c9 sempre dif\u00edcil, descrever com palavras aquilo que sentimos, mas gostar\u00edamos de forma muito especial agradecer nossos familiares e amigos que estiveram conosco nessa Missa e nos apoiaram durante o per\u00edodo de acompanhamento vocacional, em especial nosso animador vocacional Frei Alvaci Mendes da Luz, que para n\u00f3s \u00e9 a defini\u00e7\u00e3o da express\u00e3o <i>\u201cbons amigos que nasceram pela f\u00e9\u201d. <\/i>E que S\u00e3o Francisco e Santa Clara nos ensinem a cada dia a seguir as pegadas de Nosso amado Senhor Jesus Cristo.<\/p>\n","protected":false},"excerpt":{"rendered":"<p>Aspirantes<\/p>\n","protected":false},"author":1,"featured_media":218665,"comment_status":"closed","ping_status":"open","sticky":false,"template":"","format":"standard","meta":[],"categories":[1],"tags":[],"acf":[],"yoast_head":"<!-- This site is optimized with the Yoast SEO plugin v19.2 - https:\/\/yoast.com\/wordpress\/plugins\/seo\/ -->\n<title>Emo\u00e7\u00e3o marca Missa de envio no Convento S\u00e3o Francisco - Not\u00edcias - Franciscanos<\/title>\n<meta name=\"robots\" content=\"index, follow, max-snippet:-1, max-image-preview:large, max-video-preview:-1\" \/>\n<link rel=\"canonical\" href=\"https:\/\/franciscanos.org.br\/noticias\/emocao-marca-a-missa-de-envio-dos-jovens-vocacionados.html\" \/>\n<meta property=\"og:locale\" content=\"pt_BR\" \/>\n<meta property=\"og:type\" content=\"article\" \/>\n<meta property=\"og:title\" content=\"Emo\u00e7\u00e3o marca Missa de envio no Convento S\u00e3o Francisco - Not\u00edcias - Franciscanos\" \/>\n<meta property=\"og:description\" content=\"Aspirantes\" \/>\n<meta property=\"og:url\" content=\"https:\/\/franciscanos.org.br\/noticias\/emocao-marca-a-missa-de-envio-dos-jovens-vocacionados.html\" \/>\n<meta property=\"og:site_name\" content=\"Not\u00edcias - Franciscanos\" \/>\n<meta property=\"article:published_time\" content=\"2014-01-27T10:04:06+00:00\" \/>\n<meta property=\"article:modified_time\" content=\"2020-11-11T14:17:14+00:00\" \/>\n<meta property=\"og:image\" content=\"https:\/\/franciscanos.org.br\/noticias\/wp-content\/uploads\/2014\/01\/envio1.jpg\" \/>\n\t<meta property=\"og:image:width\" content=\"273\" \/>\n\t<meta property=\"og:image:height\" content=\"181\" \/>\n\t<meta property=\"og:image:type\" content=\"image\/jpeg\" \/>\n<meta name=\"author\" content=\"admin\" \/>\n<meta name=\"twitter:card\" content=\"summary_large_image\" \/>\n<meta name=\"twitter:label1\" content=\"Escrito por\" \/>\n\t<meta name=\"twitter:data1\" content=\"admin\" \/>\n\t<meta name=\"twitter:label2\" content=\"Est. tempo de leitura\" \/>\n\t<meta name=\"twitter:data2\" content=\"2 minutos\" \/>\n<script type=\"application\/ld+json\" class=\"yoast-schema-graph\">{\"@context\":\"https:\/\/schema.org\",\"@graph\":[{\"@type\":\"WebSite\",\"@id\":\"https:\/\/franciscanos.org.br\/noticias\/#website\",\"url\":\"https:\/\/franciscanos.org.br\/noticias\/\",\"name\":\"Not\u00edcias - Franciscanos\",\"description\":\"Prov\u00edncia Franciscana da Imaculada Concei\u00e7\u00e3o do Brasil - Ordem dos Frades Menores - OFM\",\"potentialAction\":[{\"@type\":\"SearchAction\",\"target\":{\"@type\":\"EntryPoint\",\"urlTemplate\":\"https:\/\/franciscanos.org.br\/noticias\/?s={search_term_string}\"},\"query-input\":\"required name=search_term_string\"}],\"inLanguage\":\"pt-BR\"},{\"@type\":\"ImageObject\",\"inLanguage\":\"pt-BR\",\"@id\":\"https:\/\/franciscanos.org.br\/noticias\/emocao-marca-a-missa-de-envio-dos-jovens-vocacionados.html#primaryimage\",\"url\":\"https:\/\/franciscanos.org.br\/noticias\/wp-content\/uploads\/2014\/01\/envio1.jpg\",\"contentUrl\":\"https:\/\/franciscanos.org.br\/noticias\/wp-content\/uploads\/2014\/01\/envio1.jpg\",\"width\":273,\"height\":181},{\"@type\":\"WebPage\",\"@id\":\"https:\/\/franciscanos.org.br\/noticias\/emocao-marca-a-missa-de-envio-dos-jovens-vocacionados.html#webpage\",\"url\":\"https:\/\/franciscanos.org.br\/noticias\/emocao-marca-a-missa-de-envio-dos-jovens-vocacionados.html\",\"name\":\"Emo\u00e7\u00e3o marca Missa de envio no Convento S\u00e3o Francisco - Not\u00edcias - Franciscanos\",\"isPartOf\":{\"@id\":\"https:\/\/franciscanos.org.br\/noticias\/#website\"},\"primaryImageOfPage\":{\"@id\":\"https:\/\/franciscanos.org.br\/noticias\/emocao-marca-a-missa-de-envio-dos-jovens-vocacionados.html#primaryimage\"},\"datePublished\":\"2014-01-27T10:04:06+00:00\",\"dateModified\":\"2020-11-11T14:17:14+00:00\",\"author\":{\"@id\":\"https:\/\/franciscanos.org.br\/noticias\/#\/schema\/person\/b38fbf43118f02820bd932f2e4b14ad3\"},\"breadcrumb\":{\"@id\":\"https:\/\/franciscanos.org.br\/noticias\/emocao-marca-a-missa-de-envio-dos-jovens-vocacionados.html#breadcrumb\"},\"inLanguage\":\"pt-BR\",\"potentialAction\":[{\"@type\":\"ReadAction\",\"target\":[\"https:\/\/franciscanos.org.br\/noticias\/emocao-marca-a-missa-de-envio-dos-jovens-vocacionados.html\"]}]},{\"@type\":\"BreadcrumbList\",\"@id\":\"https:\/\/franciscanos.org.br\/noticias\/emocao-marca-a-missa-de-envio-dos-jovens-vocacionados.html#breadcrumb\",\"itemListElement\":[{\"@type\":\"ListItem\",\"position\":1,\"name\":\"Home\",\"item\":\"https:\/\/franciscanos.org.br\/noticias\"},{\"@type\":\"ListItem\",\"position\":2,\"name\":\"Emo\u00e7\u00e3o marca Missa de envio no Convento S\u00e3o Francisco\"}]},{\"@type\":\"Person\",\"@id\":\"https:\/\/franciscanos.org.br\/noticias\/#\/schema\/person\/b38fbf43118f02820bd932f2e4b14ad3\",\"name\":\"admin\",\"image\":{\"@type\":\"ImageObject\",\"inLanguage\":\"pt-BR\",\"@id\":\"https:\/\/franciscanos.org.br\/noticias\/#\/schema\/person\/image\/\",\"url\":\"https:\/\/secure.gravatar.com\/avatar\/e8495742d34d0ba6448ea1c628263b3e?s=96&d=mm&r=g\",\"contentUrl\":\"https:\/\/secure.gravatar.com\/avatar\/e8495742d34d0ba6448ea1c628263b3e?s=96&d=mm&r=g\",\"caption\":\"admin\"},\"url\":\"https:\/\/franciscanos.org.br\/noticias\/author\/admin\"}]}<\/script>\n<!-- \/ Yoast SEO plugin. -->","yoast_head_json":{"title":"Emo\u00e7\u00e3o marca Missa de envio no Convento S\u00e3o Francisco - Not\u00edcias - Franciscanos","robots":{"index":"index","follow":"follow","max-snippet":"max-snippet:-1","max-image-preview":"max-image-preview:large","max-video-preview":"max-video-preview:-1"},"canonical":"https:\/\/franciscanos.org.br\/noticias\/emocao-marca-a-missa-de-envio-dos-jovens-vocacionados.html","og_locale":"pt_BR","og_type":"article","og_title":"Emo\u00e7\u00e3o marca Missa de envio no Convento S\u00e3o Francisco - Not\u00edcias - Franciscanos","og_description":"Aspirantes","og_url":"https:\/\/franciscanos.org.br\/noticias\/emocao-marca-a-missa-de-envio-dos-jovens-vocacionados.html","og_site_name":"Not\u00edcias - Franciscanos","article_published_time":"2014-01-27T10:04:06+00:00","article_modified_time":"2020-11-11T14:17:14+00:00","og_image":[{"width":273,"height":181,"url":"https:\/\/franciscanos.org.br\/noticias\/wp-content\/uploads\/2014\/01\/envio1.jpg","type":"image\/jpeg"}],"author":"admin","twitter_card":"summary_large_image","twitter_misc":{"Escrito por":"admin","Est. tempo de leitura":"2 minutos"},"schema":{"@context":"https:\/\/schema.org","@graph":[{"@type":"WebSite","@id":"https:\/\/franciscanos.org.br\/noticias\/#website","url":"https:\/\/franciscanos.org.br\/noticias\/","name":"Not\u00edcias - Franciscanos","description":"Prov\u00edncia Franciscana da Imaculada Concei\u00e7\u00e3o do Brasil - Ordem dos Frades Menores - OFM","potentialAction":[{"@type":"SearchAction","target":{"@type":"EntryPoint","urlTemplate":"https:\/\/franciscanos.org.br\/noticias\/?s={search_term_string}"},"query-input":"required name=search_term_string"}],"inLanguage":"pt-BR"},{"@type":"ImageObject","inLanguage":"pt-BR","@id":"https:\/\/franciscanos.org.br\/noticias\/emocao-marca-a-missa-de-envio-dos-jovens-vocacionados.html#primaryimage","url":"https:\/\/franciscanos.org.br\/noticias\/wp-content\/uploads\/2014\/01\/envio1.jpg","contentUrl":"https:\/\/franciscanos.org.br\/noticias\/wp-content\/uploads\/2014\/01\/envio1.jpg","width":273,"height":181},{"@type":"WebPage","@id":"https:\/\/franciscanos.org.br\/noticias\/emocao-marca-a-missa-de-envio-dos-jovens-vocacionados.html#webpage","url":"https:\/\/franciscanos.org.br\/noticias\/emocao-marca-a-missa-de-envio-dos-jovens-vocacionados.html","name":"Emo\u00e7\u00e3o marca Missa de envio no Convento S\u00e3o Francisco - Not\u00edcias - Franciscanos","isPartOf":{"@id":"https:\/\/franciscanos.org.br\/noticias\/#website"},"primaryImageOfPage":{"@id":"https:\/\/franciscanos.org.br\/noticias\/emocao-marca-a-missa-de-envio-dos-jovens-vocacionados.html#primaryimage"},"datePublished":"2014-01-27T10:04:06+00:00","dateModified":"2020-11-11T14:17:14+00:00","author":{"@id":"https:\/\/franciscanos.org.br\/noticias\/#\/schema\/person\/b38fbf43118f02820bd932f2e4b14ad3"},"breadcrumb":{"@id":"https:\/\/franciscanos.org.br\/noticias\/emocao-marca-a-missa-de-envio-dos-jovens-vocacionados.html#breadcrumb"},"inLanguage":"pt-BR","potentialAction":[{"@type":"ReadAction","target":["https:\/\/franciscanos.org.br\/noticias\/emocao-marca-a-missa-de-envio-dos-jovens-vocacionados.html"]}]},{"@type":"BreadcrumbList","@id":"https:\/\/franciscanos.org.br\/noticias\/emocao-marca-a-missa-de-envio-dos-jovens-vocacionados.html#breadcrumb","itemListElement":[{"@type":"ListItem","position":1,"name":"Home","item":"https:\/\/franciscanos.org.br\/noticias"},{"@type":"ListItem","position":2,"name":"Emo\u00e7\u00e3o marca Missa de envio no Convento S\u00e3o Francisco"}]},{"@type":"Person","@id":"https:\/\/franciscanos.org.br\/noticias\/#\/schema\/person\/b38fbf43118f02820bd932f2e4b14ad3","name":"admin","image":{"@type":"ImageObject","inLanguage":"pt-BR","@id":"https:\/\/franciscanos.org.br\/noticias\/#\/schema\/person\/image\/","url":"https:\/\/secure.gravatar.com\/avatar\/e8495742d34d0ba6448ea1c628263b3e?s=96&d=mm&r=g","contentUrl":"https:\/\/secure.gravatar.com\/avatar\/e8495742d34d0ba6448ea1c628263b3e?s=96&d=mm&r=g","caption":"admin"},"url":"https:\/\/franciscanos.org.br\/noticias\/author\/admin"}]}},"_links":{"self":[{"href":"https:\/\/franciscanos.org.br\/noticias\/wp-json\/wp\/v2\/posts\/51956"}],"collection":[{"href":"https:\/\/franciscanos.org.br\/noticias\/wp-json\/wp\/v2\/posts"}],"about":[{"href":"https:\/\/franciscanos.org.br\/noticias\/wp-json\/wp\/v2\/types\/post"}],"author":[{"embeddable":true,"href":"https:\/\/franciscanos.org.br\/noticias\/wp-json\/wp\/v2\/users\/1"}],"replies":[{"embeddable":true,"href":"https:\/\/franciscanos.org.br\/noticias\/wp-json\/wp\/v2\/comments?post=51956"}],"version-history":[{"count":1,"href":"https:\/\/franciscanos.org.br\/noticias\/wp-json\/wp\/v2\/posts\/51956\/revisions"}],"predecessor-version":[{"id":229306,"href":"https:\/\/franciscanos.org.br\/noticias\/wp-json\/wp\/v2\/posts\/51956\/revisions\/229306"}],"wp:featuredmedia":[{"embeddable":true,"href":"https:\/\/franciscanos.org.br\/noticias\/wp-json\/wp\/v2\/media\/218665"}],"wp:attachment":[{"href":"https:\/\/franciscanos.org.br\/noticias\/wp-json\/wp\/v2\/media?parent=51956"}],"wp:term":[{"taxonomy":"category","embeddable":true,"href":"https:\/\/franciscanos.org.br\/noticias\/wp-json\/wp\/v2\/categories?post=51956"},{"taxonomy":"post_tag","embeddable":true,"href":"https:\/\/franciscanos.org.br\/noticias\/wp-json\/wp\/v2\/tags?post=51956"}],"curies":[{"name":"wp","href":"https:\/\/api.w.org\/{rel}","templated":true}]}}