{"id":51941,"date":"2014-01-24T09:52:40","date_gmt":"2014-01-24T11:52:40","guid":{"rendered":"http:\/\/new.franciscanos.org.br\/?p=51941"},"modified":"2019-09-09T12:22:23","modified_gmt":"2019-09-09T15:22:23","slug":"paroquia-de-santo-antonio-do-pari-comemora-100-anos","status":"publish","type":"post","link":"https:\/\/franciscanos.org.br\/noticias\/paroquia-de-santo-antonio-do-pari-comemora-100-anos.html","title":{"rendered":"Domingo, Santo Ant\u00f4nio do Pari celebra 100 anos"},"content":{"rendered":"<p>A Par\u00f3quia Santo Ant\u00f4nio do Pari, na capital paulista, \u00a0inicia nesta quinta-feira, 30 de janeiro, as comemora\u00e7\u00f5es pelo seu centen\u00e1rio. Fundada no dia 2 de fevereiro de 1914, a Par\u00f3quia celebrar\u00e1 a data durante a Missa solene no pr\u00f3ximo domingo, dia 2, \u00e0s 18 horas.<\/p>\n<p>As celebra\u00e7\u00f5es come\u00e7am com um Tr\u00edduo, que ter\u00e1 como pregador Frei Agostinho S. Piccolo.<\/p>\n<h4><strong>Programa\u00e7\u00e3o<\/strong><\/h4>\n<p><strong>Dia 30 de janeiro, \u00e0s 19h30 Mem\u00f3ria dos 25 anos<\/strong>\u00a0\u2013 Jubileu de Prata<\/p>\n<p><strong> Dia 31 de janeiro, \u00e0s 19h30<\/strong>\u00a0<strong>Mem\u00f3ria dos 50 anos \u2013<\/strong>\u00a0Jubileu de Ouro<\/p>\n<p><strong>Dia 1\u00b0 de fevereiro, \u00e0s 16h Mem\u00f3ria dos 75 anos \u2013<\/strong>\u00a0Jubileu de Diamante<\/p>\n<p><strong>Pregador<\/strong> <em>do Tr\u00edduo Frei Agostinho S. Piccolo, OFM<\/em><\/p>\n<p><strong>Dia 2 de fevereiro, \u00e0s 18h Missa solene em comemora\u00e7\u00e3o dos 100 anos<\/strong>\u00a0\u2013 Jubileu de Jequitib\u00e1<br \/>\n<em>Presen\u00e7a de Dom Tarc\u00edsio Scaramussa, SDB \u2013 bispo auxiliar da Regi\u00e3o S\u00e9 na Arquidiocese de S\u00e3o Paulo<\/em><\/p>\n<p>No dia 2, \u00a0\u00e0s 10 horas, haver\u00e1 a inaugura\u00e7\u00e3o do novo altar de Nossa Senhora de Copacabana e a entroniza\u00e7\u00e3o de sua imagem e de Nossa Senhora de Urpuki\u00f1a, ambas padroeiras da Bol\u00edvia.<\/p>\n<p>Acompanhe o Tr\u00edduo no site do Pari: www.santoantoniodopari.com.br<\/p>\n<h4><em id=\"__mceDel\"><strong>Hist\u00f3ria<\/strong><\/em><\/h4>\n<div id=\"attachment_52014\" style=\"width: 410px\" class=\"wp-caption alignright\"><img aria-describedby=\"caption-attachment-52014\" loading=\"lazy\" class=\"size-full wp-image-52014\" src=\"http:\/\/franciscanos.org.br\/wp-content\/uploads\/2014\/01\/pari2.jpg\" alt=\"O in\u00edcio da constru\u00e7\u00e3o da igreja\" width=\"400\" height=\"298\" \/><p id=\"caption-attachment-52014\" class=\"wp-caption-text\">O in\u00edcio da constru\u00e7\u00e3o da igreja<\/p><\/div>\n<p>Fundada aos 2 de fevereiro de 1914 por Dom Duarte Leopoldo e Silva, a par\u00f3quia teve como primeiro p\u00e1roco Frei Jos\u00e9 Rolim, que veio de Portugal por causa da guerra e ocupou o cargo at\u00e9 27 de agosto de 1916, quando foi sucedido por Frei Felipe Niggemeier.<\/p>\n<p>Conta a hist\u00f3ria que \u201cna car\u00eancia de igreja ou capela apropriada, Frei Jos\u00e9 Rolim alugou uma sala de um sobrado, que hoje faz esquina da rua Miller com a rua Maria Marcolina.\u201d<\/p>\n<p>Arthur Vautier, propriet\u00e1rio de vastos terrenos no bairro, vendo o dinamismo do frade portugu\u00eas, doou um terreno para a constru\u00e7\u00e3o de uma igreja. Em agosto de 1922, sendo vig\u00e1rio e superior do Pari Frei Oliv\u00e9rio Kraemer, teve in\u00edcio a constru\u00e7\u00e3o da \u201cbela e vasta\u201d matriz, que foi entregue ao culto divino em 13 de junho de 1924. A nova Igreja Matriz mede 60 metros de comprimento, 28 metros de largura e 15 metros de altura.<\/p>\n<p>Em 24 de agosto de 1923, sucedeu a Frei Oliv\u00e9rio, Frei Paulo Luig, que se tornou a &#8220;coluna do Pari&#8221;. Governou a par\u00f3quia durante 15 anos, com entusiasmo extraordin\u00e1rio. Continuou a constru\u00e7\u00e3o da igreja, j\u00e1 adiantada e coberta, adornando a com 15 altares, seis confession\u00e1rios, forro, batist\u00e9rio, bancos e duas imponentes torres de 52 metros de altura e de 8 metros de largura.<\/p>\n<p>Os altares, todos em leg\u00edtimo m\u00e1rmore, foram constru\u00eddos e solenemente inaugurados entre os anos de 1925 e 1929.\u00a0 O p\u00falpito, tamb\u00e9m em m\u00e1rmore de cores e incrusta\u00e7\u00f5es de alto relevo de madeira, imitando bronze, foi inaugurado em 30 de novembro de 1930.<\/p>\n<p><img loading=\"lazy\" class=\"size-full wp-image-52013 alignleft\" src=\"http:\/\/franciscanos.org.br\/wp-content\/uploads\/2014\/01\/pari.jpg\" alt=\"pari\" width=\"400\" height=\"282\" \/>A sagra\u00e7\u00e3o dos sinos realizou-se a 22 de janeiro de 1928 por Dom Jos\u00e9 Carlos Aguirre e a inaugura\u00e7\u00e3o da via-sacra aconteceu em 6 de mar\u00e7o de 1927.<\/p>\n<p>E assim a Igreja Matriz foi sendo constru\u00edda com a colabora\u00e7\u00e3o, trabalho e dedica\u00e7\u00e3o de muitos frades que por aqui passaram e principalmente com a ajuda e colabora\u00e7\u00e3o de todo povo do bairro e at\u00e9 mesmo devotos de longe.<\/p>\n<p>No dia 13 de junho de 2006, um inc\u00eandio que come\u00e7ou pelo vel\u00e1rio acabou destruindo toda a lateral direita da Igreja e a torre onde ficava o mecanismo dos rel\u00f3gios e os sinos. A partir de ent\u00e3o, come\u00e7ou-se uma grande mobiliza\u00e7\u00e3o para restaurar a igreja.<\/p>\n<p>No dia 10 de dezembro de 2007, aconteceu a dedica\u00e7\u00e3o da igreja, com a presen\u00e7a do Cardeal D. Odilo Scherer. De 2006 a 2009 foram realizados os trabalhos internos: todo o telhado na parte direita foi refeito, os bancos foram reformados, novos pisos foram colocados. Imagens e altares laterais foram restaurados, as esta\u00e7\u00f5es da via-sacra foram reconstitu\u00eddas, id\u00eanticas as originais.<\/p>\n<p>Foi constru\u00eddo tamb\u00e9m um novo vel\u00e1rio, no lado externo da igreja, e o \u00f3rg\u00e3o, um dos maiores da cidade de S\u00e3o Paulo, tamb\u00e9m passou pelo in\u00edcio de um processo de restauro.<\/p>\n<p>O sal\u00e3o paroquial tamb\u00e9m foi reformado, para que pudesse oferecer uma estrutura mais moderna e confort\u00e1vel para os eventos. Nesta \u00faltima etapa, al\u00e9m da grande reforma das torres, todo o telhado da igreja foi trocado e a parte externa ganhou uma nova pintura.<\/p>\n<p><strong>\u00a0<\/strong><\/p>\n","protected":false},"excerpt":{"rendered":"<p>100 anos<\/p>\n","protected":false},"author":1,"featured_media":210406,"comment_status":"closed","ping_status":"closed","sticky":false,"template":"","format":"standard","meta":[],"categories":[1],"tags":[],"acf":[],"yoast_head":"<!-- This site is optimized with the Yoast SEO plugin v19.2 - https:\/\/yoast.com\/wordpress\/plugins\/seo\/ -->\n<title>Domingo, Santo Ant\u00f4nio do Pari celebra 100 anos - Not\u00edcias - Franciscanos<\/title>\n<meta name=\"robots\" content=\"index, follow, max-snippet:-1, max-image-preview:large, max-video-preview:-1\" \/>\n<link rel=\"canonical\" href=\"https:\/\/franciscanos.org.br\/noticias\/paroquia-de-santo-antonio-do-pari-comemora-100-anos.html\" \/>\n<meta property=\"og:locale\" content=\"pt_BR\" \/>\n<meta property=\"og:type\" content=\"article\" \/>\n<meta property=\"og:title\" content=\"Domingo, Santo Ant\u00f4nio do Pari celebra 100 anos - Not\u00edcias - Franciscanos\" \/>\n<meta property=\"og:description\" content=\"100 anos\" \/>\n<meta property=\"og:url\" content=\"https:\/\/franciscanos.org.br\/noticias\/paroquia-de-santo-antonio-do-pari-comemora-100-anos.html\" \/>\n<meta property=\"og:site_name\" content=\"Not\u00edcias - Franciscanos\" \/>\n<meta property=\"article:published_time\" content=\"2014-01-24T11:52:40+00:00\" \/>\n<meta property=\"article:modified_time\" content=\"2019-09-09T15:22:23+00:00\" \/>\n<meta property=\"og:image\" content=\"https:\/\/franciscanos.org.br\/noticias\/wp-content\/uploads\/2014\/01\/pari2.jpg\" \/>\n\t<meta property=\"og:image:width\" content=\"273\" \/>\n\t<meta property=\"og:image:height\" content=\"182\" \/>\n\t<meta property=\"og:image:type\" content=\"image\/jpeg\" \/>\n<meta name=\"author\" content=\"admin\" \/>\n<meta name=\"twitter:card\" content=\"summary_large_image\" \/>\n<meta name=\"twitter:label1\" content=\"Escrito por\" \/>\n\t<meta name=\"twitter:data1\" content=\"admin\" \/>\n\t<meta name=\"twitter:label2\" content=\"Est. tempo de leitura\" \/>\n\t<meta name=\"twitter:data2\" content=\"4 minutos\" \/>\n<script type=\"application\/ld+json\" class=\"yoast-schema-graph\">{\"@context\":\"https:\/\/schema.org\",\"@graph\":[{\"@type\":\"WebSite\",\"@id\":\"https:\/\/franciscanos.org.br\/noticias\/#website\",\"url\":\"https:\/\/franciscanos.org.br\/noticias\/\",\"name\":\"Not\u00edcias - Franciscanos\",\"description\":\"Prov\u00edncia Franciscana da Imaculada Concei\u00e7\u00e3o do Brasil - Ordem dos Frades Menores - OFM\",\"potentialAction\":[{\"@type\":\"SearchAction\",\"target\":{\"@type\":\"EntryPoint\",\"urlTemplate\":\"https:\/\/franciscanos.org.br\/noticias\/?s={search_term_string}\"},\"query-input\":\"required name=search_term_string\"}],\"inLanguage\":\"pt-BR\"},{\"@type\":\"ImageObject\",\"inLanguage\":\"pt-BR\",\"@id\":\"https:\/\/franciscanos.org.br\/noticias\/paroquia-de-santo-antonio-do-pari-comemora-100-anos.html#primaryimage\",\"url\":\"https:\/\/franciscanos.org.br\/noticias\/wp-content\/uploads\/2014\/01\/pari2.jpg\",\"contentUrl\":\"https:\/\/franciscanos.org.br\/noticias\/wp-content\/uploads\/2014\/01\/pari2.jpg\",\"width\":273,\"height\":182},{\"@type\":\"WebPage\",\"@id\":\"https:\/\/franciscanos.org.br\/noticias\/paroquia-de-santo-antonio-do-pari-comemora-100-anos.html#webpage\",\"url\":\"https:\/\/franciscanos.org.br\/noticias\/paroquia-de-santo-antonio-do-pari-comemora-100-anos.html\",\"name\":\"Domingo, Santo Ant\u00f4nio do Pari celebra 100 anos - Not\u00edcias - Franciscanos\",\"isPartOf\":{\"@id\":\"https:\/\/franciscanos.org.br\/noticias\/#website\"},\"primaryImageOfPage\":{\"@id\":\"https:\/\/franciscanos.org.br\/noticias\/paroquia-de-santo-antonio-do-pari-comemora-100-anos.html#primaryimage\"},\"datePublished\":\"2014-01-24T11:52:40+00:00\",\"dateModified\":\"2019-09-09T15:22:23+00:00\",\"author\":{\"@id\":\"https:\/\/franciscanos.org.br\/noticias\/#\/schema\/person\/b38fbf43118f02820bd932f2e4b14ad3\"},\"breadcrumb\":{\"@id\":\"https:\/\/franciscanos.org.br\/noticias\/paroquia-de-santo-antonio-do-pari-comemora-100-anos.html#breadcrumb\"},\"inLanguage\":\"pt-BR\",\"potentialAction\":[{\"@type\":\"ReadAction\",\"target\":[\"https:\/\/franciscanos.org.br\/noticias\/paroquia-de-santo-antonio-do-pari-comemora-100-anos.html\"]}]},{\"@type\":\"BreadcrumbList\",\"@id\":\"https:\/\/franciscanos.org.br\/noticias\/paroquia-de-santo-antonio-do-pari-comemora-100-anos.html#breadcrumb\",\"itemListElement\":[{\"@type\":\"ListItem\",\"position\":1,\"name\":\"Home\",\"item\":\"https:\/\/franciscanos.org.br\/noticias\"},{\"@type\":\"ListItem\",\"position\":2,\"name\":\"Domingo, Santo Ant\u00f4nio do Pari celebra 100 anos\"}]},{\"@type\":\"Person\",\"@id\":\"https:\/\/franciscanos.org.br\/noticias\/#\/schema\/person\/b38fbf43118f02820bd932f2e4b14ad3\",\"name\":\"admin\",\"image\":{\"@type\":\"ImageObject\",\"inLanguage\":\"pt-BR\",\"@id\":\"https:\/\/franciscanos.org.br\/noticias\/#\/schema\/person\/image\/\",\"url\":\"https:\/\/secure.gravatar.com\/avatar\/e8495742d34d0ba6448ea1c628263b3e?s=96&d=mm&r=g\",\"contentUrl\":\"https:\/\/secure.gravatar.com\/avatar\/e8495742d34d0ba6448ea1c628263b3e?s=96&d=mm&r=g\",\"caption\":\"admin\"},\"url\":\"https:\/\/franciscanos.org.br\/noticias\/author\/admin\"}]}<\/script>\n<!-- \/ Yoast SEO plugin. -->","yoast_head_json":{"title":"Domingo, Santo Ant\u00f4nio do Pari celebra 100 anos - Not\u00edcias - Franciscanos","robots":{"index":"index","follow":"follow","max-snippet":"max-snippet:-1","max-image-preview":"max-image-preview:large","max-video-preview":"max-video-preview:-1"},"canonical":"https:\/\/franciscanos.org.br\/noticias\/paroquia-de-santo-antonio-do-pari-comemora-100-anos.html","og_locale":"pt_BR","og_type":"article","og_title":"Domingo, Santo Ant\u00f4nio do Pari celebra 100 anos - Not\u00edcias - Franciscanos","og_description":"100 anos","og_url":"https:\/\/franciscanos.org.br\/noticias\/paroquia-de-santo-antonio-do-pari-comemora-100-anos.html","og_site_name":"Not\u00edcias - Franciscanos","article_published_time":"2014-01-24T11:52:40+00:00","article_modified_time":"2019-09-09T15:22:23+00:00","og_image":[{"width":273,"height":182,"url":"https:\/\/franciscanos.org.br\/noticias\/wp-content\/uploads\/2014\/01\/pari2.jpg","type":"image\/jpeg"}],"author":"admin","twitter_card":"summary_large_image","twitter_misc":{"Escrito por":"admin","Est. tempo de leitura":"4 minutos"},"schema":{"@context":"https:\/\/schema.org","@graph":[{"@type":"WebSite","@id":"https:\/\/franciscanos.org.br\/noticias\/#website","url":"https:\/\/franciscanos.org.br\/noticias\/","name":"Not\u00edcias - Franciscanos","description":"Prov\u00edncia Franciscana da Imaculada Concei\u00e7\u00e3o do Brasil - Ordem dos Frades Menores - OFM","potentialAction":[{"@type":"SearchAction","target":{"@type":"EntryPoint","urlTemplate":"https:\/\/franciscanos.org.br\/noticias\/?s={search_term_string}"},"query-input":"required name=search_term_string"}],"inLanguage":"pt-BR"},{"@type":"ImageObject","inLanguage":"pt-BR","@id":"https:\/\/franciscanos.org.br\/noticias\/paroquia-de-santo-antonio-do-pari-comemora-100-anos.html#primaryimage","url":"https:\/\/franciscanos.org.br\/noticias\/wp-content\/uploads\/2014\/01\/pari2.jpg","contentUrl":"https:\/\/franciscanos.org.br\/noticias\/wp-content\/uploads\/2014\/01\/pari2.jpg","width":273,"height":182},{"@type":"WebPage","@id":"https:\/\/franciscanos.org.br\/noticias\/paroquia-de-santo-antonio-do-pari-comemora-100-anos.html#webpage","url":"https:\/\/franciscanos.org.br\/noticias\/paroquia-de-santo-antonio-do-pari-comemora-100-anos.html","name":"Domingo, Santo Ant\u00f4nio do Pari celebra 100 anos - Not\u00edcias - Franciscanos","isPartOf":{"@id":"https:\/\/franciscanos.org.br\/noticias\/#website"},"primaryImageOfPage":{"@id":"https:\/\/franciscanos.org.br\/noticias\/paroquia-de-santo-antonio-do-pari-comemora-100-anos.html#primaryimage"},"datePublished":"2014-01-24T11:52:40+00:00","dateModified":"2019-09-09T15:22:23+00:00","author":{"@id":"https:\/\/franciscanos.org.br\/noticias\/#\/schema\/person\/b38fbf43118f02820bd932f2e4b14ad3"},"breadcrumb":{"@id":"https:\/\/franciscanos.org.br\/noticias\/paroquia-de-santo-antonio-do-pari-comemora-100-anos.html#breadcrumb"},"inLanguage":"pt-BR","potentialAction":[{"@type":"ReadAction","target":["https:\/\/franciscanos.org.br\/noticias\/paroquia-de-santo-antonio-do-pari-comemora-100-anos.html"]}]},{"@type":"BreadcrumbList","@id":"https:\/\/franciscanos.org.br\/noticias\/paroquia-de-santo-antonio-do-pari-comemora-100-anos.html#breadcrumb","itemListElement":[{"@type":"ListItem","position":1,"name":"Home","item":"https:\/\/franciscanos.org.br\/noticias"},{"@type":"ListItem","position":2,"name":"Domingo, Santo Ant\u00f4nio do Pari celebra 100 anos"}]},{"@type":"Person","@id":"https:\/\/franciscanos.org.br\/noticias\/#\/schema\/person\/b38fbf43118f02820bd932f2e4b14ad3","name":"admin","image":{"@type":"ImageObject","inLanguage":"pt-BR","@id":"https:\/\/franciscanos.org.br\/noticias\/#\/schema\/person\/image\/","url":"https:\/\/secure.gravatar.com\/avatar\/e8495742d34d0ba6448ea1c628263b3e?s=96&d=mm&r=g","contentUrl":"https:\/\/secure.gravatar.com\/avatar\/e8495742d34d0ba6448ea1c628263b3e?s=96&d=mm&r=g","caption":"admin"},"url":"https:\/\/franciscanos.org.br\/noticias\/author\/admin"}]}},"_links":{"self":[{"href":"https:\/\/franciscanos.org.br\/noticias\/wp-json\/wp\/v2\/posts\/51941"}],"collection":[{"href":"https:\/\/franciscanos.org.br\/noticias\/wp-json\/wp\/v2\/posts"}],"about":[{"href":"https:\/\/franciscanos.org.br\/noticias\/wp-json\/wp\/v2\/types\/post"}],"author":[{"embeddable":true,"href":"https:\/\/franciscanos.org.br\/noticias\/wp-json\/wp\/v2\/users\/1"}],"replies":[{"embeddable":true,"href":"https:\/\/franciscanos.org.br\/noticias\/wp-json\/wp\/v2\/comments?post=51941"}],"version-history":[{"count":0,"href":"https:\/\/franciscanos.org.br\/noticias\/wp-json\/wp\/v2\/posts\/51941\/revisions"}],"wp:featuredmedia":[{"embeddable":true,"href":"https:\/\/franciscanos.org.br\/noticias\/wp-json\/wp\/v2\/media\/210406"}],"wp:attachment":[{"href":"https:\/\/franciscanos.org.br\/noticias\/wp-json\/wp\/v2\/media?parent=51941"}],"wp:term":[{"taxonomy":"category","embeddable":true,"href":"https:\/\/franciscanos.org.br\/noticias\/wp-json\/wp\/v2\/categories?post=51941"},{"taxonomy":"post_tag","embeddable":true,"href":"https:\/\/franciscanos.org.br\/noticias\/wp-json\/wp\/v2\/tags?post=51941"}],"curies":[{"name":"wp","href":"https:\/\/api.w.org\/{rel}","templated":true}]}}