{"id":51482,"date":"2014-01-13T15:36:25","date_gmt":"2014-01-13T17:36:25","guid":{"rendered":"http:\/\/new.franciscanos.org.br\/?p=51482"},"modified":"2019-08-06T13:43:47","modified_gmt":"2019-08-06T16:43:47","slug":"dom-joao-muller-toma-posse-como-novo-bispo-de-lorena-sp","status":"publish","type":"post","link":"https:\/\/franciscanos.org.br\/noticias\/dom-joao-muller-toma-posse-como-novo-bispo-de-lorena-sp.html","title":{"rendered":"Dom Jo\u00e3o M\u00fcller toma posse como novo bispo de Lorena (SP)"},"content":{"rendered":"<p><img loading=\"lazy\" class=\"alignright size-full wp-image-51483\" src=\"http:\/\/franciscanos.org.br\/wp-content\/uploads\/2014\/01\/joaoinacio.jpg\" alt=\"joaoinacio\" width=\"286\" height=\"320\" \/>O novo bispo de Lorena (SP), Dom Frei Jo\u00e3o In\u00e1cio M\u00fcller, OFM, tomou posse de sua miss\u00e3o na diocese, neste s\u00e1bado, 11. A cerim\u00f4nia foi realizada na Catedral Nossa Senhora da Piedade, \u00e0s 16h, seguida de uma Missa.<\/p>\n<p>Dom Jo\u00e3o M\u00fcller foi nomeado pelo Papa Francisco, no dia 25 de setembro de 2013, ap\u00f3s ren\u00fancia de Dom Benedito Beni dos Santos, por motivo de idade. Sua Ordena\u00e7\u00e3o Episcopal foi realizada em sua cidade natal, Santa Clara do Sul (RS), no dia 15 de dezembro.<\/p>\n<p>Com a posse, a Diocese de Lorena inicia o pastoreio de seu nono bispo diocesano. Dom Beni continuar\u00e1 na cidade como bispo em\u00e9rito.<\/p>\n<p>Participaram da solenidade o Cardeal de Aparecida e presidente da CNBB, Dom Raymundo Damasceno de Assis; o Cardeal Vig\u00e1rio-Geral da Arquidiocese de S\u00e3o Paulo, Dom Cl\u00e1udio Hummes, outros v\u00e1rios bispos e dezenas de sacerdotes.<\/p>\n<p>Logo no in\u00edcio da cerim\u00f4nia de posse, Dom Jo\u00e3o M\u00fcller entrou na Catedral aspergindo \u00e1gua benta sobre os fi\u00e9is que o saudavam com salva de palmas. Em seguida, colocou-se diante do Sacr\u00e1rio para um breve momento de ora\u00e7\u00e3o, no qual fez sua promessa de fidelidade \u00e0 miss\u00e3o confiada.<\/p>\n<p>A apresenta\u00e7\u00e3o do novo bispo \u00e0 diocese foi feita por Dom Damasceno, com palavras de agradecimento a Dom Beni que, durante quase oito anos, governou a diocese, e de boas-vindas a Dom Jo\u00e3o.<\/p>\n<p>Como ato oficial da sucess\u00e3o apost\u00f3lica, Dom Beni entregou o cajado do pastor, usado pelo primeiro bispo da diocese. Dando continuidade ao rito, alguns representantes da igreja local e o prefeito da cidade deram boas-vindas a Dom M\u00fcller.<\/p>\n<p><strong>Primeira Missa do novo bispo de Lorena\u00a0<\/strong><\/p>\n<p>Ap\u00f3s a cerim\u00f4nia de posse, o novo bispo de Lorena presidiu a Santa Missa na Catedral.<\/p>\n<p>No in\u00edcio da Celebra\u00e7\u00e3o, Dom Beni apresentou aos fi\u00e9is os cardeais e bispos presentes. Em seguida, Dom M\u00fcller recebeu os cumprimentos dos sacerdotes, di\u00e1conos e de dois seminaristas da diocese.<\/p>\n<p>Na homilia, Dom Jo\u00e3o M\u00fcller expressou sua gratid\u00e3o aos presentes e meditou sobre o Evangelho do dia, que narra o batismo de Jesus no Rio Jord\u00e3o (cf. Mt 3,13-17).<\/p>\n<p>Dom Jo\u00e3o explicou que o batismo \u00e9 a escola fundamental de Jesus, que Ele levar\u00e1 adiante por toda sua vida. Ali, o Pai confirma Seu Filho: &#8220;Eis o meu Filho amado, no qual est\u00e1 toda minha afei\u00e7\u00e3o&#8221;.<\/p>\n<p>O bispo faz um paralelo entre a cena do Rio Jord\u00e3o e a do Calv\u00e1rio, afirmando que uma remete \u00e0 outra. &#8220;Assim como no Jord\u00e3o, Ele mergulhar\u00e1 na \u00e1gua do calv\u00e1rio, na morte. Assim como no calv\u00e1rio se rasgar\u00e1 o v\u00e9u do templo, no Jord\u00e3o se rasgam os c\u00e9us. L\u00e1, dar\u00e1 a todos o Esp\u00edrito Santo; aqui, Ele o recebe. L\u00e1 se dirigir\u00e1 ao Pai; aqui, O chama. L\u00e1, ser\u00e1 reconhecido Filho pelo irm\u00e3o mais distante; aqui, no Jord\u00e3o, \u00e9 reconhecido pelo Pai&#8221;, destacou Dom M\u00fcller.<\/p>\n<p>Ele complementou, afirmando que a op\u00e7\u00e3o de Jesus deve ser tamb\u00e9m a de todo crist\u00e3o, &#8220;chamado a mergulhar no Filho e ser com Ele e como Ele igual ao Pai&#8221;. &#8220;O batismo de Jesus \u00e9 a porta de entrada da revela\u00e7\u00e3o crist\u00e3, que nos introduz na casa de Deus. \u00c9 porta totalmente aberta para n\u00f3s&#8221;, afirmou o bispo.<\/p>\n<p>Dom Jo\u00e3o disse ainda que como afirma S\u00e3o Paulo, o Filho se fez conosco e por n\u00f3s, maldi\u00e7\u00e3o e pecado, sem contudo ter pecado algum. &#8220;Ele se carrega de nossas mazelas e fal\u00eancias para que n\u00f3s possamos participar da Sua vida, da b\u00ean\u00e7\u00e3o que \u00e9 Sua vida. N\u00e3o teve vergonha de nos chamar de irm\u00e3os e irm\u00e3s e de nos levar de volta ao Pai&#8221;.<\/p>\n<p>Por fim, o bispo destacou que a miss\u00e3o de Jesus come\u00e7ou com a alegria do Pai, expressa na voz que vem do C\u00e9u ap\u00f3s o seu batismo. &#8220;Eu diria que n\u00f3s estamos presos em n\u00f3s mesmos e n\u00e3o temos leveza de miss\u00e3o, enquanto n\u00f3s n\u00e3o fizemos a experi\u00eancia da nossa vida ser do agrado do Pai. Precisamos ouvir e experimentar essa fala amorosa e pr\u00f3xima do Pai sobre n\u00f3s&#8221;.<\/p>\n<p>&#8220;Que saibamos abra\u00e7ar a luz desta locu\u00e7\u00e3o de Cristo hoje no batismo&#8221;, concluiu o novo bispo.<\/p>\n<p><b>Fonte: <a href=\"http:\/\/noticias.cancaonova.com\">noticias.cancaonova.com<\/a><\/b><\/p>\n","protected":false},"excerpt":{"rendered":"<p>Novo bispo<\/p>\n","protected":false},"author":1,"featured_media":208983,"comment_status":"closed","ping_status":"open","sticky":false,"template":"","format":"standard","meta":[],"categories":[1],"tags":[],"acf":[],"yoast_head":"<!-- This site is optimized with the Yoast SEO plugin v19.2 - https:\/\/yoast.com\/wordpress\/plugins\/seo\/ -->\n<title>Dom Jo\u00e3o M\u00fcller toma posse como novo bispo de Lorena (SP) - Not\u00edcias - Franciscanos<\/title>\n<meta name=\"robots\" content=\"index, follow, max-snippet:-1, max-image-preview:large, max-video-preview:-1\" \/>\n<link rel=\"canonical\" href=\"https:\/\/franciscanos.org.br\/noticias\/dom-joao-muller-toma-posse-como-novo-bispo-de-lorena-sp.html\" \/>\n<meta property=\"og:locale\" content=\"pt_BR\" \/>\n<meta property=\"og:type\" content=\"article\" \/>\n<meta property=\"og:title\" content=\"Dom Jo\u00e3o M\u00fcller toma posse como novo bispo de Lorena (SP) - Not\u00edcias - Franciscanos\" \/>\n<meta property=\"og:description\" content=\"Novo bispo\" \/>\n<meta property=\"og:url\" content=\"https:\/\/franciscanos.org.br\/noticias\/dom-joao-muller-toma-posse-como-novo-bispo-de-lorena-sp.html\" \/>\n<meta property=\"og:site_name\" content=\"Not\u00edcias - Franciscanos\" \/>\n<meta property=\"article:published_time\" content=\"2014-01-13T17:36:25+00:00\" \/>\n<meta property=\"article:modified_time\" content=\"2019-08-06T16:43:47+00:00\" \/>\n<meta property=\"og:image\" content=\"https:\/\/franciscanos.org.br\/noticias\/wp-content\/uploads\/2014\/01\/joaoinacio.jpg\" \/>\n\t<meta property=\"og:image:width\" content=\"273\" \/>\n\t<meta property=\"og:image:height\" content=\"181\" \/>\n\t<meta property=\"og:image:type\" content=\"image\/jpeg\" \/>\n<meta name=\"author\" content=\"admin\" \/>\n<meta name=\"twitter:card\" content=\"summary_large_image\" \/>\n<meta name=\"twitter:label1\" content=\"Escrito por\" \/>\n\t<meta name=\"twitter:data1\" content=\"admin\" \/>\n\t<meta name=\"twitter:label2\" content=\"Est. tempo de leitura\" \/>\n\t<meta name=\"twitter:data2\" content=\"4 minutos\" \/>\n<script type=\"application\/ld+json\" class=\"yoast-schema-graph\">{\"@context\":\"https:\/\/schema.org\",\"@graph\":[{\"@type\":\"WebSite\",\"@id\":\"https:\/\/franciscanos.org.br\/noticias\/#website\",\"url\":\"https:\/\/franciscanos.org.br\/noticias\/\",\"name\":\"Not\u00edcias - Franciscanos\",\"description\":\"Prov\u00edncia Franciscana da Imaculada Concei\u00e7\u00e3o do Brasil - Ordem dos Frades Menores - OFM\",\"potentialAction\":[{\"@type\":\"SearchAction\",\"target\":{\"@type\":\"EntryPoint\",\"urlTemplate\":\"https:\/\/franciscanos.org.br\/noticias\/?s={search_term_string}\"},\"query-input\":\"required name=search_term_string\"}],\"inLanguage\":\"pt-BR\"},{\"@type\":\"ImageObject\",\"inLanguage\":\"pt-BR\",\"@id\":\"https:\/\/franciscanos.org.br\/noticias\/dom-joao-muller-toma-posse-como-novo-bispo-de-lorena-sp.html#primaryimage\",\"url\":\"https:\/\/franciscanos.org.br\/noticias\/wp-content\/uploads\/2014\/01\/joaoinacio.jpg\",\"contentUrl\":\"https:\/\/franciscanos.org.br\/noticias\/wp-content\/uploads\/2014\/01\/joaoinacio.jpg\",\"width\":273,\"height\":181},{\"@type\":\"WebPage\",\"@id\":\"https:\/\/franciscanos.org.br\/noticias\/dom-joao-muller-toma-posse-como-novo-bispo-de-lorena-sp.html#webpage\",\"url\":\"https:\/\/franciscanos.org.br\/noticias\/dom-joao-muller-toma-posse-como-novo-bispo-de-lorena-sp.html\",\"name\":\"Dom Jo\u00e3o M\u00fcller toma posse como novo bispo de Lorena (SP) - Not\u00edcias - Franciscanos\",\"isPartOf\":{\"@id\":\"https:\/\/franciscanos.org.br\/noticias\/#website\"},\"primaryImageOfPage\":{\"@id\":\"https:\/\/franciscanos.org.br\/noticias\/dom-joao-muller-toma-posse-como-novo-bispo-de-lorena-sp.html#primaryimage\"},\"datePublished\":\"2014-01-13T17:36:25+00:00\",\"dateModified\":\"2019-08-06T16:43:47+00:00\",\"author\":{\"@id\":\"https:\/\/franciscanos.org.br\/noticias\/#\/schema\/person\/b38fbf43118f02820bd932f2e4b14ad3\"},\"breadcrumb\":{\"@id\":\"https:\/\/franciscanos.org.br\/noticias\/dom-joao-muller-toma-posse-como-novo-bispo-de-lorena-sp.html#breadcrumb\"},\"inLanguage\":\"pt-BR\",\"potentialAction\":[{\"@type\":\"ReadAction\",\"target\":[\"https:\/\/franciscanos.org.br\/noticias\/dom-joao-muller-toma-posse-como-novo-bispo-de-lorena-sp.html\"]}]},{\"@type\":\"BreadcrumbList\",\"@id\":\"https:\/\/franciscanos.org.br\/noticias\/dom-joao-muller-toma-posse-como-novo-bispo-de-lorena-sp.html#breadcrumb\",\"itemListElement\":[{\"@type\":\"ListItem\",\"position\":1,\"name\":\"Home\",\"item\":\"https:\/\/franciscanos.org.br\/noticias\"},{\"@type\":\"ListItem\",\"position\":2,\"name\":\"Dom Jo\u00e3o M\u00fcller toma posse como novo bispo de Lorena (SP)\"}]},{\"@type\":\"Person\",\"@id\":\"https:\/\/franciscanos.org.br\/noticias\/#\/schema\/person\/b38fbf43118f02820bd932f2e4b14ad3\",\"name\":\"admin\",\"image\":{\"@type\":\"ImageObject\",\"inLanguage\":\"pt-BR\",\"@id\":\"https:\/\/franciscanos.org.br\/noticias\/#\/schema\/person\/image\/\",\"url\":\"https:\/\/secure.gravatar.com\/avatar\/e8495742d34d0ba6448ea1c628263b3e?s=96&d=mm&r=g\",\"contentUrl\":\"https:\/\/secure.gravatar.com\/avatar\/e8495742d34d0ba6448ea1c628263b3e?s=96&d=mm&r=g\",\"caption\":\"admin\"},\"url\":\"https:\/\/franciscanos.org.br\/noticias\/author\/admin\"}]}<\/script>\n<!-- \/ Yoast SEO plugin. -->","yoast_head_json":{"title":"Dom Jo\u00e3o M\u00fcller toma posse como novo bispo de Lorena (SP) - Not\u00edcias - Franciscanos","robots":{"index":"index","follow":"follow","max-snippet":"max-snippet:-1","max-image-preview":"max-image-preview:large","max-video-preview":"max-video-preview:-1"},"canonical":"https:\/\/franciscanos.org.br\/noticias\/dom-joao-muller-toma-posse-como-novo-bispo-de-lorena-sp.html","og_locale":"pt_BR","og_type":"article","og_title":"Dom Jo\u00e3o M\u00fcller toma posse como novo bispo de Lorena (SP) - Not\u00edcias - Franciscanos","og_description":"Novo bispo","og_url":"https:\/\/franciscanos.org.br\/noticias\/dom-joao-muller-toma-posse-como-novo-bispo-de-lorena-sp.html","og_site_name":"Not\u00edcias - Franciscanos","article_published_time":"2014-01-13T17:36:25+00:00","article_modified_time":"2019-08-06T16:43:47+00:00","og_image":[{"width":273,"height":181,"url":"https:\/\/franciscanos.org.br\/noticias\/wp-content\/uploads\/2014\/01\/joaoinacio.jpg","type":"image\/jpeg"}],"author":"admin","twitter_card":"summary_large_image","twitter_misc":{"Escrito por":"admin","Est. tempo de leitura":"4 minutos"},"schema":{"@context":"https:\/\/schema.org","@graph":[{"@type":"WebSite","@id":"https:\/\/franciscanos.org.br\/noticias\/#website","url":"https:\/\/franciscanos.org.br\/noticias\/","name":"Not\u00edcias - Franciscanos","description":"Prov\u00edncia Franciscana da Imaculada Concei\u00e7\u00e3o do Brasil - Ordem dos Frades Menores - OFM","potentialAction":[{"@type":"SearchAction","target":{"@type":"EntryPoint","urlTemplate":"https:\/\/franciscanos.org.br\/noticias\/?s={search_term_string}"},"query-input":"required name=search_term_string"}],"inLanguage":"pt-BR"},{"@type":"ImageObject","inLanguage":"pt-BR","@id":"https:\/\/franciscanos.org.br\/noticias\/dom-joao-muller-toma-posse-como-novo-bispo-de-lorena-sp.html#primaryimage","url":"https:\/\/franciscanos.org.br\/noticias\/wp-content\/uploads\/2014\/01\/joaoinacio.jpg","contentUrl":"https:\/\/franciscanos.org.br\/noticias\/wp-content\/uploads\/2014\/01\/joaoinacio.jpg","width":273,"height":181},{"@type":"WebPage","@id":"https:\/\/franciscanos.org.br\/noticias\/dom-joao-muller-toma-posse-como-novo-bispo-de-lorena-sp.html#webpage","url":"https:\/\/franciscanos.org.br\/noticias\/dom-joao-muller-toma-posse-como-novo-bispo-de-lorena-sp.html","name":"Dom Jo\u00e3o M\u00fcller toma posse como novo bispo de Lorena (SP) - Not\u00edcias - Franciscanos","isPartOf":{"@id":"https:\/\/franciscanos.org.br\/noticias\/#website"},"primaryImageOfPage":{"@id":"https:\/\/franciscanos.org.br\/noticias\/dom-joao-muller-toma-posse-como-novo-bispo-de-lorena-sp.html#primaryimage"},"datePublished":"2014-01-13T17:36:25+00:00","dateModified":"2019-08-06T16:43:47+00:00","author":{"@id":"https:\/\/franciscanos.org.br\/noticias\/#\/schema\/person\/b38fbf43118f02820bd932f2e4b14ad3"},"breadcrumb":{"@id":"https:\/\/franciscanos.org.br\/noticias\/dom-joao-muller-toma-posse-como-novo-bispo-de-lorena-sp.html#breadcrumb"},"inLanguage":"pt-BR","potentialAction":[{"@type":"ReadAction","target":["https:\/\/franciscanos.org.br\/noticias\/dom-joao-muller-toma-posse-como-novo-bispo-de-lorena-sp.html"]}]},{"@type":"BreadcrumbList","@id":"https:\/\/franciscanos.org.br\/noticias\/dom-joao-muller-toma-posse-como-novo-bispo-de-lorena-sp.html#breadcrumb","itemListElement":[{"@type":"ListItem","position":1,"name":"Home","item":"https:\/\/franciscanos.org.br\/noticias"},{"@type":"ListItem","position":2,"name":"Dom Jo\u00e3o M\u00fcller toma posse como novo bispo de Lorena (SP)"}]},{"@type":"Person","@id":"https:\/\/franciscanos.org.br\/noticias\/#\/schema\/person\/b38fbf43118f02820bd932f2e4b14ad3","name":"admin","image":{"@type":"ImageObject","inLanguage":"pt-BR","@id":"https:\/\/franciscanos.org.br\/noticias\/#\/schema\/person\/image\/","url":"https:\/\/secure.gravatar.com\/avatar\/e8495742d34d0ba6448ea1c628263b3e?s=96&d=mm&r=g","contentUrl":"https:\/\/secure.gravatar.com\/avatar\/e8495742d34d0ba6448ea1c628263b3e?s=96&d=mm&r=g","caption":"admin"},"url":"https:\/\/franciscanos.org.br\/noticias\/author\/admin"}]}},"_links":{"self":[{"href":"https:\/\/franciscanos.org.br\/noticias\/wp-json\/wp\/v2\/posts\/51482"}],"collection":[{"href":"https:\/\/franciscanos.org.br\/noticias\/wp-json\/wp\/v2\/posts"}],"about":[{"href":"https:\/\/franciscanos.org.br\/noticias\/wp-json\/wp\/v2\/types\/post"}],"author":[{"embeddable":true,"href":"https:\/\/franciscanos.org.br\/noticias\/wp-json\/wp\/v2\/users\/1"}],"replies":[{"embeddable":true,"href":"https:\/\/franciscanos.org.br\/noticias\/wp-json\/wp\/v2\/comments?post=51482"}],"version-history":[{"count":0,"href":"https:\/\/franciscanos.org.br\/noticias\/wp-json\/wp\/v2\/posts\/51482\/revisions"}],"wp:featuredmedia":[{"embeddable":true,"href":"https:\/\/franciscanos.org.br\/noticias\/wp-json\/wp\/v2\/media\/208983"}],"wp:attachment":[{"href":"https:\/\/franciscanos.org.br\/noticias\/wp-json\/wp\/v2\/media?parent=51482"}],"wp:term":[{"taxonomy":"category","embeddable":true,"href":"https:\/\/franciscanos.org.br\/noticias\/wp-json\/wp\/v2\/categories?post=51482"},{"taxonomy":"post_tag","embeddable":true,"href":"https:\/\/franciscanos.org.br\/noticias\/wp-json\/wp\/v2\/tags?post=51482"}],"curies":[{"name":"wp","href":"https:\/\/api.w.org\/{rel}","templated":true}]}}