{"id":51476,"date":"2014-01-13T15:30:40","date_gmt":"2014-01-13T17:30:40","guid":{"rendered":"http:\/\/new.franciscanos.org.br\/?p=51476"},"modified":"2019-01-17T10:27:13","modified_gmt":"2019-01-17T12:27:13","slug":"dom-orani-e-o-mais-novo-cardeal-do-brasil","status":"publish","type":"post","link":"https:\/\/franciscanos.org.br\/noticias\/dom-orani-e-o-mais-novo-cardeal-do-brasil.html","title":{"rendered":"Dom Orani \u00e9 nomeado cardeal do Brasil"},"content":{"rendered":"<p style=\"text-align: left;\"><img loading=\"lazy\" class=\"alignright\" src=\"http:\/\/franciscanos.org.br\/wp-content\/uploads\/2014\/01\/dorani.jpg\" alt=\"dorani\" width=\"450\" height=\"672\" \/>O papa Francisco anunciou neste domingo, dia 12, ap\u00f3s a ora\u00e7\u00e3o do Angelus, que no pr\u00f3ximo 22 de fevereiro presidir\u00e1 o Consist\u00f3rio no qual criar\u00e1 16 novos cardeais, entre eles o Arcebispo do Rio de Janeiro, Dom Orani Jo\u00e3o Tempesta. No dia 23, haver\u00e1 uma solene concelebra\u00e7\u00e3o eucar\u00edstica com os novos cardeais.<\/p>\n<p style=\"text-align: left;\">&#8220;Em minha indignidade tenho certeza que a gra\u00e7a de Deus n\u00e3o me faltar\u00e1 para poder bem servir a Igreja nessa dimens\u00e3o universal que \u00e9 a dimens\u00e3o do cardinalato. Pe\u00e7o a todos que continuem rezando por mim para que possa continuar servindo \u00e0 Deus, \u00e0 Igreja, como tenho servido at\u00e9 hoje, mas agora com essa responsabilidade maior, que se une as que j\u00e1 desenvolvo&#8221;, disse dom Orani em entrevista ao site da arquidiocese do Rio de Janeiro.<\/p>\n<h4 style=\"text-align: left;\"><strong>Curr\u00edculo<\/strong><\/h4>\n<p style=\"text-align: left;\">Paulista de S\u00e3o Jos\u00e9 do Rio Pardo, dom Orani Jo\u00e3o Tempesta, nasceu no dia 23 de junho de 1950, filho de Achille Tempesta e de Maria B\u00e1rbara de Oliveira.<\/p>\n<p style=\"text-align: left;\">Religioso da Ordem Cisterciense, cursou Filosofia no Mosteiro de S\u00e3o Bento, em S\u00e3o Paulo (SP) e Teologia no Instituto de Teologia Pio XI, em S\u00e3o Paulo (SP).<\/p>\n<p style=\"text-align: left;\">Foi ordenado presb\u00edtero na sua cidade natal, em 7 de dezembro de 1974, na par\u00f3quia S\u00e3o Roque, onde foi vig\u00e1rio e p\u00e1roco.<\/p>\n<p style=\"text-align: left;\">Em sua diocese de S\u00e3o Jo\u00e3o da Boa Vista (SP), exerceu v\u00e1rios of\u00edcios em \u00e2mbito diocesano, como coordenador da Pastoral, da Comunica\u00e7\u00e3o e das Comunidades Eclesiais de Base (CEBs), professor do semin\u00e1rio e membro do Conselho de Presb\u00edteros e do Col\u00e9gio dos Consultores.<\/p>\n<p style=\"text-align: left;\">Em 26 de fevereiro de 1997 foi eleito bispo para a diocese de S\u00e3o Jos\u00e9 do Rio Preto (SP), governando-a por mais de 7 anos (01\/05\/1997 a 12\/10\/2004). Ao ser ordenado bispo em 25 de abril de 1997 pelo seu antecessor, dom Jos\u00e9 de Aquino Pereira, adotou o lema: \u201cQue todos sejam um\u201d.<\/p>\n<p style=\"text-align: left;\">De 1998 a 2003 foi o bispo respons\u00e1vel pelo Setor de Comunica\u00e7\u00e3o do Regional Sul 1 da CNBB (dioceses paulistas).<\/p>\n<p style=\"text-align: left;\">Desde 1998 faz parte, hoje presidente, do Conselho Superior do Instituto Brasileiro de Comunica\u00e7\u00e3o Crist\u00e3 (Inbrac), mantenedor da RedeVida de Televis\u00e3o.<\/p>\n<p style=\"text-align: left;\">Enquanto bispo de S\u00e3o Jos\u00e9 do Rio Preto, tamb\u00e9m exerceu os of\u00edcios de administrador da Abadia Territorial de Clavaral &#8211; MG (22\/5\/1999 a 11\/12\/2002) e de visitador apost\u00f3lico do Mosteiro de S\u00e3o Bento, em Olinda-PE (2001 e 2002).<\/p>\n<p style=\"text-align: left;\">Em 8 de maio de 2003 foi eleito presidente da Comiss\u00e3o Episcopal para a Cultura, Educa\u00e7\u00e3o e Comunica\u00e7\u00e3o Social da Confer\u00eancia Nacional dos Bispos do Brasil (CNBB), depois reeleito por mais um mandato, ficando at\u00e9 2011 e, por consequ\u00eancia, tamb\u00e9m na CNBB, membro do Conselho Episcopal Pastoral (Consep), do Conselho Permanente e do Conselho Econ\u00f4mico.<\/p>\n<p style=\"text-align: left;\">No Conselho Nacional de Comunica\u00e7\u00e3o Social do Senado Federal, foi representante da sociedade civil (2004 a 2007) e, desde o dia 8 de agosto de 2012, exerce a fun\u00e7\u00e3o de presidente do \u00f3rg\u00e3o.<\/p>\n<p style=\"text-align: left;\">Em 13 de outubro de 2004 foi eleito arcebispo metropolitano de Bel\u00e9m do Par\u00e1, permanecendo no oficio por mais de 4 anos (08\/12\/2004 a 26\/02\/2009).<\/p>\n<p style=\"text-align: left;\">Enquanto arcebispo de Bel\u00e9m, foi eleito delegado pela CNBB para a 5\u00aa Confer\u00eancia Geral do Episcopado Latino-Americano e Caribenho (Celam), realizado em Aparecida-SP (maio 2007).<\/p>\n<p style=\"text-align: left;\">Em 19 de novembro de 2008 recebeu o t\u00edtulo de Doutor Honoris Causa pelo Centro Universit\u00e1rio S\u00e3o Camilo, dos Padres Camilianos, de S\u00e3o Paulo. Tamb\u00e9m foi vice-presidente do Regional Norte 2 da CNBB (Par\u00e1 e Amap\u00e1).<\/p>\n<p style=\"text-align: left;\">Em 27 de fevereiro de 2009 foi eleito pelo papa Bento XVI como arcebispo metropolitano da arquidiocese de S\u00e3o Sebasti\u00e3o do Rio de Janeiro (RJ), tomando posse em 19 de abril do mesmo ano, at\u00e9 hoje.<\/p>\n<p style=\"text-align: left;\">Presidente do Instituto Brasileiro de Marketing Cat\u00f3lico (IBMC) desde 2010, tamb\u00e9m exerce desde o dia 12 de maio de 2011 o oficio de presidente do Regional Leste 1 da CNBB (dioceses do Estado do Rio de Janeiro).<\/p>\n<p style=\"text-align: left;\">Como arcebispo do Rio, exerce ainda o of\u00edcio de presidente da Funda\u00e7\u00e3o R\u00e1dio Catedral, Gr\u00e3o-Chanceler da Pontif\u00edcia Universidade Cat\u00f3lica (PUC-Rio) e presidente da Pastoral do Menor. Tamb\u00e9m foi o presidente do Comit\u00ea Organizador Local da Jornada Mundial da Juventude (JMJ Rio2013)<\/p>\n<p style=\"text-align: left;\" align=\"right\"><b>Fonte: CNBB\/Arquidiocese Rio de Janeiro<\/b><\/p>\n","protected":false},"excerpt":{"rendered":"<p>CNBB<\/p>\n","protected":false},"author":1,"featured_media":194734,"comment_status":"closed","ping_status":"open","sticky":false,"template":"","format":"standard","meta":[],"categories":[1],"tags":[1242,1241],"acf":[],"yoast_head":"<!-- This site is optimized with the Yoast SEO plugin v19.2 - https:\/\/yoast.com\/wordpress\/plugins\/seo\/ -->\n<title>Dom Orani \u00e9 nomeado cardeal do Brasil - Not\u00edcias - Franciscanos<\/title>\n<meta name=\"robots\" content=\"index, follow, max-snippet:-1, max-image-preview:large, max-video-preview:-1\" \/>\n<link rel=\"canonical\" href=\"https:\/\/franciscanos.org.br\/noticias\/dom-orani-e-o-mais-novo-cardeal-do-brasil.html\" \/>\n<meta property=\"og:locale\" content=\"pt_BR\" \/>\n<meta property=\"og:type\" content=\"article\" \/>\n<meta property=\"og:title\" content=\"Dom Orani \u00e9 nomeado cardeal do Brasil - Not\u00edcias - Franciscanos\" \/>\n<meta property=\"og:description\" content=\"CNBB\" \/>\n<meta property=\"og:url\" content=\"https:\/\/franciscanos.org.br\/noticias\/dom-orani-e-o-mais-novo-cardeal-do-brasil.html\" \/>\n<meta property=\"og:site_name\" content=\"Not\u00edcias - Franciscanos\" \/>\n<meta property=\"article:published_time\" content=\"2014-01-13T17:30:40+00:00\" \/>\n<meta property=\"article:modified_time\" content=\"2019-01-17T12:27:13+00:00\" \/>\n<meta property=\"og:image\" content=\"https:\/\/franciscanos.org.br\/noticias\/wp-content\/uploads\/2014\/01\/dorani.jpg\" \/>\n\t<meta property=\"og:image:width\" content=\"273\" \/>\n\t<meta property=\"og:image:height\" content=\"181\" \/>\n\t<meta property=\"og:image:type\" content=\"image\/jpeg\" \/>\n<meta name=\"author\" content=\"admin\" \/>\n<meta name=\"twitter:card\" content=\"summary_large_image\" \/>\n<meta name=\"twitter:label1\" content=\"Escrito por\" \/>\n\t<meta name=\"twitter:data1\" content=\"admin\" \/>\n\t<meta name=\"twitter:label2\" content=\"Est. tempo de leitura\" \/>\n\t<meta name=\"twitter:data2\" content=\"3 minutos\" \/>\n<script type=\"application\/ld+json\" class=\"yoast-schema-graph\">{\"@context\":\"https:\/\/schema.org\",\"@graph\":[{\"@type\":\"WebSite\",\"@id\":\"https:\/\/franciscanos.org.br\/noticias\/#website\",\"url\":\"https:\/\/franciscanos.org.br\/noticias\/\",\"name\":\"Not\u00edcias - Franciscanos\",\"description\":\"Prov\u00edncia Franciscana da Imaculada Concei\u00e7\u00e3o do Brasil - Ordem dos Frades Menores - OFM\",\"potentialAction\":[{\"@type\":\"SearchAction\",\"target\":{\"@type\":\"EntryPoint\",\"urlTemplate\":\"https:\/\/franciscanos.org.br\/noticias\/?s={search_term_string}\"},\"query-input\":\"required name=search_term_string\"}],\"inLanguage\":\"pt-BR\"},{\"@type\":\"ImageObject\",\"inLanguage\":\"pt-BR\",\"@id\":\"https:\/\/franciscanos.org.br\/noticias\/dom-orani-e-o-mais-novo-cardeal-do-brasil.html#primaryimage\",\"url\":\"https:\/\/franciscanos.org.br\/noticias\/wp-content\/uploads\/2014\/01\/dorani.jpg\",\"contentUrl\":\"https:\/\/franciscanos.org.br\/noticias\/wp-content\/uploads\/2014\/01\/dorani.jpg\",\"width\":273,\"height\":181},{\"@type\":\"WebPage\",\"@id\":\"https:\/\/franciscanos.org.br\/noticias\/dom-orani-e-o-mais-novo-cardeal-do-brasil.html#webpage\",\"url\":\"https:\/\/franciscanos.org.br\/noticias\/dom-orani-e-o-mais-novo-cardeal-do-brasil.html\",\"name\":\"Dom Orani \u00e9 nomeado cardeal do Brasil - Not\u00edcias - Franciscanos\",\"isPartOf\":{\"@id\":\"https:\/\/franciscanos.org.br\/noticias\/#website\"},\"primaryImageOfPage\":{\"@id\":\"https:\/\/franciscanos.org.br\/noticias\/dom-orani-e-o-mais-novo-cardeal-do-brasil.html#primaryimage\"},\"datePublished\":\"2014-01-13T17:30:40+00:00\",\"dateModified\":\"2019-01-17T12:27:13+00:00\",\"author\":{\"@id\":\"https:\/\/franciscanos.org.br\/noticias\/#\/schema\/person\/b38fbf43118f02820bd932f2e4b14ad3\"},\"breadcrumb\":{\"@id\":\"https:\/\/franciscanos.org.br\/noticias\/dom-orani-e-o-mais-novo-cardeal-do-brasil.html#breadcrumb\"},\"inLanguage\":\"pt-BR\",\"potentialAction\":[{\"@type\":\"ReadAction\",\"target\":[\"https:\/\/franciscanos.org.br\/noticias\/dom-orani-e-o-mais-novo-cardeal-do-brasil.html\"]}]},{\"@type\":\"BreadcrumbList\",\"@id\":\"https:\/\/franciscanos.org.br\/noticias\/dom-orani-e-o-mais-novo-cardeal-do-brasil.html#breadcrumb\",\"itemListElement\":[{\"@type\":\"ListItem\",\"position\":1,\"name\":\"Home\",\"item\":\"https:\/\/franciscanos.org.br\/noticias\"},{\"@type\":\"ListItem\",\"position\":2,\"name\":\"Dom Orani \u00e9 nomeado cardeal do Brasil\"}]},{\"@type\":\"Person\",\"@id\":\"https:\/\/franciscanos.org.br\/noticias\/#\/schema\/person\/b38fbf43118f02820bd932f2e4b14ad3\",\"name\":\"admin\",\"image\":{\"@type\":\"ImageObject\",\"inLanguage\":\"pt-BR\",\"@id\":\"https:\/\/franciscanos.org.br\/noticias\/#\/schema\/person\/image\/\",\"url\":\"https:\/\/secure.gravatar.com\/avatar\/e8495742d34d0ba6448ea1c628263b3e?s=96&d=mm&r=g\",\"contentUrl\":\"https:\/\/secure.gravatar.com\/avatar\/e8495742d34d0ba6448ea1c628263b3e?s=96&d=mm&r=g\",\"caption\":\"admin\"},\"url\":\"https:\/\/franciscanos.org.br\/noticias\/author\/admin\"}]}<\/script>\n<!-- \/ Yoast SEO plugin. -->","yoast_head_json":{"title":"Dom Orani \u00e9 nomeado cardeal do Brasil - Not\u00edcias - Franciscanos","robots":{"index":"index","follow":"follow","max-snippet":"max-snippet:-1","max-image-preview":"max-image-preview:large","max-video-preview":"max-video-preview:-1"},"canonical":"https:\/\/franciscanos.org.br\/noticias\/dom-orani-e-o-mais-novo-cardeal-do-brasil.html","og_locale":"pt_BR","og_type":"article","og_title":"Dom Orani \u00e9 nomeado cardeal do Brasil - Not\u00edcias - Franciscanos","og_description":"CNBB","og_url":"https:\/\/franciscanos.org.br\/noticias\/dom-orani-e-o-mais-novo-cardeal-do-brasil.html","og_site_name":"Not\u00edcias - Franciscanos","article_published_time":"2014-01-13T17:30:40+00:00","article_modified_time":"2019-01-17T12:27:13+00:00","og_image":[{"width":273,"height":181,"url":"https:\/\/franciscanos.org.br\/noticias\/wp-content\/uploads\/2014\/01\/dorani.jpg","type":"image\/jpeg"}],"author":"admin","twitter_card":"summary_large_image","twitter_misc":{"Escrito por":"admin","Est. tempo de leitura":"3 minutos"},"schema":{"@context":"https:\/\/schema.org","@graph":[{"@type":"WebSite","@id":"https:\/\/franciscanos.org.br\/noticias\/#website","url":"https:\/\/franciscanos.org.br\/noticias\/","name":"Not\u00edcias - Franciscanos","description":"Prov\u00edncia Franciscana da Imaculada Concei\u00e7\u00e3o do Brasil - Ordem dos Frades Menores - OFM","potentialAction":[{"@type":"SearchAction","target":{"@type":"EntryPoint","urlTemplate":"https:\/\/franciscanos.org.br\/noticias\/?s={search_term_string}"},"query-input":"required name=search_term_string"}],"inLanguage":"pt-BR"},{"@type":"ImageObject","inLanguage":"pt-BR","@id":"https:\/\/franciscanos.org.br\/noticias\/dom-orani-e-o-mais-novo-cardeal-do-brasil.html#primaryimage","url":"https:\/\/franciscanos.org.br\/noticias\/wp-content\/uploads\/2014\/01\/dorani.jpg","contentUrl":"https:\/\/franciscanos.org.br\/noticias\/wp-content\/uploads\/2014\/01\/dorani.jpg","width":273,"height":181},{"@type":"WebPage","@id":"https:\/\/franciscanos.org.br\/noticias\/dom-orani-e-o-mais-novo-cardeal-do-brasil.html#webpage","url":"https:\/\/franciscanos.org.br\/noticias\/dom-orani-e-o-mais-novo-cardeal-do-brasil.html","name":"Dom Orani \u00e9 nomeado cardeal do Brasil - Not\u00edcias - Franciscanos","isPartOf":{"@id":"https:\/\/franciscanos.org.br\/noticias\/#website"},"primaryImageOfPage":{"@id":"https:\/\/franciscanos.org.br\/noticias\/dom-orani-e-o-mais-novo-cardeal-do-brasil.html#primaryimage"},"datePublished":"2014-01-13T17:30:40+00:00","dateModified":"2019-01-17T12:27:13+00:00","author":{"@id":"https:\/\/franciscanos.org.br\/noticias\/#\/schema\/person\/b38fbf43118f02820bd932f2e4b14ad3"},"breadcrumb":{"@id":"https:\/\/franciscanos.org.br\/noticias\/dom-orani-e-o-mais-novo-cardeal-do-brasil.html#breadcrumb"},"inLanguage":"pt-BR","potentialAction":[{"@type":"ReadAction","target":["https:\/\/franciscanos.org.br\/noticias\/dom-orani-e-o-mais-novo-cardeal-do-brasil.html"]}]},{"@type":"BreadcrumbList","@id":"https:\/\/franciscanos.org.br\/noticias\/dom-orani-e-o-mais-novo-cardeal-do-brasil.html#breadcrumb","itemListElement":[{"@type":"ListItem","position":1,"name":"Home","item":"https:\/\/franciscanos.org.br\/noticias"},{"@type":"ListItem","position":2,"name":"Dom Orani \u00e9 nomeado cardeal do Brasil"}]},{"@type":"Person","@id":"https:\/\/franciscanos.org.br\/noticias\/#\/schema\/person\/b38fbf43118f02820bd932f2e4b14ad3","name":"admin","image":{"@type":"ImageObject","inLanguage":"pt-BR","@id":"https:\/\/franciscanos.org.br\/noticias\/#\/schema\/person\/image\/","url":"https:\/\/secure.gravatar.com\/avatar\/e8495742d34d0ba6448ea1c628263b3e?s=96&d=mm&r=g","contentUrl":"https:\/\/secure.gravatar.com\/avatar\/e8495742d34d0ba6448ea1c628263b3e?s=96&d=mm&r=g","caption":"admin"},"url":"https:\/\/franciscanos.org.br\/noticias\/author\/admin"}]}},"_links":{"self":[{"href":"https:\/\/franciscanos.org.br\/noticias\/wp-json\/wp\/v2\/posts\/51476"}],"collection":[{"href":"https:\/\/franciscanos.org.br\/noticias\/wp-json\/wp\/v2\/posts"}],"about":[{"href":"https:\/\/franciscanos.org.br\/noticias\/wp-json\/wp\/v2\/types\/post"}],"author":[{"embeddable":true,"href":"https:\/\/franciscanos.org.br\/noticias\/wp-json\/wp\/v2\/users\/1"}],"replies":[{"embeddable":true,"href":"https:\/\/franciscanos.org.br\/noticias\/wp-json\/wp\/v2\/comments?post=51476"}],"version-history":[{"count":0,"href":"https:\/\/franciscanos.org.br\/noticias\/wp-json\/wp\/v2\/posts\/51476\/revisions"}],"wp:featuredmedia":[{"embeddable":true,"href":"https:\/\/franciscanos.org.br\/noticias\/wp-json\/wp\/v2\/media\/194734"}],"wp:attachment":[{"href":"https:\/\/franciscanos.org.br\/noticias\/wp-json\/wp\/v2\/media?parent=51476"}],"wp:term":[{"taxonomy":"category","embeddable":true,"href":"https:\/\/franciscanos.org.br\/noticias\/wp-json\/wp\/v2\/categories?post=51476"},{"taxonomy":"post_tag","embeddable":true,"href":"https:\/\/franciscanos.org.br\/noticias\/wp-json\/wp\/v2\/tags?post=51476"}],"curies":[{"name":"wp","href":"https:\/\/api.w.org\/{rel}","templated":true}]}}