{"id":51202,"date":"2013-12-04T08:15:54","date_gmt":"2013-12-04T10:15:54","guid":{"rendered":"http:\/\/new.franciscanos.org.br\/?p=51202"},"modified":"2019-01-29T09:34:50","modified_gmt":"2019-01-29T11:34:50","slug":"a-profissao-definitiva-de-frei-claudinei","status":"publish","type":"post","link":"https:\/\/franciscanos.org.br\/noticias\/a-profissao-definitiva-de-frei-claudinei.html","title":{"rendered":"A &#8220;profiss\u00e3o definitiva&#8221; de Frei Claudinei Canan\u00e9a"},"content":{"rendered":"<p>Permitam-nos testemunhar os \u00faltimos momentos que esteve conosco Frei Claudinei Canan\u00e9a Bustamante.\u00a0Nenhuma palavra contemplar\u00e1 a grandeza de sua vida doada em nossa Fraternidade de Menores, por\u00e9m, n\u00f3s, que est\u00e1vamos ao seu lado nos seus \u00faltimos instantes, tentaremos expressar parte daquilo que contemplamos em nossos cora\u00e7\u00f5es e que nossas mentes ainda insistem em n\u00e3o entender.<\/p>\n<p>Era grande o anseio por estar em Caiob\u00e1, afinal estar\u00edamos com os confrades do nosso Regional celebrando a fraternidade e a alegria da voca\u00e7\u00e3o franciscana, comemorando tamb\u00e9m o bom \u00eaxito deste ano que est\u00e1 por findar.<\/p>\n<p><img loading=\"lazy\" class=\"alignleft size-full wp-image-51205\" src=\"http:\/\/franciscanos.org.br\/wp-content\/uploads\/2013\/12\/frClaudinei.jpg\" alt=\"frClaudinei\" width=\"300\" height=\"452\" \/>Chegamos no domingo, por volta do meio-dia e tivemos toda a tarde para descansar e aproveitar a praia. Frei Claudinei, junto a outros, preferiu ficar em casa e dormir. Para noite, foi preparado cachorro quente e, em seguida, um bingo. Frei Claudinei foi um dos que mais ganhou pr\u00eamios e n\u00e3o escondia sua felicidade em estar entre irm\u00e3os.<\/p>\n<p>Na segunda-feira (02\/12), logo pela manh\u00e3, foi caminhar na beira-mar com Frei F\u00e1bio C\u00e9sar Gomes e Frei Marx Rodrigues dos Reis. Voltando para casa, encontrou um grupo de confrades que se dirigiam \u00e0 praia com intuito de tomar banho. Assim, motivou-se a acompanh\u00e1-los e entrou no mar. \u00c9ramos um grupo de dez frades.<\/p>\n<p>O mar estava aparentemente tranquilo, por\u00e9m o ch\u00e3o n\u00e3o era constante. Havia muitos buracos na areia e com isso era dif\u00edcil dizer que o lugar onde tudo se deu era raso ou fundo. Assim, entre o esp\u00edrito aventureiro e a satisfa\u00e7\u00e3o de estar entre irm\u00e3os, nosso confrade foi se percebendo impossibilitado de colocar o p\u00e9 no ch\u00e3o, afinal ele estava sobre um destes buracos na areia.<\/p>\n<p>Por\u00e9m, o desespero tomou conta de Frei Claudinei que come\u00e7ou a beber bastante \u00e1gua. S\u00f3 conseguiu pedir socorro para Frei Eduardo Schiehl, que estava ao seu lado, mas impossibilitado de ajud\u00e1-lo. Tentou anim\u00e1-lo a continuar nadando para sa\u00edrem de uma poss\u00edvel correnteza que os puxava para dentro do mar. Depois disso n\u00e3o se ouvia dele uma fala sequer, somente tentativas de respiro e batidas de bra\u00e7os e pernas, totalmente descontroladas.<\/p>\n<p>Frei \u00c2ngelo Vanazzi e Frei Jos\u00e9 A\u00e9cio, que tamb\u00e9m estavam pr\u00f3ximos, foram alertados por Frei Eduardo a ajudar Frei Cananeia a se acalmar e sair do mar. Neste intervalo de tempo, Frei Eduardo j\u00e1 estava mais afastado, por\u00e9m sem for\u00e7as para continuar nadando. Gritou por socorro e Frei A\u00e9cio o ajudou a sair da \u00e1gua.<\/p>\n<p>Enquanto isso, Frei Alexandre Magno e Frei Roberto Aparecido Leme foram ajudar o Frei \u00c2ngelo a trazer Frei Canan\u00e9a, j\u00e1 desmaiado e com pouca pulsa\u00e7\u00e3o. Foram feitas v\u00e1rias tentativas de respira\u00e7\u00e3o boca-a-boca e massagens no abd\u00f4men at\u00e9 que chegassem os bombeiros e o levassem ao hospital.<\/p>\n<p>Chegando o devido socorro, constatou-se que a pupila j\u00e1 estava dilatada, a pulsa\u00e7\u00e3o cada vez mais fraca e n\u00e3o respirava normalmente. No caminho rumo ao hospital foram feitas outras tentativas para reanim\u00e1-lo, por\u00e9m sem sucesso.<\/p>\n<p>J\u00e1 no hospital, com a medica\u00e7\u00e3o feita, todos os procedimentos tomados e diante da gra\u00e7a de Deus, foi constatado que nosso irm\u00e3o Claudinei Canan\u00e9a Bustamante se desprendera de seu corpo mortal e havia caminhado ao encontro do Sumo Bem.<\/p>\n<p>Toda documenta\u00e7\u00e3o foi regulamentada, os contatos feitos e, por volta das 20h45, chegou em nossa casa o corpo do nosso confrade. Levado pelos frades entrou na capela do Convento, enquanto se cantava: \u201cLouvado sejas meu Senhor, louvado sejas, pelo sol e pela lua, pelo ar e a \u00e1gua pura&#8230;\u201d Foi rezado o of\u00edcio pelos fi\u00e9is defuntos e muitos puderam fazer suas ora\u00e7\u00f5es diante daquele corpo fr\u00e1gil que, no entanto, revelava a grandeza do Deus da Vida.<\/p>\n<p>V\u00e1rias pessoas das comunidades vizinhas, professores, religiosas, amigos, padres da diocese, confrades do Regional e da Fraternidade do Noviciado de Rodeio, vieram solidarizar-se conosco e bendizer a Deus pelo dom da vida deste irm\u00e3o.<\/p>\n<p>\u00c0s 7 horas da manh\u00e3 de hoje (03\/12) foi celebrada a Missa de Corpo Presente, presidida por Frei Alexandre Magno, guardi\u00e3o da Fraternidade Bom Jesus dos Perd\u00f5es de Curitiba. Antes do canto de entrada, Frei Cristiano, confrade de turma de Frei Canan\u00e9a, leu um breve hist\u00f3rico de sua vida e presen\u00e7a na fraternidade. Agradeceu a Deus por \u201cter nos dado como irm\u00e3o este grande homem\u201d.<\/p>\n<p>Frei F\u00e1bio, mestre dos frades de profiss\u00e3o tempor\u00e1ria, buscando for\u00e7as em Deus, fez uma linda e emocionante homilia. Fundamentou-se na reflex\u00e3o feita por Frei Gamaliel Devigili em nosso \u00faltimo cap\u00edtulo local, onde destacava tr\u00eas palavras: ALEGRIA, PERSEVERAN\u00c7A E FIDELIDADE: caracter\u00edsticas fortemente encontradas na vida e no testemunho fraterno de Frei Claudinei.<\/p>\n<p>Destacou que sempre se comunicava com um olhar terno e sorriso simples, irradiando a alegria de ser Frade Menor. Tamb\u00e9m, no cotidiano da nossa vida, diante das pequenas coisas, manteve-se sempre perseverante e empenhado pelo bem comum. Por isso, podemos dizer que Frei Claudinei foi fiel at\u00e9 o fim, nas pequenas e nas grandes coisas, at\u00e9 o \u00faltimo suspiro. Procurou estar sempre em fraternidade e na fraternidade entregou-se a si mesmo por inteiro nas m\u00e3os de Deus.<br \/>\nAp\u00f3s a missa, Frei F\u00e1bio ainda aben\u00e7oou o corpo de nosso querido Frei Canan\u00e9a e recomendou a Deus a sua alma. Frei Jorge L\u00e1zaro leu a carta do Ministro Provincial expressando seus sentimentos e nos confirmando sua b\u00ean\u00e7\u00e3o, assim como a carta do nosso Guardi\u00e3o, Frei Jo\u00e3o Mannes, que tamb\u00e9m n\u00e3o esteve presente devido a viagem \u00e0 Col\u00f4mbia para um encontro da Ordem.<\/p>\n<p>Ap\u00f3s as despedidas pessoais, lacrou-se o caix\u00e3o e o colocamos no carro da funer\u00e1ria. Seu corpo foi transladado para Paraty, RJ, onde ser\u00e1 devolvido a nossa irm\u00e3, a m\u00e3e Terra.<\/p>\n<p>O vazio deixado pelo Frei Claudinei em nossa fraternidade e em nossos cora\u00e7\u00f5es, s\u00f3 pode ser preenchido pela for\u00e7a de Deus, que nos sustenta e anima a seguir em frente. Pedimos ent\u00e3o que rezem por n\u00f3s, rezem pela fam\u00edlia de sangue do nosso confrade e por todos aqueles que sentem essa partida t\u00e3o repentina.<\/p>\n<p>Dentre tantos frades poss\u00edveis, o Senhor escolheu este servo, este filho, aos 25 anos. Com tantos outros dias, outras possibilidades, o Senhor escolheu ontem e o mar de Caiob\u00e1. Por isso, o entregamos a ti, \u00f3 Pai, e te pedimos que o testemunho de vida deixado pelo Cana, como carinhosamente o chamamos, continue provocando nosso agir e, assim, nos recordemos dele que tanto bem nos fez.<\/p>\n<p>\u201cSe as aguas do mar da vida quiserem te afogar, SEGURA NA M\u00c3O DE DEUS E VAI&#8230;\u201d. Vai tranquilo e n\u00e3o olhes para tr\u00e1s, repousa em teu Senhor e contempla-o em sua gl\u00f3ria! Sentiremos tua falta e choraremos tua partida, sofreremos por n\u00e3o ter mais tua simplicidade e teu jeito de ser em um corpo que nos acostumamos a amar. Mas, saibas que, em um intervalo de tempo aprenderemos a te amar nesta outra dimens\u00e3o e, assim, todos n\u00f3s participaremos de um mesmo Esp\u00edrito.<\/p>\n<p>Tua Profiss\u00e3o Definitiva se deu ontem, quando, deitado naquela terra nua, diante da imensid\u00e3o do mar e entre seus confrades, a Deus tu entregaste o teu esp\u00edrito.<\/p>\n<p>\u201cDou gra\u00e7as Senhor, por teu grande amor\u201d.<\/p>\n<p>Um saudoso abra\u00e7o, fraterno e reverencial, dos confrades da tua fraternidade.<\/p>\n<p><strong>Fraternidade S\u00e3o Boaventura<\/strong><\/p>\n","protected":false},"excerpt":{"rendered":"<p>Falecimento<\/p>\n","protected":false},"author":1,"featured_media":197642,"comment_status":"closed","ping_status":"open","sticky":false,"template":"","format":"standard","meta":[],"categories":[1],"tags":[1160],"acf":[],"yoast_head":"<!-- This site is optimized with the Yoast SEO plugin v19.2 - https:\/\/yoast.com\/wordpress\/plugins\/seo\/ -->\n<title>A &quot;profiss\u00e3o definitiva&quot; de Frei Claudinei Canan\u00e9a - Not\u00edcias - Franciscanos<\/title>\n<meta name=\"robots\" content=\"index, follow, max-snippet:-1, max-image-preview:large, max-video-preview:-1\" \/>\n<link rel=\"canonical\" href=\"https:\/\/franciscanos.org.br\/noticias\/a-profissao-definitiva-de-frei-claudinei.html\" \/>\n<meta property=\"og:locale\" content=\"pt_BR\" \/>\n<meta property=\"og:type\" content=\"article\" \/>\n<meta property=\"og:title\" content=\"A &quot;profiss\u00e3o definitiva&quot; de Frei Claudinei Canan\u00e9a - Not\u00edcias - Franciscanos\" \/>\n<meta property=\"og:description\" content=\"Falecimento\" \/>\n<meta property=\"og:url\" content=\"https:\/\/franciscanos.org.br\/noticias\/a-profissao-definitiva-de-frei-claudinei.html\" \/>\n<meta property=\"og:site_name\" content=\"Not\u00edcias - Franciscanos\" \/>\n<meta property=\"article:published_time\" content=\"2013-12-04T10:15:54+00:00\" \/>\n<meta property=\"article:modified_time\" content=\"2019-01-29T11:34:50+00:00\" \/>\n<meta property=\"og:image\" content=\"https:\/\/franciscanos.org.br\/noticias\/wp-content\/uploads\/2013\/12\/claudinei.jpg\" \/>\n\t<meta property=\"og:image:width\" content=\"273\" \/>\n\t<meta property=\"og:image:height\" content=\"181\" \/>\n\t<meta property=\"og:image:type\" content=\"image\/jpeg\" \/>\n<meta name=\"author\" content=\"admin\" \/>\n<meta name=\"twitter:card\" content=\"summary_large_image\" \/>\n<meta name=\"twitter:label1\" content=\"Escrito por\" \/>\n\t<meta name=\"twitter:data1\" content=\"admin\" \/>\n\t<meta name=\"twitter:label2\" content=\"Est. tempo de leitura\" \/>\n\t<meta name=\"twitter:data2\" content=\"6 minutos\" \/>\n<script type=\"application\/ld+json\" class=\"yoast-schema-graph\">{\"@context\":\"https:\/\/schema.org\",\"@graph\":[{\"@type\":\"WebSite\",\"@id\":\"https:\/\/franciscanos.org.br\/noticias\/#website\",\"url\":\"https:\/\/franciscanos.org.br\/noticias\/\",\"name\":\"Not\u00edcias - Franciscanos\",\"description\":\"Prov\u00edncia Franciscana da Imaculada Concei\u00e7\u00e3o do Brasil - Ordem dos Frades Menores - OFM\",\"potentialAction\":[{\"@type\":\"SearchAction\",\"target\":{\"@type\":\"EntryPoint\",\"urlTemplate\":\"https:\/\/franciscanos.org.br\/noticias\/?s={search_term_string}\"},\"query-input\":\"required name=search_term_string\"}],\"inLanguage\":\"pt-BR\"},{\"@type\":\"ImageObject\",\"inLanguage\":\"pt-BR\",\"@id\":\"https:\/\/franciscanos.org.br\/noticias\/a-profissao-definitiva-de-frei-claudinei.html#primaryimage\",\"url\":\"https:\/\/franciscanos.org.br\/noticias\/wp-content\/uploads\/2013\/12\/claudinei.jpg\",\"contentUrl\":\"https:\/\/franciscanos.org.br\/noticias\/wp-content\/uploads\/2013\/12\/claudinei.jpg\",\"width\":273,\"height\":181},{\"@type\":\"WebPage\",\"@id\":\"https:\/\/franciscanos.org.br\/noticias\/a-profissao-definitiva-de-frei-claudinei.html#webpage\",\"url\":\"https:\/\/franciscanos.org.br\/noticias\/a-profissao-definitiva-de-frei-claudinei.html\",\"name\":\"A \\\"profiss\u00e3o definitiva\\\" de Frei Claudinei Canan\u00e9a - Not\u00edcias - Franciscanos\",\"isPartOf\":{\"@id\":\"https:\/\/franciscanos.org.br\/noticias\/#website\"},\"primaryImageOfPage\":{\"@id\":\"https:\/\/franciscanos.org.br\/noticias\/a-profissao-definitiva-de-frei-claudinei.html#primaryimage\"},\"datePublished\":\"2013-12-04T10:15:54+00:00\",\"dateModified\":\"2019-01-29T11:34:50+00:00\",\"author\":{\"@id\":\"https:\/\/franciscanos.org.br\/noticias\/#\/schema\/person\/b38fbf43118f02820bd932f2e4b14ad3\"},\"breadcrumb\":{\"@id\":\"https:\/\/franciscanos.org.br\/noticias\/a-profissao-definitiva-de-frei-claudinei.html#breadcrumb\"},\"inLanguage\":\"pt-BR\",\"potentialAction\":[{\"@type\":\"ReadAction\",\"target\":[\"https:\/\/franciscanos.org.br\/noticias\/a-profissao-definitiva-de-frei-claudinei.html\"]}]},{\"@type\":\"BreadcrumbList\",\"@id\":\"https:\/\/franciscanos.org.br\/noticias\/a-profissao-definitiva-de-frei-claudinei.html#breadcrumb\",\"itemListElement\":[{\"@type\":\"ListItem\",\"position\":1,\"name\":\"Home\",\"item\":\"https:\/\/franciscanos.org.br\/noticias\"},{\"@type\":\"ListItem\",\"position\":2,\"name\":\"A &#8220;profiss\u00e3o definitiva&#8221; de Frei Claudinei Canan\u00e9a\"}]},{\"@type\":\"Person\",\"@id\":\"https:\/\/franciscanos.org.br\/noticias\/#\/schema\/person\/b38fbf43118f02820bd932f2e4b14ad3\",\"name\":\"admin\",\"image\":{\"@type\":\"ImageObject\",\"inLanguage\":\"pt-BR\",\"@id\":\"https:\/\/franciscanos.org.br\/noticias\/#\/schema\/person\/image\/\",\"url\":\"https:\/\/secure.gravatar.com\/avatar\/e8495742d34d0ba6448ea1c628263b3e?s=96&d=mm&r=g\",\"contentUrl\":\"https:\/\/secure.gravatar.com\/avatar\/e8495742d34d0ba6448ea1c628263b3e?s=96&d=mm&r=g\",\"caption\":\"admin\"},\"url\":\"https:\/\/franciscanos.org.br\/noticias\/author\/admin\"}]}<\/script>\n<!-- \/ Yoast SEO plugin. -->","yoast_head_json":{"title":"A \"profiss\u00e3o definitiva\" de Frei Claudinei Canan\u00e9a - Not\u00edcias - Franciscanos","robots":{"index":"index","follow":"follow","max-snippet":"max-snippet:-1","max-image-preview":"max-image-preview:large","max-video-preview":"max-video-preview:-1"},"canonical":"https:\/\/franciscanos.org.br\/noticias\/a-profissao-definitiva-de-frei-claudinei.html","og_locale":"pt_BR","og_type":"article","og_title":"A \"profiss\u00e3o definitiva\" de Frei Claudinei Canan\u00e9a - Not\u00edcias - Franciscanos","og_description":"Falecimento","og_url":"https:\/\/franciscanos.org.br\/noticias\/a-profissao-definitiva-de-frei-claudinei.html","og_site_name":"Not\u00edcias - Franciscanos","article_published_time":"2013-12-04T10:15:54+00:00","article_modified_time":"2019-01-29T11:34:50+00:00","og_image":[{"width":273,"height":181,"url":"https:\/\/franciscanos.org.br\/noticias\/wp-content\/uploads\/2013\/12\/claudinei.jpg","type":"image\/jpeg"}],"author":"admin","twitter_card":"summary_large_image","twitter_misc":{"Escrito por":"admin","Est. tempo de leitura":"6 minutos"},"schema":{"@context":"https:\/\/schema.org","@graph":[{"@type":"WebSite","@id":"https:\/\/franciscanos.org.br\/noticias\/#website","url":"https:\/\/franciscanos.org.br\/noticias\/","name":"Not\u00edcias - Franciscanos","description":"Prov\u00edncia Franciscana da Imaculada Concei\u00e7\u00e3o do Brasil - Ordem dos Frades Menores - OFM","potentialAction":[{"@type":"SearchAction","target":{"@type":"EntryPoint","urlTemplate":"https:\/\/franciscanos.org.br\/noticias\/?s={search_term_string}"},"query-input":"required name=search_term_string"}],"inLanguage":"pt-BR"},{"@type":"ImageObject","inLanguage":"pt-BR","@id":"https:\/\/franciscanos.org.br\/noticias\/a-profissao-definitiva-de-frei-claudinei.html#primaryimage","url":"https:\/\/franciscanos.org.br\/noticias\/wp-content\/uploads\/2013\/12\/claudinei.jpg","contentUrl":"https:\/\/franciscanos.org.br\/noticias\/wp-content\/uploads\/2013\/12\/claudinei.jpg","width":273,"height":181},{"@type":"WebPage","@id":"https:\/\/franciscanos.org.br\/noticias\/a-profissao-definitiva-de-frei-claudinei.html#webpage","url":"https:\/\/franciscanos.org.br\/noticias\/a-profissao-definitiva-de-frei-claudinei.html","name":"A \"profiss\u00e3o definitiva\" de Frei Claudinei Canan\u00e9a - Not\u00edcias - Franciscanos","isPartOf":{"@id":"https:\/\/franciscanos.org.br\/noticias\/#website"},"primaryImageOfPage":{"@id":"https:\/\/franciscanos.org.br\/noticias\/a-profissao-definitiva-de-frei-claudinei.html#primaryimage"},"datePublished":"2013-12-04T10:15:54+00:00","dateModified":"2019-01-29T11:34:50+00:00","author":{"@id":"https:\/\/franciscanos.org.br\/noticias\/#\/schema\/person\/b38fbf43118f02820bd932f2e4b14ad3"},"breadcrumb":{"@id":"https:\/\/franciscanos.org.br\/noticias\/a-profissao-definitiva-de-frei-claudinei.html#breadcrumb"},"inLanguage":"pt-BR","potentialAction":[{"@type":"ReadAction","target":["https:\/\/franciscanos.org.br\/noticias\/a-profissao-definitiva-de-frei-claudinei.html"]}]},{"@type":"BreadcrumbList","@id":"https:\/\/franciscanos.org.br\/noticias\/a-profissao-definitiva-de-frei-claudinei.html#breadcrumb","itemListElement":[{"@type":"ListItem","position":1,"name":"Home","item":"https:\/\/franciscanos.org.br\/noticias"},{"@type":"ListItem","position":2,"name":"A &#8220;profiss\u00e3o definitiva&#8221; de Frei Claudinei Canan\u00e9a"}]},{"@type":"Person","@id":"https:\/\/franciscanos.org.br\/noticias\/#\/schema\/person\/b38fbf43118f02820bd932f2e4b14ad3","name":"admin","image":{"@type":"ImageObject","inLanguage":"pt-BR","@id":"https:\/\/franciscanos.org.br\/noticias\/#\/schema\/person\/image\/","url":"https:\/\/secure.gravatar.com\/avatar\/e8495742d34d0ba6448ea1c628263b3e?s=96&d=mm&r=g","contentUrl":"https:\/\/secure.gravatar.com\/avatar\/e8495742d34d0ba6448ea1c628263b3e?s=96&d=mm&r=g","caption":"admin"},"url":"https:\/\/franciscanos.org.br\/noticias\/author\/admin"}]}},"_links":{"self":[{"href":"https:\/\/franciscanos.org.br\/noticias\/wp-json\/wp\/v2\/posts\/51202"}],"collection":[{"href":"https:\/\/franciscanos.org.br\/noticias\/wp-json\/wp\/v2\/posts"}],"about":[{"href":"https:\/\/franciscanos.org.br\/noticias\/wp-json\/wp\/v2\/types\/post"}],"author":[{"embeddable":true,"href":"https:\/\/franciscanos.org.br\/noticias\/wp-json\/wp\/v2\/users\/1"}],"replies":[{"embeddable":true,"href":"https:\/\/franciscanos.org.br\/noticias\/wp-json\/wp\/v2\/comments?post=51202"}],"version-history":[{"count":0,"href":"https:\/\/franciscanos.org.br\/noticias\/wp-json\/wp\/v2\/posts\/51202\/revisions"}],"wp:featuredmedia":[{"embeddable":true,"href":"https:\/\/franciscanos.org.br\/noticias\/wp-json\/wp\/v2\/media\/197642"}],"wp:attachment":[{"href":"https:\/\/franciscanos.org.br\/noticias\/wp-json\/wp\/v2\/media?parent=51202"}],"wp:term":[{"taxonomy":"category","embeddable":true,"href":"https:\/\/franciscanos.org.br\/noticias\/wp-json\/wp\/v2\/categories?post=51202"},{"taxonomy":"post_tag","embeddable":true,"href":"https:\/\/franciscanos.org.br\/noticias\/wp-json\/wp\/v2\/tags?post=51202"}],"curies":[{"name":"wp","href":"https:\/\/api.w.org\/{rel}","templated":true}]}}