{"id":50962,"date":"2013-12-02T14:11:20","date_gmt":"2013-12-02T16:11:20","guid":{"rendered":"http:\/\/new.franciscanos.org.br\/?p=50962"},"modified":"2019-01-29T09:36:45","modified_gmt":"2019-01-29T11:36:45","slug":"falece-frei-claudinei-cananea-bustamante","status":"publish","type":"post","link":"https:\/\/franciscanos.org.br\/noticias\/falece-frei-claudinei-cananea-bustamante.html","title":{"rendered":"V\u00edtima de afogamento, Frei Claudinei falece em Rondinha"},"content":{"rendered":"<p><b style=\"font-size: 13px; line-height: 19px;\">* 06\/01\/1988\u00a0\u00a0\u00a0\u00a0 + 02\/12\/2013\u00a0<\/b><\/p>\n<p><b>Muito consternados, noticiamos \u00a0o falecimento de Frei Claudinei, frade estudante do 2\u00ba ano de Filosofia, ontem, \u00e0s 11h45, v\u00edtima de afogamento no mar de Caiob\u00e1, PR, onde os frades se encontram reunidos para o \u00faltimo Regional do ano.\u00a0<\/b><\/p>\n<p><strong>Ap\u00f3s a Missa de Ex\u00e9quias, celebrada hoje, \u00e0s 7h00, na Fraternidade S\u00e3o Boaventura, em Rondinha, o corpo de Frei Claudinei est\u00e1 sendo transladado para a sua cidade natal Paraty \u2013 RJ. Ser\u00e1 velado na Par\u00f3quia Nossa Senhora Aparecida, no Bairro Parque da Mangueira. O sepultamento ser\u00e1 amanh\u00e3, 4 de dezembro, \u00e0s 9h00.\u00a0<\/strong><\/p>\n<p><img loading=\"lazy\" class=\"alignleft\" src=\"http:\/\/franciscanos.org.br\/wp-content\/uploads\/2013\/12\/claudinei_rip.jpg\" alt=\"claudinei\" width=\"280\" height=\"422\" \/>Frei Claudinei nasceu no dia 6 de janeiro de 1988, em Paraty, RJ. Foi admitido ao noviciado em 12 de janeiro de 2011, e fez seus primeiros votos no dia 04 de janeiro de 2012. Sua fam\u00edlia atualmente mora em Taubat\u00e9, SP.<\/p>\n<p>Frei Claudinei participou da Vig\u00edlia com o Papa Francisco, durante a Jornada Mundial da Juventude, no Rio de Janeiro, no dia 27 de julho deste ano. Juntamente com outros seis frades estudantes da Prov\u00edncia, participou da representa\u00e7\u00e3o do grupo dos primeiros seguidores de Francisco, na reconstru\u00e7\u00e3o da igrejinha de S\u00e3o Dami\u00e3o. Para o Especial das Comunica\u00e7\u00f5es sobre a Visita do Papa, ele deu o seguinte depoimento:<\/p>\n<p><i>\u201cQuando eu recebi o convite para participar da Vig\u00edlia, fiquei muito contente e com o cora\u00e7\u00e3o acelerado por estar perto do nosso pastor universal, o Santo Padre, o Papa Francisco. Dois momentos ficar\u00e3o para sempre marcados na minha vida e s\u00e3o fundamentais para o estado de vida que me propus abra\u00e7ar. A homilia do Papa sobre a par\u00e1bola do semeador, convocando\u00a0 a sermos sementes que germinam amor, generosidade, fraternidade entre os irm\u00e3os, e o seu pedido a todos o jovens: \u201cJovens, sejam mission\u00e1rios\u00a0 na constru\u00e7\u00e3o de uma nova Igreja\u201d!\u00a0 Depois, ele pediu para todos os jovens presentes\u00a0 repetirem\u00a0 bem alto: \u201cQuerem que a Igreja seja restaurada\u201d? Todos os jovens responderam: \u201cQueremos!\u201d, fazendo alus\u00e3o \u00e0 reconstru\u00e7\u00e3o de S\u00e3o Dami\u00e3o por Francisco. Enfim, guardarei para sempre esse momento\u00a0 que tive com o Papa em minha caminhada, e sempre lembrarei suas palavras\u00a0 em meu cora\u00e7\u00e3o\u201d.<\/i><\/p>\n<p><b>R.I.P.\u00a0\u00a0\u00a0\u00a0\u00a0\u00a0\u00a0\u00a0\u00a0\u00a0\u00a0\u00a0\u00a0\u00a0\u00a0\u00a0\u00a0\u00a0\u00a0\u00a0\u00a0\u00a0\u00a0\u00a0\u00a0\u00a0\u00a0\u00a0\u00a0\u00a0\u00a0\u00a0\u00a0\u00a0\u00a0\u00a0\u00a0\u00a0\u00a0\u00a0\u00a0\u00a0\u00a0\u00a0\u00a0\u00a0\u00a0\u00a0\u00a0\u00a0\u00a0\u00a0 <\/b><\/p>\n","protected":false},"excerpt":{"rendered":"<p>Falecimento do jovem Frei Claudinei<\/p>\n","protected":false},"author":1,"featured_media":197642,"comment_status":"closed","ping_status":"open","sticky":false,"template":"","format":"standard","meta":[],"categories":[1],"tags":[1160],"acf":[],"yoast_head":"<!-- This site is optimized with the Yoast SEO plugin v19.2 - https:\/\/yoast.com\/wordpress\/plugins\/seo\/ -->\n<title>V\u00edtima de afogamento, Frei Claudinei falece em Rondinha - Not\u00edcias - Franciscanos<\/title>\n<meta name=\"robots\" content=\"index, follow, max-snippet:-1, max-image-preview:large, max-video-preview:-1\" \/>\n<link rel=\"canonical\" href=\"https:\/\/franciscanos.org.br\/noticias\/falece-frei-claudinei-cananea-bustamante.html\" \/>\n<meta property=\"og:locale\" content=\"pt_BR\" \/>\n<meta property=\"og:type\" content=\"article\" \/>\n<meta property=\"og:title\" content=\"V\u00edtima de afogamento, Frei Claudinei falece em Rondinha - Not\u00edcias - Franciscanos\" \/>\n<meta property=\"og:description\" content=\"Falecimento do jovem Frei Claudinei\" \/>\n<meta property=\"og:url\" content=\"https:\/\/franciscanos.org.br\/noticias\/falece-frei-claudinei-cananea-bustamante.html\" \/>\n<meta property=\"og:site_name\" content=\"Not\u00edcias - Franciscanos\" \/>\n<meta property=\"article:published_time\" content=\"2013-12-02T16:11:20+00:00\" \/>\n<meta property=\"article:modified_time\" content=\"2019-01-29T11:36:45+00:00\" \/>\n<meta property=\"og:image\" content=\"https:\/\/franciscanos.org.br\/noticias\/wp-content\/uploads\/2013\/12\/claudinei.jpg\" \/>\n\t<meta property=\"og:image:width\" content=\"273\" \/>\n\t<meta property=\"og:image:height\" content=\"181\" \/>\n\t<meta property=\"og:image:type\" content=\"image\/jpeg\" \/>\n<meta name=\"author\" content=\"admin\" \/>\n<meta name=\"twitter:card\" content=\"summary_large_image\" \/>\n<meta name=\"twitter:label1\" content=\"Escrito por\" \/>\n\t<meta name=\"twitter:data1\" content=\"admin\" \/>\n\t<meta name=\"twitter:label2\" content=\"Est. tempo de leitura\" \/>\n\t<meta name=\"twitter:data2\" content=\"2 minutos\" \/>\n<script type=\"application\/ld+json\" class=\"yoast-schema-graph\">{\"@context\":\"https:\/\/schema.org\",\"@graph\":[{\"@type\":\"WebSite\",\"@id\":\"https:\/\/franciscanos.org.br\/noticias\/#website\",\"url\":\"https:\/\/franciscanos.org.br\/noticias\/\",\"name\":\"Not\u00edcias - Franciscanos\",\"description\":\"Prov\u00edncia Franciscana da Imaculada Concei\u00e7\u00e3o do Brasil - Ordem dos Frades Menores - OFM\",\"potentialAction\":[{\"@type\":\"SearchAction\",\"target\":{\"@type\":\"EntryPoint\",\"urlTemplate\":\"https:\/\/franciscanos.org.br\/noticias\/?s={search_term_string}\"},\"query-input\":\"required name=search_term_string\"}],\"inLanguage\":\"pt-BR\"},{\"@type\":\"ImageObject\",\"inLanguage\":\"pt-BR\",\"@id\":\"https:\/\/franciscanos.org.br\/noticias\/falece-frei-claudinei-cananea-bustamante.html#primaryimage\",\"url\":\"https:\/\/franciscanos.org.br\/noticias\/wp-content\/uploads\/2013\/12\/claudinei.jpg\",\"contentUrl\":\"https:\/\/franciscanos.org.br\/noticias\/wp-content\/uploads\/2013\/12\/claudinei.jpg\",\"width\":273,\"height\":181},{\"@type\":\"WebPage\",\"@id\":\"https:\/\/franciscanos.org.br\/noticias\/falece-frei-claudinei-cananea-bustamante.html#webpage\",\"url\":\"https:\/\/franciscanos.org.br\/noticias\/falece-frei-claudinei-cananea-bustamante.html\",\"name\":\"V\u00edtima de afogamento, Frei Claudinei falece em Rondinha - Not\u00edcias - Franciscanos\",\"isPartOf\":{\"@id\":\"https:\/\/franciscanos.org.br\/noticias\/#website\"},\"primaryImageOfPage\":{\"@id\":\"https:\/\/franciscanos.org.br\/noticias\/falece-frei-claudinei-cananea-bustamante.html#primaryimage\"},\"datePublished\":\"2013-12-02T16:11:20+00:00\",\"dateModified\":\"2019-01-29T11:36:45+00:00\",\"author\":{\"@id\":\"https:\/\/franciscanos.org.br\/noticias\/#\/schema\/person\/b38fbf43118f02820bd932f2e4b14ad3\"},\"breadcrumb\":{\"@id\":\"https:\/\/franciscanos.org.br\/noticias\/falece-frei-claudinei-cananea-bustamante.html#breadcrumb\"},\"inLanguage\":\"pt-BR\",\"potentialAction\":[{\"@type\":\"ReadAction\",\"target\":[\"https:\/\/franciscanos.org.br\/noticias\/falece-frei-claudinei-cananea-bustamante.html\"]}]},{\"@type\":\"BreadcrumbList\",\"@id\":\"https:\/\/franciscanos.org.br\/noticias\/falece-frei-claudinei-cananea-bustamante.html#breadcrumb\",\"itemListElement\":[{\"@type\":\"ListItem\",\"position\":1,\"name\":\"Home\",\"item\":\"https:\/\/franciscanos.org.br\/noticias\"},{\"@type\":\"ListItem\",\"position\":2,\"name\":\"V\u00edtima de afogamento, Frei Claudinei falece em Rondinha\"}]},{\"@type\":\"Person\",\"@id\":\"https:\/\/franciscanos.org.br\/noticias\/#\/schema\/person\/b38fbf43118f02820bd932f2e4b14ad3\",\"name\":\"admin\",\"image\":{\"@type\":\"ImageObject\",\"inLanguage\":\"pt-BR\",\"@id\":\"https:\/\/franciscanos.org.br\/noticias\/#\/schema\/person\/image\/\",\"url\":\"https:\/\/secure.gravatar.com\/avatar\/e8495742d34d0ba6448ea1c628263b3e?s=96&d=mm&r=g\",\"contentUrl\":\"https:\/\/secure.gravatar.com\/avatar\/e8495742d34d0ba6448ea1c628263b3e?s=96&d=mm&r=g\",\"caption\":\"admin\"},\"url\":\"https:\/\/franciscanos.org.br\/noticias\/author\/admin\"}]}<\/script>\n<!-- \/ Yoast SEO plugin. -->","yoast_head_json":{"title":"V\u00edtima de afogamento, Frei Claudinei falece em Rondinha - Not\u00edcias - Franciscanos","robots":{"index":"index","follow":"follow","max-snippet":"max-snippet:-1","max-image-preview":"max-image-preview:large","max-video-preview":"max-video-preview:-1"},"canonical":"https:\/\/franciscanos.org.br\/noticias\/falece-frei-claudinei-cananea-bustamante.html","og_locale":"pt_BR","og_type":"article","og_title":"V\u00edtima de afogamento, Frei Claudinei falece em Rondinha - Not\u00edcias - Franciscanos","og_description":"Falecimento do jovem Frei Claudinei","og_url":"https:\/\/franciscanos.org.br\/noticias\/falece-frei-claudinei-cananea-bustamante.html","og_site_name":"Not\u00edcias - Franciscanos","article_published_time":"2013-12-02T16:11:20+00:00","article_modified_time":"2019-01-29T11:36:45+00:00","og_image":[{"width":273,"height":181,"url":"https:\/\/franciscanos.org.br\/noticias\/wp-content\/uploads\/2013\/12\/claudinei.jpg","type":"image\/jpeg"}],"author":"admin","twitter_card":"summary_large_image","twitter_misc":{"Escrito por":"admin","Est. tempo de leitura":"2 minutos"},"schema":{"@context":"https:\/\/schema.org","@graph":[{"@type":"WebSite","@id":"https:\/\/franciscanos.org.br\/noticias\/#website","url":"https:\/\/franciscanos.org.br\/noticias\/","name":"Not\u00edcias - Franciscanos","description":"Prov\u00edncia Franciscana da Imaculada Concei\u00e7\u00e3o do Brasil - Ordem dos Frades Menores - OFM","potentialAction":[{"@type":"SearchAction","target":{"@type":"EntryPoint","urlTemplate":"https:\/\/franciscanos.org.br\/noticias\/?s={search_term_string}"},"query-input":"required name=search_term_string"}],"inLanguage":"pt-BR"},{"@type":"ImageObject","inLanguage":"pt-BR","@id":"https:\/\/franciscanos.org.br\/noticias\/falece-frei-claudinei-cananea-bustamante.html#primaryimage","url":"https:\/\/franciscanos.org.br\/noticias\/wp-content\/uploads\/2013\/12\/claudinei.jpg","contentUrl":"https:\/\/franciscanos.org.br\/noticias\/wp-content\/uploads\/2013\/12\/claudinei.jpg","width":273,"height":181},{"@type":"WebPage","@id":"https:\/\/franciscanos.org.br\/noticias\/falece-frei-claudinei-cananea-bustamante.html#webpage","url":"https:\/\/franciscanos.org.br\/noticias\/falece-frei-claudinei-cananea-bustamante.html","name":"V\u00edtima de afogamento, Frei Claudinei falece em Rondinha - Not\u00edcias - Franciscanos","isPartOf":{"@id":"https:\/\/franciscanos.org.br\/noticias\/#website"},"primaryImageOfPage":{"@id":"https:\/\/franciscanos.org.br\/noticias\/falece-frei-claudinei-cananea-bustamante.html#primaryimage"},"datePublished":"2013-12-02T16:11:20+00:00","dateModified":"2019-01-29T11:36:45+00:00","author":{"@id":"https:\/\/franciscanos.org.br\/noticias\/#\/schema\/person\/b38fbf43118f02820bd932f2e4b14ad3"},"breadcrumb":{"@id":"https:\/\/franciscanos.org.br\/noticias\/falece-frei-claudinei-cananea-bustamante.html#breadcrumb"},"inLanguage":"pt-BR","potentialAction":[{"@type":"ReadAction","target":["https:\/\/franciscanos.org.br\/noticias\/falece-frei-claudinei-cananea-bustamante.html"]}]},{"@type":"BreadcrumbList","@id":"https:\/\/franciscanos.org.br\/noticias\/falece-frei-claudinei-cananea-bustamante.html#breadcrumb","itemListElement":[{"@type":"ListItem","position":1,"name":"Home","item":"https:\/\/franciscanos.org.br\/noticias"},{"@type":"ListItem","position":2,"name":"V\u00edtima de afogamento, Frei Claudinei falece em Rondinha"}]},{"@type":"Person","@id":"https:\/\/franciscanos.org.br\/noticias\/#\/schema\/person\/b38fbf43118f02820bd932f2e4b14ad3","name":"admin","image":{"@type":"ImageObject","inLanguage":"pt-BR","@id":"https:\/\/franciscanos.org.br\/noticias\/#\/schema\/person\/image\/","url":"https:\/\/secure.gravatar.com\/avatar\/e8495742d34d0ba6448ea1c628263b3e?s=96&d=mm&r=g","contentUrl":"https:\/\/secure.gravatar.com\/avatar\/e8495742d34d0ba6448ea1c628263b3e?s=96&d=mm&r=g","caption":"admin"},"url":"https:\/\/franciscanos.org.br\/noticias\/author\/admin"}]}},"_links":{"self":[{"href":"https:\/\/franciscanos.org.br\/noticias\/wp-json\/wp\/v2\/posts\/50962"}],"collection":[{"href":"https:\/\/franciscanos.org.br\/noticias\/wp-json\/wp\/v2\/posts"}],"about":[{"href":"https:\/\/franciscanos.org.br\/noticias\/wp-json\/wp\/v2\/types\/post"}],"author":[{"embeddable":true,"href":"https:\/\/franciscanos.org.br\/noticias\/wp-json\/wp\/v2\/users\/1"}],"replies":[{"embeddable":true,"href":"https:\/\/franciscanos.org.br\/noticias\/wp-json\/wp\/v2\/comments?post=50962"}],"version-history":[{"count":0,"href":"https:\/\/franciscanos.org.br\/noticias\/wp-json\/wp\/v2\/posts\/50962\/revisions"}],"wp:featuredmedia":[{"embeddable":true,"href":"https:\/\/franciscanos.org.br\/noticias\/wp-json\/wp\/v2\/media\/197642"}],"wp:attachment":[{"href":"https:\/\/franciscanos.org.br\/noticias\/wp-json\/wp\/v2\/media?parent=50962"}],"wp:term":[{"taxonomy":"category","embeddable":true,"href":"https:\/\/franciscanos.org.br\/noticias\/wp-json\/wp\/v2\/categories?post=50962"},{"taxonomy":"post_tag","embeddable":true,"href":"https:\/\/franciscanos.org.br\/noticias\/wp-json\/wp\/v2\/tags?post=50962"}],"curies":[{"name":"wp","href":"https:\/\/api.w.org\/{rel}","templated":true}]}}