{"id":50756,"date":"2013-11-29T18:14:56","date_gmt":"2013-11-29T20:14:56","guid":{"rendered":"http:\/\/new.franciscanos.org.br\/?p=50756"},"modified":"2020-11-11T11:11:12","modified_gmt":"2020-11-11T14:11:12","slug":"com-missa-em-acao-de-gracas-termina-o-cpo","status":"publish","type":"post","link":"https:\/\/franciscanos.org.br\/noticias\/com-missa-em-acao-de-gracas-termina-o-cpo.html","title":{"rendered":"Com Missa de a\u00e7\u00e3o de gra\u00e7as termina o CPO em Vars\u00f3via"},"content":{"rendered":"<p><img loading=\"lazy\" class=\"alignnone size-full wp-image-197520\" src=\"https:\/\/franciscanos.org.br\/noticias\/wp-content\/uploads\/2014\/05\/CONGRESSO-1-1.jpg\" alt=\"\" width=\"830\" height=\"431\" srcset=\"https:\/\/franciscanos.org.br\/noticias\/wp-content\/uploads\/2014\/05\/CONGRESSO-1-1.jpg 830w, https:\/\/franciscanos.org.br\/noticias\/wp-content\/uploads\/2014\/05\/CONGRESSO-1-1-450x234.jpg 450w, https:\/\/franciscanos.org.br\/noticias\/wp-content\/uploads\/2014\/05\/CONGRESSO-1-1-768x399.jpg 768w, https:\/\/franciscanos.org.br\/noticias\/wp-content\/uploads\/2014\/05\/CONGRESSO-1-1-150x78.jpg 150w\" sizes=\"(max-width: 830px) 100vw, 830px\" \/><\/p>\n<p><strong>Frei Est\u00eav\u00e3o Ottenbreit<\/strong><\/p>\n<p><strong>Vars\u00f3via (Pol\u00f4nia)<\/strong> &#8211;\u00a0O Conselho Plen\u00e1rio da Ordem dos Frades Menores chegou ao fim nesta sexta-feira (29 de novembro) depois de duas semanas de trabalho. A manh\u00e3 deste ultimo dia foi dedicada a uma avalia\u00e7\u00e3o do mesmo. De modo geral, todos estavam contentes com a forma e o conte\u00fado, com a din\u00e2mica e a acolhida. Destaque especial mereceu o clima fraterno, n\u00e3o apenas do conv\u00edvio dos irm\u00e3os de tantas partes do mundo, mas principalmente pela abordagem objetiva das quest\u00f5es que facilmente poderiam causar conflitos de interesse.<\/p>\n<p>Todos est\u00e3o convencidos tamb\u00e9m que se deu um passo a mais, um passo importante. A ideia e mentalidade meramente geogr\u00e1fica (queremos ter o nosso homem em Roma), \u00a0est\u00e1 cedendo a uma vis\u00e3o de corresponsabilidade efetiva atrav\u00e9s do Definit\u00f3rio Geral.<\/p>\n<p>&#8220;Vinho novo em odres novos&#8221; foi o lema escolhido para este CPO e o documento final leva o mesmo t\u00edtulo. N\u00e3o faltou questionamento a respeito da oportunidade deste t\u00edtulo. Creio que seja um bom t\u00edtulo desde que se fa\u00e7a a seguinte reflex\u00e3o: O vinho novo \u00e9 Cristo e seu Evangelho. Odres novos s\u00e3o os canais atrav\u00e9s dos quais a presen\u00e7a e a mensagem de Cristo se manifestam. Estes canais devem estar abertos e n\u00e3o entupidos. As paredes destes canais devem ser resistentes (estreitos e r\u00edgidos demais ou fl\u00e1cidos e estendidos demais causam problemas de press\u00e3o que colocar\u00e1 em perigo a vida). E para recuperar e fortalecer estes canais (odres), o documento final, atrav\u00e9s do texto motivador, prop\u00f5e refletir e reconquistar na nossa vida que:<\/p>\n<blockquote><p>\u00a0&#8211; somos chamados a sermos irm\u00e3os;<\/p>\n<p>&#8211; vivendo no dia a dia como irm\u00e3os;<\/p>\n<p>&#8211; enviados em fraternidade de irm\u00e3os.<\/p><\/blockquote>\n<p>Ou como o resumiu um confrade africano, citando um dito do povo: SOU PORQUE SOMOS.<\/p>\n<p>\u00c9 bem a mensagem do CPO: Somos quando vivemos como irm\u00e3os.<\/p>\n<p>O CPO terminou \u00e0 tarde com uma sess\u00e3o conclusiva e a Missa em a\u00e7\u00e3o de gra\u00e7as. O \u00faltimo ato foi um jantar festivo: peixe&#8230;<\/p>\n<p>Amanh\u00e3 todos voltam para seus pa\u00edses, fraternidades e afazeres, agradecendo a Deus pela oportunidade e aos confrades das prov\u00edncias polonesas pela excelente hospitalidade em Vars\u00f3via, na Pol\u00f4nia.<\/p>\n","protected":false},"excerpt":{"rendered":"<p>CPO<\/p>\n","protected":false},"author":1,"featured_media":197656,"comment_status":"closed","ping_status":"open","sticky":false,"template":"","format":"standard","meta":[],"categories":[1],"tags":[511,128],"acf":[],"yoast_head":"<!-- This site is optimized with the Yoast SEO plugin v19.2 - https:\/\/yoast.com\/wordpress\/plugins\/seo\/ -->\n<title>Com Missa de a\u00e7\u00e3o de gra\u00e7as termina o CPO em Vars\u00f3via - Not\u00edcias - Franciscanos<\/title>\n<meta name=\"robots\" content=\"index, follow, max-snippet:-1, max-image-preview:large, max-video-preview:-1\" \/>\n<link rel=\"canonical\" href=\"https:\/\/franciscanos.org.br\/noticias\/com-missa-em-acao-de-gracas-termina-o-cpo.html\" \/>\n<meta property=\"og:locale\" content=\"pt_BR\" \/>\n<meta property=\"og:type\" content=\"article\" \/>\n<meta property=\"og:title\" content=\"Com Missa de a\u00e7\u00e3o de gra\u00e7as termina o CPO em Vars\u00f3via - Not\u00edcias - Franciscanos\" \/>\n<meta property=\"og:description\" content=\"CPO\" \/>\n<meta property=\"og:url\" content=\"https:\/\/franciscanos.org.br\/noticias\/com-missa-em-acao-de-gracas-termina-o-cpo.html\" \/>\n<meta property=\"og:site_name\" content=\"Not\u00edcias - Franciscanos\" \/>\n<meta property=\"article:published_time\" content=\"2013-11-29T20:14:56+00:00\" \/>\n<meta property=\"article:modified_time\" content=\"2020-11-11T14:11:12+00:00\" \/>\n<meta property=\"og:image\" content=\"https:\/\/franciscanos.org.br\/noticias\/wp-content\/uploads\/2013\/11\/cpo_29.jpg\" \/>\n\t<meta property=\"og:image:width\" content=\"273\" \/>\n\t<meta property=\"og:image:height\" content=\"181\" \/>\n\t<meta property=\"og:image:type\" content=\"image\/jpeg\" \/>\n<meta name=\"author\" content=\"admin\" \/>\n<meta name=\"twitter:card\" content=\"summary_large_image\" \/>\n<meta name=\"twitter:label1\" content=\"Escrito por\" \/>\n\t<meta name=\"twitter:data1\" content=\"admin\" \/>\n\t<meta name=\"twitter:label2\" content=\"Est. tempo de leitura\" \/>\n\t<meta name=\"twitter:data2\" content=\"2 minutos\" \/>\n<script type=\"application\/ld+json\" class=\"yoast-schema-graph\">{\"@context\":\"https:\/\/schema.org\",\"@graph\":[{\"@type\":\"WebSite\",\"@id\":\"https:\/\/franciscanos.org.br\/noticias\/#website\",\"url\":\"https:\/\/franciscanos.org.br\/noticias\/\",\"name\":\"Not\u00edcias - Franciscanos\",\"description\":\"Prov\u00edncia Franciscana da Imaculada Concei\u00e7\u00e3o do Brasil - Ordem dos Frades Menores - OFM\",\"potentialAction\":[{\"@type\":\"SearchAction\",\"target\":{\"@type\":\"EntryPoint\",\"urlTemplate\":\"https:\/\/franciscanos.org.br\/noticias\/?s={search_term_string}\"},\"query-input\":\"required name=search_term_string\"}],\"inLanguage\":\"pt-BR\"},{\"@type\":\"ImageObject\",\"inLanguage\":\"pt-BR\",\"@id\":\"https:\/\/franciscanos.org.br\/noticias\/com-missa-em-acao-de-gracas-termina-o-cpo.html#primaryimage\",\"url\":\"https:\/\/franciscanos.org.br\/noticias\/wp-content\/uploads\/2013\/11\/cpo_29.jpg\",\"contentUrl\":\"https:\/\/franciscanos.org.br\/noticias\/wp-content\/uploads\/2013\/11\/cpo_29.jpg\",\"width\":273,\"height\":181},{\"@type\":\"WebPage\",\"@id\":\"https:\/\/franciscanos.org.br\/noticias\/com-missa-em-acao-de-gracas-termina-o-cpo.html#webpage\",\"url\":\"https:\/\/franciscanos.org.br\/noticias\/com-missa-em-acao-de-gracas-termina-o-cpo.html\",\"name\":\"Com Missa de a\u00e7\u00e3o de gra\u00e7as termina o CPO em Vars\u00f3via - Not\u00edcias - Franciscanos\",\"isPartOf\":{\"@id\":\"https:\/\/franciscanos.org.br\/noticias\/#website\"},\"primaryImageOfPage\":{\"@id\":\"https:\/\/franciscanos.org.br\/noticias\/com-missa-em-acao-de-gracas-termina-o-cpo.html#primaryimage\"},\"datePublished\":\"2013-11-29T20:14:56+00:00\",\"dateModified\":\"2020-11-11T14:11:12+00:00\",\"author\":{\"@id\":\"https:\/\/franciscanos.org.br\/noticias\/#\/schema\/person\/b38fbf43118f02820bd932f2e4b14ad3\"},\"breadcrumb\":{\"@id\":\"https:\/\/franciscanos.org.br\/noticias\/com-missa-em-acao-de-gracas-termina-o-cpo.html#breadcrumb\"},\"inLanguage\":\"pt-BR\",\"potentialAction\":[{\"@type\":\"ReadAction\",\"target\":[\"https:\/\/franciscanos.org.br\/noticias\/com-missa-em-acao-de-gracas-termina-o-cpo.html\"]}]},{\"@type\":\"BreadcrumbList\",\"@id\":\"https:\/\/franciscanos.org.br\/noticias\/com-missa-em-acao-de-gracas-termina-o-cpo.html#breadcrumb\",\"itemListElement\":[{\"@type\":\"ListItem\",\"position\":1,\"name\":\"Home\",\"item\":\"https:\/\/franciscanos.org.br\/noticias\"},{\"@type\":\"ListItem\",\"position\":2,\"name\":\"Com Missa de a\u00e7\u00e3o de gra\u00e7as termina o CPO em Vars\u00f3via\"}]},{\"@type\":\"Person\",\"@id\":\"https:\/\/franciscanos.org.br\/noticias\/#\/schema\/person\/b38fbf43118f02820bd932f2e4b14ad3\",\"name\":\"admin\",\"image\":{\"@type\":\"ImageObject\",\"inLanguage\":\"pt-BR\",\"@id\":\"https:\/\/franciscanos.org.br\/noticias\/#\/schema\/person\/image\/\",\"url\":\"https:\/\/secure.gravatar.com\/avatar\/e8495742d34d0ba6448ea1c628263b3e?s=96&d=mm&r=g\",\"contentUrl\":\"https:\/\/secure.gravatar.com\/avatar\/e8495742d34d0ba6448ea1c628263b3e?s=96&d=mm&r=g\",\"caption\":\"admin\"},\"url\":\"https:\/\/franciscanos.org.br\/noticias\/author\/admin\"}]}<\/script>\n<!-- \/ Yoast SEO plugin. -->","yoast_head_json":{"title":"Com Missa de a\u00e7\u00e3o de gra\u00e7as termina o CPO em Vars\u00f3via - Not\u00edcias - Franciscanos","robots":{"index":"index","follow":"follow","max-snippet":"max-snippet:-1","max-image-preview":"max-image-preview:large","max-video-preview":"max-video-preview:-1"},"canonical":"https:\/\/franciscanos.org.br\/noticias\/com-missa-em-acao-de-gracas-termina-o-cpo.html","og_locale":"pt_BR","og_type":"article","og_title":"Com Missa de a\u00e7\u00e3o de gra\u00e7as termina o CPO em Vars\u00f3via - Not\u00edcias - Franciscanos","og_description":"CPO","og_url":"https:\/\/franciscanos.org.br\/noticias\/com-missa-em-acao-de-gracas-termina-o-cpo.html","og_site_name":"Not\u00edcias - Franciscanos","article_published_time":"2013-11-29T20:14:56+00:00","article_modified_time":"2020-11-11T14:11:12+00:00","og_image":[{"width":273,"height":181,"url":"https:\/\/franciscanos.org.br\/noticias\/wp-content\/uploads\/2013\/11\/cpo_29.jpg","type":"image\/jpeg"}],"author":"admin","twitter_card":"summary_large_image","twitter_misc":{"Escrito por":"admin","Est. tempo de leitura":"2 minutos"},"schema":{"@context":"https:\/\/schema.org","@graph":[{"@type":"WebSite","@id":"https:\/\/franciscanos.org.br\/noticias\/#website","url":"https:\/\/franciscanos.org.br\/noticias\/","name":"Not\u00edcias - Franciscanos","description":"Prov\u00edncia Franciscana da Imaculada Concei\u00e7\u00e3o do Brasil - Ordem dos Frades Menores - OFM","potentialAction":[{"@type":"SearchAction","target":{"@type":"EntryPoint","urlTemplate":"https:\/\/franciscanos.org.br\/noticias\/?s={search_term_string}"},"query-input":"required name=search_term_string"}],"inLanguage":"pt-BR"},{"@type":"ImageObject","inLanguage":"pt-BR","@id":"https:\/\/franciscanos.org.br\/noticias\/com-missa-em-acao-de-gracas-termina-o-cpo.html#primaryimage","url":"https:\/\/franciscanos.org.br\/noticias\/wp-content\/uploads\/2013\/11\/cpo_29.jpg","contentUrl":"https:\/\/franciscanos.org.br\/noticias\/wp-content\/uploads\/2013\/11\/cpo_29.jpg","width":273,"height":181},{"@type":"WebPage","@id":"https:\/\/franciscanos.org.br\/noticias\/com-missa-em-acao-de-gracas-termina-o-cpo.html#webpage","url":"https:\/\/franciscanos.org.br\/noticias\/com-missa-em-acao-de-gracas-termina-o-cpo.html","name":"Com Missa de a\u00e7\u00e3o de gra\u00e7as termina o CPO em Vars\u00f3via - Not\u00edcias - Franciscanos","isPartOf":{"@id":"https:\/\/franciscanos.org.br\/noticias\/#website"},"primaryImageOfPage":{"@id":"https:\/\/franciscanos.org.br\/noticias\/com-missa-em-acao-de-gracas-termina-o-cpo.html#primaryimage"},"datePublished":"2013-11-29T20:14:56+00:00","dateModified":"2020-11-11T14:11:12+00:00","author":{"@id":"https:\/\/franciscanos.org.br\/noticias\/#\/schema\/person\/b38fbf43118f02820bd932f2e4b14ad3"},"breadcrumb":{"@id":"https:\/\/franciscanos.org.br\/noticias\/com-missa-em-acao-de-gracas-termina-o-cpo.html#breadcrumb"},"inLanguage":"pt-BR","potentialAction":[{"@type":"ReadAction","target":["https:\/\/franciscanos.org.br\/noticias\/com-missa-em-acao-de-gracas-termina-o-cpo.html"]}]},{"@type":"BreadcrumbList","@id":"https:\/\/franciscanos.org.br\/noticias\/com-missa-em-acao-de-gracas-termina-o-cpo.html#breadcrumb","itemListElement":[{"@type":"ListItem","position":1,"name":"Home","item":"https:\/\/franciscanos.org.br\/noticias"},{"@type":"ListItem","position":2,"name":"Com Missa de a\u00e7\u00e3o de gra\u00e7as termina o CPO em Vars\u00f3via"}]},{"@type":"Person","@id":"https:\/\/franciscanos.org.br\/noticias\/#\/schema\/person\/b38fbf43118f02820bd932f2e4b14ad3","name":"admin","image":{"@type":"ImageObject","inLanguage":"pt-BR","@id":"https:\/\/franciscanos.org.br\/noticias\/#\/schema\/person\/image\/","url":"https:\/\/secure.gravatar.com\/avatar\/e8495742d34d0ba6448ea1c628263b3e?s=96&d=mm&r=g","contentUrl":"https:\/\/secure.gravatar.com\/avatar\/e8495742d34d0ba6448ea1c628263b3e?s=96&d=mm&r=g","caption":"admin"},"url":"https:\/\/franciscanos.org.br\/noticias\/author\/admin"}]}},"_links":{"self":[{"href":"https:\/\/franciscanos.org.br\/noticias\/wp-json\/wp\/v2\/posts\/50756"}],"collection":[{"href":"https:\/\/franciscanos.org.br\/noticias\/wp-json\/wp\/v2\/posts"}],"about":[{"href":"https:\/\/franciscanos.org.br\/noticias\/wp-json\/wp\/v2\/types\/post"}],"author":[{"embeddable":true,"href":"https:\/\/franciscanos.org.br\/noticias\/wp-json\/wp\/v2\/users\/1"}],"replies":[{"embeddable":true,"href":"https:\/\/franciscanos.org.br\/noticias\/wp-json\/wp\/v2\/comments?post=50756"}],"version-history":[{"count":1,"href":"https:\/\/franciscanos.org.br\/noticias\/wp-json\/wp\/v2\/posts\/50756\/revisions"}],"predecessor-version":[{"id":229302,"href":"https:\/\/franciscanos.org.br\/noticias\/wp-json\/wp\/v2\/posts\/50756\/revisions\/229302"}],"wp:featuredmedia":[{"embeddable":true,"href":"https:\/\/franciscanos.org.br\/noticias\/wp-json\/wp\/v2\/media\/197656"}],"wp:attachment":[{"href":"https:\/\/franciscanos.org.br\/noticias\/wp-json\/wp\/v2\/media?parent=50756"}],"wp:term":[{"taxonomy":"category","embeddable":true,"href":"https:\/\/franciscanos.org.br\/noticias\/wp-json\/wp\/v2\/categories?post=50756"},{"taxonomy":"post_tag","embeddable":true,"href":"https:\/\/franciscanos.org.br\/noticias\/wp-json\/wp\/v2\/tags?post=50756"}],"curies":[{"name":"wp","href":"https:\/\/api.w.org\/{rel}","templated":true}]}}