{"id":50604,"date":"2013-11-27T18:20:11","date_gmt":"2013-11-27T20:20:11","guid":{"rendered":"http:\/\/new.franciscanos.org.br\/?p=50604"},"modified":"2020-01-31T13:27:05","modified_gmt":"2020-01-31T16:27:05","slug":"cpo-primeira-sessao-de-votacao-das-propostas","status":"publish","type":"post","link":"https:\/\/franciscanos.org.br\/noticias\/cpo-primeira-sessao-de-votacao-das-propostas.html","title":{"rendered":"CPO: Primeira sess\u00e3o de vota\u00e7\u00e3o das propostas"},"content":{"rendered":"<p><strong>Frei Est\u00eav\u00e3o Ottenbreit<\/strong><\/p>\n<p><b>Vars\u00f3via (Pol\u00f4nia)<\/b> &#8211; Hoje, 27 de novembro, amanhecemos com a paisagem coberta de neve na cidade de Vars\u00f3via, na Pol\u00f4nia. E para amanh\u00e3 os meteorologistas prometem ainda mais!<\/p>\n<p>Dentro de casa as coisas, por\u00e9m, esquentam a cada dia que nos aproximamos do fim do Conselho Plen\u00e1rio da Ordem, que est\u00e1 no d\u00e9cimo dia. As comiss\u00f5es trabalham a pleno vapor. A mensagem final e as propostas para o Cap\u00edtulo Geral de 2015 querem ser realmente uma contribui\u00e7\u00e3o a mais para podermos viver com alegria &#8211; para sintonizar com a exorta\u00e7\u00e3o apost\u00f3lica do Papa Francisco, publicada ontem &#8211; a nossa miss\u00e3o especial no mundo atrav\u00e9s de nossa voca\u00e7\u00e3o franciscana.<\/p>\n<p>Na parte da tarde foram ouvidos v\u00e1rios definidores gerais, prestando contas e sintetizando diversas atividades desenvolvidas em n\u00edvel de Ordem. Ali\u00e1s, o que causa realmente boa impress\u00e3o \u00e9 que n\u00e3o apenas foram elaborados &#8220;documentos&#8221; e propostas de atividades de anima\u00e7\u00e3o, mas se cuida de verificar o resultado.<\/p>\n<p>Assim, ao longo do CPO foram apresentados pelos Definidores relat\u00f3rios sobre os documentos apresentados pelo Definit\u00f3rio Geral, o <i>&#8220;Moratorium&#8221;,<\/i> as recomenda\u00e7\u00f5es do Cap\u00edtulo Geral de 2009, e a reflex\u00e3o sobre a identidade franciscana. Realmente se pode concluir: animar \u00e9, antes de tudo, acompanhar e acompanhar exige avaliar.<\/p>\n<p>Houve tamb\u00e9m hoje a primeira sess\u00e3o de vota\u00e7\u00e3o das propostas para as quais o Cap\u00edtulo Geral de 2009 delegou o poder de decis\u00e3o. E antes de terminar os trabalhos do dia, o cust\u00f3dio da Terra Santa, Frei Pierbattista Pizzaballa, nos informou sobre a situa\u00e7\u00e3o muito dif\u00edcil das nossas fraternidades na S\u00edria.<\/p>\n<p><em>Na foto abaixo, o grupo lingu\u00edstico espanhol, com 14 integrantes. Quatro s\u00e3o do Brasil: Frei Est\u00eavao Ottenbreit \u00a0(Prov\u00edncia da Imaculada), Frei Valmir Ramos (Cust\u00f3dia do Sagrado Cora\u00e7\u00e3o), Frei Flor\u00eancio Almeida Vaz Filho\u00a0(Cust\u00f3dia S\u00e3o Benedito) e Frei Nestor In\u00e1cio Schwerz\u00a0(Definidor Geral e frade da Prov\u00edncia S\u00e3o Francisco).<\/em><\/p>\n<p><img loading=\"lazy\" src=\"http:\/\/franciscanos.org.br\/wp-content\/uploads\/2013\/11\/grupo1.jpg\" alt=\"grupo\" width=\"820\" height=\"351\" \/><\/p>\n","protected":false},"excerpt":{"rendered":"<p>OFM<\/p>\n","protected":false},"author":1,"featured_media":217933,"comment_status":"closed","ping_status":"open","sticky":false,"template":"","format":"standard","meta":[],"categories":[1],"tags":[511],"acf":[],"yoast_head":"<!-- This site is optimized with the Yoast SEO plugin v19.2 - https:\/\/yoast.com\/wordpress\/plugins\/seo\/ -->\n<title>CPO: Primeira sess\u00e3o de vota\u00e7\u00e3o das propostas - Not\u00edcias - Franciscanos<\/title>\n<meta name=\"robots\" content=\"index, follow, max-snippet:-1, max-image-preview:large, max-video-preview:-1\" \/>\n<link rel=\"canonical\" href=\"https:\/\/franciscanos.org.br\/noticias\/cpo-primeira-sessao-de-votacao-das-propostas.html\" \/>\n<meta property=\"og:locale\" content=\"pt_BR\" \/>\n<meta property=\"og:type\" content=\"article\" \/>\n<meta property=\"og:title\" content=\"CPO: Primeira sess\u00e3o de vota\u00e7\u00e3o das propostas - Not\u00edcias - Franciscanos\" \/>\n<meta property=\"og:description\" content=\"OFM\" \/>\n<meta property=\"og:url\" content=\"https:\/\/franciscanos.org.br\/noticias\/cpo-primeira-sessao-de-votacao-das-propostas.html\" \/>\n<meta property=\"og:site_name\" content=\"Not\u00edcias - Franciscanos\" \/>\n<meta property=\"article:published_time\" content=\"2013-11-27T20:20:11+00:00\" \/>\n<meta property=\"article:modified_time\" content=\"2020-01-31T16:27:05+00:00\" \/>\n<meta property=\"og:image\" content=\"https:\/\/franciscanos.org.br\/noticias\/wp-content\/uploads\/2013\/11\/grupo1.jpg\" \/>\n\t<meta property=\"og:image:width\" content=\"273\" \/>\n\t<meta property=\"og:image:height\" content=\"181\" \/>\n\t<meta property=\"og:image:type\" content=\"image\/jpeg\" \/>\n<meta name=\"author\" content=\"admin\" \/>\n<meta name=\"twitter:card\" content=\"summary_large_image\" \/>\n<meta name=\"twitter:label1\" content=\"Escrito por\" \/>\n\t<meta name=\"twitter:data1\" content=\"admin\" \/>\n\t<meta name=\"twitter:label2\" content=\"Est. tempo de leitura\" \/>\n\t<meta name=\"twitter:data2\" content=\"2 minutos\" \/>\n<script type=\"application\/ld+json\" class=\"yoast-schema-graph\">{\"@context\":\"https:\/\/schema.org\",\"@graph\":[{\"@type\":\"WebSite\",\"@id\":\"https:\/\/franciscanos.org.br\/noticias\/#website\",\"url\":\"https:\/\/franciscanos.org.br\/noticias\/\",\"name\":\"Not\u00edcias - Franciscanos\",\"description\":\"Prov\u00edncia Franciscana da Imaculada Concei\u00e7\u00e3o do Brasil - Ordem dos Frades Menores - OFM\",\"potentialAction\":[{\"@type\":\"SearchAction\",\"target\":{\"@type\":\"EntryPoint\",\"urlTemplate\":\"https:\/\/franciscanos.org.br\/noticias\/?s={search_term_string}\"},\"query-input\":\"required name=search_term_string\"}],\"inLanguage\":\"pt-BR\"},{\"@type\":\"ImageObject\",\"inLanguage\":\"pt-BR\",\"@id\":\"https:\/\/franciscanos.org.br\/noticias\/cpo-primeira-sessao-de-votacao-das-propostas.html#primaryimage\",\"url\":\"https:\/\/franciscanos.org.br\/noticias\/wp-content\/uploads\/2013\/11\/grupo1.jpg\",\"contentUrl\":\"https:\/\/franciscanos.org.br\/noticias\/wp-content\/uploads\/2013\/11\/grupo1.jpg\",\"width\":273,\"height\":181},{\"@type\":\"WebPage\",\"@id\":\"https:\/\/franciscanos.org.br\/noticias\/cpo-primeira-sessao-de-votacao-das-propostas.html#webpage\",\"url\":\"https:\/\/franciscanos.org.br\/noticias\/cpo-primeira-sessao-de-votacao-das-propostas.html\",\"name\":\"CPO: Primeira sess\u00e3o de vota\u00e7\u00e3o das propostas - Not\u00edcias - Franciscanos\",\"isPartOf\":{\"@id\":\"https:\/\/franciscanos.org.br\/noticias\/#website\"},\"primaryImageOfPage\":{\"@id\":\"https:\/\/franciscanos.org.br\/noticias\/cpo-primeira-sessao-de-votacao-das-propostas.html#primaryimage\"},\"datePublished\":\"2013-11-27T20:20:11+00:00\",\"dateModified\":\"2020-01-31T16:27:05+00:00\",\"author\":{\"@id\":\"https:\/\/franciscanos.org.br\/noticias\/#\/schema\/person\/b38fbf43118f02820bd932f2e4b14ad3\"},\"breadcrumb\":{\"@id\":\"https:\/\/franciscanos.org.br\/noticias\/cpo-primeira-sessao-de-votacao-das-propostas.html#breadcrumb\"},\"inLanguage\":\"pt-BR\",\"potentialAction\":[{\"@type\":\"ReadAction\",\"target\":[\"https:\/\/franciscanos.org.br\/noticias\/cpo-primeira-sessao-de-votacao-das-propostas.html\"]}]},{\"@type\":\"BreadcrumbList\",\"@id\":\"https:\/\/franciscanos.org.br\/noticias\/cpo-primeira-sessao-de-votacao-das-propostas.html#breadcrumb\",\"itemListElement\":[{\"@type\":\"ListItem\",\"position\":1,\"name\":\"Home\",\"item\":\"https:\/\/franciscanos.org.br\/noticias\"},{\"@type\":\"ListItem\",\"position\":2,\"name\":\"CPO: Primeira sess\u00e3o de vota\u00e7\u00e3o das propostas\"}]},{\"@type\":\"Person\",\"@id\":\"https:\/\/franciscanos.org.br\/noticias\/#\/schema\/person\/b38fbf43118f02820bd932f2e4b14ad3\",\"name\":\"admin\",\"image\":{\"@type\":\"ImageObject\",\"inLanguage\":\"pt-BR\",\"@id\":\"https:\/\/franciscanos.org.br\/noticias\/#\/schema\/person\/image\/\",\"url\":\"https:\/\/secure.gravatar.com\/avatar\/e8495742d34d0ba6448ea1c628263b3e?s=96&d=mm&r=g\",\"contentUrl\":\"https:\/\/secure.gravatar.com\/avatar\/e8495742d34d0ba6448ea1c628263b3e?s=96&d=mm&r=g\",\"caption\":\"admin\"},\"url\":\"https:\/\/franciscanos.org.br\/noticias\/author\/admin\"}]}<\/script>\n<!-- \/ Yoast SEO plugin. -->","yoast_head_json":{"title":"CPO: Primeira sess\u00e3o de vota\u00e7\u00e3o das propostas - Not\u00edcias - Franciscanos","robots":{"index":"index","follow":"follow","max-snippet":"max-snippet:-1","max-image-preview":"max-image-preview:large","max-video-preview":"max-video-preview:-1"},"canonical":"https:\/\/franciscanos.org.br\/noticias\/cpo-primeira-sessao-de-votacao-das-propostas.html","og_locale":"pt_BR","og_type":"article","og_title":"CPO: Primeira sess\u00e3o de vota\u00e7\u00e3o das propostas - Not\u00edcias - Franciscanos","og_description":"OFM","og_url":"https:\/\/franciscanos.org.br\/noticias\/cpo-primeira-sessao-de-votacao-das-propostas.html","og_site_name":"Not\u00edcias - Franciscanos","article_published_time":"2013-11-27T20:20:11+00:00","article_modified_time":"2020-01-31T16:27:05+00:00","og_image":[{"width":273,"height":181,"url":"https:\/\/franciscanos.org.br\/noticias\/wp-content\/uploads\/2013\/11\/grupo1.jpg","type":"image\/jpeg"}],"author":"admin","twitter_card":"summary_large_image","twitter_misc":{"Escrito por":"admin","Est. tempo de leitura":"2 minutos"},"schema":{"@context":"https:\/\/schema.org","@graph":[{"@type":"WebSite","@id":"https:\/\/franciscanos.org.br\/noticias\/#website","url":"https:\/\/franciscanos.org.br\/noticias\/","name":"Not\u00edcias - Franciscanos","description":"Prov\u00edncia Franciscana da Imaculada Concei\u00e7\u00e3o do Brasil - Ordem dos Frades Menores - OFM","potentialAction":[{"@type":"SearchAction","target":{"@type":"EntryPoint","urlTemplate":"https:\/\/franciscanos.org.br\/noticias\/?s={search_term_string}"},"query-input":"required name=search_term_string"}],"inLanguage":"pt-BR"},{"@type":"ImageObject","inLanguage":"pt-BR","@id":"https:\/\/franciscanos.org.br\/noticias\/cpo-primeira-sessao-de-votacao-das-propostas.html#primaryimage","url":"https:\/\/franciscanos.org.br\/noticias\/wp-content\/uploads\/2013\/11\/grupo1.jpg","contentUrl":"https:\/\/franciscanos.org.br\/noticias\/wp-content\/uploads\/2013\/11\/grupo1.jpg","width":273,"height":181},{"@type":"WebPage","@id":"https:\/\/franciscanos.org.br\/noticias\/cpo-primeira-sessao-de-votacao-das-propostas.html#webpage","url":"https:\/\/franciscanos.org.br\/noticias\/cpo-primeira-sessao-de-votacao-das-propostas.html","name":"CPO: Primeira sess\u00e3o de vota\u00e7\u00e3o das propostas - Not\u00edcias - Franciscanos","isPartOf":{"@id":"https:\/\/franciscanos.org.br\/noticias\/#website"},"primaryImageOfPage":{"@id":"https:\/\/franciscanos.org.br\/noticias\/cpo-primeira-sessao-de-votacao-das-propostas.html#primaryimage"},"datePublished":"2013-11-27T20:20:11+00:00","dateModified":"2020-01-31T16:27:05+00:00","author":{"@id":"https:\/\/franciscanos.org.br\/noticias\/#\/schema\/person\/b38fbf43118f02820bd932f2e4b14ad3"},"breadcrumb":{"@id":"https:\/\/franciscanos.org.br\/noticias\/cpo-primeira-sessao-de-votacao-das-propostas.html#breadcrumb"},"inLanguage":"pt-BR","potentialAction":[{"@type":"ReadAction","target":["https:\/\/franciscanos.org.br\/noticias\/cpo-primeira-sessao-de-votacao-das-propostas.html"]}]},{"@type":"BreadcrumbList","@id":"https:\/\/franciscanos.org.br\/noticias\/cpo-primeira-sessao-de-votacao-das-propostas.html#breadcrumb","itemListElement":[{"@type":"ListItem","position":1,"name":"Home","item":"https:\/\/franciscanos.org.br\/noticias"},{"@type":"ListItem","position":2,"name":"CPO: Primeira sess\u00e3o de vota\u00e7\u00e3o das propostas"}]},{"@type":"Person","@id":"https:\/\/franciscanos.org.br\/noticias\/#\/schema\/person\/b38fbf43118f02820bd932f2e4b14ad3","name":"admin","image":{"@type":"ImageObject","inLanguage":"pt-BR","@id":"https:\/\/franciscanos.org.br\/noticias\/#\/schema\/person\/image\/","url":"https:\/\/secure.gravatar.com\/avatar\/e8495742d34d0ba6448ea1c628263b3e?s=96&d=mm&r=g","contentUrl":"https:\/\/secure.gravatar.com\/avatar\/e8495742d34d0ba6448ea1c628263b3e?s=96&d=mm&r=g","caption":"admin"},"url":"https:\/\/franciscanos.org.br\/noticias\/author\/admin"}]}},"_links":{"self":[{"href":"https:\/\/franciscanos.org.br\/noticias\/wp-json\/wp\/v2\/posts\/50604"}],"collection":[{"href":"https:\/\/franciscanos.org.br\/noticias\/wp-json\/wp\/v2\/posts"}],"about":[{"href":"https:\/\/franciscanos.org.br\/noticias\/wp-json\/wp\/v2\/types\/post"}],"author":[{"embeddable":true,"href":"https:\/\/franciscanos.org.br\/noticias\/wp-json\/wp\/v2\/users\/1"}],"replies":[{"embeddable":true,"href":"https:\/\/franciscanos.org.br\/noticias\/wp-json\/wp\/v2\/comments?post=50604"}],"version-history":[{"count":0,"href":"https:\/\/franciscanos.org.br\/noticias\/wp-json\/wp\/v2\/posts\/50604\/revisions"}],"wp:featuredmedia":[{"embeddable":true,"href":"https:\/\/franciscanos.org.br\/noticias\/wp-json\/wp\/v2\/media\/217933"}],"wp:attachment":[{"href":"https:\/\/franciscanos.org.br\/noticias\/wp-json\/wp\/v2\/media?parent=50604"}],"wp:term":[{"taxonomy":"category","embeddable":true,"href":"https:\/\/franciscanos.org.br\/noticias\/wp-json\/wp\/v2\/categories?post=50604"},{"taxonomy":"post_tag","embeddable":true,"href":"https:\/\/franciscanos.org.br\/noticias\/wp-json\/wp\/v2\/tags?post=50604"}],"curies":[{"name":"wp","href":"https:\/\/api.w.org\/{rel}","templated":true}]}}