{"id":50479,"date":"2013-11-24T19:32:21","date_gmt":"2013-11-24T21:32:21","guid":{"rendered":"http:\/\/new.franciscanos.org.br\/?p=50479"},"modified":"2020-11-11T11:03:10","modified_gmt":"2020-11-11T14:03:10","slug":"cpo-conhece-o-martir-pe-jerzy-popieluszko","status":"publish","type":"post","link":"https:\/\/franciscanos.org.br\/noticias\/cpo-conhece-o-martir-pe-jerzy-popieluszko.html","title":{"rendered":"CPO conhece o m\u00e1rtir Pe. Jerzy Popieluszko"},"content":{"rendered":"<p><strong>Frei Est\u00eav\u00e3o Ottenbreit<\/strong><\/p>\n<p><strong>Vars\u00f3via (Pol\u00f4nia)<\/strong> &#8211; Se a mensagem que o m\u00e1rtir S\u00e3o Maximiliano Kolbe nos deixou ontem, s\u00e1bado, foi: &#8220;evangelizar \u00e9 dar a vida pelo outro&#8221;, hoje (domingo, 24), a mensagem de outro m\u00e1rtir, o Beato Pe. Jerzy Popieluszko, nos lembra: &#8220;Vencer o mal fazendo o bem&#8221;. Na parte da manh\u00e3 visitamos a Par\u00f3quia, onde o jovem padre polon\u00eas trabalhou at\u00e9 a sua morte cruel.<\/p>\n<p>Nascido de uma fam\u00edlia pobre, n\u00e3o quis outra coisa a n\u00e3o ser sacerdote. Escolheu a Diocese de Vars\u00f3via porque queria estar perto da grande e carism\u00e1tica figura do cardeal Wyszynski. Ocasionalmente se confrontou com a situa\u00e7\u00e3o de abandono dos oper\u00e1rios. Soube ler os sinais dos tempos e se tornou uma grande refer\u00eancia para a classe oper\u00e1ria.<\/p>\n<p>O regime comunista n\u00e3o gostou nada disso. Em circunst\u00e2ncias dif\u00edceis de serem esclarecidas, foi maltratado, morto e jogado no rio. Seu corpo foi achado, amarrado os p\u00e9s e as m\u00e3os com o rosto desfigurado dos maus-tratos. O regime pensou, desta maneira, que calaria uma voz inc\u00f4moda. Ledo engano. No dia dos seus funerais, 3 de novembro de 1984, compareceu mais de um milh\u00e3o de pessoas. A voz &#8220;calada&#8221; pelo servi\u00e7o secreto polon\u00eas, agora falaria ainda mais alto. No dia 6 de junho 2010 foi beatificado pelo\u00a0prefeito da Congrega\u00e7\u00e3o para a Causa dos Santos, Dom Angelo Amato, enviado especial do Papa Bento XVI.<\/p>\n<p>Visitamos sua Par\u00f3quia, que abriga um museu documentando sua vida, trabalho, morte e sua mensagem.<\/p>\n<div id=\"attachment_50490\" style=\"width: 360px\" class=\"wp-caption alignleft\"><img aria-describedby=\"caption-attachment-50490\" loading=\"lazy\" class=\"size-full wp-image-50490\" src=\"http:\/\/franciscanos.org.br\/wp-content\/uploads\/2013\/11\/museu.jpg\" alt=\"O Museu de Chopin em Vas\u00f3via\" width=\"350\" height=\"234\" \/><p id=\"caption-attachment-50490\" class=\"wp-caption-text\">O Museu de Chopin em Vars\u00f3via<\/p><\/div>\n<p>Em seguida fomos ao Convento e Par\u00f3quia dos franciscanos para celebrar com o povo a festa de Cristo Rei e o encerramento do Ano da F\u00e9.<\/p>\n<p>Celebrante principal foi o N\u00fancio Apost\u00f3lico da Pol\u00f4nia, Dom Celestino Migliore. Celebra\u00e7\u00e3o longa mas muito bela, principalmente por causa dos cantos melodiosos. Em seguida, \u00e0s 14h30, houve almo\u00e7o festivo no convento.<\/p>\n<p>\u00c0 tarde tivemos um passeio guiado pelo centro hist\u00f3rico de Vars\u00f3via que terminou no Museu de Chopin. Com sua m\u00fasica nos ouvidos voltamos para casa para retomar os trabalhos do Conselho Plen\u00e1rio da Ordem dos Frades Menores (OFM), que nesta segunda-feira, 25 de novembro, entra na segunda semana de trabalho em Vars\u00f3via, na Pol\u00f4nia. Esta assembleia da Ordem dos Frades Menores s\u00f3 termina no dia 30 de novembro.<\/p>\n<p>&nbsp;<\/p>\n<p>&nbsp;<\/p>\n<p>&nbsp;<\/p>\n","protected":false},"excerpt":{"rendered":"<p>OFM<\/p>\n","protected":false},"author":1,"featured_media":217926,"comment_status":"closed","ping_status":"open","sticky":false,"template":"","format":"standard","meta":[],"categories":[1],"tags":[511],"acf":[],"yoast_head":"<!-- This site is optimized with the Yoast SEO plugin v19.2 - https:\/\/yoast.com\/wordpress\/plugins\/seo\/ -->\n<title>CPO conhece o m\u00e1rtir Pe. Jerzy Popieluszko - Not\u00edcias - Franciscanos<\/title>\n<meta name=\"robots\" content=\"index, follow, max-snippet:-1, max-image-preview:large, max-video-preview:-1\" \/>\n<link rel=\"canonical\" href=\"https:\/\/franciscanos.org.br\/noticias\/cpo-conhece-o-martir-pe-jerzy-popieluszko.html\" \/>\n<meta property=\"og:locale\" content=\"pt_BR\" \/>\n<meta property=\"og:type\" content=\"article\" \/>\n<meta property=\"og:title\" content=\"CPO conhece o m\u00e1rtir Pe. Jerzy Popieluszko - Not\u00edcias - Franciscanos\" \/>\n<meta property=\"og:description\" content=\"OFM\" \/>\n<meta property=\"og:url\" content=\"https:\/\/franciscanos.org.br\/noticias\/cpo-conhece-o-martir-pe-jerzy-popieluszko.html\" \/>\n<meta property=\"og:site_name\" content=\"Not\u00edcias - Franciscanos\" \/>\n<meta property=\"article:published_time\" content=\"2013-11-24T21:32:21+00:00\" \/>\n<meta property=\"article:modified_time\" content=\"2020-11-11T14:03:10+00:00\" \/>\n<meta property=\"og:image\" content=\"https:\/\/franciscanos.org.br\/noticias\/wp-content\/uploads\/2013\/11\/museu.jpg\" \/>\n\t<meta property=\"og:image:width\" content=\"273\" \/>\n\t<meta property=\"og:image:height\" content=\"181\" \/>\n\t<meta property=\"og:image:type\" content=\"image\/jpeg\" \/>\n<meta name=\"author\" content=\"admin\" \/>\n<meta name=\"twitter:card\" content=\"summary_large_image\" \/>\n<meta name=\"twitter:label1\" content=\"Escrito por\" \/>\n\t<meta name=\"twitter:data1\" content=\"admin\" \/>\n\t<meta name=\"twitter:label2\" content=\"Est. tempo de leitura\" \/>\n\t<meta name=\"twitter:data2\" content=\"2 minutos\" \/>\n<script type=\"application\/ld+json\" class=\"yoast-schema-graph\">{\"@context\":\"https:\/\/schema.org\",\"@graph\":[{\"@type\":\"WebSite\",\"@id\":\"https:\/\/franciscanos.org.br\/noticias\/#website\",\"url\":\"https:\/\/franciscanos.org.br\/noticias\/\",\"name\":\"Not\u00edcias - Franciscanos\",\"description\":\"Prov\u00edncia Franciscana da Imaculada Concei\u00e7\u00e3o do Brasil - Ordem dos Frades Menores - OFM\",\"potentialAction\":[{\"@type\":\"SearchAction\",\"target\":{\"@type\":\"EntryPoint\",\"urlTemplate\":\"https:\/\/franciscanos.org.br\/noticias\/?s={search_term_string}\"},\"query-input\":\"required name=search_term_string\"}],\"inLanguage\":\"pt-BR\"},{\"@type\":\"ImageObject\",\"inLanguage\":\"pt-BR\",\"@id\":\"https:\/\/franciscanos.org.br\/noticias\/cpo-conhece-o-martir-pe-jerzy-popieluszko.html#primaryimage\",\"url\":\"https:\/\/franciscanos.org.br\/noticias\/wp-content\/uploads\/2013\/11\/museu.jpg\",\"contentUrl\":\"https:\/\/franciscanos.org.br\/noticias\/wp-content\/uploads\/2013\/11\/museu.jpg\",\"width\":273,\"height\":181},{\"@type\":\"WebPage\",\"@id\":\"https:\/\/franciscanos.org.br\/noticias\/cpo-conhece-o-martir-pe-jerzy-popieluszko.html#webpage\",\"url\":\"https:\/\/franciscanos.org.br\/noticias\/cpo-conhece-o-martir-pe-jerzy-popieluszko.html\",\"name\":\"CPO conhece o m\u00e1rtir Pe. Jerzy Popieluszko - Not\u00edcias - Franciscanos\",\"isPartOf\":{\"@id\":\"https:\/\/franciscanos.org.br\/noticias\/#website\"},\"primaryImageOfPage\":{\"@id\":\"https:\/\/franciscanos.org.br\/noticias\/cpo-conhece-o-martir-pe-jerzy-popieluszko.html#primaryimage\"},\"datePublished\":\"2013-11-24T21:32:21+00:00\",\"dateModified\":\"2020-11-11T14:03:10+00:00\",\"author\":{\"@id\":\"https:\/\/franciscanos.org.br\/noticias\/#\/schema\/person\/b38fbf43118f02820bd932f2e4b14ad3\"},\"breadcrumb\":{\"@id\":\"https:\/\/franciscanos.org.br\/noticias\/cpo-conhece-o-martir-pe-jerzy-popieluszko.html#breadcrumb\"},\"inLanguage\":\"pt-BR\",\"potentialAction\":[{\"@type\":\"ReadAction\",\"target\":[\"https:\/\/franciscanos.org.br\/noticias\/cpo-conhece-o-martir-pe-jerzy-popieluszko.html\"]}]},{\"@type\":\"BreadcrumbList\",\"@id\":\"https:\/\/franciscanos.org.br\/noticias\/cpo-conhece-o-martir-pe-jerzy-popieluszko.html#breadcrumb\",\"itemListElement\":[{\"@type\":\"ListItem\",\"position\":1,\"name\":\"Home\",\"item\":\"https:\/\/franciscanos.org.br\/noticias\"},{\"@type\":\"ListItem\",\"position\":2,\"name\":\"CPO conhece o m\u00e1rtir Pe. Jerzy Popieluszko\"}]},{\"@type\":\"Person\",\"@id\":\"https:\/\/franciscanos.org.br\/noticias\/#\/schema\/person\/b38fbf43118f02820bd932f2e4b14ad3\",\"name\":\"admin\",\"image\":{\"@type\":\"ImageObject\",\"inLanguage\":\"pt-BR\",\"@id\":\"https:\/\/franciscanos.org.br\/noticias\/#\/schema\/person\/image\/\",\"url\":\"https:\/\/secure.gravatar.com\/avatar\/e8495742d34d0ba6448ea1c628263b3e?s=96&d=mm&r=g\",\"contentUrl\":\"https:\/\/secure.gravatar.com\/avatar\/e8495742d34d0ba6448ea1c628263b3e?s=96&d=mm&r=g\",\"caption\":\"admin\"},\"url\":\"https:\/\/franciscanos.org.br\/noticias\/author\/admin\"}]}<\/script>\n<!-- \/ Yoast SEO plugin. -->","yoast_head_json":{"title":"CPO conhece o m\u00e1rtir Pe. Jerzy Popieluszko - Not\u00edcias - Franciscanos","robots":{"index":"index","follow":"follow","max-snippet":"max-snippet:-1","max-image-preview":"max-image-preview:large","max-video-preview":"max-video-preview:-1"},"canonical":"https:\/\/franciscanos.org.br\/noticias\/cpo-conhece-o-martir-pe-jerzy-popieluszko.html","og_locale":"pt_BR","og_type":"article","og_title":"CPO conhece o m\u00e1rtir Pe. Jerzy Popieluszko - Not\u00edcias - Franciscanos","og_description":"OFM","og_url":"https:\/\/franciscanos.org.br\/noticias\/cpo-conhece-o-martir-pe-jerzy-popieluszko.html","og_site_name":"Not\u00edcias - Franciscanos","article_published_time":"2013-11-24T21:32:21+00:00","article_modified_time":"2020-11-11T14:03:10+00:00","og_image":[{"width":273,"height":181,"url":"https:\/\/franciscanos.org.br\/noticias\/wp-content\/uploads\/2013\/11\/museu.jpg","type":"image\/jpeg"}],"author":"admin","twitter_card":"summary_large_image","twitter_misc":{"Escrito por":"admin","Est. tempo de leitura":"2 minutos"},"schema":{"@context":"https:\/\/schema.org","@graph":[{"@type":"WebSite","@id":"https:\/\/franciscanos.org.br\/noticias\/#website","url":"https:\/\/franciscanos.org.br\/noticias\/","name":"Not\u00edcias - Franciscanos","description":"Prov\u00edncia Franciscana da Imaculada Concei\u00e7\u00e3o do Brasil - Ordem dos Frades Menores - OFM","potentialAction":[{"@type":"SearchAction","target":{"@type":"EntryPoint","urlTemplate":"https:\/\/franciscanos.org.br\/noticias\/?s={search_term_string}"},"query-input":"required name=search_term_string"}],"inLanguage":"pt-BR"},{"@type":"ImageObject","inLanguage":"pt-BR","@id":"https:\/\/franciscanos.org.br\/noticias\/cpo-conhece-o-martir-pe-jerzy-popieluszko.html#primaryimage","url":"https:\/\/franciscanos.org.br\/noticias\/wp-content\/uploads\/2013\/11\/museu.jpg","contentUrl":"https:\/\/franciscanos.org.br\/noticias\/wp-content\/uploads\/2013\/11\/museu.jpg","width":273,"height":181},{"@type":"WebPage","@id":"https:\/\/franciscanos.org.br\/noticias\/cpo-conhece-o-martir-pe-jerzy-popieluszko.html#webpage","url":"https:\/\/franciscanos.org.br\/noticias\/cpo-conhece-o-martir-pe-jerzy-popieluszko.html","name":"CPO conhece o m\u00e1rtir Pe. Jerzy Popieluszko - Not\u00edcias - Franciscanos","isPartOf":{"@id":"https:\/\/franciscanos.org.br\/noticias\/#website"},"primaryImageOfPage":{"@id":"https:\/\/franciscanos.org.br\/noticias\/cpo-conhece-o-martir-pe-jerzy-popieluszko.html#primaryimage"},"datePublished":"2013-11-24T21:32:21+00:00","dateModified":"2020-11-11T14:03:10+00:00","author":{"@id":"https:\/\/franciscanos.org.br\/noticias\/#\/schema\/person\/b38fbf43118f02820bd932f2e4b14ad3"},"breadcrumb":{"@id":"https:\/\/franciscanos.org.br\/noticias\/cpo-conhece-o-martir-pe-jerzy-popieluszko.html#breadcrumb"},"inLanguage":"pt-BR","potentialAction":[{"@type":"ReadAction","target":["https:\/\/franciscanos.org.br\/noticias\/cpo-conhece-o-martir-pe-jerzy-popieluszko.html"]}]},{"@type":"BreadcrumbList","@id":"https:\/\/franciscanos.org.br\/noticias\/cpo-conhece-o-martir-pe-jerzy-popieluszko.html#breadcrumb","itemListElement":[{"@type":"ListItem","position":1,"name":"Home","item":"https:\/\/franciscanos.org.br\/noticias"},{"@type":"ListItem","position":2,"name":"CPO conhece o m\u00e1rtir Pe. Jerzy Popieluszko"}]},{"@type":"Person","@id":"https:\/\/franciscanos.org.br\/noticias\/#\/schema\/person\/b38fbf43118f02820bd932f2e4b14ad3","name":"admin","image":{"@type":"ImageObject","inLanguage":"pt-BR","@id":"https:\/\/franciscanos.org.br\/noticias\/#\/schema\/person\/image\/","url":"https:\/\/secure.gravatar.com\/avatar\/e8495742d34d0ba6448ea1c628263b3e?s=96&d=mm&r=g","contentUrl":"https:\/\/secure.gravatar.com\/avatar\/e8495742d34d0ba6448ea1c628263b3e?s=96&d=mm&r=g","caption":"admin"},"url":"https:\/\/franciscanos.org.br\/noticias\/author\/admin"}]}},"_links":{"self":[{"href":"https:\/\/franciscanos.org.br\/noticias\/wp-json\/wp\/v2\/posts\/50479"}],"collection":[{"href":"https:\/\/franciscanos.org.br\/noticias\/wp-json\/wp\/v2\/posts"}],"about":[{"href":"https:\/\/franciscanos.org.br\/noticias\/wp-json\/wp\/v2\/types\/post"}],"author":[{"embeddable":true,"href":"https:\/\/franciscanos.org.br\/noticias\/wp-json\/wp\/v2\/users\/1"}],"replies":[{"embeddable":true,"href":"https:\/\/franciscanos.org.br\/noticias\/wp-json\/wp\/v2\/comments?post=50479"}],"version-history":[{"count":1,"href":"https:\/\/franciscanos.org.br\/noticias\/wp-json\/wp\/v2\/posts\/50479\/revisions"}],"predecessor-version":[{"id":229296,"href":"https:\/\/franciscanos.org.br\/noticias\/wp-json\/wp\/v2\/posts\/50479\/revisions\/229296"}],"wp:featuredmedia":[{"embeddable":true,"href":"https:\/\/franciscanos.org.br\/noticias\/wp-json\/wp\/v2\/media\/217926"}],"wp:attachment":[{"href":"https:\/\/franciscanos.org.br\/noticias\/wp-json\/wp\/v2\/media?parent=50479"}],"wp:term":[{"taxonomy":"category","embeddable":true,"href":"https:\/\/franciscanos.org.br\/noticias\/wp-json\/wp\/v2\/categories?post=50479"},{"taxonomy":"post_tag","embeddable":true,"href":"https:\/\/franciscanos.org.br\/noticias\/wp-json\/wp\/v2\/tags?post=50479"}],"curies":[{"name":"wp","href":"https:\/\/api.w.org\/{rel}","templated":true}]}}