{"id":50381,"date":"2013-12-05T01:27:11","date_gmt":"2013-12-05T03:27:11","guid":{"rendered":"http:\/\/new.franciscanos.org.br\/?p=50381"},"modified":"2020-02-06T11:07:20","modified_gmt":"2020-02-06T14:07:20","slug":"provincia-da-imaculada-celebra-os-jubileus-de-2013","status":"publish","type":"post","link":"https:\/\/franciscanos.org.br\/noticias\/provincia-da-imaculada-celebra-os-jubileus-de-2013.html","title":{"rendered":"Prov\u00edncia da Imaculada celebra os Jubileus de 2013"},"content":{"rendered":"<p><img loading=\"lazy\" src=\"http:\/\/franciscanos.org.br\/wp-content\/uploads\/2013\/11\/giotto.jpg\" alt=\"giotto\" width=\"830\" height=\"501\" \/><\/p>\n<p><strong>Moacir Beggo<\/strong><\/p>\n<p>A fraternidade do Convento S\u00e3o Francisco, em S\u00e3o Paulo, voltar\u00e1 a ser anfitri\u00e3 nas comemora\u00e7\u00f5es dos Jubileus da Prov\u00edncia da Imaculada Concei\u00e7\u00e3o neste ano. O encontro tem in\u00edcio no dia 4, com a chegada dos jubilandos, e termina na sexta-feira, dia 6, com a celebra\u00e7\u00e3o eucar\u00edstica solene \u00e0s 10h30.<\/p>\n<p>Neste ano, s\u00e3o 29 frades que celebram a a\u00e7\u00e3o de gra\u00e7as pelos 25, 50, 60, 65 e 71, 72, 73 anos de Vida Religiosa ou Sacerdotal, com destaque para Dom Frei Paulo Evaristo Arns, com 73 anos de Vida Religiosa\u201d.<\/p>\n<p>\u201cPara a Prov\u00edncia, a celebra\u00e7\u00e3o dos jubileus \u00e9 por excel\u00eancia um momento de a\u00e7\u00e3o de gra\u00e7as onde, em fraternidade, agradecemos o dom da voca\u00e7\u00e3o de cada um desses nossos irm\u00e3os\u201d, lembra Frei Fid\u00eancio Vanboemmel, Ministro Provincial.<\/p>\n<p>\u201cEm primeiro lugar, sublinhamos a voca\u00e7\u00e3o \u00e0 vida religiosa franciscana. \u2018O Senhor me concedeu\u2019 viver esta forma e Regra de vida, nos ensina S\u00e3o Francisco de Assis! E nesta mesma l\u00f3gica, o Ser\u00e1fico Pai ainda nos ensina que o irm\u00e3o \u00e9 uma d\u00e1diva divina dada \u00e0 fraternidade: \u2018O Senhor me deu irm\u00e3os\u2019! Em segundo lugar, evidenciamos a voca\u00e7\u00e3o presbiteral dos confrades que celebram seu jubileu sacerdotal. Louvamos e agradecemos a Deus pela vida sacerdotal desses irm\u00e3os porque o Senhor \u2018os honrou acima de todos, por causa desse mist\u00e9rio\u2019, nos exorta S\u00e3o Francisco\u201d, continua o Ministro Provincial.<\/p>\n<p>\u201cPara cada jubilando em particular, a celebra\u00e7\u00e3o jubilar \u00e9 uma ocasi\u00e3o singular que possibilita ao confrade fazer a releitura da sua voca\u00e7\u00e3o de frade menor ou a sua voca\u00e7\u00e3o de ser sacerdote do Alt\u00edssimo. Por que releitura? A releitura implica numa parada. Parada para rever, discernir e retomar o \u2018ponto de partida\u2019 da sua consagra\u00e7\u00e3o a Deus na vida religiosa ou sacerdotal. Assim, celebrar o jubileu \u00e9 retomar toda a caminhada vocacional para atualiz\u00e1-la no presente, em forma de a\u00e7\u00e3o de gra\u00e7as. Enfim, no dia do Jubileu, o irm\u00e3o tamb\u00e9m renova o compromisso assumido h\u00e1 25, 50, 60, 65 e 70 anos, declarando o segredo mais profundo que o animou, tanto na vida religiosa como na vida sacerdotal: \u2018Senhor, a minha vida est\u00e1 nas tuas m\u00e3os\u2019\u201d, completa Frei Fid\u00eancio, manifestando aos confrades jubilandos, \u201ca nossa gratid\u00e3o e estima, e que o Senhor os aben\u00e7oe!\u201d<\/p>\n<table border=\"0\" width=\"100%\" cellspacing=\"5\" cellpadding=\"2\" align=\"center\">\n<tbody>\n<tr>\n<td colspan=\"4\" bgcolor=\"#993400\"><strong><span style=\"font-size: 12.727272033691406px; line-height: 18.99147605895996px;\"><span style=\"color: #333333; font-family: Georgia, 'Times New Roman', 'Bitstream Charter', Times, serif;\">CONFIRA OS FRADES E SEUS JUBILEUS<\/span><\/span><\/strong><\/td>\n<\/tr>\n<tr bgcolor=\"#B3B3D9\">\n<td colspan=\"2\" valign=\"top\" bgcolor=\"#FFFFFF\">\n<table border=\"0\" width=\"100%\" cellspacing=\"5\" cellpadding=\"2\" align=\"right\">\n<tbody>\n<tr bgcolor=\"#B3B3D9\">\n<td colspan=\"2\" bgcolor=\"#CBBCC1\"><strong><span style=\"color: #333333; font-family: Georgia, 'Times New Roman', 'Bitstream Charter', Times, serif;\"><span style=\"font-size: 12.727272033691406px; line-height: 18.99147605895996px;\">73 ANOS DE VIDA RELIGIOSA<\/span><\/span><\/strong><\/td>\n<\/tr>\n<tr>\n<td valign=\"top\" bgcolor=\"#FFFAE6\" width=\"5%\"><span style=\"color: #333333; font-family: Georgia, 'Times New Roman', 'Bitstream Charter', Times, serif;\"><span style=\"font-size: 12.727272033691406px; line-height: 18.99147605895996px;\"><img loading=\"lazy\" style=\"border: 0px;\" src=\"http:\/\/franciscanos.org.br\/wp-content\/uploads\/2013\/11\/dom_paulo.jpg\" alt=\"dom_paulo\" width=\"80\" height=\"100\" border=\"0\" \/><\/span><\/span><\/td>\n<td valign=\"top\" bgcolor=\"#FFFAE6\"><span style=\"color: #333333; font-family: Georgia, 'Times New Roman', 'Bitstream Charter', Times, serif;\"><span style=\"color: #333333; font-family: Georgia, 'Times New Roman', 'Bitstream Charter', Times, serif;\"><span style=\"font-size: 12.727272033691406px; line-height: 18.99147605895996px;\"><strong>Dom Frei Paulo Evaristo Arns<\/strong><\/span><\/span><\/span>\u00c9 natural de Forquilhinha, Santa Catarina. Nasceu no dia 14 de setembro de 1921 e ingressou na Ordem dos Frades Menores no dia 9 de dezembro de 1939. Fez a profiss\u00e3o solene no dia 10 de dezembro de 1943 e foi ordenado bispo no dia 3 de julho de 1966. Tornou-se Cardeal em 5 de mar\u00e7o de 1973.<\/td>\n<\/tr>\n<tr>\n<td colspan=\"2\" valign=\"top\" bgcolor=\"#CBBCC1\"><strong><span style=\"color: #333333; font-family: Georgia, 'Times New Roman', 'Bitstream Charter', Times, serif;\"><span style=\"font-size: 12.727272033691406px; line-height: 18.99147605895996px;\">72 ANOS DE VIDA RELIGIOSA<\/span><\/span><\/strong><\/td>\n<\/tr>\n<tr>\n<td valign=\"top\" bgcolor=\"#FFFFFF\" width=\"5%\"><span style=\"color: #333333; font-family: Georgia, 'Times New Roman', 'Bitstream Charter', Times, serif;\"><span style=\"font-size: 12.727272033691406px; line-height: 18.99147605895996px;\"><img loading=\"lazy\" style=\"border: 0px;\" src=\"http:\/\/franciscanos.org.br\/wp-content\/uploads\/2013\/11\/joaocampos.jpg\" alt=\"joaocampos\" width=\"80\" height=\"100\" border=\"0\" \/><\/span><\/span><\/td>\n<td valign=\"top\" bgcolor=\"#FFFFFF\"><strong><span style=\"color: #333333; font-family: Georgia, 'Times New Roman', 'Bitstream Charter', Times, serif;\"><span style=\"font-size: 12.727272033691406px; line-height: 18.99147605895996px;\">Frei Jo\u00e3o Batista Campos\u00a0<\/span><\/span><\/strong><span style=\"color: #333333; font-family: Georgia, 'Times New Roman', 'Bitstream Charter', Times, serif;\"><span style=\"font-size: 12.727272033691406px; line-height: 18.99147605895996px;\">\u00c9 natural de Bragan\u00e7a Paulista, SP. Nasceu no dia 22 de setembro de 1922 e ingressou na Ordem dos Frades Menores no dia 26 de novembro de 1940. Fez a profiss\u00e3o solene no dia 08 de maio de 1949.<\/span><\/span><\/td>\n<\/tr>\n<tr>\n<td valign=\"top\" bgcolor=\"#FFFAE6\"><span style=\"color: #333333; font-family: Georgia, 'Times New Roman', 'Bitstream Charter', Times, serif;\"><span style=\"font-size: 12.727272033691406px; line-height: 18.99147605895996px;\"><img loading=\"lazy\" style=\"border: 0px;\" src=\"http:\/\/franciscanos.org.br\/wp-content\/uploads\/2013\/11\/olavo.jpg\" alt=\"olavo\" width=\"80\" height=\"100\" border=\"0\" \/><\/span><\/span><\/td>\n<td valign=\"top\" bgcolor=\"#FFFAE6\"><strong><span style=\"color: #333333; font-family: Georgia, 'Times New Roman', 'Bitstream Charter', Times, serif;\"><span style=\"font-size: 12.727272033691406px; line-height: 18.99147605895996px;\">Frei Olavo Seifert<\/span><\/span><\/strong><span style=\"color: #333333; font-family: Georgia, 'Times New Roman', 'Bitstream Charter', Times, serif;\"><span style=\"font-size: 12.727272033691406px; line-height: 18.99147605895996px;\">\u00c9 natural de Curitiba, Paran\u00e1. Nasceu no dia 4 de agosto de 1919 e ingressou na Ordem no dia 21 de dezembro de 1940. Fez a profiss\u00e3o solene no dia 22 de dezembro de 1944 e foi ordenado sacerdote no dia 3 de dezembro de 1946.<\/span><\/span><\/td>\n<\/tr>\n<tr bgcolor=\"#B3B3D9\">\n<td colspan=\"2\" valign=\"top\" bgcolor=\"#CBBCC1\"><strong><span style=\"color: #333333; font-family: Georgia, 'Times New Roman', 'Bitstream Charter', Times, serif;\"><span style=\"font-size: 12.727272033691406px; line-height: 18.99147605895996px;\">71 ANOS DE VIDA RELIGIOSA<\/span><\/span><\/strong><\/td>\n<\/tr>\n<tr>\n<td valign=\"top\" bgcolor=\"#FFFAE6\" width=\"5%\"><span style=\"color: #333333; font-family: Georgia, 'Times New Roman', 'Bitstream Charter', Times, serif;\"><span style=\"font-size: 12.727272033691406px; line-height: 18.99147605895996px;\"><img loading=\"lazy\" style=\"border: 0px;\" src=\"http:\/\/franciscanos.org.br\/wp-content\/uploads\/2013\/11\/cassioviera.jpg\" alt=\"cassioviera\" width=\"80\" height=\"100\" border=\"0\" \/><\/span><\/span><\/td>\n<td valign=\"top\" bgcolor=\"#FFFAE6\"><span style=\"color: #333333; font-family: Georgia, 'Times New Roman', 'Bitstream Charter', Times, serif;\"><span style=\"font-size: 12.727272033691406px; line-height: 18.99147605895996px;\"><strong>Frei C\u00e1ssio Vieira de Lima<\/strong>\u00a0<\/span><\/span><span style=\"color: #333333; font-family: Georgia, 'Times New Roman', 'Bitstream Charter', Times, serif;\"><span style=\"font-size: 12.727272033691406px; line-height: 18.99147605895996px;\">\u00c9 natural de S\u00e3o Jo\u00e3o da Boa Vista (SP). Nasceu no dia 22 de agosto de 1921 e ingressou na Ordem dos Frades Menores no dia 20 de dezembro de 1941. Fez a profiss\u00e3o solene no dia 21 de dezembro de 1945 e foi ordenado sacerdote no dia 16 de julho de 1949.<\/span><\/span><\/td>\n<\/tr>\n<tr>\n<td valign=\"top\" bgcolor=\"#FFFFFF\" width=\"5%\"><span style=\"color: #333333; font-family: Georgia, 'Times New Roman', 'Bitstream Charter', Times, serif;\"><span style=\"font-size: 12.727272033691406px; line-height: 18.99147605895996px;\"><img loading=\"lazy\" src=\"http:\/\/franciscanos.org.br\/wp-content\/uploads\/2013\/11\/nestor.jpg\" alt=\"nestor\" width=\"80\" height=\"100\" \/><\/span><\/span><\/td>\n<td valign=\"top\" bgcolor=\"#FFFFFF\"><strong><span style=\"color: #333333; font-family: Georgia, 'Times New Roman', 'Bitstream Charter', Times, serif;\"><span style=\"font-size: 12.727272033691406px; line-height: 18.99147605895996px;\">Frei Nestor Kuhn<\/span><\/span><\/strong><span style=\"color: #333333; font-family: Georgia, 'Times New Roman', 'Bitstream Charter', Times, serif;\"><span style=\"font-size: 12.727272033691406px; line-height: 18.99147605895996px;\">\u00c9 natural de Peritiba, Santa Catarina. Nasceu no dia 25 de outubro de 1921 e ingressou na Ordem dos Frades Menores no dia 20 de dezembro de 1941. Fez a profiss\u00e3o solene no dia 21 de junho de 1946 e foi ordenado sacerdote no dia 26 de julho de 1948.<\/span><\/span><\/td>\n<\/tr>\n<tr bgcolor=\"#B3B3D9\">\n<td colspan=\"2\" valign=\"top\" bgcolor=\"#CBBCC1\"><strong><span style=\"color: #333333; font-family: Georgia, 'Times New Roman', 'Bitstream Charter', Times, serif;\"><span style=\"font-size: 12.727272033691406px; line-height: 18.99147605895996px;\">65 ANOS DE VIDA RELIGIOSA<\/span><\/span><\/strong><\/td>\n<\/tr>\n<tr>\n<td valign=\"top\" bgcolor=\"#FFFAE6\"><span style=\"color: #333333; font-family: Georgia, 'Times New Roman', 'Bitstream Charter', Times, serif;\"><span style=\"font-size: 12.727272033691406px; line-height: 18.99147605895996px;\"><img loading=\"lazy\" src=\"http:\/\/franciscanos.org.br\/wp-content\/uploads\/2013\/11\/juvenalsansao.jpg\" alt=\"juvenalsansao\" width=\"80\" height=\"100\" border=\"0\" \/><\/span><\/span><\/td>\n<td valign=\"top\" bgcolor=\"#FFFAE6\"><strong><span style=\"color: #333333; font-family: Georgia, 'Times New Roman', 'Bitstream Charter', Times, serif;\"><span style=\"font-size: 12.727272033691406px; line-height: 18.99147605895996px;\">Frei Juvenal Sans\u00e3o<\/span><\/span><\/strong><span style=\"color: #333333; font-family: Georgia, 'Times New Roman', 'Bitstream Charter', Times, serif;\"><span style=\"font-size: 12.727272033691406px; line-height: 18.99147605895996px;\">\u00c9 natural de Gaspar, SC. Nasceu no dia 08 de maio de 1927 e ingressou na Ordem dos Frades Menores no dia 19 de dezembro de 1947. Fez a profiss\u00e3o solene no dia 20 de dezembro de 1951 e foi ordenado sacerdote no dia 01 de julho de 1954.<\/span><\/span><\/td>\n<\/tr>\n<tr>\n<td valign=\"top\" bgcolor=\"#FFFFFF\"><span style=\"color: #333333; font-family: Georgia, 'Times New Roman', 'Bitstream Charter', Times, serif;\"><span style=\"font-size: 12.727272033691406px; line-height: 18.99147605895996px;\"><img loading=\"lazy\" src=\"http:\/\/franciscanos.org.br\/wp-content\/uploads\/2013\/11\/xavierfornasiero.jpg\" alt=\"xavierfornasiero\" width=\"80\" height=\"100\" border=\"0\" \/><\/span><\/span><\/td>\n<td valign=\"top\" bgcolor=\"#FFFFFF\"><strong><span style=\"color: #333333; font-family: Georgia, 'Times New Roman', 'Bitstream Charter', Times, serif;\"><span style=\"font-size: 12.727272033691406px; line-height: 18.99147605895996px;\">Frei Xavier Fornasiero<\/span><\/span><\/strong><span style=\"color: #333333; font-family: Georgia, 'Times New Roman', 'Bitstream Charter', Times, serif;\"><span style=\"font-size: 12.727272033691406px; line-height: 18.99147605895996px;\">\u00c9 natural de Mil\u00e3o (ITA). Nasceu no dia 5 de agosto1930, e ingressou na Ordem dos Frades Menores no dia 11 de julho de 1947. Fez a profiss\u00e3o solene no dia 15 de agosto de 1948 e foi ordenado sacerdote no dia 25 de junho de 1955.<\/span><\/span><\/td>\n<\/tr>\n<tr bgcolor=\"#B3B3D9\">\n<td colspan=\"2\" valign=\"top\" bgcolor=\"#CBBCC1\"><strong><span style=\"color: #333333; font-family: Georgia, 'Times New Roman', 'Bitstream Charter', Times, serif;\"><span style=\"font-size: 12.727272033691406px; line-height: 18.99147605895996px;\">65 ANOS DE SACERD\u00d3CIO<\/span><\/span><\/strong><\/td>\n<\/tr>\n<tr>\n<td valign=\"top\" bgcolor=\"#FFFAE6\" width=\"5%\"><span style=\"color: #333333; font-family: Georgia, 'Times New Roman', 'Bitstream Charter', Times, serif;\"><span style=\"font-size: 12.727272033691406px; line-height: 18.99147605895996px;\"><img loading=\"lazy\" style=\"border: 0px;\" src=\"http:\/\/franciscanos.org.br\/wp-content\/uploads\/2013\/11\/nestor.jpg\" alt=\"nestor\" width=\"80\" height=\"100\" border=\"0\" \/><\/span><\/span><\/td>\n<td valign=\"top\" bgcolor=\"#FFFAE6\"><span style=\"color: #333333; font-family: Georgia, 'Times New Roman', 'Bitstream Charter', Times, serif;\"><span style=\"font-size: 12.727272033691406px; line-height: 18.99147605895996px;\"><strong>Frei Nestor Kuhn<\/strong>\u00a0<\/span><\/span><span style=\"color: #333333; font-family: Georgia, 'Times New Roman', 'Bitstream Charter', Times, serif;\"><span style=\"font-size: 12.727272033691406px; line-height: 18.99147605895996px;\">\u00c9 natural de Peritiba, Santa Catarina. Nasceu no dia 25 de outubro de 1921 e ingressou na Ordem dos Frades Menores no dia 20 de dezembro de 1941. Fez a profiss\u00e3o solene dia 21 de junho de 1946 e foi ordenado sacerdote no dia 26 de julho de 1948.<\/span><\/span><\/td>\n<\/tr>\n<tr bgcolor=\"#B3B3D9\">\n<td colspan=\"2\" valign=\"top\" bgcolor=\"#CBBCC1\"><strong><span style=\"color: #333333; font-family: Georgia, 'Times New Roman', 'Bitstream Charter', Times, serif;\"><span style=\"font-size: 12.727272033691406px; line-height: 18.99147605895996px;\">60 ANOS DE SACERD\u00d3CIO<\/span><\/span><\/strong><\/td>\n<\/tr>\n<tr>\n<td valign=\"top\" bgcolor=\"#FFFAE6\"><span style=\"color: #333333; font-family: Georgia, 'Times New Roman', 'Bitstream Charter', Times, serif;\"><span style=\"font-size: 12.727272033691406px; line-height: 18.99147605895996px;\"><img loading=\"lazy\" style=\"border: 0px;\" src=\"http:\/\/franciscanos.org.br\/wp-content\/uploads\/2013\/11\/anselmo_julio.jpg\" alt=\"anselmo_julio\" width=\"80\" height=\"100\" border=\"0\" \/><\/span><\/span><\/td>\n<td valign=\"top\" bgcolor=\"#FFFAE6\"><span style=\"color: #333333; font-family: Georgia, 'Times New Roman', 'Bitstream Charter', Times, serif;\"><span style=\"font-size: 12.727272033691406px; line-height: 18.99147605895996px;\"><strong>Anselmo Julio M\u00fcnchen<\/strong>\u00a0<\/span><\/span><span style=\"color: #333333; font-family: Georgia, 'Times New Roman', 'Bitstream Charter', Times, serif;\"><span style=\"font-size: 12.727272033691406px; line-height: 18.99147605895996px;\">\u00c9 natural de Feliz, RS. Nasceu no dia 1\u00ba de junho de 1924 e ingressou na Ordem dos Frades Menores no dia 14 de dezembro de 1946. Fez a profiss\u00e3o solene no dia 18 de dezembro de 1950 e foi ordenado sacerdote no dia 1\u00ba de julho de 1953.<\/span><\/span><\/td>\n<\/tr>\n<tr bgcolor=\"#FFFFFF\">\n<td valign=\"top\" bgcolor=\"#FFFFFF\"><span style=\"color: #333333; font-family: Georgia, 'Times New Roman', 'Bitstream Charter', Times, serif;\"><span style=\"font-size: 12.727272033691406px; line-height: 18.99147605895996px;\"><img loading=\"lazy\" style=\"border: 0px;\" src=\"http:\/\/franciscanos.org.br\/wp-content\/uploads\/2013\/11\/ervino.jpg\" alt=\"ervino\" width=\"80\" height=\"100\" border=\"0\" \/><\/span><\/span><\/td>\n<td valign=\"top\" bgcolor=\"#FFFFFF\"><strong><span style=\"color: #333333; font-family: Georgia, 'Times New Roman', 'Bitstream Charter', Times, serif;\"><span style=\"font-size: 12.727272033691406px; line-height: 18.99147605895996px;\">Frei Ervino Girardi<\/span><\/span><\/strong><span style=\"color: #333333; font-family: Georgia, 'Times New Roman', 'Bitstream Charter', Times, serif;\"><span style=\"font-size: 12.727272033691406px; line-height: 18.99147605895996px;\">\u00c9 natural de Sta. Maria (Ben. Novo), SC. Nasceu no dia 9 de abril de 1925 e ingressou na Ordem dos Frades Menores no dia 14 de dezembro de 1946. Fez a profiss\u00e3o solene no dia 18 de dezembro de 1950 e foi ordenado sacerdote no dia 1\u00ba de julho de 1953.<\/span><\/span><\/td>\n<\/tr>\n<tr bgcolor=\"#FFFFFF\">\n<td valign=\"top\" bgcolor=\"#FFFAE6\"><span style=\"color: #333333; font-family: Georgia, 'Times New Roman', 'Bitstream Charter', Times, serif;\"><span style=\"font-size: 12.727272033691406px; line-height: 18.99147605895996px;\"><img loading=\"lazy\" style=\"border: 0px;\" src=\"http:\/\/franciscanos.org.br\/wp-content\/uploads\/2013\/11\/josemonteiro.jpg\" alt=\"josemonteiro\" width=\"80\" height=\"100\" border=\"0\" \/><\/span><\/span><\/td>\n<td valign=\"top\" bgcolor=\"#FFFAE6\"><strong><span style=\"color: #333333; font-family: Georgia, 'Times New Roman', 'Bitstream Charter', Times, serif;\"><span style=\"font-size: 12.727272033691406px; line-height: 18.99147605895996px;\">Frei Jos\u00e9 Monteiro Carneiro<\/span><\/span><\/strong><span style=\"color: #333333; font-family: Georgia, 'Times New Roman', 'Bitstream Charter', Times, serif;\"><span style=\"font-size: 12.727272033691406px; line-height: 18.99147605895996px;\">\u00c9 natural de S\u00e3o Jo\u00e3o de Meriti, RJ. Nasceu no dia 8 de setembro de 1927 e ingressou na Ordem dos Frades Menores no dia 14 de dezembro de 1946. Fez a profiss\u00e3o solene no dia 18 de dezembro de 1950 e foi ordenado sacerdote no dia 1\u00ba de julho de 1953.<\/span><\/span><\/td>\n<\/tr>\n<tr bgcolor=\"#B3B3D9\">\n<td colspan=\"2\" valign=\"top\" bgcolor=\"#CBBCC1\"><strong><span style=\"color: #333333; font-family: Georgia, 'Times New Roman', 'Bitstream Charter', Times, serif;\"><span style=\"font-size: 12.727272033691406px; line-height: 18.99147605895996px;\">50 ANOS DE VIDA RELIGIOSA<\/span><\/span><\/strong><\/td>\n<\/tr>\n<tr>\n<td valign=\"top\" bgcolor=\"#FFFAE6\"><span style=\"color: #333333; font-family: Georgia, 'Times New Roman', 'Bitstream Charter', Times, serif;\"><span style=\"font-size: 12.727272033691406px; line-height: 18.99147605895996px;\"><img loading=\"lazy\" style=\"border: 0px;\" src=\"http:\/\/franciscanos.org.br\/wp-content\/uploads\/2013\/11\/antonio_fernandes.jpg\" alt=\"antonio_fernandes\" width=\"80\" height=\"100\" border=\"0\" \/><\/span><\/span><\/td>\n<td valign=\"top\" bgcolor=\"#FFFAE6\"><span style=\"color: #333333; font-family: Georgia, 'Times New Roman', 'Bitstream Charter', Times, serif;\"><span style=\"font-size: 12.727272033691406px; line-height: 18.99147605895996px;\"><strong>Frei Ant\u00f4nio Fernandes Rosol\u00e9m<\/strong>\u00a0<\/span><\/span><span style=\"color: #333333; font-family: Georgia, 'Times New Roman', 'Bitstream Charter', Times, serif;\"><span style=\"font-size: 12.727272033691406px; line-height: 18.99147605895996px;\">\u00c9 natural de Pirassununga, SP. Nasceu no dia 22 de fevereiro de 1928 e ingressou na Ordem dos Frades Menores no dia 3 de maio de 1957. Fez a profiss\u00e3o solene no dia 7 de maio de 1966 e foi ordenado sacerdote no dia 26 de julho de 1986.<\/span><\/span><\/td>\n<\/tr>\n<tr bgcolor=\"#FFFFFF\">\n<td valign=\"top\" bgcolor=\"#FFFFFF\"><span style=\"color: #333333; font-family: Georgia, 'Times New Roman', 'Bitstream Charter', Times, serif;\"><span style=\"font-size: 12.727272033691406px; line-height: 18.99147605895996px;\"><img loading=\"lazy\" style=\"border: 0px;\" src=\"http:\/\/franciscanos.org.br\/wp-content\/uploads\/2013\/11\/josepereira.jpg\" alt=\"josepereira\" width=\"80\" height=\"100\" border=\"0\" \/><\/span><\/span><\/td>\n<td valign=\"top\" bgcolor=\"#FFFFFF\"><span style=\"color: #333333; font-family: Georgia, 'Times New Roman', 'Bitstream Charter', Times, serif;\"><span style=\"font-size: 12.727272033691406px; line-height: 18.99147605895996px;\"><strong>Frei Jos\u00e9 Pereira<\/strong>\u00a0<\/span><\/span><span style=\"color: #333333; font-family: Georgia, 'Times New Roman', 'Bitstream Charter', Times, serif;\"><span style=\"font-size: 12.727272033691406px; line-height: 18.99147605895996px;\">\u00c9 natural de Indaial, SC. Nasceu no dia 30 de abril de 1942 e ingressou na Ordem dos Frades Menores no dia 19 de dezembro de 1962. Fez a profiss\u00e3o solene no dia 15 de dezembro de 1967 e foi ordenado sacerdote no dia 22 de dezembro de 1968.<\/span><\/span><\/td>\n<\/tr>\n<tr>\n<td valign=\"top\" bgcolor=\"#FFFAE6\"><span style=\"color: #333333; font-family: Georgia, 'Times New Roman', 'Bitstream Charter', Times, serif;\"><span style=\"font-size: 12.727272033691406px; line-height: 18.99147605895996px;\"><img loading=\"lazy\" style=\"border: 0px;\" src=\"http:\/\/franciscanos.org.br\/wp-content\/uploads\/2013\/11\/plinio.jpg\" alt=\"plinio\" width=\"80\" height=\"100\" border=\"0\" \/><\/span><\/span><\/td>\n<td valign=\"top\" bgcolor=\"#FFFAE6\"><strong><span style=\"color: #333333; font-family: Georgia, 'Times New Roman', 'Bitstream Charter', Times, serif;\"><span style=\"font-size: 12.727272033691406px; line-height: 18.99147605895996px;\">Frei Pl\u00ednio Gande da Silva<\/span><\/span><\/strong><span style=\"color: #333333; font-family: Georgia, 'Times New Roman', 'Bitstream Charter', Times, serif;\"><span style=\"font-size: 12.727272033691406px; line-height: 18.99147605895996px;\">\u00c9 natural de Divino, MG. Nasceu no dia 2 de maio de 1940 e ingressou na Ordem dos Frades Menores no dia 11 de fevereiro de 1962. Fez a profiss\u00e3o solene no dia 07 de julho de 1969.<\/span><\/span><\/td>\n<\/tr>\n<\/tbody>\n<\/table>\n<\/td>\n<td colspan=\"2\" valign=\"top\" bgcolor=\"#FFFFFF\" width=\"52%\">\n<table border=\"0\" width=\"100%\" cellspacing=\"5\" cellpadding=\"2\" align=\"right\">\n<tbody>\n<tr bgcolor=\"#FFFFFF\">\n<td valign=\"top\" bgcolor=\"#FFFFFF\"><span style=\"color: #333333; font-family: Georgia, 'Times New Roman', 'Bitstream Charter', Times, serif;\"><span style=\"font-size: 12.727272033691406px; line-height: 18.99147605895996px;\"><img loading=\"lazy\" src=\"http:\/\/franciscanos.org.br\/wp-content\/uploads\/2013\/11\/ricardo_backes.jpg\" alt=\"ricardo_backes\" width=\"80\" height=\"100\" \/><\/span><\/span><\/td>\n<td valign=\"top\" bgcolor=\"#FFFFFF\"><strong><span style=\"color: #333333; font-family: Georgia, 'Times New Roman', 'Bitstream Charter', Times, serif;\"><span style=\"font-size: 12.727272033691406px; line-height: 18.99147605895996px;\">Frei Ricardo Backes\u00a0<\/span><\/span><\/strong><span style=\"color: #333333; font-family: Georgia, 'Times New Roman', 'Bitstream Charter', Times, serif;\"><span style=\"font-size: 12.727272033691406px; line-height: 18.99147605895996px;\">\u00c9 natural de Lommersweiler (BEL). Nasceu no dia 28 de junho de1940, e ingressou na Ordem dos Frades Menores no dia 19 de dezembro de 1962. Fez a profiss\u00e3o solene no dia 15 de dezembro de 1967 e foi ordenado sacerdote no dia 14 de dezembro de 1968.<\/span><\/span><\/td>\n<\/tr>\n<tr bgcolor=\"#FFFFFF\">\n<td valign=\"top\" bgcolor=\"#FFFAE6\"><span style=\"color: #333333; font-family: Georgia, 'Times New Roman', 'Bitstream Charter', Times, serif;\"><span style=\"font-size: 12.727272033691406px; line-height: 18.99147605895996px;\"><img loading=\"lazy\" style=\"border: 0px;\" src=\"http:\/\/franciscanos.org.br\/wp-content\/uploads\/2013\/11\/tarcisiotheiss.jpg\" alt=\"tarcisiotheiss\" width=\"80\" height=\"100\" border=\"0\" \/><\/span><\/span><\/td>\n<td valign=\"top\" bgcolor=\"#FFFAE6\"><strong><span style=\"color: #333333; font-family: Georgia, 'Times New Roman', 'Bitstream Charter', Times, serif;\"><span style=\"font-size: 12.727272033691406px; line-height: 18.99147605895996px;\">Frei Tarc\u00edsio Geraldo Theiss<\/span><\/span><\/strong><span style=\"color: #333333; font-family: Georgia, 'Times New Roman', 'Bitstream Charter', Times, serif;\"><span style=\"font-size: 12.727272033691406px; line-height: 18.99147605895996px;\">\u00c9 natural de Gaspar, SC. Nasceu no dia 1\u00ba de abril de 1942 e ingressou na Ordem dos Frades Menores no dia 19 de dezembro de 1962. Fez a profiss\u00e3o solene no dia 15 de dezembro de 1967 e foi ordenado sacerdote no dia 15 de dezembro de 1968.<\/span><\/span><\/td>\n<\/tr>\n<tr>\n<td colspan=\"2\" valign=\"top\" bgcolor=\"#CBBCC1\"><strong><span style=\"color: #333333; font-family: Georgia, 'Times New Roman', 'Bitstream Charter', Times, serif;\"><span style=\"font-size: 12.727272033691406px; line-height: 18.99147605895996px;\">50 ANOS DE SACERD\u00d3CIO<\/span><\/span><\/strong><\/td>\n<\/tr>\n<tr bgcolor=\"#FFFFFF\">\n<td valign=\"top\" bgcolor=\"#FFFFFF\"><span style=\"color: #333333; font-family: Georgia, 'Times New Roman', 'Bitstream Charter', Times, serif;\"><span style=\"font-size: 12.727272033691406px; line-height: 18.99147605895996px;\"><img loading=\"lazy\" style=\"border: 0px;\" src=\"http:\/\/franciscanos.org.br\/wp-content\/uploads\/2013\/11\/edgar.jpg\" alt=\"edgar\" width=\"80\" height=\"100\" border=\"0\" \/><\/span><\/span><\/td>\n<td valign=\"top\" bgcolor=\"#FFFFFF\"><strong><span style=\"color: #333333; font-family: Georgia, 'Times New Roman', 'Bitstream Charter', Times, serif;\"><span style=\"font-size: 12.727272033691406px; line-height: 18.99147605895996px;\">Frei Edgar Weist<\/span><\/span><\/strong><span style=\"color: #333333; font-family: Georgia, 'Times New Roman', 'Bitstream Charter', Times, serif;\"><span style=\"font-size: 12.727272033691406px; line-height: 18.99147605895996px;\">\u00c9 natural de Osnabr\u00fcck (ALE). Nasceu no dia 28 de julho de 1934, e ingressou na Ordem dos Frades Menores no dia 19 de dezembro de 1957. Fez a profiss\u00e3o solene no dia 02 de fevereiro de 1962 e foi ordenado sacerdote no dia 14 de dezembro de 1963.<\/span><\/span><\/td>\n<\/tr>\n<tr bgcolor=\"#FFFAE6\">\n<td valign=\"top\"><span style=\"color: #333333; font-family: Georgia, 'Times New Roman', 'Bitstream Charter', Times, serif;\"><span style=\"font-size: 12.727272033691406px; line-height: 18.99147605895996px;\"><img loading=\"lazy\" style=\"border: 0px;\" src=\"http:\/\/franciscanos.org.br\/wp-content\/uploads\/2013\/11\/ernesto_Kramer.jpg\" alt=\"ernesto_Kramer\" width=\"80\" height=\"100\" border=\"0\" \/><\/span><\/span><\/td>\n<td valign=\"top\"><span style=\"color: #333333; font-family: Georgia, 'Times New Roman', 'Bitstream Charter', Times, serif;\"><span style=\"font-size: 12.727272033691406px; line-height: 18.99147605895996px;\"><strong>Frei Ernesto Kramer<\/strong>\u00a0<\/span><\/span><span style=\"color: #333333; font-family: Georgia, 'Times New Roman', 'Bitstream Charter', Times, serif;\"><span style=\"font-size: 12.727272033691406px; line-height: 18.99147605895996px;\">\u00c9 natural de Duisburg (ALE). Nasceu no dia 5 de julho de 1931, e ingressou na Ordem dos Frades Menores no dia 19 de dezembro de 1957. Fez a profiss\u00e3o solene no dia 2 de fevereiro de 1962 e foi ordenado sacerdote no dia 14 de dezembro de 1963.<\/span><\/span><\/td>\n<\/tr>\n<tr bgcolor=\"#FFFFFF\">\n<td valign=\"top\" bgcolor=\"#FFFFFF\"><span style=\"color: #333333; font-family: Georgia, 'Times New Roman', 'Bitstream Charter', Times, serif;\"><span style=\"font-size: 12.727272033691406px; line-height: 18.99147605895996px;\"><img loading=\"lazy\" style=\"border: 0px;\" src=\"http:\/\/franciscanos.org.br\/wp-content\/uploads\/2013\/11\/faustino.jpg\" alt=\"faustino\" width=\"80\" height=\"100\" border=\"0\" \/><\/span><\/span><\/td>\n<td valign=\"top\" bgcolor=\"#FFFFFF\"><strong><span style=\"color: #333333; font-family: Georgia, 'Times New Roman', 'Bitstream Charter', Times, serif;\"><span style=\"font-size: 12.727272033691406px; line-height: 18.99147605895996px;\">Frei Faustino Tomelin<\/span><\/span><\/strong><span style=\"color: #333333; font-family: Georgia, 'Times New Roman', 'Bitstream Charter', Times, serif;\"><span style=\"font-size: 12.727272033691406px; line-height: 18.99147605895996px;\">\u00c9 natural de Santa Maria, SC. Nasceu no dia 29 de mar\u00e7o de 1937 e ingressou na Ordem dos Frades Menores no dia 19 de dezembro de 1957. Fez a profiss\u00e3o solene dia 02 de fevereiro de 1962 e foi ordenado sacerdote no dia 14 de dezembro de 1963.<\/span><\/span><\/td>\n<\/tr>\n<tr bgcolor=\"#FFFAE6\">\n<td valign=\"top\"><span style=\"color: #333333; font-family: Georgia, 'Times New Roman', 'Bitstream Charter', Times, serif;\"><span style=\"font-size: 12.727272033691406px; line-height: 18.99147605895996px;\"><img loading=\"lazy\" style=\"border: 0px;\" src=\"http:\/\/franciscanos.org.br\/wp-content\/uploads\/2013\/11\/gentil.jpg\" alt=\"gentil\" width=\"80\" height=\"100\" border=\"0\" \/><\/span><\/span><\/td>\n<td valign=\"top\"><strong><span style=\"color: #333333; font-family: Georgia, 'Times New Roman', 'Bitstream Charter', Times, serif;\"><span style=\"font-size: 12.727272033691406px; line-height: 18.99147605895996px;\">Frei Gentil Avelino Titton<\/span><\/span><\/strong><span style=\"color: #333333; font-family: Georgia, 'Times New Roman', 'Bitstream Charter', Times, serif;\"><span style=\"font-size: 12.727272033691406px; line-height: 18.99147605895996px;\">\u00c9 natural de Lageado, RS. Nasceu no dia 19 de dezembro de 1957 e ingressou na Ordem dos Frades Menores no dia 19 de dezembro de 1957. Fez a profiss\u00e3o solene no dia 02 de fevereiro de 1962 e foi ordenado sacerdote no dia 15 de dezembro de 1963.<\/span><\/span><\/td>\n<\/tr>\n<tr bgcolor=\"#FFFFFF\">\n<td valign=\"top\" bgcolor=\"#FFFFFF\"><span style=\"color: #333333; font-family: Georgia, 'Times New Roman', 'Bitstream Charter', Times, serif;\"><span style=\"font-size: 12.727272033691406px; line-height: 18.99147605895996px;\"><img loading=\"lazy\" style=\"border: 0px;\" src=\"http:\/\/franciscanos.org.br\/wp-content\/uploads\/2013\/11\/wilson.jpg\" alt=\"wilson\" width=\"80\" height=\"100\" border=\"0\" \/><\/span><\/span><\/td>\n<td valign=\"top\" bgcolor=\"#FFFFFF\"><strong><span style=\"color: #333333; font-family: Georgia, 'Times New Roman', 'Bitstream Charter', Times, serif;\"><span style=\"font-size: 12.727272033691406px; line-height: 18.99147605895996px;\">Frei Wilson Steiner<\/span><\/span><\/strong><span style=\"color: #333333; font-family: Georgia, 'Times New Roman', 'Bitstream Charter', Times, serif;\"><span style=\"font-size: 12.727272033691406px; line-height: 18.99147605895996px;\">\u00c9 natural de Forquilhinha, SC. Nasceu no dia 30 de abril de 1935 e ingressou na Ordem dos Frades Menores no dia 19 de dezembro de 1957. Fez a profiss\u00e3o solene no dia 02 de fevereiro de 1962 e foi ordenado sacerdote no dia 14 de dezembro de 1963.<\/span><\/span><\/td>\n<\/tr>\n<tr>\n<td colspan=\"2\" valign=\"top\" bgcolor=\"#CBBCC1\"><strong><span style=\"color: #333333; font-family: Georgia, 'Times New Roman', 'Bitstream Charter', Times, serif;\"><span style=\"font-size: 12.727272033691406px; line-height: 18.99147605895996px;\">25 ANOS DE VIDA RELIGIOSA<\/span><\/span><\/strong><\/td>\n<\/tr>\n<tr bgcolor=\"#FFFAE6\">\n<td valign=\"top\"><span style=\"color: #333333; font-family: Georgia, 'Times New Roman', 'Bitstream Charter', Times, serif;\"><span style=\"font-size: 12.727272033691406px; line-height: 18.99147605895996px;\"><img loading=\"lazy\" style=\"border: 0px;\" src=\"http:\/\/franciscanos.org.br\/wp-content\/uploads\/2013\/11\/james.jpg\" alt=\"james\" width=\"80\" height=\"100\" border=\"0\" \/><\/span><\/span><\/td>\n<td valign=\"top\"><strong><span style=\"color: #333333; font-family: Georgia, 'Times New Roman', 'Bitstream Charter', Times, serif;\"><span style=\"font-size: 12.727272033691406px; line-height: 18.99147605895996px;\">Frei James Luiz Girardi<\/span><\/span><\/strong><span style=\"color: #333333; font-family: Georgia, 'Times New Roman', 'Bitstream Charter', Times, serif;\"><span style=\"font-size: 12.727272033691406px; line-height: 18.99147605895996px;\">\u00c9 natural de Rodeio, SC. Nasceu no dia 13 de agosto de 1967 e ingressou na Ordem dos Frades Menores no dia 10 de janeiro de 1987. Fez a profiss\u00e3o solene no dia 05 de novembro de 1994 e foi ordenado sacerdote no dia 17 de fevereiro de 1996.<\/span><\/span><\/td>\n<\/tr>\n<tr bgcolor=\"#FFFFFF\">\n<td valign=\"top\" bgcolor=\"#FFFFFF\"><span style=\"color: #333333; font-family: Georgia, 'Times New Roman', 'Bitstream Charter', Times, serif;\"><span style=\"font-size: 12.727272033691406px; line-height: 18.99147605895996px;\"><img loading=\"lazy\" style=\"border: 0px;\" src=\"http:\/\/franciscanos.org.br\/wp-content\/uploads\/2013\/11\/joseidair.jpg\" alt=\"joseidair\" width=\"80\" height=\"100\" border=\"0\" \/><\/span><\/span><\/td>\n<td valign=\"top\" bgcolor=\"#FFFFFF\"><strong><span style=\"color: #333333; font-family: Georgia, 'Times New Roman', 'Bitstream Charter', Times, serif;\"><span style=\"font-size: 12.727272033691406px; line-height: 18.99147605895996px;\">Frei Jos\u00e9 Idair Ferreira Augusto<\/span><\/span><\/strong><span style=\"color: #333333; font-family: Georgia, 'Times New Roman', 'Bitstream Charter', Times, serif;\"><span style=\"font-size: 12.727272033691406px; line-height: 18.99147605895996px;\">\u00c9 natural de Mangueirinha, PR. Nasceu no dia 18 de mar\u00e7o de 1965 e ingressou na Ordem dos Frades Menores no dia 10 de janeiro de 1987. Fez a profiss\u00e3o solene no dia 25 de setembro de1993 e foi ordenado sacerdote no dia 21 de janeiro de 1995.<\/span><\/span><\/td>\n<\/tr>\n<tr bgcolor=\"#FFFAE6\">\n<td valign=\"top\"><span style=\"color: #333333; font-family: Georgia, 'Times New Roman', 'Bitstream Charter', Times, serif;\"><span style=\"font-size: 12.727272033691406px; line-height: 18.99147605895996px;\"><img loading=\"lazy\" style=\"border: 0px;\" src=\"http:\/\/franciscanos.org.br\/wp-content\/uploads\/2013\/11\/marcos.jpg\" alt=\"marcos\" width=\"80\" height=\"100\" border=\"0\" \/><\/span><\/span><\/td>\n<td valign=\"top\"><strong><span style=\"color: #333333; font-family: Georgia, 'Times New Roman', 'Bitstream Charter', Times, serif;\"><span style=\"font-size: 12.727272033691406px; line-height: 18.99147605895996px;\">Frei Marcos Estevam de Melo<\/span><\/span><\/strong><span style=\"color: #333333; font-family: Georgia, 'Times New Roman', 'Bitstream Charter', Times, serif;\"><span style=\"font-size: 12.727272033691406px; line-height: 18.99147605895996px;\">\u00c9 natural de S\u00e3o Paulo, SP. Nasceu no dia 15 de novembro de 1962 e ingressou na Ordem dos Frades Menores no dia 10 de janeiro de 1987. Fez a profiss\u00e3o solene no dia 10 de janeiro de 1992.<\/span><\/span><\/td>\n<\/tr>\n<tr>\n<td valign=\"top\" bgcolor=\"#FFFFFF\"><span style=\"color: #333333; font-family: Georgia, 'Times New Roman', 'Bitstream Charter', Times, serif;\"><span style=\"font-size: 12.727272033691406px; line-height: 18.99147605895996px;\"><img loading=\"lazy\" style=\"border: 0px;\" src=\"http:\/\/franciscanos.org.br\/wp-content\/uploads\/2013\/11\/paulo_roberto.jpg\" alt=\"paulo_roberto\" width=\"80\" height=\"100\" border=\"0\" \/><\/span><\/span><\/td>\n<td valign=\"top\" bgcolor=\"#FFFFFF\"><span style=\"color: #333333; font-family: Georgia, 'Times New Roman', 'Bitstream Charter', Times, serif;\"><span style=\"font-size: 12.727272033691406px; line-height: 18.99147605895996px;\"><strong>Frei Paulo Roberto Pereira<\/strong>\u00a0<\/span><\/span><span style=\"color: #333333; font-family: Georgia, 'Times New Roman', 'Bitstream Charter', Times, serif;\"><span style=\"font-size: 12.727272033691406px; line-height: 18.99147605895996px;\">\u00c9 natural de Juiz de Fora, MG. Nasceu no dia 18 de dezembro de 1967\u00a0\u00a0e ingressou na Ordem dos Frades Menores no dia 10 de janeiro de 1987. Fez a profiss\u00e3o solene no dia 25 de setembro de 1993 e foi ordenado sacerdote no dia 19 de mar\u00e7o de 1995.<\/span><\/span><\/td>\n<\/tr>\n<tr bgcolor=\"#FFFFFF\">\n<td valign=\"top\" bgcolor=\"#FFFAE6\"><span style=\"color: #333333; font-family: Georgia, 'Times New Roman', 'Bitstream Charter', Times, serif;\"><span style=\"font-size: 12.727272033691406px; line-height: 18.99147605895996px;\"><img loading=\"lazy\" style=\"border: 0px;\" src=\"http:\/\/franciscanos.org.br\/wp-content\/uploads\/2013\/11\/pedro.jpg\" alt=\"pedro\" width=\"80\" height=\"100\" border=\"0\" \/><\/span><\/span><\/td>\n<td valign=\"top\" bgcolor=\"#FFFAE6\"><strong><span style=\"color: #333333; font-family: Georgia, 'Times New Roman', 'Bitstream Charter', Times, serif;\"><span style=\"font-size: 12.727272033691406px; line-height: 18.99147605895996px;\">Frei Pedro de Oliveira Rodrigues<\/span><\/span><\/strong><span style=\"color: #333333; font-family: Georgia, 'Times New Roman', 'Bitstream Charter', Times, serif;\"><span style=\"font-size: 12.727272033691406px; line-height: 18.99147605895996px;\">\u00c9 natural de Cariacica, ES. Nasceu no dia 04 de mar\u00e7o de 1956 e ingressou na Ordem dos Frades Menores no dia 10 de janeiro de 1987. Fez a profiss\u00e3o solene no dia 17 de setembro de 1992 e foi ordenado sacerdote no dia 07 de janeiro de 1995.<\/span><\/span><\/td>\n<\/tr>\n<tr>\n<td valign=\"top\" bgcolor=\"#FFFFFF\"><span style=\"color: #333333; font-family: Georgia, 'Times New Roman', 'Bitstream Charter', Times, serif;\"><span style=\"font-size: 12.727272033691406px; line-height: 18.99147605895996px;\"><img loading=\"lazy\" style=\"border: 0px;\" src=\"http:\/\/franciscanos.org.br\/wp-content\/uploads\/2013\/11\/rubens.jpg\" alt=\"rubens\" width=\"80\" height=\"100\" border=\"0\" \/><\/span><\/span><\/td>\n<td valign=\"top\" bgcolor=\"#FFFFFF\"><strong><span style=\"color: #333333; font-family: Georgia, 'Times New Roman', 'Bitstream Charter', Times, serif;\"><span style=\"font-size: 12.727272033691406px; line-height: 18.99147605895996px;\">Frei Rubens Luiz de Carvalho<\/span><\/span><\/strong><span style=\"color: #333333; font-family: Georgia, 'Times New Roman', 'Bitstream Charter', Times, serif;\"><span style=\"font-size: 12.727272033691406px; line-height: 18.99147605895996px;\">\u00c9 natural de Umuarana, PR. Nasceu no dia 19 de fevereiro de 1963 e ingressou na Ordem dos Frades Menores no dia 10 de janeiro de 1987. Fez a profiss\u00e3o solene no dia 17 de setembro de 1992 e foi ordenado sacerdote no dia 11 de fevereiro de 1995.<\/span><\/span><\/td>\n<\/tr>\n<tr>\n<td colspan=\"2\" valign=\"top\" bgcolor=\"#CBBCC1\"><strong><span style=\"color: #333333; font-family: Georgia, 'Times New Roman', 'Bitstream Charter', Times, serif;\"><span style=\"font-size: 12.727272033691406px; line-height: 18.99147605895996px;\">25 ANOS DE SACERD\u00d3CIO<\/span><\/span><\/strong><\/td>\n<\/tr>\n<tr>\n<td valign=\"top\" bgcolor=\"#FFFAE6\"><span style=\"color: #333333; font-family: Georgia, 'Times New Roman', 'Bitstream Charter', Times, serif;\"><span style=\"font-size: 12.727272033691406px; line-height: 18.99147605895996px;\"><img loading=\"lazy\" style=\"border: 0px;\" src=\"http:\/\/franciscanos.org.br\/wp-content\/uploads\/2013\/11\/angelo.jpg\" alt=\"angelo\" width=\"80\" height=\"100\" border=\"0\" \/><\/span><\/span><\/td>\n<td valign=\"top\" bgcolor=\"#FFFAE6\"><span style=\"color: #333333; font-family: Georgia, 'Times New Roman', 'Bitstream Charter', Times, serif;\"><span style=\"font-size: 12.727272033691406px; line-height: 18.99147605895996px;\"><strong>Frei Angelo Cardoso da Silva<\/strong>\u00a0<\/span><\/span><span style=\"color: #333333; font-family: Georgia, 'Times New Roman', 'Bitstream Charter', Times, serif;\"><span style=\"font-size: 12.727272033691406px; line-height: 18.99147605895996px;\">\u00c9 natural de Cabo Frio, RJ. Nasceu no dia 14 de abril de 1958 e ingressou na Ordem dos Frades Menores no dia 20 de janeiro de 1981. Fez a profiss\u00e3o solene no dia 02 de agosto de 1985 e foi ordenado sacerdote no dia 17 de janeiro de 1988.<\/span><\/span><\/td>\n<\/tr>\n<tr bgcolor=\"#FFFFFF\">\n<td valign=\"top\" bgcolor=\"#FFFFFF\"><span style=\"color: #333333; font-family: Georgia, 'Times New Roman', 'Bitstream Charter', Times, serif;\"><span style=\"font-size: 12.727272033691406px; line-height: 18.99147605895996px;\"><img loading=\"lazy\" style=\"border: 0px;\" src=\"http:\/\/franciscanos.org.br\/wp-content\/uploads\/2013\/11\/vitalino.jpg\" alt=\"vitalino\" width=\"80\" height=\"100\" border=\"0\" \/><\/span><\/span><\/td>\n<td valign=\"top\" bgcolor=\"#FFFFFF\"><strong><span style=\"color: #333333; font-family: Georgia, 'Times New Roman', 'Bitstream Charter', Times, serif;\"><span style=\"font-size: 12.727272033691406px; line-height: 18.99147605895996px;\">Frei Vitalino Piaia<\/span><\/span><\/strong><span style=\"color: #333333; font-family: Georgia, 'Times New Roman', 'Bitstream Charter', Times, serif;\"><span style=\"font-size: 12.727272033691406px; line-height: 18.99147605895996px;\">\u00c9 natural de Constantina, RS. Nasceu no dia 11 de junho de 1954 e ingressou na Ordem dos Frades Menores no dia 20 de janeiro de 1981. Fez a profiss\u00e3o solene no dia 02 de agosto de 1985 e foi ordenado sacerdote no dia 06 de fevereiro de 1988.<\/span><\/span><\/td>\n<\/tr>\n<\/tbody>\n<\/table>\n<\/td>\n<\/tr>\n<\/tbody>\n<\/table>\n","protected":false},"excerpt":{"rendered":"<p>Jubileus<\/p>\n","protected":false},"author":1,"featured_media":218563,"comment_status":"closed","ping_status":"open","sticky":false,"template":"","format":"standard","meta":[],"categories":[1],"tags":[332],"acf":[],"yoast_head":"<!-- This site is optimized with the Yoast SEO plugin v19.2 - https:\/\/yoast.com\/wordpress\/plugins\/seo\/ -->\n<title>Prov\u00edncia da Imaculada celebra os Jubileus de 2013 - Not\u00edcias - Franciscanos<\/title>\n<meta name=\"robots\" content=\"index, follow, max-snippet:-1, max-image-preview:large, max-video-preview:-1\" \/>\n<link rel=\"canonical\" href=\"https:\/\/franciscanos.org.br\/noticias\/provincia-da-imaculada-celebra-os-jubileus-de-2013.html\" \/>\n<meta property=\"og:locale\" content=\"pt_BR\" \/>\n<meta property=\"og:type\" content=\"article\" \/>\n<meta property=\"og:title\" content=\"Prov\u00edncia da Imaculada celebra os Jubileus de 2013 - Not\u00edcias - Franciscanos\" \/>\n<meta property=\"og:description\" content=\"Jubileus\" \/>\n<meta property=\"og:url\" content=\"https:\/\/franciscanos.org.br\/noticias\/provincia-da-imaculada-celebra-os-jubileus-de-2013.html\" \/>\n<meta property=\"og:site_name\" content=\"Not\u00edcias - Franciscanos\" \/>\n<meta property=\"article:published_time\" content=\"2013-12-05T03:27:11+00:00\" \/>\n<meta property=\"article:modified_time\" content=\"2020-02-06T14:07:20+00:00\" \/>\n<meta property=\"og:image\" content=\"https:\/\/franciscanos.org.br\/noticias\/wp-content\/uploads\/2013\/12\/giotto.jpg\" \/>\n\t<meta property=\"og:image:width\" content=\"273\" \/>\n\t<meta property=\"og:image:height\" content=\"181\" \/>\n\t<meta property=\"og:image:type\" content=\"image\/jpeg\" \/>\n<meta name=\"author\" content=\"admin\" \/>\n<meta name=\"twitter:card\" content=\"summary_large_image\" \/>\n<meta name=\"twitter:label1\" content=\"Escrito por\" \/>\n\t<meta name=\"twitter:data1\" content=\"admin\" \/>\n\t<meta name=\"twitter:label2\" content=\"Est. tempo de leitura\" \/>\n\t<meta name=\"twitter:data2\" content=\"9 minutos\" \/>\n<script type=\"application\/ld+json\" class=\"yoast-schema-graph\">{\"@context\":\"https:\/\/schema.org\",\"@graph\":[{\"@type\":\"WebSite\",\"@id\":\"https:\/\/franciscanos.org.br\/noticias\/#website\",\"url\":\"https:\/\/franciscanos.org.br\/noticias\/\",\"name\":\"Not\u00edcias - Franciscanos\",\"description\":\"Prov\u00edncia Franciscana da Imaculada Concei\u00e7\u00e3o do Brasil - Ordem dos Frades Menores - OFM\",\"potentialAction\":[{\"@type\":\"SearchAction\",\"target\":{\"@type\":\"EntryPoint\",\"urlTemplate\":\"https:\/\/franciscanos.org.br\/noticias\/?s={search_term_string}\"},\"query-input\":\"required name=search_term_string\"}],\"inLanguage\":\"pt-BR\"},{\"@type\":\"ImageObject\",\"inLanguage\":\"pt-BR\",\"@id\":\"https:\/\/franciscanos.org.br\/noticias\/provincia-da-imaculada-celebra-os-jubileus-de-2013.html#primaryimage\",\"url\":\"https:\/\/franciscanos.org.br\/noticias\/wp-content\/uploads\/2013\/12\/giotto.jpg\",\"contentUrl\":\"https:\/\/franciscanos.org.br\/noticias\/wp-content\/uploads\/2013\/12\/giotto.jpg\",\"width\":273,\"height\":181},{\"@type\":\"WebPage\",\"@id\":\"https:\/\/franciscanos.org.br\/noticias\/provincia-da-imaculada-celebra-os-jubileus-de-2013.html#webpage\",\"url\":\"https:\/\/franciscanos.org.br\/noticias\/provincia-da-imaculada-celebra-os-jubileus-de-2013.html\",\"name\":\"Prov\u00edncia da Imaculada celebra os Jubileus de 2013 - Not\u00edcias - Franciscanos\",\"isPartOf\":{\"@id\":\"https:\/\/franciscanos.org.br\/noticias\/#website\"},\"primaryImageOfPage\":{\"@id\":\"https:\/\/franciscanos.org.br\/noticias\/provincia-da-imaculada-celebra-os-jubileus-de-2013.html#primaryimage\"},\"datePublished\":\"2013-12-05T03:27:11+00:00\",\"dateModified\":\"2020-02-06T14:07:20+00:00\",\"author\":{\"@id\":\"https:\/\/franciscanos.org.br\/noticias\/#\/schema\/person\/b38fbf43118f02820bd932f2e4b14ad3\"},\"breadcrumb\":{\"@id\":\"https:\/\/franciscanos.org.br\/noticias\/provincia-da-imaculada-celebra-os-jubileus-de-2013.html#breadcrumb\"},\"inLanguage\":\"pt-BR\",\"potentialAction\":[{\"@type\":\"ReadAction\",\"target\":[\"https:\/\/franciscanos.org.br\/noticias\/provincia-da-imaculada-celebra-os-jubileus-de-2013.html\"]}]},{\"@type\":\"BreadcrumbList\",\"@id\":\"https:\/\/franciscanos.org.br\/noticias\/provincia-da-imaculada-celebra-os-jubileus-de-2013.html#breadcrumb\",\"itemListElement\":[{\"@type\":\"ListItem\",\"position\":1,\"name\":\"Home\",\"item\":\"https:\/\/franciscanos.org.br\/noticias\"},{\"@type\":\"ListItem\",\"position\":2,\"name\":\"Prov\u00edncia da Imaculada celebra os Jubileus de 2013\"}]},{\"@type\":\"Person\",\"@id\":\"https:\/\/franciscanos.org.br\/noticias\/#\/schema\/person\/b38fbf43118f02820bd932f2e4b14ad3\",\"name\":\"admin\",\"image\":{\"@type\":\"ImageObject\",\"inLanguage\":\"pt-BR\",\"@id\":\"https:\/\/franciscanos.org.br\/noticias\/#\/schema\/person\/image\/\",\"url\":\"https:\/\/secure.gravatar.com\/avatar\/e8495742d34d0ba6448ea1c628263b3e?s=96&d=mm&r=g\",\"contentUrl\":\"https:\/\/secure.gravatar.com\/avatar\/e8495742d34d0ba6448ea1c628263b3e?s=96&d=mm&r=g\",\"caption\":\"admin\"},\"url\":\"https:\/\/franciscanos.org.br\/noticias\/author\/admin\"}]}<\/script>\n<!-- \/ Yoast SEO plugin. -->","yoast_head_json":{"title":"Prov\u00edncia da Imaculada celebra os Jubileus de 2013 - Not\u00edcias - Franciscanos","robots":{"index":"index","follow":"follow","max-snippet":"max-snippet:-1","max-image-preview":"max-image-preview:large","max-video-preview":"max-video-preview:-1"},"canonical":"https:\/\/franciscanos.org.br\/noticias\/provincia-da-imaculada-celebra-os-jubileus-de-2013.html","og_locale":"pt_BR","og_type":"article","og_title":"Prov\u00edncia da Imaculada celebra os Jubileus de 2013 - Not\u00edcias - Franciscanos","og_description":"Jubileus","og_url":"https:\/\/franciscanos.org.br\/noticias\/provincia-da-imaculada-celebra-os-jubileus-de-2013.html","og_site_name":"Not\u00edcias - Franciscanos","article_published_time":"2013-12-05T03:27:11+00:00","article_modified_time":"2020-02-06T14:07:20+00:00","og_image":[{"width":273,"height":181,"url":"https:\/\/franciscanos.org.br\/noticias\/wp-content\/uploads\/2013\/12\/giotto.jpg","type":"image\/jpeg"}],"author":"admin","twitter_card":"summary_large_image","twitter_misc":{"Escrito por":"admin","Est. tempo de leitura":"9 minutos"},"schema":{"@context":"https:\/\/schema.org","@graph":[{"@type":"WebSite","@id":"https:\/\/franciscanos.org.br\/noticias\/#website","url":"https:\/\/franciscanos.org.br\/noticias\/","name":"Not\u00edcias - Franciscanos","description":"Prov\u00edncia Franciscana da Imaculada Concei\u00e7\u00e3o do Brasil - Ordem dos Frades Menores - OFM","potentialAction":[{"@type":"SearchAction","target":{"@type":"EntryPoint","urlTemplate":"https:\/\/franciscanos.org.br\/noticias\/?s={search_term_string}"},"query-input":"required name=search_term_string"}],"inLanguage":"pt-BR"},{"@type":"ImageObject","inLanguage":"pt-BR","@id":"https:\/\/franciscanos.org.br\/noticias\/provincia-da-imaculada-celebra-os-jubileus-de-2013.html#primaryimage","url":"https:\/\/franciscanos.org.br\/noticias\/wp-content\/uploads\/2013\/12\/giotto.jpg","contentUrl":"https:\/\/franciscanos.org.br\/noticias\/wp-content\/uploads\/2013\/12\/giotto.jpg","width":273,"height":181},{"@type":"WebPage","@id":"https:\/\/franciscanos.org.br\/noticias\/provincia-da-imaculada-celebra-os-jubileus-de-2013.html#webpage","url":"https:\/\/franciscanos.org.br\/noticias\/provincia-da-imaculada-celebra-os-jubileus-de-2013.html","name":"Prov\u00edncia da Imaculada celebra os Jubileus de 2013 - Not\u00edcias - Franciscanos","isPartOf":{"@id":"https:\/\/franciscanos.org.br\/noticias\/#website"},"primaryImageOfPage":{"@id":"https:\/\/franciscanos.org.br\/noticias\/provincia-da-imaculada-celebra-os-jubileus-de-2013.html#primaryimage"},"datePublished":"2013-12-05T03:27:11+00:00","dateModified":"2020-02-06T14:07:20+00:00","author":{"@id":"https:\/\/franciscanos.org.br\/noticias\/#\/schema\/person\/b38fbf43118f02820bd932f2e4b14ad3"},"breadcrumb":{"@id":"https:\/\/franciscanos.org.br\/noticias\/provincia-da-imaculada-celebra-os-jubileus-de-2013.html#breadcrumb"},"inLanguage":"pt-BR","potentialAction":[{"@type":"ReadAction","target":["https:\/\/franciscanos.org.br\/noticias\/provincia-da-imaculada-celebra-os-jubileus-de-2013.html"]}]},{"@type":"BreadcrumbList","@id":"https:\/\/franciscanos.org.br\/noticias\/provincia-da-imaculada-celebra-os-jubileus-de-2013.html#breadcrumb","itemListElement":[{"@type":"ListItem","position":1,"name":"Home","item":"https:\/\/franciscanos.org.br\/noticias"},{"@type":"ListItem","position":2,"name":"Prov\u00edncia da Imaculada celebra os Jubileus de 2013"}]},{"@type":"Person","@id":"https:\/\/franciscanos.org.br\/noticias\/#\/schema\/person\/b38fbf43118f02820bd932f2e4b14ad3","name":"admin","image":{"@type":"ImageObject","inLanguage":"pt-BR","@id":"https:\/\/franciscanos.org.br\/noticias\/#\/schema\/person\/image\/","url":"https:\/\/secure.gravatar.com\/avatar\/e8495742d34d0ba6448ea1c628263b3e?s=96&d=mm&r=g","contentUrl":"https:\/\/secure.gravatar.com\/avatar\/e8495742d34d0ba6448ea1c628263b3e?s=96&d=mm&r=g","caption":"admin"},"url":"https:\/\/franciscanos.org.br\/noticias\/author\/admin"}]}},"_links":{"self":[{"href":"https:\/\/franciscanos.org.br\/noticias\/wp-json\/wp\/v2\/posts\/50381"}],"collection":[{"href":"https:\/\/franciscanos.org.br\/noticias\/wp-json\/wp\/v2\/posts"}],"about":[{"href":"https:\/\/franciscanos.org.br\/noticias\/wp-json\/wp\/v2\/types\/post"}],"author":[{"embeddable":true,"href":"https:\/\/franciscanos.org.br\/noticias\/wp-json\/wp\/v2\/users\/1"}],"replies":[{"embeddable":true,"href":"https:\/\/franciscanos.org.br\/noticias\/wp-json\/wp\/v2\/comments?post=50381"}],"version-history":[{"count":0,"href":"https:\/\/franciscanos.org.br\/noticias\/wp-json\/wp\/v2\/posts\/50381\/revisions"}],"wp:featuredmedia":[{"embeddable":true,"href":"https:\/\/franciscanos.org.br\/noticias\/wp-json\/wp\/v2\/media\/218563"}],"wp:attachment":[{"href":"https:\/\/franciscanos.org.br\/noticias\/wp-json\/wp\/v2\/media?parent=50381"}],"wp:term":[{"taxonomy":"category","embeddable":true,"href":"https:\/\/franciscanos.org.br\/noticias\/wp-json\/wp\/v2\/categories?post=50381"},{"taxonomy":"post_tag","embeddable":true,"href":"https:\/\/franciscanos.org.br\/noticias\/wp-json\/wp\/v2\/tags?post=50381"}],"curies":[{"name":"wp","href":"https:\/\/api.w.org\/{rel}","templated":true}]}}