{"id":50351,"date":"2013-11-21T13:04:20","date_gmt":"2013-11-21T15:04:20","guid":{"rendered":"http:\/\/new.franciscanos.org.br\/?p=50351"},"modified":"2020-01-31T13:18:49","modified_gmt":"2020-01-31T16:18:49","slug":"fe-e-cultura-natal-e-poesia-a-arte-do-encontro","status":"publish","type":"post","link":"https:\/\/franciscanos.org.br\/noticias\/fe-e-cultura-natal-e-poesia-a-arte-do-encontro.html","title":{"rendered":"F\u00e9 e Cultura: Natal e Poesia &#8211; a arte do encontro"},"content":{"rendered":"<p><img loading=\"lazy\" class=\"alignright wp-image-50352\" src=\"http:\/\/franciscanos.org.br\/wp-content\/uploads\/2013\/11\/012.jpg\" alt=\"loyola-convite2\" width=\"504\" height=\"671\" \/>O Centro Loyola de F\u00e9 e Cultura \/ PUC-Rio, em parceria com a C\u00e1tedra Unesco de Leitura, inicia as comemora\u00e7\u00f5es de seus 20 anos celebrando o centen\u00e1rio de Vin\u00edcius de Moraes no evento Natal e Poesia: A Arte do Encontro.<\/p>\n<p>No dia 13 de dezembro, \u00e0s 17h30m, Pe. Jos\u00e9 Fernandes, sj, diretor do Centro Loyola, far\u00e1 a celebra\u00e7\u00e3o da Eucaristia e, logo ap\u00f3s, todos est\u00e3o convidados a participar de um sarau com poemas e m\u00fasicas do poetinha apresentados pela atriz Maria Pompeu e m\u00fasicos.<\/p>\n<p>Logo ao entrar no Bar do Poetinha, os participantes ser\u00e3o convidados a mergulhar no universo de Vin\u00edcius, com aperitivos t\u00edpicos de botequim e um card\u00e1pio liter\u00e1rio prontos para serem degustados. Basta escolher uma poesia ou can\u00e7\u00e3o e fazer o pedido para que esta seja apresentada pela atriz e os m\u00fasicos.<\/p>\n<p>O ambiente ser\u00e1 decorado com um varal de poesias, que poder\u00e3o ser levadas ao final do encontro. Paralelo ao sarau, haver\u00e1 exibi\u00e7\u00e3o de um v\u00eddeo sobre a vida e a obra do poeta.<\/p>\n<p>O Centro Loyola de F\u00e9 e Cultura \/ PUC-Rio fica na Estrada da G\u00e1vea, 1, e o evento \u00e9 aberto ao p\u00fablico, com entrada franca. Os interessados em participar devem confirmar presen\u00e7a antecipadamente.<\/p>\n","protected":false},"excerpt":{"rendered":"<p>Cultura Franciscana<\/p>\n","protected":false},"author":1,"featured_media":217908,"comment_status":"closed","ping_status":"open","sticky":false,"template":"","format":"standard","meta":[],"categories":[1],"tags":[],"acf":[],"yoast_head":"<!-- This site is optimized with the Yoast SEO plugin v19.2 - https:\/\/yoast.com\/wordpress\/plugins\/seo\/ -->\n<title>F\u00e9 e Cultura: Natal e Poesia - a arte do encontro - Not\u00edcias - Franciscanos<\/title>\n<meta name=\"robots\" content=\"index, follow, max-snippet:-1, max-image-preview:large, max-video-preview:-1\" \/>\n<link rel=\"canonical\" href=\"https:\/\/franciscanos.org.br\/noticias\/fe-e-cultura-natal-e-poesia-a-arte-do-encontro.html\" \/>\n<meta property=\"og:locale\" content=\"pt_BR\" \/>\n<meta property=\"og:type\" content=\"article\" \/>\n<meta property=\"og:title\" content=\"F\u00e9 e Cultura: Natal e Poesia - a arte do encontro - Not\u00edcias - Franciscanos\" \/>\n<meta property=\"og:description\" content=\"Cultura Franciscana\" \/>\n<meta property=\"og:url\" content=\"https:\/\/franciscanos.org.br\/noticias\/fe-e-cultura-natal-e-poesia-a-arte-do-encontro.html\" \/>\n<meta property=\"og:site_name\" content=\"Not\u00edcias - Franciscanos\" \/>\n<meta property=\"article:published_time\" content=\"2013-11-21T15:04:20+00:00\" \/>\n<meta property=\"article:modified_time\" content=\"2020-01-31T16:18:49+00:00\" \/>\n<meta property=\"og:image\" content=\"https:\/\/franciscanos.org.br\/noticias\/wp-content\/uploads\/2013\/11\/012.jpg\" \/>\n\t<meta property=\"og:image:width\" content=\"273\" \/>\n\t<meta property=\"og:image:height\" content=\"181\" \/>\n\t<meta property=\"og:image:type\" content=\"image\/jpeg\" \/>\n<meta name=\"author\" content=\"admin\" \/>\n<meta name=\"twitter:card\" content=\"summary_large_image\" \/>\n<meta name=\"twitter:label1\" content=\"Escrito por\" \/>\n\t<meta name=\"twitter:data1\" content=\"admin\" \/>\n\t<meta name=\"twitter:label2\" content=\"Est. tempo de leitura\" \/>\n\t<meta name=\"twitter:data2\" content=\"1 minuto\" \/>\n<script type=\"application\/ld+json\" class=\"yoast-schema-graph\">{\"@context\":\"https:\/\/schema.org\",\"@graph\":[{\"@type\":\"WebSite\",\"@id\":\"https:\/\/franciscanos.org.br\/noticias\/#website\",\"url\":\"https:\/\/franciscanos.org.br\/noticias\/\",\"name\":\"Not\u00edcias - Franciscanos\",\"description\":\"Prov\u00edncia Franciscana da Imaculada Concei\u00e7\u00e3o do Brasil - Ordem dos Frades Menores - OFM\",\"potentialAction\":[{\"@type\":\"SearchAction\",\"target\":{\"@type\":\"EntryPoint\",\"urlTemplate\":\"https:\/\/franciscanos.org.br\/noticias\/?s={search_term_string}\"},\"query-input\":\"required name=search_term_string\"}],\"inLanguage\":\"pt-BR\"},{\"@type\":\"ImageObject\",\"inLanguage\":\"pt-BR\",\"@id\":\"https:\/\/franciscanos.org.br\/noticias\/fe-e-cultura-natal-e-poesia-a-arte-do-encontro.html#primaryimage\",\"url\":\"https:\/\/franciscanos.org.br\/noticias\/wp-content\/uploads\/2013\/11\/012.jpg\",\"contentUrl\":\"https:\/\/franciscanos.org.br\/noticias\/wp-content\/uploads\/2013\/11\/012.jpg\",\"width\":273,\"height\":181},{\"@type\":\"WebPage\",\"@id\":\"https:\/\/franciscanos.org.br\/noticias\/fe-e-cultura-natal-e-poesia-a-arte-do-encontro.html#webpage\",\"url\":\"https:\/\/franciscanos.org.br\/noticias\/fe-e-cultura-natal-e-poesia-a-arte-do-encontro.html\",\"name\":\"F\u00e9 e Cultura: Natal e Poesia - a arte do encontro - Not\u00edcias - Franciscanos\",\"isPartOf\":{\"@id\":\"https:\/\/franciscanos.org.br\/noticias\/#website\"},\"primaryImageOfPage\":{\"@id\":\"https:\/\/franciscanos.org.br\/noticias\/fe-e-cultura-natal-e-poesia-a-arte-do-encontro.html#primaryimage\"},\"datePublished\":\"2013-11-21T15:04:20+00:00\",\"dateModified\":\"2020-01-31T16:18:49+00:00\",\"author\":{\"@id\":\"https:\/\/franciscanos.org.br\/noticias\/#\/schema\/person\/b38fbf43118f02820bd932f2e4b14ad3\"},\"breadcrumb\":{\"@id\":\"https:\/\/franciscanos.org.br\/noticias\/fe-e-cultura-natal-e-poesia-a-arte-do-encontro.html#breadcrumb\"},\"inLanguage\":\"pt-BR\",\"potentialAction\":[{\"@type\":\"ReadAction\",\"target\":[\"https:\/\/franciscanos.org.br\/noticias\/fe-e-cultura-natal-e-poesia-a-arte-do-encontro.html\"]}]},{\"@type\":\"BreadcrumbList\",\"@id\":\"https:\/\/franciscanos.org.br\/noticias\/fe-e-cultura-natal-e-poesia-a-arte-do-encontro.html#breadcrumb\",\"itemListElement\":[{\"@type\":\"ListItem\",\"position\":1,\"name\":\"Home\",\"item\":\"https:\/\/franciscanos.org.br\/noticias\"},{\"@type\":\"ListItem\",\"position\":2,\"name\":\"F\u00e9 e Cultura: Natal e Poesia &#8211; a arte do encontro\"}]},{\"@type\":\"Person\",\"@id\":\"https:\/\/franciscanos.org.br\/noticias\/#\/schema\/person\/b38fbf43118f02820bd932f2e4b14ad3\",\"name\":\"admin\",\"image\":{\"@type\":\"ImageObject\",\"inLanguage\":\"pt-BR\",\"@id\":\"https:\/\/franciscanos.org.br\/noticias\/#\/schema\/person\/image\/\",\"url\":\"https:\/\/secure.gravatar.com\/avatar\/e8495742d34d0ba6448ea1c628263b3e?s=96&d=mm&r=g\",\"contentUrl\":\"https:\/\/secure.gravatar.com\/avatar\/e8495742d34d0ba6448ea1c628263b3e?s=96&d=mm&r=g\",\"caption\":\"admin\"},\"url\":\"https:\/\/franciscanos.org.br\/noticias\/author\/admin\"}]}<\/script>\n<!-- \/ Yoast SEO plugin. -->","yoast_head_json":{"title":"F\u00e9 e Cultura: Natal e Poesia - a arte do encontro - Not\u00edcias - Franciscanos","robots":{"index":"index","follow":"follow","max-snippet":"max-snippet:-1","max-image-preview":"max-image-preview:large","max-video-preview":"max-video-preview:-1"},"canonical":"https:\/\/franciscanos.org.br\/noticias\/fe-e-cultura-natal-e-poesia-a-arte-do-encontro.html","og_locale":"pt_BR","og_type":"article","og_title":"F\u00e9 e Cultura: Natal e Poesia - a arte do encontro - Not\u00edcias - Franciscanos","og_description":"Cultura Franciscana","og_url":"https:\/\/franciscanos.org.br\/noticias\/fe-e-cultura-natal-e-poesia-a-arte-do-encontro.html","og_site_name":"Not\u00edcias - Franciscanos","article_published_time":"2013-11-21T15:04:20+00:00","article_modified_time":"2020-01-31T16:18:49+00:00","og_image":[{"width":273,"height":181,"url":"https:\/\/franciscanos.org.br\/noticias\/wp-content\/uploads\/2013\/11\/012.jpg","type":"image\/jpeg"}],"author":"admin","twitter_card":"summary_large_image","twitter_misc":{"Escrito por":"admin","Est. tempo de leitura":"1 minuto"},"schema":{"@context":"https:\/\/schema.org","@graph":[{"@type":"WebSite","@id":"https:\/\/franciscanos.org.br\/noticias\/#website","url":"https:\/\/franciscanos.org.br\/noticias\/","name":"Not\u00edcias - Franciscanos","description":"Prov\u00edncia Franciscana da Imaculada Concei\u00e7\u00e3o do Brasil - Ordem dos Frades Menores - OFM","potentialAction":[{"@type":"SearchAction","target":{"@type":"EntryPoint","urlTemplate":"https:\/\/franciscanos.org.br\/noticias\/?s={search_term_string}"},"query-input":"required name=search_term_string"}],"inLanguage":"pt-BR"},{"@type":"ImageObject","inLanguage":"pt-BR","@id":"https:\/\/franciscanos.org.br\/noticias\/fe-e-cultura-natal-e-poesia-a-arte-do-encontro.html#primaryimage","url":"https:\/\/franciscanos.org.br\/noticias\/wp-content\/uploads\/2013\/11\/012.jpg","contentUrl":"https:\/\/franciscanos.org.br\/noticias\/wp-content\/uploads\/2013\/11\/012.jpg","width":273,"height":181},{"@type":"WebPage","@id":"https:\/\/franciscanos.org.br\/noticias\/fe-e-cultura-natal-e-poesia-a-arte-do-encontro.html#webpage","url":"https:\/\/franciscanos.org.br\/noticias\/fe-e-cultura-natal-e-poesia-a-arte-do-encontro.html","name":"F\u00e9 e Cultura: Natal e Poesia - a arte do encontro - Not\u00edcias - Franciscanos","isPartOf":{"@id":"https:\/\/franciscanos.org.br\/noticias\/#website"},"primaryImageOfPage":{"@id":"https:\/\/franciscanos.org.br\/noticias\/fe-e-cultura-natal-e-poesia-a-arte-do-encontro.html#primaryimage"},"datePublished":"2013-11-21T15:04:20+00:00","dateModified":"2020-01-31T16:18:49+00:00","author":{"@id":"https:\/\/franciscanos.org.br\/noticias\/#\/schema\/person\/b38fbf43118f02820bd932f2e4b14ad3"},"breadcrumb":{"@id":"https:\/\/franciscanos.org.br\/noticias\/fe-e-cultura-natal-e-poesia-a-arte-do-encontro.html#breadcrumb"},"inLanguage":"pt-BR","potentialAction":[{"@type":"ReadAction","target":["https:\/\/franciscanos.org.br\/noticias\/fe-e-cultura-natal-e-poesia-a-arte-do-encontro.html"]}]},{"@type":"BreadcrumbList","@id":"https:\/\/franciscanos.org.br\/noticias\/fe-e-cultura-natal-e-poesia-a-arte-do-encontro.html#breadcrumb","itemListElement":[{"@type":"ListItem","position":1,"name":"Home","item":"https:\/\/franciscanos.org.br\/noticias"},{"@type":"ListItem","position":2,"name":"F\u00e9 e Cultura: Natal e Poesia &#8211; a arte do encontro"}]},{"@type":"Person","@id":"https:\/\/franciscanos.org.br\/noticias\/#\/schema\/person\/b38fbf43118f02820bd932f2e4b14ad3","name":"admin","image":{"@type":"ImageObject","inLanguage":"pt-BR","@id":"https:\/\/franciscanos.org.br\/noticias\/#\/schema\/person\/image\/","url":"https:\/\/secure.gravatar.com\/avatar\/e8495742d34d0ba6448ea1c628263b3e?s=96&d=mm&r=g","contentUrl":"https:\/\/secure.gravatar.com\/avatar\/e8495742d34d0ba6448ea1c628263b3e?s=96&d=mm&r=g","caption":"admin"},"url":"https:\/\/franciscanos.org.br\/noticias\/author\/admin"}]}},"_links":{"self":[{"href":"https:\/\/franciscanos.org.br\/noticias\/wp-json\/wp\/v2\/posts\/50351"}],"collection":[{"href":"https:\/\/franciscanos.org.br\/noticias\/wp-json\/wp\/v2\/posts"}],"about":[{"href":"https:\/\/franciscanos.org.br\/noticias\/wp-json\/wp\/v2\/types\/post"}],"author":[{"embeddable":true,"href":"https:\/\/franciscanos.org.br\/noticias\/wp-json\/wp\/v2\/users\/1"}],"replies":[{"embeddable":true,"href":"https:\/\/franciscanos.org.br\/noticias\/wp-json\/wp\/v2\/comments?post=50351"}],"version-history":[{"count":0,"href":"https:\/\/franciscanos.org.br\/noticias\/wp-json\/wp\/v2\/posts\/50351\/revisions"}],"wp:featuredmedia":[{"embeddable":true,"href":"https:\/\/franciscanos.org.br\/noticias\/wp-json\/wp\/v2\/media\/217908"}],"wp:attachment":[{"href":"https:\/\/franciscanos.org.br\/noticias\/wp-json\/wp\/v2\/media?parent=50351"}],"wp:term":[{"taxonomy":"category","embeddable":true,"href":"https:\/\/franciscanos.org.br\/noticias\/wp-json\/wp\/v2\/categories?post=50351"},{"taxonomy":"post_tag","embeddable":true,"href":"https:\/\/franciscanos.org.br\/noticias\/wp-json\/wp\/v2\/tags?post=50351"}],"curies":[{"name":"wp","href":"https:\/\/api.w.org\/{rel}","templated":true}]}}