{"id":50287,"date":"2013-11-20T20:03:05","date_gmt":"2013-11-20T22:03:05","guid":{"rendered":"http:\/\/new.franciscanos.org.br\/?p=50287"},"modified":"2020-06-10T19:09:50","modified_gmt":"2020-06-10T22:09:50","slug":"os-sacerdotes-sao-instrumentos-da-misericordia-infinita-de-deus","status":"publish","type":"post","link":"https:\/\/franciscanos.org.br\/noticias\/os-sacerdotes-sao-instrumentos-da-misericordia-infinita-de-deus.html","title":{"rendered":"&#8220;Os sacerdotes s\u00e3o instrumentos da miseric\u00f3rdia de Deus&#8221;"},"content":{"rendered":"<p><img loading=\"lazy\" src=\"http:\/\/franciscanos.org.br\/wp-content\/uploads\/2013\/11\/francisco.jpg\" alt=\"francisco\" width=\"820\" height=\"312\" \/><\/p>\n<p><strong>Cidade do Vaticano<\/strong> \u2013 O Papa Francisco dedicou a audi\u00eancia geral desta quarta-feira, na Pra\u00e7a S\u00e3o Pedro, ao tema da remiss\u00e3o dos pecados, referindo-se especificamente ao chamado \u201cpoder das chaves\u201d, um s\u00edmbolo b\u00edblico da miss\u00e3o que Jesus conferiu aos Ap\u00f3stolos.<\/p>\n<p>O mau tempo que persiste em Roma n\u00e3o conteve os peregrinos, romanos e turistas, que lotaram a Pra\u00e7a para participar do encontro semanal com Francisco. O Papa ingressou na Pra\u00e7a num carro aberto e durante 20 minutos foi aclamado pelos presentes, a quem distribuiu sorrisos e sauda\u00e7\u00f5es. A certo ponto, desceu do jeep para beijar uma senhora idosa de cadeira de rodas.<\/p>\n<p>O Pont\u00edfice come\u00e7ou sua catequese recordando que o protagonista do perd\u00e3o dos pecados \u00e9 o Esp\u00edrito Santo. No cen\u00e1culo, quando apareceu aos Ap\u00f3stolos, Jesus soprou sobre eles e disse \u201cRecebeis o Esp\u00edrito Santo\u201d, indicando a transmiss\u00e3o da vida, da nova vida regenerada pelo perd\u00e3o. Mas antes deste gesto de doar o Esp\u00edrito, Jesus mostra suas feridas nas m\u00e3os e nas costas, que representam o pre\u00e7o de nossa salva\u00e7\u00e3o. \u201cO Esp\u00edrito Santo nos traz o perd\u00e3o de Deus passando atrav\u00e9s das chagas de Jesus\u201d, completou Francisco.<\/p>\n<p>Como segundo elemento, o Papa acrescentou que \u201cJesus deu aos Ap\u00f3stolos o poder de perdoar os pecados; e a Igreja \u00e9 a deposit\u00e1ria do poder das chaves. Deus perdoa o homem na sua soberana miseric\u00f3rdia, mas Ele mesmo quis que as pessoas que pertencem a Cristo e \u00e0 sua Igreja recebessem o perd\u00e3o atrav\u00e9s dos ministros da Comunidade\u201d.<\/p>\n<p>Atrav\u00e9s do minist\u00e9rio apost\u00f3lico, a miseric\u00f3rdia de Deus chega a n\u00f3s, perdoa nossas culpas e proporciona a alegria. \u00c9 deste modo que Jesus nos chama a viver a reconcilia\u00e7\u00e3o nas dimens\u00f5es eclesial e comunit\u00e1ria \u2013 \u201co que \u00e9 muito bonito\u201d, considerou o Papa.<\/p>\n<p>Francisco fez, no entanto, uma ressalva: \u201cA Igreja n\u00e3o \u00e9 senhora do poder das chaves, mas serva do minist\u00e9rio da miseric\u00f3rdia, e fica feliz sempre que pode oferecer este dom divino. Muitas pessoas hoje n\u00e3o entendem a dimens\u00e3o eclesial do perd\u00e3o em meio ao individualismo e ao subjetivismo, e por vezes at\u00e9 n\u00f3s, crist\u00e3os, sofremos por isso. \u201c\u00c9 claro\u201d, explicou o Papa, \u201cDeus perdoa pessoalmente todo pecador arrependido\u201d.<\/p>\n<p>Enfim, o Pont\u00edfice ressaltou um \u00faltimo quesito: o sacerdote como instrumento para o perd\u00e3o dos pecados. O perd\u00e3o de Deus que nos \u00e9 dado pela Igreja \u00e9 transmitido pelo minist\u00e9rio de um nosso irm\u00e3o, o sacerdote; um homem que, como n\u00f3s, precisa de miseric\u00f3rdia e se torna instrumento de miseric\u00f3rdia doando-nos o amor ilimitado de Deus Pai.<\/p>\n<p>\u201c\u00c0s vezes, ouve-se dizer: \u201cEu confesso-me diretamente a Deus\u201d. \u00c9 verdade que Deus sempre te ouve, mas, no sacramento da Penit\u00eancia, manda um irm\u00e3o trazer-te o perd\u00e3o. O sacerdote confessor deve estar ciente de que o irm\u00e3o ou irm\u00e3 que se aproxima dele procura o perd\u00e3o e o faz como tantas pessoas que procuravam Jesus para que as curasse. Os fi\u00e9is penitentes t\u00eam o direito de encontrar, nos sacerdotes, servidores do perd\u00e3o de Deus\u201d, afirmou.<\/p>\n<p>A este ponto, Francisco revelou aos fi\u00e9is que ele tamb\u00e9m pede perd\u00e3o a Deus; se confessa a cada quinze dias. &#8220;O Papa tamb\u00e9m \u00e9 um pecador&#8221;, disse, sorrindo.<\/p>\n<p>\u201cO servi\u00e7o do sacerdote como ministro \u00e9 muito delicado, exige que seu cora\u00e7\u00e3o esteja em paz; que n\u00e3o maltrate os fi\u00e9is, mas que seja delicado, benevolente e misericordioso; que saiba semear esperan\u00e7a nos cora\u00e7\u00f5es. Principalmente, o padre deve saber que o irm\u00e3o ou irm\u00e3 que se aproximam do sacramento da Reconcilia\u00e7\u00e3o buscam o perd\u00e3o. \u201c\u00c9 melhor \u2013 advertiu Francisco \u2013 que os sacerdotes que n\u00e3o t\u00eam esta disposi\u00e7\u00e3o n\u00e3o administrem este Sacramento, at\u00e9 conseguirem mudar\u201d.<\/p>\n<p>Como faz habitualmente, o Papa terminou sua catequese com um convite \u00e0 reflex\u00e3o: \u201cComo membros da Igreja, somos conscientes deste dom que Deus nos oferece? Sentimos a alegria da aten\u00e7\u00e3o materna que a Igreja tem por n\u00f3s? Sabemos valoriz\u00e1-la com simplicidade e assiduidade? N\u00e3o devemos esquecer que Deus nunca se cansa de nos perdoar e que mediante o minist\u00e9rio do sacerdote nos envolve em um abra\u00e7o que nos regenera e nos ajuda a levantarmos e recome\u00e7ar um novo caminho\u201d.<\/p>\n<p>Depois de proferir a catequese, sendo interrompido v\u00e1rias vezes pelos aplausos dos fi\u00e9is, o Papa saudou os grupos vindos de diversos pa\u00edses e recordou que quinta-feira, 21 de novembro celebramos a Jornada Pro Orantibus, dedicada \u00e0 recorda\u00e7\u00e3o das comunidades religiosas de clausura. \u00c9 uma ocasi\u00e3o oportuna, disse, para agradecer ao Senhor pelo dom de tantas pessoas que se dedicam a Deus na ora\u00e7\u00e3o e no sil\u00eancio operoso nos mosteiros.<\/p>\n<p>\u201cDamos gra\u00e7as ao Senhor pelos testemunhos de vida claustral e ofere\u00e7amos sempre a estes nossos irm\u00e3os e irm\u00e3s o nosso apoio espiritual e material, a fim de que possam cumprir esta importante miss\u00e3o\u201d, pediu.<\/p>\n<p>Francisco lembrou tamb\u00e9m que no dia 22, sexta-feira, ser\u00e1 inaugurado pelas Na\u00e7\u00f5es Unidas o Ano Internacional da Fam\u00edlia Rural, visando ressaltar que a economia agr\u00edcola e o desenvolvimento rural veem nas fam\u00edlias trabalhadores que respeitam a Cria\u00e7\u00e3o, e est\u00e3o atentos \u00e0s necessidades concretas.<\/p>\n<p>\u201cTamb\u00e9m no trabalho, a fam\u00edlia \u00e9 um modelo de fraternidade para viver uma experi\u00eancia de unidade e de solidariedade entre todos os seus membros, com uma maior sensibilidade por quem mais necessita de cuidados ou de ajuda, impedindo na raiz eventuais conflitos sociais. Por esses motivos, fa\u00e7o votos de que esta iniciativa contribua a valorizar os in\u00fameros benef\u00edcios que a fam\u00edlia oferece ao crescimento econ\u00f4mico, social, cultural e moral de toda a comunidade humana.\u201d<\/p>\n<p>Por fim, o Pont\u00edfice recordou as v\u00edtimas das enchentes na Ilha da Sardenha, pedindo aos fi\u00e9is na Pra\u00e7a uma ora\u00e7\u00e3o silenciosa. Entre os 16 mortos na trag\u00e9dia, quatro eram brasileiros.<\/p>\n<p><em>Leia o texto na \u00edntegra:<\/em><\/p>\n<p><em>\u00a0Queridos irm\u00e3os e irm\u00e3s, bom dia!<\/em><\/p>\n<p><em>Quarta-feira passada falei da remiss\u00e3o dos pecados, referida de modo particular ao Batismo. Hoje prosseguimos no tema da remiss\u00e3o dos pecados, mas em refer\u00eancia ao chamado \u201cpoder das chaves\u201d, que \u00e9 um s\u00edmbolo b\u00edblico da miss\u00e3o que Jesus deu aos Ap\u00f3stolos.<\/em><\/p>\n<p><em>Antes de tudo, devemos recordar que o protagonista do perd\u00e3o dos pecados \u00e9 o Esp\u00edrito Santo. Em sua primeira apari\u00e7\u00e3o aos Ap\u00f3stolos, no cen\u00e1culo, Jesus ressuscitado fez o gesto de assoprar sobre eles dizendo: \u201cRecebei o Esp\u00edrito Santo. \u00c0queles a quem perdoardes os pecados, ser-lhes-\u00e3o perdoados; \u00e0queles a quem os retiverdes, ser-lhes-\u00e3o retidos\u201d (Jo 20, 22-23). Jesus, transfigurado em seu corpo, agora \u00e9 homem novo, que oferece os dons pascoais frutos da sua morte e ressurrei\u00e7\u00e3o. Quais s\u00e3o estes dons? A paz, a alegria, o perd\u00e3o dos pecados, a miss\u00e3o, mas, sobretudo, doa o Esp\u00edrito Santo que de tudo isto \u00e9 a fonte. O sopro de Jesus, acompanhado das palavras com as quais comunica o Esp\u00edrito, indica o transmitir a vida, a vida nova regenerada pelo perd\u00e3o.<\/em><\/p>\n<p><em>Mas antes de fazer o gesto de soprar e doar o Esp\u00edrito Santo, Jesus mostra as suas chagas, nas m\u00e3os e no peito: estas feridas representam o pre\u00e7o da nossa salva\u00e7\u00e3o. O Esp\u00edrito Santo nos traz o perd\u00e3o de Deus \u201cpassando atrav\u00e9s\u201d das chagas de Jesus. Estas chagas que Ele quis conservar; tamb\u00e9m neste momento Ele no C\u00e9u faz ver ao Pai as chagas com as quais nos redimiu. Pela for\u00e7a dessas chagas, os nossos pecados s\u00e3o perdoados: assim Jesus deu a sua vida pela nossa paz, pela nossa alegria, pelo dom da gra\u00e7a na nossa alma, pelo perd\u00e3o dos nossos pecados. \u00c9 muito belo olhar assim para Jesus!<\/em><\/p>\n<p><em>E chegamos ao segundo elemento: Jesus d\u00e1 aos Ap\u00f3stolos o poder de perdoar os pecados. \u00c9 um pouco dif\u00edcil entender como um homem pode perdoar os pecados, mas Jesus d\u00e1 este poder. A Igreja \u00e9 guardi\u00e3 do poder das chaves, de abrir ou fechar ao perd\u00e3o. Deus perdoa cada homem em sua soberana miseric\u00f3rdia, mas Ele mesmo quis que quantos pertencem a Cristo e \u00e0 Igreja recebam o perd\u00e3o mediante os ministros da comunidade. Atrav\u00e9s do minist\u00e9rio apost\u00f3lico, a miseric\u00f3rdia de Deus me alcan\u00e7a, as minhas culpas s\u00e3o perdoadas e me \u00e9 dada a alegria. Deste modo, Jesus nos chama a viver a reconcilia\u00e7\u00e3o tamb\u00e9m na dimens\u00e3o eclesial, comunit\u00e1ria. E isto \u00e9 muito bonito. A Igreja, que \u00e9 santa e ao mesmo tempo necessitada de penit\u00eancia, acompanha o nosso caminho de convers\u00e3o por toda a vida. A Igreja n\u00e3o \u00e9 mestre do poder das chaves, mas \u00e9 serva do minist\u00e9rio da miseric\u00f3rdia e se alegra todas as vezes que pode oferecer este dom divino.<\/em><\/p>\n<p><em>Tantas pessoas talvez n\u00e3o entendem a dimens\u00e3o eclesial do perd\u00e3o, porque domina sempre o individualismo, o subjetivismo, e tamb\u00e9m n\u00f3s crist\u00e3os somos afetados por isso. Certo, Deus perdoa cada pecador arrependido, pessoalmente, mas o crist\u00e3o est\u00e1 ligado a Cristo, e Cristo est\u00e1 unido \u00e0 Igreja. Para n\u00f3s crist\u00e3os, h\u00e1 um dom a mais, e h\u00e1 tamb\u00e9m um compromisso a mais: passar humildemente pelo minist\u00e9rio eclesial. Isto devemos valorizar; \u00e9 um dom, uma cura, uma prote\u00e7\u00e3o e tamb\u00e9m \u00e9 a seguran\u00e7a de que Deus me perdoou. Eu vou at\u00e9 o irm\u00e3o sacerdote e digo: \u201cPadre, fiz isto\u2026\u201d. E ele responde: \u201cMas eu te perdoo; Deus te perdoa\u201d. Naquele momento, eu estou seguro de que Deus me perdoou! E isto \u00e9 belo, isto \u00e9 ter a seguran\u00e7a de que Deus nos perdoa sempre, n\u00e3o se cansa de perdoar. E n\u00e3o devemos nos cansar de ir e pedir perd\u00e3o. Pode-se ter vergonha de dizer os pecados, mas as nossas m\u00e3es e as nossas av\u00f3s diziam que \u00e9 melhor ficar vermelho uma vez que amarelo mil vezes. Fica-se vermelho uma vez, mas s\u00e3o perdoados os pecados e se segue adiante.<\/em><\/p>\n<p><em>Enfim, um \u00faltimo ponto: o sacerdote instrumento para o perd\u00e3o dos pecados. O perd\u00e3o de Deus que vem dado na Igreja \u00e9 transmitido por meio do minist\u00e9rio de um irm\u00e3o nosso, o sacerdote; tamb\u00e9m ele um homem que como n\u00f3s precisa de miseric\u00f3rdia, torna-se verdadeiramente instrumento de miseric\u00f3rdia, doando-nos o amor sem limites de Deus Pai. Tamb\u00e9m os sacerdotes precisam se confessar, mesmo os bispos: todos somos pecadores. Tamb\u00e9m o Papa se confessa a cada 15 dias, porque tamb\u00e9m o Papa \u00e9 um pecador. E o confessor ouve as coisas que eu lhe digo, aconselha-me e me perdoa, porque todos precisamos deste perd\u00e3o. \u00c0s vezes se ouve algu\u00e9m dizer que se confessa diretamente com Deus\u2026 Sim, como disse primeiro, Deus te escuta sempre, mas no sacramento da Reconcilia\u00e7\u00e3o envia um irm\u00e3o para levar o perd\u00e3o a voc\u00ea, a seguran\u00e7a do perd\u00e3o, em nome da Igreja.<\/em><\/p>\n<p><em>O servi\u00e7o que o sacerdote presta como ministro, por parte de Deus, para perdoar os pecados \u00e9 muito delicado e exige que o seu cora\u00e7\u00e3o esteja em paz, que o sacerdote tenha o cora\u00e7\u00e3o em paz; que n\u00e3o maltrate os fi\u00e9is, mas que seja brando, benevolente e misericordioso; que saiba semear esperan\u00e7a nos cora\u00e7\u00f5es e, sobretudo, seja consciente de que o irm\u00e3o ou a irm\u00e3 que se aproxima do sacramento da Reconcilia\u00e7\u00e3o procura o perd\u00e3o e o faz como tantas pessoas se aproximavam de Jesus para que as curasse. O sacerdote que n\u00e3o tenha esta disposi\u00e7\u00e3o de esp\u00edrito \u00e9 melhor que, at\u00e9 que se corrija, n\u00e3o administre este Sacramento. Os fi\u00e9is arrependidos t\u00eam o direito, todos os fi\u00e9is t\u00eam o direito de encontrar nos sacerdotes servos do perd\u00e3o de Deus.<\/em><\/p>\n<p><em>Queridos irm\u00e3os, como membros da Igreja, somos conscientes da beleza deste dom que o pr\u00f3prio Deus nos oferece? Sentimos a alegria desta cura, desta aten\u00e7\u00e3o materna que a Igreja tem conosco? Sabemos valoriz\u00e1-la com simplicidade e assiduidade? N\u00e3o nos esque\u00e7amos de que Deus n\u00e3o se cansa nunca de nos perdoar; mediante o minist\u00e9rio do sacerdote nos d\u00e1 um novo abra\u00e7o que nos regenera e nos permite levantar e retomar o caminho. Porque esta \u00e9 a nossa vida: levantar-se continuamente e retomar o caminho.<\/em><\/p>\n<hr \/>\n<p><em>Fonte: R\u00e1dio Vaticano<\/em><\/p>\n","protected":false},"excerpt":{"rendered":"<p>Audi\u00eancia Geral<\/p>\n","protected":false},"author":1,"featured_media":0,"comment_status":"closed","ping_status":"open","sticky":false,"template":"","format":"standard","meta":[],"categories":[1428],"tags":[487],"acf":[],"yoast_head":"<!-- This site is optimized with the Yoast SEO plugin v19.2 - https:\/\/yoast.com\/wordpress\/plugins\/seo\/ -->\n<title>&quot;Os sacerdotes s\u00e3o instrumentos da miseric\u00f3rdia de Deus&quot; - Not\u00edcias - Franciscanos<\/title>\n<meta name=\"robots\" content=\"index, follow, max-snippet:-1, max-image-preview:large, max-video-preview:-1\" \/>\n<link rel=\"canonical\" href=\"https:\/\/franciscanos.org.br\/noticias\/os-sacerdotes-sao-instrumentos-da-misericordia-infinita-de-deus.html\" \/>\n<meta property=\"og:locale\" content=\"pt_BR\" \/>\n<meta property=\"og:type\" content=\"article\" \/>\n<meta property=\"og:title\" content=\"&quot;Os sacerdotes s\u00e3o instrumentos da miseric\u00f3rdia de Deus&quot; - Not\u00edcias - Franciscanos\" \/>\n<meta property=\"og:description\" content=\"Audi\u00eancia Geral\" \/>\n<meta property=\"og:url\" content=\"https:\/\/franciscanos.org.br\/noticias\/os-sacerdotes-sao-instrumentos-da-misericordia-infinita-de-deus.html\" \/>\n<meta property=\"og:site_name\" content=\"Not\u00edcias - Franciscanos\" \/>\n<meta property=\"article:published_time\" content=\"2013-11-20T22:03:05+00:00\" \/>\n<meta property=\"article:modified_time\" content=\"2020-06-10T22:09:50+00:00\" \/>\n<meta property=\"og:image\" content=\"http:\/\/franciscanos.org.br\/wp-content\/uploads\/2013\/11\/francisco.jpg\" \/>\n<meta name=\"author\" content=\"admin\" \/>\n<meta name=\"twitter:card\" content=\"summary_large_image\" \/>\n<meta name=\"twitter:label1\" content=\"Escrito por\" \/>\n\t<meta name=\"twitter:data1\" content=\"admin\" \/>\n\t<meta name=\"twitter:label2\" content=\"Est. tempo de leitura\" \/>\n\t<meta name=\"twitter:data2\" content=\"11 minutos\" \/>\n<script type=\"application\/ld+json\" class=\"yoast-schema-graph\">{\"@context\":\"https:\/\/schema.org\",\"@graph\":[{\"@type\":\"WebSite\",\"@id\":\"https:\/\/franciscanos.org.br\/noticias\/#website\",\"url\":\"https:\/\/franciscanos.org.br\/noticias\/\",\"name\":\"Not\u00edcias - Franciscanos\",\"description\":\"Prov\u00edncia Franciscana da Imaculada Concei\u00e7\u00e3o do Brasil - Ordem dos Frades Menores - OFM\",\"potentialAction\":[{\"@type\":\"SearchAction\",\"target\":{\"@type\":\"EntryPoint\",\"urlTemplate\":\"https:\/\/franciscanos.org.br\/noticias\/?s={search_term_string}\"},\"query-input\":\"required name=search_term_string\"}],\"inLanguage\":\"pt-BR\"},{\"@type\":\"ImageObject\",\"inLanguage\":\"pt-BR\",\"@id\":\"https:\/\/franciscanos.org.br\/noticias\/os-sacerdotes-sao-instrumentos-da-misericordia-infinita-de-deus.html#primaryimage\",\"url\":\"http:\/\/franciscanos.org.br\/wp-content\/uploads\/2013\/11\/francisco.jpg\",\"contentUrl\":\"http:\/\/franciscanos.org.br\/wp-content\/uploads\/2013\/11\/francisco.jpg\"},{\"@type\":\"WebPage\",\"@id\":\"https:\/\/franciscanos.org.br\/noticias\/os-sacerdotes-sao-instrumentos-da-misericordia-infinita-de-deus.html#webpage\",\"url\":\"https:\/\/franciscanos.org.br\/noticias\/os-sacerdotes-sao-instrumentos-da-misericordia-infinita-de-deus.html\",\"name\":\"\\\"Os sacerdotes s\u00e3o instrumentos da miseric\u00f3rdia de Deus\\\" - Not\u00edcias - Franciscanos\",\"isPartOf\":{\"@id\":\"https:\/\/franciscanos.org.br\/noticias\/#website\"},\"primaryImageOfPage\":{\"@id\":\"https:\/\/franciscanos.org.br\/noticias\/os-sacerdotes-sao-instrumentos-da-misericordia-infinita-de-deus.html#primaryimage\"},\"datePublished\":\"2013-11-20T22:03:05+00:00\",\"dateModified\":\"2020-06-10T22:09:50+00:00\",\"author\":{\"@id\":\"https:\/\/franciscanos.org.br\/noticias\/#\/schema\/person\/b38fbf43118f02820bd932f2e4b14ad3\"},\"breadcrumb\":{\"@id\":\"https:\/\/franciscanos.org.br\/noticias\/os-sacerdotes-sao-instrumentos-da-misericordia-infinita-de-deus.html#breadcrumb\"},\"inLanguage\":\"pt-BR\",\"potentialAction\":[{\"@type\":\"ReadAction\",\"target\":[\"https:\/\/franciscanos.org.br\/noticias\/os-sacerdotes-sao-instrumentos-da-misericordia-infinita-de-deus.html\"]}]},{\"@type\":\"BreadcrumbList\",\"@id\":\"https:\/\/franciscanos.org.br\/noticias\/os-sacerdotes-sao-instrumentos-da-misericordia-infinita-de-deus.html#breadcrumb\",\"itemListElement\":[{\"@type\":\"ListItem\",\"position\":1,\"name\":\"Home\",\"item\":\"https:\/\/franciscanos.org.br\/noticias\"},{\"@type\":\"ListItem\",\"position\":2,\"name\":\"&#8220;Os sacerdotes s\u00e3o instrumentos da miseric\u00f3rdia de Deus&#8221;\"}]},{\"@type\":\"Person\",\"@id\":\"https:\/\/franciscanos.org.br\/noticias\/#\/schema\/person\/b38fbf43118f02820bd932f2e4b14ad3\",\"name\":\"admin\",\"image\":{\"@type\":\"ImageObject\",\"inLanguage\":\"pt-BR\",\"@id\":\"https:\/\/franciscanos.org.br\/noticias\/#\/schema\/person\/image\/\",\"url\":\"https:\/\/secure.gravatar.com\/avatar\/e8495742d34d0ba6448ea1c628263b3e?s=96&d=mm&r=g\",\"contentUrl\":\"https:\/\/secure.gravatar.com\/avatar\/e8495742d34d0ba6448ea1c628263b3e?s=96&d=mm&r=g\",\"caption\":\"admin\"},\"url\":\"https:\/\/franciscanos.org.br\/noticias\/author\/admin\"}]}<\/script>\n<!-- \/ Yoast SEO plugin. -->","yoast_head_json":{"title":"\"Os sacerdotes s\u00e3o instrumentos da miseric\u00f3rdia de Deus\" - Not\u00edcias - Franciscanos","robots":{"index":"index","follow":"follow","max-snippet":"max-snippet:-1","max-image-preview":"max-image-preview:large","max-video-preview":"max-video-preview:-1"},"canonical":"https:\/\/franciscanos.org.br\/noticias\/os-sacerdotes-sao-instrumentos-da-misericordia-infinita-de-deus.html","og_locale":"pt_BR","og_type":"article","og_title":"\"Os sacerdotes s\u00e3o instrumentos da miseric\u00f3rdia de Deus\" - Not\u00edcias - Franciscanos","og_description":"Audi\u00eancia Geral","og_url":"https:\/\/franciscanos.org.br\/noticias\/os-sacerdotes-sao-instrumentos-da-misericordia-infinita-de-deus.html","og_site_name":"Not\u00edcias - Franciscanos","article_published_time":"2013-11-20T22:03:05+00:00","article_modified_time":"2020-06-10T22:09:50+00:00","og_image":[{"url":"http:\/\/franciscanos.org.br\/wp-content\/uploads\/2013\/11\/francisco.jpg"}],"author":"admin","twitter_card":"summary_large_image","twitter_misc":{"Escrito por":"admin","Est. tempo de leitura":"11 minutos"},"schema":{"@context":"https:\/\/schema.org","@graph":[{"@type":"WebSite","@id":"https:\/\/franciscanos.org.br\/noticias\/#website","url":"https:\/\/franciscanos.org.br\/noticias\/","name":"Not\u00edcias - Franciscanos","description":"Prov\u00edncia Franciscana da Imaculada Concei\u00e7\u00e3o do Brasil - Ordem dos Frades Menores - OFM","potentialAction":[{"@type":"SearchAction","target":{"@type":"EntryPoint","urlTemplate":"https:\/\/franciscanos.org.br\/noticias\/?s={search_term_string}"},"query-input":"required name=search_term_string"}],"inLanguage":"pt-BR"},{"@type":"ImageObject","inLanguage":"pt-BR","@id":"https:\/\/franciscanos.org.br\/noticias\/os-sacerdotes-sao-instrumentos-da-misericordia-infinita-de-deus.html#primaryimage","url":"http:\/\/franciscanos.org.br\/wp-content\/uploads\/2013\/11\/francisco.jpg","contentUrl":"http:\/\/franciscanos.org.br\/wp-content\/uploads\/2013\/11\/francisco.jpg"},{"@type":"WebPage","@id":"https:\/\/franciscanos.org.br\/noticias\/os-sacerdotes-sao-instrumentos-da-misericordia-infinita-de-deus.html#webpage","url":"https:\/\/franciscanos.org.br\/noticias\/os-sacerdotes-sao-instrumentos-da-misericordia-infinita-de-deus.html","name":"\"Os sacerdotes s\u00e3o instrumentos da miseric\u00f3rdia de Deus\" - Not\u00edcias - Franciscanos","isPartOf":{"@id":"https:\/\/franciscanos.org.br\/noticias\/#website"},"primaryImageOfPage":{"@id":"https:\/\/franciscanos.org.br\/noticias\/os-sacerdotes-sao-instrumentos-da-misericordia-infinita-de-deus.html#primaryimage"},"datePublished":"2013-11-20T22:03:05+00:00","dateModified":"2020-06-10T22:09:50+00:00","author":{"@id":"https:\/\/franciscanos.org.br\/noticias\/#\/schema\/person\/b38fbf43118f02820bd932f2e4b14ad3"},"breadcrumb":{"@id":"https:\/\/franciscanos.org.br\/noticias\/os-sacerdotes-sao-instrumentos-da-misericordia-infinita-de-deus.html#breadcrumb"},"inLanguage":"pt-BR","potentialAction":[{"@type":"ReadAction","target":["https:\/\/franciscanos.org.br\/noticias\/os-sacerdotes-sao-instrumentos-da-misericordia-infinita-de-deus.html"]}]},{"@type":"BreadcrumbList","@id":"https:\/\/franciscanos.org.br\/noticias\/os-sacerdotes-sao-instrumentos-da-misericordia-infinita-de-deus.html#breadcrumb","itemListElement":[{"@type":"ListItem","position":1,"name":"Home","item":"https:\/\/franciscanos.org.br\/noticias"},{"@type":"ListItem","position":2,"name":"&#8220;Os sacerdotes s\u00e3o instrumentos da miseric\u00f3rdia de Deus&#8221;"}]},{"@type":"Person","@id":"https:\/\/franciscanos.org.br\/noticias\/#\/schema\/person\/b38fbf43118f02820bd932f2e4b14ad3","name":"admin","image":{"@type":"ImageObject","inLanguage":"pt-BR","@id":"https:\/\/franciscanos.org.br\/noticias\/#\/schema\/person\/image\/","url":"https:\/\/secure.gravatar.com\/avatar\/e8495742d34d0ba6448ea1c628263b3e?s=96&d=mm&r=g","contentUrl":"https:\/\/secure.gravatar.com\/avatar\/e8495742d34d0ba6448ea1c628263b3e?s=96&d=mm&r=g","caption":"admin"},"url":"https:\/\/franciscanos.org.br\/noticias\/author\/admin"}]}},"_links":{"self":[{"href":"https:\/\/franciscanos.org.br\/noticias\/wp-json\/wp\/v2\/posts\/50287"}],"collection":[{"href":"https:\/\/franciscanos.org.br\/noticias\/wp-json\/wp\/v2\/posts"}],"about":[{"href":"https:\/\/franciscanos.org.br\/noticias\/wp-json\/wp\/v2\/types\/post"}],"author":[{"embeddable":true,"href":"https:\/\/franciscanos.org.br\/noticias\/wp-json\/wp\/v2\/users\/1"}],"replies":[{"embeddable":true,"href":"https:\/\/franciscanos.org.br\/noticias\/wp-json\/wp\/v2\/comments?post=50287"}],"version-history":[{"count":1,"href":"https:\/\/franciscanos.org.br\/noticias\/wp-json\/wp\/v2\/posts\/50287\/revisions"}],"predecessor-version":[{"id":226253,"href":"https:\/\/franciscanos.org.br\/noticias\/wp-json\/wp\/v2\/posts\/50287\/revisions\/226253"}],"wp:attachment":[{"href":"https:\/\/franciscanos.org.br\/noticias\/wp-json\/wp\/v2\/media?parent=50287"}],"wp:term":[{"taxonomy":"category","embeddable":true,"href":"https:\/\/franciscanos.org.br\/noticias\/wp-json\/wp\/v2\/categories?post=50287"},{"taxonomy":"post_tag","embeddable":true,"href":"https:\/\/franciscanos.org.br\/noticias\/wp-json\/wp\/v2\/tags?post=50287"}],"curies":[{"name":"wp","href":"https:\/\/api.w.org\/{rel}","templated":true}]}}