{"id":50222,"date":"2013-11-19T14:52:14","date_gmt":"2013-11-19T16:52:14","guid":{"rendered":"http:\/\/new.franciscanos.org.br\/?p=50222"},"modified":"2020-01-31T13:16:28","modified_gmt":"2020-01-31T16:16:28","slug":"formadores-fazem-revisao-do-programa-formativo","status":"publish","type":"post","link":"https:\/\/franciscanos.org.br\/noticias\/formadores-fazem-revisao-do-programa-formativo.html","title":{"rendered":"Formadores fazem revis\u00e3o do programa formativo"},"content":{"rendered":"<p><img loading=\"lazy\" src=\"http:\/\/franciscanos.org.br\/wp-content\/uploads\/2013\/11\/conselho.jpg\" alt=\"conselho\" width=\"830\" height=\"263\" \/><\/p>\n<p><strong>Frei Gustavo Medella<\/strong><\/p>\n<p><strong>S\u00e3o Paulo (SP) &#8211;\u00a0<\/strong>Os mestres e orientadores de todas as etapas da Forma\u00e7\u00e3o Inicial est\u00e3o reunidos nestes dias 19 de 20 de novembro na Sede da Prov\u00edncia, em S\u00e3o Paulo. O encontro tem como objetivo realizar uma revis\u00e3o do programa formativo das diferentes etapas da forma\u00e7\u00e3o franciscana. De acordo com o Secret\u00e1rio para a Forma\u00e7\u00e3o e os Estudos da Prov\u00edncia, Frei Cesar K\u00fclkamp, a inten\u00e7\u00e3o \u00e9 rever o programa, seus objetivos e fundamentos, nos diferentes n\u00edveis, da forma\u00e7\u00e3o humana, crist\u00e3 e franciscana, al\u00e9m da prepara\u00e7\u00e3o para a evangeliza\u00e7\u00e3o nas diferentes frentes assumidas pela Prov\u00edncia. \u201cOs grandes desafios do mundo de hoje falam para todos, para os pais, para as fam\u00edlias, para as escolas e tamb\u00e9m devem ser levados em conta em nosso processo formativo\u201d, destacou Frei C\u00e9sar.<\/p>\n<p>O secret\u00e1rio destacou ainda a necessidade de se buscar um trabalho integrado entre a Forma\u00e7\u00e3o e as Frentes de trabalho abra\u00e7adas pela Prov\u00edncia. \u201cN\u00e3o queremos pensar a forma\u00e7\u00e3o como uma etapa preparat\u00f3ria, isolada, mas queremos nos formar continuamente dentro desse modo de ser evangelizador\u201d, Para Frei Cesar, a quest\u00e3o das novas tecnologias, especialmente no que diz respeito \u00e0 comunica\u00e7\u00e3o, com seus elementos positivos e negativos, precisa ser levada em conta no trabalho formativo.<\/p>\n<p>Al\u00e9m de Frei C\u00e9sar, participam da reuni\u00e3o Frei Paulo Cesar Ferreira da Silva (Orientador do Aspirantado), Frei Gilberto da Silva (Semin\u00e1rio \u2013 Ensino M\u00e9dio) Frei Marco Ant\u00f4nio dos Santos (Postulantado), Frei Samuel Ferreira de Lima (Noviciado), Frei Fabio C\u00e9sar Gomes (Filosofia) e Frei Marcos Ant\u00f4nio de Andrade (Teologia).<\/p>\n","protected":false},"excerpt":{"rendered":"<p>Institui\u00e7\u00e3o<\/p>\n","protected":false},"author":1,"featured_media":217901,"comment_status":"closed","ping_status":"open","sticky":false,"template":"","format":"standard","meta":[],"categories":[1],"tags":[],"acf":[],"yoast_head":"<!-- This site is optimized with the Yoast SEO plugin v19.2 - https:\/\/yoast.com\/wordpress\/plugins\/seo\/ -->\n<title>Formadores fazem revis\u00e3o do programa formativo - Not\u00edcias - Franciscanos<\/title>\n<meta name=\"robots\" content=\"index, follow, max-snippet:-1, max-image-preview:large, max-video-preview:-1\" \/>\n<link rel=\"canonical\" href=\"https:\/\/franciscanos.org.br\/noticias\/formadores-fazem-revisao-do-programa-formativo.html\" \/>\n<meta property=\"og:locale\" content=\"pt_BR\" \/>\n<meta property=\"og:type\" content=\"article\" \/>\n<meta property=\"og:title\" content=\"Formadores fazem revis\u00e3o do programa formativo - Not\u00edcias - Franciscanos\" \/>\n<meta property=\"og:description\" content=\"Institui\u00e7\u00e3o\" \/>\n<meta property=\"og:url\" content=\"https:\/\/franciscanos.org.br\/noticias\/formadores-fazem-revisao-do-programa-formativo.html\" \/>\n<meta property=\"og:site_name\" content=\"Not\u00edcias - Franciscanos\" \/>\n<meta property=\"article:published_time\" content=\"2013-11-19T16:52:14+00:00\" \/>\n<meta property=\"article:modified_time\" content=\"2020-01-31T16:16:28+00:00\" \/>\n<meta property=\"og:image\" content=\"https:\/\/franciscanos.org.br\/noticias\/wp-content\/uploads\/2013\/11\/conselho.jpg\" \/>\n\t<meta property=\"og:image:width\" content=\"273\" \/>\n\t<meta property=\"og:image:height\" content=\"181\" \/>\n\t<meta property=\"og:image:type\" content=\"image\/jpeg\" \/>\n<meta name=\"author\" content=\"admin\" \/>\n<meta name=\"twitter:card\" content=\"summary_large_image\" \/>\n<meta name=\"twitter:label1\" content=\"Escrito por\" \/>\n\t<meta name=\"twitter:data1\" content=\"admin\" \/>\n\t<meta name=\"twitter:label2\" content=\"Est. tempo de leitura\" \/>\n\t<meta name=\"twitter:data2\" content=\"1 minuto\" \/>\n<script type=\"application\/ld+json\" class=\"yoast-schema-graph\">{\"@context\":\"https:\/\/schema.org\",\"@graph\":[{\"@type\":\"WebSite\",\"@id\":\"https:\/\/franciscanos.org.br\/noticias\/#website\",\"url\":\"https:\/\/franciscanos.org.br\/noticias\/\",\"name\":\"Not\u00edcias - Franciscanos\",\"description\":\"Prov\u00edncia Franciscana da Imaculada Concei\u00e7\u00e3o do Brasil - Ordem dos Frades Menores - OFM\",\"potentialAction\":[{\"@type\":\"SearchAction\",\"target\":{\"@type\":\"EntryPoint\",\"urlTemplate\":\"https:\/\/franciscanos.org.br\/noticias\/?s={search_term_string}\"},\"query-input\":\"required name=search_term_string\"}],\"inLanguage\":\"pt-BR\"},{\"@type\":\"ImageObject\",\"inLanguage\":\"pt-BR\",\"@id\":\"https:\/\/franciscanos.org.br\/noticias\/formadores-fazem-revisao-do-programa-formativo.html#primaryimage\",\"url\":\"https:\/\/franciscanos.org.br\/noticias\/wp-content\/uploads\/2013\/11\/conselho.jpg\",\"contentUrl\":\"https:\/\/franciscanos.org.br\/noticias\/wp-content\/uploads\/2013\/11\/conselho.jpg\",\"width\":273,\"height\":181},{\"@type\":\"WebPage\",\"@id\":\"https:\/\/franciscanos.org.br\/noticias\/formadores-fazem-revisao-do-programa-formativo.html#webpage\",\"url\":\"https:\/\/franciscanos.org.br\/noticias\/formadores-fazem-revisao-do-programa-formativo.html\",\"name\":\"Formadores fazem revis\u00e3o do programa formativo - Not\u00edcias - Franciscanos\",\"isPartOf\":{\"@id\":\"https:\/\/franciscanos.org.br\/noticias\/#website\"},\"primaryImageOfPage\":{\"@id\":\"https:\/\/franciscanos.org.br\/noticias\/formadores-fazem-revisao-do-programa-formativo.html#primaryimage\"},\"datePublished\":\"2013-11-19T16:52:14+00:00\",\"dateModified\":\"2020-01-31T16:16:28+00:00\",\"author\":{\"@id\":\"https:\/\/franciscanos.org.br\/noticias\/#\/schema\/person\/b38fbf43118f02820bd932f2e4b14ad3\"},\"breadcrumb\":{\"@id\":\"https:\/\/franciscanos.org.br\/noticias\/formadores-fazem-revisao-do-programa-formativo.html#breadcrumb\"},\"inLanguage\":\"pt-BR\",\"potentialAction\":[{\"@type\":\"ReadAction\",\"target\":[\"https:\/\/franciscanos.org.br\/noticias\/formadores-fazem-revisao-do-programa-formativo.html\"]}]},{\"@type\":\"BreadcrumbList\",\"@id\":\"https:\/\/franciscanos.org.br\/noticias\/formadores-fazem-revisao-do-programa-formativo.html#breadcrumb\",\"itemListElement\":[{\"@type\":\"ListItem\",\"position\":1,\"name\":\"Home\",\"item\":\"https:\/\/franciscanos.org.br\/noticias\"},{\"@type\":\"ListItem\",\"position\":2,\"name\":\"Formadores fazem revis\u00e3o do programa formativo\"}]},{\"@type\":\"Person\",\"@id\":\"https:\/\/franciscanos.org.br\/noticias\/#\/schema\/person\/b38fbf43118f02820bd932f2e4b14ad3\",\"name\":\"admin\",\"image\":{\"@type\":\"ImageObject\",\"inLanguage\":\"pt-BR\",\"@id\":\"https:\/\/franciscanos.org.br\/noticias\/#\/schema\/person\/image\/\",\"url\":\"https:\/\/secure.gravatar.com\/avatar\/e8495742d34d0ba6448ea1c628263b3e?s=96&d=mm&r=g\",\"contentUrl\":\"https:\/\/secure.gravatar.com\/avatar\/e8495742d34d0ba6448ea1c628263b3e?s=96&d=mm&r=g\",\"caption\":\"admin\"},\"url\":\"https:\/\/franciscanos.org.br\/noticias\/author\/admin\"}]}<\/script>\n<!-- \/ Yoast SEO plugin. -->","yoast_head_json":{"title":"Formadores fazem revis\u00e3o do programa formativo - Not\u00edcias - Franciscanos","robots":{"index":"index","follow":"follow","max-snippet":"max-snippet:-1","max-image-preview":"max-image-preview:large","max-video-preview":"max-video-preview:-1"},"canonical":"https:\/\/franciscanos.org.br\/noticias\/formadores-fazem-revisao-do-programa-formativo.html","og_locale":"pt_BR","og_type":"article","og_title":"Formadores fazem revis\u00e3o do programa formativo - Not\u00edcias - Franciscanos","og_description":"Institui\u00e7\u00e3o","og_url":"https:\/\/franciscanos.org.br\/noticias\/formadores-fazem-revisao-do-programa-formativo.html","og_site_name":"Not\u00edcias - Franciscanos","article_published_time":"2013-11-19T16:52:14+00:00","article_modified_time":"2020-01-31T16:16:28+00:00","og_image":[{"width":273,"height":181,"url":"https:\/\/franciscanos.org.br\/noticias\/wp-content\/uploads\/2013\/11\/conselho.jpg","type":"image\/jpeg"}],"author":"admin","twitter_card":"summary_large_image","twitter_misc":{"Escrito por":"admin","Est. tempo de leitura":"1 minuto"},"schema":{"@context":"https:\/\/schema.org","@graph":[{"@type":"WebSite","@id":"https:\/\/franciscanos.org.br\/noticias\/#website","url":"https:\/\/franciscanos.org.br\/noticias\/","name":"Not\u00edcias - Franciscanos","description":"Prov\u00edncia Franciscana da Imaculada Concei\u00e7\u00e3o do Brasil - Ordem dos Frades Menores - OFM","potentialAction":[{"@type":"SearchAction","target":{"@type":"EntryPoint","urlTemplate":"https:\/\/franciscanos.org.br\/noticias\/?s={search_term_string}"},"query-input":"required name=search_term_string"}],"inLanguage":"pt-BR"},{"@type":"ImageObject","inLanguage":"pt-BR","@id":"https:\/\/franciscanos.org.br\/noticias\/formadores-fazem-revisao-do-programa-formativo.html#primaryimage","url":"https:\/\/franciscanos.org.br\/noticias\/wp-content\/uploads\/2013\/11\/conselho.jpg","contentUrl":"https:\/\/franciscanos.org.br\/noticias\/wp-content\/uploads\/2013\/11\/conselho.jpg","width":273,"height":181},{"@type":"WebPage","@id":"https:\/\/franciscanos.org.br\/noticias\/formadores-fazem-revisao-do-programa-formativo.html#webpage","url":"https:\/\/franciscanos.org.br\/noticias\/formadores-fazem-revisao-do-programa-formativo.html","name":"Formadores fazem revis\u00e3o do programa formativo - Not\u00edcias - Franciscanos","isPartOf":{"@id":"https:\/\/franciscanos.org.br\/noticias\/#website"},"primaryImageOfPage":{"@id":"https:\/\/franciscanos.org.br\/noticias\/formadores-fazem-revisao-do-programa-formativo.html#primaryimage"},"datePublished":"2013-11-19T16:52:14+00:00","dateModified":"2020-01-31T16:16:28+00:00","author":{"@id":"https:\/\/franciscanos.org.br\/noticias\/#\/schema\/person\/b38fbf43118f02820bd932f2e4b14ad3"},"breadcrumb":{"@id":"https:\/\/franciscanos.org.br\/noticias\/formadores-fazem-revisao-do-programa-formativo.html#breadcrumb"},"inLanguage":"pt-BR","potentialAction":[{"@type":"ReadAction","target":["https:\/\/franciscanos.org.br\/noticias\/formadores-fazem-revisao-do-programa-formativo.html"]}]},{"@type":"BreadcrumbList","@id":"https:\/\/franciscanos.org.br\/noticias\/formadores-fazem-revisao-do-programa-formativo.html#breadcrumb","itemListElement":[{"@type":"ListItem","position":1,"name":"Home","item":"https:\/\/franciscanos.org.br\/noticias"},{"@type":"ListItem","position":2,"name":"Formadores fazem revis\u00e3o do programa formativo"}]},{"@type":"Person","@id":"https:\/\/franciscanos.org.br\/noticias\/#\/schema\/person\/b38fbf43118f02820bd932f2e4b14ad3","name":"admin","image":{"@type":"ImageObject","inLanguage":"pt-BR","@id":"https:\/\/franciscanos.org.br\/noticias\/#\/schema\/person\/image\/","url":"https:\/\/secure.gravatar.com\/avatar\/e8495742d34d0ba6448ea1c628263b3e?s=96&d=mm&r=g","contentUrl":"https:\/\/secure.gravatar.com\/avatar\/e8495742d34d0ba6448ea1c628263b3e?s=96&d=mm&r=g","caption":"admin"},"url":"https:\/\/franciscanos.org.br\/noticias\/author\/admin"}]}},"_links":{"self":[{"href":"https:\/\/franciscanos.org.br\/noticias\/wp-json\/wp\/v2\/posts\/50222"}],"collection":[{"href":"https:\/\/franciscanos.org.br\/noticias\/wp-json\/wp\/v2\/posts"}],"about":[{"href":"https:\/\/franciscanos.org.br\/noticias\/wp-json\/wp\/v2\/types\/post"}],"author":[{"embeddable":true,"href":"https:\/\/franciscanos.org.br\/noticias\/wp-json\/wp\/v2\/users\/1"}],"replies":[{"embeddable":true,"href":"https:\/\/franciscanos.org.br\/noticias\/wp-json\/wp\/v2\/comments?post=50222"}],"version-history":[{"count":0,"href":"https:\/\/franciscanos.org.br\/noticias\/wp-json\/wp\/v2\/posts\/50222\/revisions"}],"wp:featuredmedia":[{"embeddable":true,"href":"https:\/\/franciscanos.org.br\/noticias\/wp-json\/wp\/v2\/media\/217901"}],"wp:attachment":[{"href":"https:\/\/franciscanos.org.br\/noticias\/wp-json\/wp\/v2\/media?parent=50222"}],"wp:term":[{"taxonomy":"category","embeddable":true,"href":"https:\/\/franciscanos.org.br\/noticias\/wp-json\/wp\/v2\/categories?post=50222"},{"taxonomy":"post_tag","embeddable":true,"href":"https:\/\/franciscanos.org.br\/noticias\/wp-json\/wp\/v2\/tags?post=50222"}],"curies":[{"name":"wp","href":"https:\/\/api.w.org\/{rel}","templated":true}]}}