{"id":50218,"date":"2013-11-19T13:44:35","date_gmt":"2013-11-19T15:44:35","guid":{"rendered":"http:\/\/new.franciscanos.org.br\/?p=50218"},"modified":"2020-06-10T19:12:01","modified_gmt":"2020-06-10T22:12:01","slug":"vivemos-numa-epoca-em-que-os-idosos-nao-contam","status":"publish","type":"post","link":"https:\/\/franciscanos.org.br\/noticias\/vivemos-numa-epoca-em-que-os-idosos-nao-contam.html","title":{"rendered":"\u201cVivemos numa \u00e9poca em que os idosos n\u00e3o contam&#8221;"},"content":{"rendered":"<p>&nbsp;<\/p>\n<p><img loading=\"lazy\" class=\"alignnone size-full wp-image-226243\" src=\"https:\/\/franciscanos.org.br\/noticias\/wp-content\/uploads\/2014\/01\/marta_2014d.jpg\" alt=\"\" width=\"800\" height=\"601\" srcset=\"https:\/\/franciscanos.org.br\/noticias\/wp-content\/uploads\/2014\/01\/marta_2014d.jpg 800w, https:\/\/franciscanos.org.br\/noticias\/wp-content\/uploads\/2014\/01\/marta_2014d-450x338.jpg 450w, https:\/\/franciscanos.org.br\/noticias\/wp-content\/uploads\/2014\/01\/marta_2014d-768x577.jpg 768w, https:\/\/franciscanos.org.br\/noticias\/wp-content\/uploads\/2014\/01\/marta_2014d-150x113.jpg 150w, https:\/\/franciscanos.org.br\/noticias\/wp-content\/uploads\/2014\/01\/marta_2014d-600x450.jpg 600w\" sizes=\"(max-width: 800px) 100vw, 800px\" \/><\/p>\n<p><strong>Cidade do Vaticano<\/strong> \u2013 \u201cUm povo que n\u00e3o respeita os av\u00f3s \u00e9 um povo sem mem\u00f3ria e consequentemente, sem futuro\u201d. Este foi o ensinamento proposto pelo Papa Francisco na homilia da missa celebrada na manh\u00e3 de ter\u00e7a-feira, 19, na Casa Santa Marta.<\/p>\n<p>O Papa comentou o epis\u00f3dio b\u00edblico de Eleazar, o idoso que optou pelo mart\u00edrio em coer\u00eancia com sua f\u00e9 em Deus e para dar um testemunho de retid\u00e3o aos jovens. Diante da escolha entre a apostasia e a fidelidade, n\u00e3o teve d\u00favidas e pensou que seu gesto de coragem poderia ser um exemplo para os mais jovens:<\/p>\n<p>\u201cVivemos numa \u00e9poca em que os idosos n\u00e3o contam. \u00c9 triste admitir, mas n\u00f3s os \u2018descartamos\u2019 porque incomodam. Os idosos nos trazem a hist\u00f3ria, nos transmitem a doutrina, nos mostram a f\u00e9 e a deixam como heran\u00e7a. Como um bom vinho envelhecido, t\u00eam uma for\u00e7a interior que nos propicia uma nobre heran\u00e7a\u201d.<\/p>\n<p>Papa Francisco contou aos presentes que quando era pequeno ouviu a hist\u00f3ria de uma fam\u00edlia de pai, m\u00e3e, filhos e um av\u00f4, que quanto tomava sopa, se sujava. Incomodado, o pai comprou uma mesinha para que o idoso passasse a comer sozinho. Ao voltar a casa, \u00e0 noite, este pai encontrou seu filho construindo uma mesinha de madeira. O menino lhe explicou que ela serviria ao pai, para quando envelhecesse como o av\u00f4.<\/p>\n<p>\u201cEsta hist\u00f3ria sempre me fez t\u00e3o bem, toda a vida. Os av\u00f3s s\u00e3o um tesouro. A mem\u00f3ria de nossos antepassados leva \u00e0 imita\u00e7\u00e3o da f\u00e9. A velhice \u00e0s vezes \u00e9 feia por causa das doen\u00e7as e de todo o resto, mas a sabedoria de nossos av\u00f3s \u00e9 a heran\u00e7a que recebemos. Um povo que n\u00e3o resguarda e n\u00e3o os respeita os av\u00f3s n\u00e3o tem futuro porque perde a mem\u00f3ria\u201d.<\/p>\n<p>Enfim, o Papa Francisco recomendou que pensemos nos idosos e idosas que moram em casas de repouso e tamb\u00e9m nos muitos anci\u00e3os que foram abandonados por suas fam\u00edlias. \u201cEles s\u00e3o um tesouro para nossa sociedade\u201d, frisou, pedindo:<\/p>\n<p>\u201cRezemos por nossos av\u00f3s e av\u00f4s que muitas vezes tiveram um papel her\u00f3ico na transmiss\u00e3o da f\u00e9 em tempos de persegui\u00e7\u00e3o. Quando nossos pais n\u00e3o estavam em casa, ou tinham id\u00e9ias estranhas como as que a pol\u00edtica ensinava naquela \u00e9poca, foram as av\u00f3s a nos transmitir a f\u00e9. O quarto mandamento, lembrou o Papa, \u00e9 o \u00fanico que promete algo em troca: \u00e9 o mandamento da piedade. Pe\u00e7amos hoje aos velhos Santos Sim\u00e3o, Ana, Policarpo e Eleazar a gra\u00e7a de proteger, escutar e venerar os nossos antepassados, nossos av\u00f3s\u201d.<\/p>\n<hr \/>\n<p><em>Fonte: R\u00e1dio Vaticano<\/em><\/p>\n","protected":false},"excerpt":{"rendered":"<p>Missa em Santa Marta<\/p>\n","protected":false},"author":1,"featured_media":226242,"comment_status":"closed","ping_status":"open","sticky":false,"template":"","format":"standard","meta":[],"categories":[1428],"tags":[1586],"acf":[],"yoast_head":"<!-- This site is optimized with the Yoast SEO plugin v19.2 - https:\/\/yoast.com\/wordpress\/plugins\/seo\/ -->\n<title>\u201cVivemos numa \u00e9poca em que os idosos n\u00e3o contam&quot; - Not\u00edcias - Franciscanos<\/title>\n<meta name=\"robots\" content=\"index, follow, max-snippet:-1, max-image-preview:large, max-video-preview:-1\" \/>\n<link rel=\"canonical\" href=\"https:\/\/franciscanos.org.br\/noticias\/vivemos-numa-epoca-em-que-os-idosos-nao-contam.html\" \/>\n<meta property=\"og:locale\" content=\"pt_BR\" \/>\n<meta property=\"og:type\" content=\"article\" \/>\n<meta property=\"og:title\" content=\"\u201cVivemos numa \u00e9poca em que os idosos n\u00e3o contam&quot; - Not\u00edcias - Franciscanos\" \/>\n<meta property=\"og:description\" content=\"Missa em Santa Marta\" \/>\n<meta property=\"og:url\" content=\"https:\/\/franciscanos.org.br\/noticias\/vivemos-numa-epoca-em-que-os-idosos-nao-contam.html\" \/>\n<meta property=\"og:site_name\" content=\"Not\u00edcias - Franciscanos\" \/>\n<meta property=\"article:published_time\" content=\"2013-11-19T15:44:35+00:00\" \/>\n<meta property=\"article:modified_time\" content=\"2020-06-10T22:12:01+00:00\" \/>\n<meta property=\"og:image\" content=\"https:\/\/franciscanos.org.br\/noticias\/wp-content\/uploads\/2014\/01\/marta_2014.jpeg\" \/>\n\t<meta property=\"og:image:width\" content=\"750\" \/>\n\t<meta property=\"og:image:height\" content=\"422\" \/>\n\t<meta property=\"og:image:type\" content=\"image\/jpeg\" \/>\n<meta name=\"author\" content=\"admin\" \/>\n<meta name=\"twitter:card\" content=\"summary_large_image\" \/>\n<meta name=\"twitter:label1\" content=\"Escrito por\" \/>\n\t<meta name=\"twitter:data1\" content=\"admin\" \/>\n\t<meta name=\"twitter:label2\" content=\"Est. tempo de leitura\" \/>\n\t<meta name=\"twitter:data2\" content=\"2 minutos\" \/>\n<script type=\"application\/ld+json\" class=\"yoast-schema-graph\">{\"@context\":\"https:\/\/schema.org\",\"@graph\":[{\"@type\":\"WebSite\",\"@id\":\"https:\/\/franciscanos.org.br\/noticias\/#website\",\"url\":\"https:\/\/franciscanos.org.br\/noticias\/\",\"name\":\"Not\u00edcias - Franciscanos\",\"description\":\"Prov\u00edncia Franciscana da Imaculada Concei\u00e7\u00e3o do Brasil - Ordem dos Frades Menores - OFM\",\"potentialAction\":[{\"@type\":\"SearchAction\",\"target\":{\"@type\":\"EntryPoint\",\"urlTemplate\":\"https:\/\/franciscanos.org.br\/noticias\/?s={search_term_string}\"},\"query-input\":\"required name=search_term_string\"}],\"inLanguage\":\"pt-BR\"},{\"@type\":\"ImageObject\",\"inLanguage\":\"pt-BR\",\"@id\":\"https:\/\/franciscanos.org.br\/noticias\/vivemos-numa-epoca-em-que-os-idosos-nao-contam.html#primaryimage\",\"url\":\"https:\/\/franciscanos.org.br\/noticias\/wp-content\/uploads\/2014\/01\/marta_2014.jpeg\",\"contentUrl\":\"https:\/\/franciscanos.org.br\/noticias\/wp-content\/uploads\/2014\/01\/marta_2014.jpeg\",\"width\":750,\"height\":422},{\"@type\":\"WebPage\",\"@id\":\"https:\/\/franciscanos.org.br\/noticias\/vivemos-numa-epoca-em-que-os-idosos-nao-contam.html#webpage\",\"url\":\"https:\/\/franciscanos.org.br\/noticias\/vivemos-numa-epoca-em-que-os-idosos-nao-contam.html\",\"name\":\"\u201cVivemos numa \u00e9poca em que os idosos n\u00e3o contam\\\" - Not\u00edcias - Franciscanos\",\"isPartOf\":{\"@id\":\"https:\/\/franciscanos.org.br\/noticias\/#website\"},\"primaryImageOfPage\":{\"@id\":\"https:\/\/franciscanos.org.br\/noticias\/vivemos-numa-epoca-em-que-os-idosos-nao-contam.html#primaryimage\"},\"datePublished\":\"2013-11-19T15:44:35+00:00\",\"dateModified\":\"2020-06-10T22:12:01+00:00\",\"author\":{\"@id\":\"https:\/\/franciscanos.org.br\/noticias\/#\/schema\/person\/b38fbf43118f02820bd932f2e4b14ad3\"},\"breadcrumb\":{\"@id\":\"https:\/\/franciscanos.org.br\/noticias\/vivemos-numa-epoca-em-que-os-idosos-nao-contam.html#breadcrumb\"},\"inLanguage\":\"pt-BR\",\"potentialAction\":[{\"@type\":\"ReadAction\",\"target\":[\"https:\/\/franciscanos.org.br\/noticias\/vivemos-numa-epoca-em-que-os-idosos-nao-contam.html\"]}]},{\"@type\":\"BreadcrumbList\",\"@id\":\"https:\/\/franciscanos.org.br\/noticias\/vivemos-numa-epoca-em-que-os-idosos-nao-contam.html#breadcrumb\",\"itemListElement\":[{\"@type\":\"ListItem\",\"position\":1,\"name\":\"Home\",\"item\":\"https:\/\/franciscanos.org.br\/noticias\"},{\"@type\":\"ListItem\",\"position\":2,\"name\":\"\u201cVivemos numa \u00e9poca em que os idosos n\u00e3o contam&#8221;\"}]},{\"@type\":\"Person\",\"@id\":\"https:\/\/franciscanos.org.br\/noticias\/#\/schema\/person\/b38fbf43118f02820bd932f2e4b14ad3\",\"name\":\"admin\",\"image\":{\"@type\":\"ImageObject\",\"inLanguage\":\"pt-BR\",\"@id\":\"https:\/\/franciscanos.org.br\/noticias\/#\/schema\/person\/image\/\",\"url\":\"https:\/\/secure.gravatar.com\/avatar\/e8495742d34d0ba6448ea1c628263b3e?s=96&d=mm&r=g\",\"contentUrl\":\"https:\/\/secure.gravatar.com\/avatar\/e8495742d34d0ba6448ea1c628263b3e?s=96&d=mm&r=g\",\"caption\":\"admin\"},\"url\":\"https:\/\/franciscanos.org.br\/noticias\/author\/admin\"}]}<\/script>\n<!-- \/ Yoast SEO plugin. -->","yoast_head_json":{"title":"\u201cVivemos numa \u00e9poca em que os idosos n\u00e3o contam\" - Not\u00edcias - Franciscanos","robots":{"index":"index","follow":"follow","max-snippet":"max-snippet:-1","max-image-preview":"max-image-preview:large","max-video-preview":"max-video-preview:-1"},"canonical":"https:\/\/franciscanos.org.br\/noticias\/vivemos-numa-epoca-em-que-os-idosos-nao-contam.html","og_locale":"pt_BR","og_type":"article","og_title":"\u201cVivemos numa \u00e9poca em que os idosos n\u00e3o contam\" - Not\u00edcias - Franciscanos","og_description":"Missa em Santa Marta","og_url":"https:\/\/franciscanos.org.br\/noticias\/vivemos-numa-epoca-em-que-os-idosos-nao-contam.html","og_site_name":"Not\u00edcias - Franciscanos","article_published_time":"2013-11-19T15:44:35+00:00","article_modified_time":"2020-06-10T22:12:01+00:00","og_image":[{"width":750,"height":422,"url":"https:\/\/franciscanos.org.br\/noticias\/wp-content\/uploads\/2014\/01\/marta_2014.jpeg","type":"image\/jpeg"}],"author":"admin","twitter_card":"summary_large_image","twitter_misc":{"Escrito por":"admin","Est. tempo de leitura":"2 minutos"},"schema":{"@context":"https:\/\/schema.org","@graph":[{"@type":"WebSite","@id":"https:\/\/franciscanos.org.br\/noticias\/#website","url":"https:\/\/franciscanos.org.br\/noticias\/","name":"Not\u00edcias - Franciscanos","description":"Prov\u00edncia Franciscana da Imaculada Concei\u00e7\u00e3o do Brasil - Ordem dos Frades Menores - OFM","potentialAction":[{"@type":"SearchAction","target":{"@type":"EntryPoint","urlTemplate":"https:\/\/franciscanos.org.br\/noticias\/?s={search_term_string}"},"query-input":"required name=search_term_string"}],"inLanguage":"pt-BR"},{"@type":"ImageObject","inLanguage":"pt-BR","@id":"https:\/\/franciscanos.org.br\/noticias\/vivemos-numa-epoca-em-que-os-idosos-nao-contam.html#primaryimage","url":"https:\/\/franciscanos.org.br\/noticias\/wp-content\/uploads\/2014\/01\/marta_2014.jpeg","contentUrl":"https:\/\/franciscanos.org.br\/noticias\/wp-content\/uploads\/2014\/01\/marta_2014.jpeg","width":750,"height":422},{"@type":"WebPage","@id":"https:\/\/franciscanos.org.br\/noticias\/vivemos-numa-epoca-em-que-os-idosos-nao-contam.html#webpage","url":"https:\/\/franciscanos.org.br\/noticias\/vivemos-numa-epoca-em-que-os-idosos-nao-contam.html","name":"\u201cVivemos numa \u00e9poca em que os idosos n\u00e3o contam\" - Not\u00edcias - Franciscanos","isPartOf":{"@id":"https:\/\/franciscanos.org.br\/noticias\/#website"},"primaryImageOfPage":{"@id":"https:\/\/franciscanos.org.br\/noticias\/vivemos-numa-epoca-em-que-os-idosos-nao-contam.html#primaryimage"},"datePublished":"2013-11-19T15:44:35+00:00","dateModified":"2020-06-10T22:12:01+00:00","author":{"@id":"https:\/\/franciscanos.org.br\/noticias\/#\/schema\/person\/b38fbf43118f02820bd932f2e4b14ad3"},"breadcrumb":{"@id":"https:\/\/franciscanos.org.br\/noticias\/vivemos-numa-epoca-em-que-os-idosos-nao-contam.html#breadcrumb"},"inLanguage":"pt-BR","potentialAction":[{"@type":"ReadAction","target":["https:\/\/franciscanos.org.br\/noticias\/vivemos-numa-epoca-em-que-os-idosos-nao-contam.html"]}]},{"@type":"BreadcrumbList","@id":"https:\/\/franciscanos.org.br\/noticias\/vivemos-numa-epoca-em-que-os-idosos-nao-contam.html#breadcrumb","itemListElement":[{"@type":"ListItem","position":1,"name":"Home","item":"https:\/\/franciscanos.org.br\/noticias"},{"@type":"ListItem","position":2,"name":"\u201cVivemos numa \u00e9poca em que os idosos n\u00e3o contam&#8221;"}]},{"@type":"Person","@id":"https:\/\/franciscanos.org.br\/noticias\/#\/schema\/person\/b38fbf43118f02820bd932f2e4b14ad3","name":"admin","image":{"@type":"ImageObject","inLanguage":"pt-BR","@id":"https:\/\/franciscanos.org.br\/noticias\/#\/schema\/person\/image\/","url":"https:\/\/secure.gravatar.com\/avatar\/e8495742d34d0ba6448ea1c628263b3e?s=96&d=mm&r=g","contentUrl":"https:\/\/secure.gravatar.com\/avatar\/e8495742d34d0ba6448ea1c628263b3e?s=96&d=mm&r=g","caption":"admin"},"url":"https:\/\/franciscanos.org.br\/noticias\/author\/admin"}]}},"_links":{"self":[{"href":"https:\/\/franciscanos.org.br\/noticias\/wp-json\/wp\/v2\/posts\/50218"}],"collection":[{"href":"https:\/\/franciscanos.org.br\/noticias\/wp-json\/wp\/v2\/posts"}],"about":[{"href":"https:\/\/franciscanos.org.br\/noticias\/wp-json\/wp\/v2\/types\/post"}],"author":[{"embeddable":true,"href":"https:\/\/franciscanos.org.br\/noticias\/wp-json\/wp\/v2\/users\/1"}],"replies":[{"embeddable":true,"href":"https:\/\/franciscanos.org.br\/noticias\/wp-json\/wp\/v2\/comments?post=50218"}],"version-history":[{"count":2,"href":"https:\/\/franciscanos.org.br\/noticias\/wp-json\/wp\/v2\/posts\/50218\/revisions"}],"predecessor-version":[{"id":226255,"href":"https:\/\/franciscanos.org.br\/noticias\/wp-json\/wp\/v2\/posts\/50218\/revisions\/226255"}],"wp:featuredmedia":[{"embeddable":true,"href":"https:\/\/franciscanos.org.br\/noticias\/wp-json\/wp\/v2\/media\/226242"}],"wp:attachment":[{"href":"https:\/\/franciscanos.org.br\/noticias\/wp-json\/wp\/v2\/media?parent=50218"}],"wp:term":[{"taxonomy":"category","embeddable":true,"href":"https:\/\/franciscanos.org.br\/noticias\/wp-json\/wp\/v2\/categories?post=50218"},{"taxonomy":"post_tag","embeddable":true,"href":"https:\/\/franciscanos.org.br\/noticias\/wp-json\/wp\/v2\/tags?post=50218"}],"curies":[{"name":"wp","href":"https:\/\/api.w.org\/{rel}","templated":true}]}}