{"id":50090,"date":"2013-11-18T08:38:01","date_gmt":"2013-11-18T10:38:01","guid":{"rendered":"http:\/\/new.franciscanos.org.br\/?p=50090"},"modified":"2020-06-10T19:12:36","modified_gmt":"2020-06-10T22:12:36","slug":"papa-nao-se-deixem-enganar-pelos-falsos-messias","status":"publish","type":"post","link":"https:\/\/franciscanos.org.br\/noticias\/papa-nao-se-deixem-enganar-pelos-falsos-messias.html","title":{"rendered":"Papa: &#8220;N\u00e3o se deixem enganar pelos falsos messias&#8221;"},"content":{"rendered":"<p><img loading=\"lazy\" src=\"http:\/\/franciscanos.org.br\/wp-content\/uploads\/2013\/11\/papa1.jpg\" alt=\"papa\" width=\"830\" height=\"408\" \/><\/p>\n<p><strong>Cidade do Vaticano (RV) \u2013<\/strong> Como faz todo o domingo, ao meio-dia, o Papa Francisco rezou o Angelus da janela da Resid\u00eancia Apost\u00f3lica, no Vaticano, que d\u00e1 para a Pra\u00e7a S\u00e3o Pedro. Diante de numerosos peregrinos e fi\u00e9is, o Santo Padre fez sua reflex\u00e3o a partir da Liturgia do dia, falando sobre a primeira parte de um discurso de Jesus, narrado no Evangelho, ou seja, sobre o fim dos tempos.<\/p>\n<p>Jesus pronunciou este discurso no Templo de Jerusal\u00e9m, inspirando-se nas pessoas que comentavam sobre a grandeza e beleza daquele Templo. Ent\u00e3o, Jesus disse: &#8220;Dias vir\u00e3o em que, tudo o que se v\u00ea agora, n\u00e3o ficar\u00e1 pedra sobre pedra&#8221;. Naturalmente, os disc\u00edpulos lhe perguntaram: quando isso vai acontecer? Quais ser\u00e3o os sinais? Mas, Jesus, disse o Papa, desvia a aten\u00e7\u00e3o destes aspectos secund\u00e1rios \u201cquando acontecer\u00e1\u201d, \u201ccomo ser\u00e1\u201d, para falar de quest\u00f5es mais s\u00e9rias.<\/p>\n<p>\u201cPrimeiro, n\u00e3o se deixar enganar pelos falsos messias e n\u00e3o se deixar paralisar pelo medo. Segundo, viver o tempo de espera como tempo de testemunho e de perseveran\u00e7a\u201d.<\/p>\n<p>Este discurso de Jesus, explicou o Pont\u00edfice, \u00e9 sempre atual, sobretudo para n\u00f3s, que vivemos no s\u00e9culo XXI. De fato, Jesus nos repete: &#8220;Cuidado para n\u00e3o se deixar enganar. Muitos vir\u00e3o em meu nome&#8221;. Eis um convite ao discernimento:<\/p>\n<p>\u201cAinda hoje, na verdade, existem falsos &#8220;salvadores&#8221;, que tentam substituir Jesus: l\u00edderes deste mundo, santarr\u00f5es, personagens que querem atrair os cora\u00e7\u00f5es e as mentes, especialmente os jovens. Mas, Jesus nos adverte: &#8220;N\u00e3o os sigam\u201d!<\/p>\n<p>O Senhor, acrescentou o Pont\u00edfice, nos ajuda a n\u00e3o termos medo diante das guerras, das revolu\u00e7\u00f5es, mas tamb\u00e9m das cat\u00e1strofes naturais, das epidemias, pois nos livra do fatalismo e das falsas vis\u00f5es apocal\u00edpticas. E, explicando o segundo aspecto, ou seja, para viver o tempo de espera como tempo de testemunho e de perseveran\u00e7a, o Santo Padre disse:<\/p>\n<p>\u201cO segundo aspecto nos interpela, precisamente, como crist\u00e3os e como Igreja: Jesus preanuncia as prova\u00e7\u00f5es dolorosas e as persegui\u00e7\u00f5es, pelas quais seus disc\u00edpulos deveriam passar por sua causa. No entanto, ele nos assegura que estamos totalmente nas m\u00e3os de Deus!\u201d.<\/p>\n<p>Com efeito, precisou o Papa, as adversidades que encontramos, por causa da nossa f\u00e9 e da nossa ades\u00e3o ao Evangelho, s\u00e3o ocasi\u00f5es de testemunho; elas n\u00e3o devem nos afastar do Senhor, pelo contr\u00e1rio, devem nos levar a nos abandonar ainda mais em suas m\u00e3os, no poder do seu Esp\u00edrito e na sua gra\u00e7a.<\/p>\n<p>Aqui, o Bispo de Roma dirigiu seu pensamento aos numerosos irm\u00e3os e irm\u00e3s crist\u00e3os, que sofrem persegui\u00e7\u00f5es, por causa da sua f\u00e9, em v\u00e1rias partes do mundo. S\u00e3o tantos, disse, talvez bem mais que nos primeiros s\u00e9culos do cristianismo. Por isso, convidou os presentes a admirarem sua coragem e testemunho e a permanecerem unidos a eles na ora\u00e7\u00e3o e na solidariedade.<\/p>\n<p>Neste sentido, o Pont\u00edfice recordou a promessa que Jesus nos faz, que \u00e9 uma verdadeira garantia de vit\u00f3ria:<\/p>\n<p>\u201cPela sua perseveran\u00e7a voc\u00eas salvar\u00e3o suas vidas. Quanta esperan\u00e7a nestas palavras! Elas s\u00e3o um convite \u00e0 esperan\u00e7a e \u00e0 paci\u00eancia, a sermos capazes de esperar os frutos seguros da salva\u00e7\u00e3o, confiantes no sentido profundo da vida e da hist\u00f3ria\u201d.<\/p>\n<p>De fato, afirmou o Pont\u00edfice, as prova\u00e7\u00f5es e as dificuldades fazem parte de um des\u00edgnio bem maior, pois o Senhor, dono da hist\u00f3ria, leva tudo a seu cumprimento. Apesar das desordens e das calamidades que se abatem sobre o mundo, o designo da bondade e de miseric\u00f3rdia de Deus se cumprir\u00e1.<\/p>\n<p>Papa Francisco concluiu sua alocu\u00e7\u00e3o dominical, afirmando que esta mensagem de Jesus nos faz refletir sobre o nosso presente e nos d\u00e1 a for\u00e7a para enfrent\u00e1-lo, com coragem e esperan\u00e7a, na companhia de Nossa Senhora, que sempre caminha conosco.<\/p>\n<h4><strong><img loading=\"lazy\" class=\"alignleft size-full wp-image-50092\" src=\"http:\/\/franciscanos.org.br\/wp-content\/uploads\/2013\/11\/pope-on-syria.jpg\" alt=\"pope-on-syria\" width=\"450\" height=\"299\" \/>&#8220;Rem\u00e9dio Espiritual&#8221;<\/strong><\/h4>\n<p>No final do Angelus, o Papa recomendou um \u201crem\u00e9dio espiritual\u201d chamado \u201cMisericordina\u201d, que seria distribu\u00eddo por volunt\u00e1rios aos presentes, dizendo, em tom de brincadeira: \u201cAlgu\u00e9m pode perguntar: o Papa \u00e9 um farmac\u00eautico agora?\u201d.<\/p>\n<p>A bem da verdade, este \u2018rem\u00e9dio espiritual\u2019 nada mais \u00e9 do que uma pequena caixa lembrando uma caixa de rem\u00e9dio, contendo no seu interior uma imagem de Jesus da Miseric\u00f3rdia, um ter\u00e7o com as 59 contas, acompanhado de uma \u2018bula\u2019 com \u2018prescri\u00e7\u00f5es\u2019 e posologia, como por exemplo, procurar um local silencioso e ajoelhar-se diante de uma imagem de Jesus da Miseric\u00f3rdia onde est\u00e1 escrito \u201cJesus, eu confio em ti\u201d. No verso da &#8216;bula&#8217;, algumas passagens do Di\u00e1rio de Madre Faustina kowalska.<\/p>\n<p>O Papa observou que com aquele ter\u00e7o poderia ser rezado o Ter\u00e7o da Miseric\u00f3rdia, \u201cajuda espiritual para a nossa alma, para nossa vida e para divulgar em todo lugar o amor, o perd\u00e3o e a fraternidade\u201d. E insistiu: \u201cN\u00e3o esque\u00e7am de peg\u00e1-la, porque faz bem, eh? Faz bem ao cora\u00e7\u00e3o, \u00e0 alma e para toda a vida\u201d.<\/p>\n<p>A distribui\u00e7\u00e3o deste &#8216;rem\u00e9dio espiritual&#8217; foi uma iniciativa do Elemosineiro Pontif\u00edcio, Dom Konrad Krajawski, a partir de uma Id\u00e9ia nascida na Pol\u00f4nia. Foram confecionados milhares de &#8216;kits&#8217; em quatro l\u00ednguas: italiano, espanol, ing\u00eas e polon\u00eas. (JE)<\/p>\n<p>O Papa se despediu dos fi\u00e9is, desejando a todos \u201cbom domingo e bom apetite\u201d, concedendo-lhes a sua B\u00ean\u00e7\u00e3o Apost\u00f3lica!<\/p>\n<h4><strong><img loading=\"lazy\" class=\"alignright size-full wp-image-50093\" src=\"http:\/\/franciscanos.org.br\/wp-content\/uploads\/2013\/11\/misericordina.jpg\" alt=\"misericordina\" width=\"450\" height=\"338\" \/>Video-mensagem do Papa \u00e0 peregrina\u00e7\u00e3o mexicana no final do Ano da F\u00e9<\/strong><\/h4>\n<p>No s\u00e1bado (15), o Papa enviou uma v\u00eddeo-mensagem aos participantes na Peregrina\u00e7\u00e3o que acontece na Cidade do M\u00e9xico de 16 a 19 deste m\u00eas, sob o tema \u201cNossa Senhora de Guadalupe, estrela da nova evangeliza\u00e7\u00e3o no Continente americano\u201d, peregrina\u00e7\u00e3o organizada em jeito de encerramento do Ano da F\u00e9 e que alterna momentos de ora\u00e7\u00e3o com momentos de reflex\u00e3o. A peregrina\u00e7\u00e3o \u00e9 organizada pela Pontif\u00edcia Comiss\u00e3o para a Am\u00e9rica Latina.<\/p>\n<p>Na sua mensagem o Papa retoma o famoso documento de Aparecida que marca uma importante etapa de reflex\u00e3o sobre a miss\u00e3o da Igreja na Am\u00e9rica Latina. Documento que &#8211; disse o Papa \u2013 p\u00f5e a Igreja em estado permanente de miss\u00e3o, de uma miss\u00e3o generalizada, o que sup\u00f5e um sair de si mesma, um caminhar e semear sempre renovados e cada vez mais al\u00e9m. \u201c\u00c9 vital para a Igreja n\u00e3o fechar-se em si mesma, n\u00e3o sentir-se j\u00e1 satisfeita e segura com o que j\u00e1 atingiu\u201d (&#8230;). \u201c\u00c9 preciso sair da pr\u00f3pria comunidade e ter a aud\u00e1cia de ir \u00e0s periferias existenciais que precisam de sentir a proximidade de Deus (\u2026). \u201cChegar a todos, sem exclus\u00e3o de ningu\u00e9m e tendo em grande considera\u00e7\u00e3o as circunst\u00e2ncias de cada um\u201d \u2013 frisou o Papa recordando que \u201cevangelizar requer muita paci\u00eancia\u201d.<\/p>\n<p>Bergoglio disse ainda que quem conduz a pastoral na Igreja particular \u00e9 o Bispo, o qual deve ter uma atitude de verdadeiro pastor e n\u00e3o de pr\u00edncipe ou de mero funcion\u00e1rio atento essencialmente \u00e0 disciplina, \u00e0s regras. \u00c9 necess\u00e1rio que \u201csaiba promover a esperan\u00e7a nos cora\u00e7\u00f5es, que saiba discernir, sem o apagar, o sopro do esp\u00edrito Sant, que vem donde quer, para o bem da Igreja e da sua miss\u00e3o no mundo\u201d.<\/p>\n<p>O Bispo \u2013 prosseguiu o Papa \u2013 faz tudo isto em colabora\u00e7\u00e3o com os agentes pastorais, sobretudo os presb\u00edteros. Mas para o bom \u00eaxito de tudo isso h\u00e1 que afastar qualquer tenta\u00e7\u00e3o de clericalismo que \u2013 frisou \u2013 \u201ctanto dano faz \u00e0 Igreja na Am\u00e9rica Latina\u201d.<\/p>\n<p>O Papa considera, por isso, \u201curgente, formar ministros capazes de proximidade, de encontro, que saibam acender a luz no cora\u00e7\u00e3o das pessoas, caminhar com elas, entrar em di\u00e1logo com as suas esperan\u00e7as e os seus temores\u201d .<\/p>\n<p>Por fim, o Papa dirigiu-se aos consagrados e consagradas, definindo-os \u201cfermento na Igreja\u201d, e pedindo-lhes para serem fi\u00e9is ao carisma recebido, e que no servi\u00e7o \u00e0 Igreja hier\u00e1rquica n\u00e3o deixem esvanecer a gra\u00e7a que o Esp\u00edrito Santo infundiu nos seus fundadores e que devem transmitir integralmente.<\/p>\n<hr \/>\n<p><strong>Fonte:<\/strong> R\u00e1dio Vaticano<\/p>\n","protected":false},"excerpt":{"rendered":"<p>Angelus<\/p>\n","protected":false},"author":1,"featured_media":0,"comment_status":"closed","ping_status":"open","sticky":false,"template":"","format":"standard","meta":[],"categories":[1428],"tags":[403],"acf":[],"yoast_head":"<!-- This site is optimized with the Yoast SEO plugin v19.2 - https:\/\/yoast.com\/wordpress\/plugins\/seo\/ -->\n<title>Papa: &quot;N\u00e3o se deixem enganar pelos falsos messias&quot; - Not\u00edcias - Franciscanos<\/title>\n<meta name=\"robots\" content=\"index, follow, max-snippet:-1, max-image-preview:large, max-video-preview:-1\" \/>\n<link rel=\"canonical\" href=\"https:\/\/franciscanos.org.br\/noticias\/papa-nao-se-deixem-enganar-pelos-falsos-messias.html\" \/>\n<meta property=\"og:locale\" content=\"pt_BR\" \/>\n<meta property=\"og:type\" content=\"article\" \/>\n<meta property=\"og:title\" content=\"Papa: &quot;N\u00e3o se deixem enganar pelos falsos messias&quot; - Not\u00edcias - Franciscanos\" \/>\n<meta property=\"og:description\" content=\"Angelus\" \/>\n<meta property=\"og:url\" content=\"https:\/\/franciscanos.org.br\/noticias\/papa-nao-se-deixem-enganar-pelos-falsos-messias.html\" \/>\n<meta property=\"og:site_name\" content=\"Not\u00edcias - Franciscanos\" \/>\n<meta property=\"article:published_time\" content=\"2013-11-18T10:38:01+00:00\" \/>\n<meta property=\"article:modified_time\" content=\"2020-06-10T22:12:36+00:00\" \/>\n<meta property=\"og:image\" content=\"http:\/\/franciscanos.org.br\/wp-content\/uploads\/2013\/11\/papa1.jpg\" \/>\n<meta name=\"author\" content=\"admin\" \/>\n<meta name=\"twitter:card\" content=\"summary_large_image\" \/>\n<meta name=\"twitter:label1\" content=\"Escrito por\" \/>\n\t<meta name=\"twitter:data1\" content=\"admin\" \/>\n\t<meta name=\"twitter:label2\" content=\"Est. tempo de leitura\" \/>\n\t<meta name=\"twitter:data2\" content=\"7 minutos\" \/>\n<script type=\"application\/ld+json\" class=\"yoast-schema-graph\">{\"@context\":\"https:\/\/schema.org\",\"@graph\":[{\"@type\":\"WebSite\",\"@id\":\"https:\/\/franciscanos.org.br\/noticias\/#website\",\"url\":\"https:\/\/franciscanos.org.br\/noticias\/\",\"name\":\"Not\u00edcias - Franciscanos\",\"description\":\"Prov\u00edncia Franciscana da Imaculada Concei\u00e7\u00e3o do Brasil - Ordem dos Frades Menores - OFM\",\"potentialAction\":[{\"@type\":\"SearchAction\",\"target\":{\"@type\":\"EntryPoint\",\"urlTemplate\":\"https:\/\/franciscanos.org.br\/noticias\/?s={search_term_string}\"},\"query-input\":\"required name=search_term_string\"}],\"inLanguage\":\"pt-BR\"},{\"@type\":\"ImageObject\",\"inLanguage\":\"pt-BR\",\"@id\":\"https:\/\/franciscanos.org.br\/noticias\/papa-nao-se-deixem-enganar-pelos-falsos-messias.html#primaryimage\",\"url\":\"http:\/\/franciscanos.org.br\/wp-content\/uploads\/2013\/11\/papa1.jpg\",\"contentUrl\":\"http:\/\/franciscanos.org.br\/wp-content\/uploads\/2013\/11\/papa1.jpg\"},{\"@type\":\"WebPage\",\"@id\":\"https:\/\/franciscanos.org.br\/noticias\/papa-nao-se-deixem-enganar-pelos-falsos-messias.html#webpage\",\"url\":\"https:\/\/franciscanos.org.br\/noticias\/papa-nao-se-deixem-enganar-pelos-falsos-messias.html\",\"name\":\"Papa: \\\"N\u00e3o se deixem enganar pelos falsos messias\\\" - Not\u00edcias - Franciscanos\",\"isPartOf\":{\"@id\":\"https:\/\/franciscanos.org.br\/noticias\/#website\"},\"primaryImageOfPage\":{\"@id\":\"https:\/\/franciscanos.org.br\/noticias\/papa-nao-se-deixem-enganar-pelos-falsos-messias.html#primaryimage\"},\"datePublished\":\"2013-11-18T10:38:01+00:00\",\"dateModified\":\"2020-06-10T22:12:36+00:00\",\"author\":{\"@id\":\"https:\/\/franciscanos.org.br\/noticias\/#\/schema\/person\/b38fbf43118f02820bd932f2e4b14ad3\"},\"breadcrumb\":{\"@id\":\"https:\/\/franciscanos.org.br\/noticias\/papa-nao-se-deixem-enganar-pelos-falsos-messias.html#breadcrumb\"},\"inLanguage\":\"pt-BR\",\"potentialAction\":[{\"@type\":\"ReadAction\",\"target\":[\"https:\/\/franciscanos.org.br\/noticias\/papa-nao-se-deixem-enganar-pelos-falsos-messias.html\"]}]},{\"@type\":\"BreadcrumbList\",\"@id\":\"https:\/\/franciscanos.org.br\/noticias\/papa-nao-se-deixem-enganar-pelos-falsos-messias.html#breadcrumb\",\"itemListElement\":[{\"@type\":\"ListItem\",\"position\":1,\"name\":\"Home\",\"item\":\"https:\/\/franciscanos.org.br\/noticias\"},{\"@type\":\"ListItem\",\"position\":2,\"name\":\"Papa: &#8220;N\u00e3o se deixem enganar pelos falsos messias&#8221;\"}]},{\"@type\":\"Person\",\"@id\":\"https:\/\/franciscanos.org.br\/noticias\/#\/schema\/person\/b38fbf43118f02820bd932f2e4b14ad3\",\"name\":\"admin\",\"image\":{\"@type\":\"ImageObject\",\"inLanguage\":\"pt-BR\",\"@id\":\"https:\/\/franciscanos.org.br\/noticias\/#\/schema\/person\/image\/\",\"url\":\"https:\/\/secure.gravatar.com\/avatar\/e8495742d34d0ba6448ea1c628263b3e?s=96&d=mm&r=g\",\"contentUrl\":\"https:\/\/secure.gravatar.com\/avatar\/e8495742d34d0ba6448ea1c628263b3e?s=96&d=mm&r=g\",\"caption\":\"admin\"},\"url\":\"https:\/\/franciscanos.org.br\/noticias\/author\/admin\"}]}<\/script>\n<!-- \/ Yoast SEO plugin. -->","yoast_head_json":{"title":"Papa: \"N\u00e3o se deixem enganar pelos falsos messias\" - Not\u00edcias - Franciscanos","robots":{"index":"index","follow":"follow","max-snippet":"max-snippet:-1","max-image-preview":"max-image-preview:large","max-video-preview":"max-video-preview:-1"},"canonical":"https:\/\/franciscanos.org.br\/noticias\/papa-nao-se-deixem-enganar-pelos-falsos-messias.html","og_locale":"pt_BR","og_type":"article","og_title":"Papa: \"N\u00e3o se deixem enganar pelos falsos messias\" - Not\u00edcias - Franciscanos","og_description":"Angelus","og_url":"https:\/\/franciscanos.org.br\/noticias\/papa-nao-se-deixem-enganar-pelos-falsos-messias.html","og_site_name":"Not\u00edcias - Franciscanos","article_published_time":"2013-11-18T10:38:01+00:00","article_modified_time":"2020-06-10T22:12:36+00:00","og_image":[{"url":"http:\/\/franciscanos.org.br\/wp-content\/uploads\/2013\/11\/papa1.jpg"}],"author":"admin","twitter_card":"summary_large_image","twitter_misc":{"Escrito por":"admin","Est. tempo de leitura":"7 minutos"},"schema":{"@context":"https:\/\/schema.org","@graph":[{"@type":"WebSite","@id":"https:\/\/franciscanos.org.br\/noticias\/#website","url":"https:\/\/franciscanos.org.br\/noticias\/","name":"Not\u00edcias - Franciscanos","description":"Prov\u00edncia Franciscana da Imaculada Concei\u00e7\u00e3o do Brasil - Ordem dos Frades Menores - OFM","potentialAction":[{"@type":"SearchAction","target":{"@type":"EntryPoint","urlTemplate":"https:\/\/franciscanos.org.br\/noticias\/?s={search_term_string}"},"query-input":"required name=search_term_string"}],"inLanguage":"pt-BR"},{"@type":"ImageObject","inLanguage":"pt-BR","@id":"https:\/\/franciscanos.org.br\/noticias\/papa-nao-se-deixem-enganar-pelos-falsos-messias.html#primaryimage","url":"http:\/\/franciscanos.org.br\/wp-content\/uploads\/2013\/11\/papa1.jpg","contentUrl":"http:\/\/franciscanos.org.br\/wp-content\/uploads\/2013\/11\/papa1.jpg"},{"@type":"WebPage","@id":"https:\/\/franciscanos.org.br\/noticias\/papa-nao-se-deixem-enganar-pelos-falsos-messias.html#webpage","url":"https:\/\/franciscanos.org.br\/noticias\/papa-nao-se-deixem-enganar-pelos-falsos-messias.html","name":"Papa: \"N\u00e3o se deixem enganar pelos falsos messias\" - Not\u00edcias - Franciscanos","isPartOf":{"@id":"https:\/\/franciscanos.org.br\/noticias\/#website"},"primaryImageOfPage":{"@id":"https:\/\/franciscanos.org.br\/noticias\/papa-nao-se-deixem-enganar-pelos-falsos-messias.html#primaryimage"},"datePublished":"2013-11-18T10:38:01+00:00","dateModified":"2020-06-10T22:12:36+00:00","author":{"@id":"https:\/\/franciscanos.org.br\/noticias\/#\/schema\/person\/b38fbf43118f02820bd932f2e4b14ad3"},"breadcrumb":{"@id":"https:\/\/franciscanos.org.br\/noticias\/papa-nao-se-deixem-enganar-pelos-falsos-messias.html#breadcrumb"},"inLanguage":"pt-BR","potentialAction":[{"@type":"ReadAction","target":["https:\/\/franciscanos.org.br\/noticias\/papa-nao-se-deixem-enganar-pelos-falsos-messias.html"]}]},{"@type":"BreadcrumbList","@id":"https:\/\/franciscanos.org.br\/noticias\/papa-nao-se-deixem-enganar-pelos-falsos-messias.html#breadcrumb","itemListElement":[{"@type":"ListItem","position":1,"name":"Home","item":"https:\/\/franciscanos.org.br\/noticias"},{"@type":"ListItem","position":2,"name":"Papa: &#8220;N\u00e3o se deixem enganar pelos falsos messias&#8221;"}]},{"@type":"Person","@id":"https:\/\/franciscanos.org.br\/noticias\/#\/schema\/person\/b38fbf43118f02820bd932f2e4b14ad3","name":"admin","image":{"@type":"ImageObject","inLanguage":"pt-BR","@id":"https:\/\/franciscanos.org.br\/noticias\/#\/schema\/person\/image\/","url":"https:\/\/secure.gravatar.com\/avatar\/e8495742d34d0ba6448ea1c628263b3e?s=96&d=mm&r=g","contentUrl":"https:\/\/secure.gravatar.com\/avatar\/e8495742d34d0ba6448ea1c628263b3e?s=96&d=mm&r=g","caption":"admin"},"url":"https:\/\/franciscanos.org.br\/noticias\/author\/admin"}]}},"_links":{"self":[{"href":"https:\/\/franciscanos.org.br\/noticias\/wp-json\/wp\/v2\/posts\/50090"}],"collection":[{"href":"https:\/\/franciscanos.org.br\/noticias\/wp-json\/wp\/v2\/posts"}],"about":[{"href":"https:\/\/franciscanos.org.br\/noticias\/wp-json\/wp\/v2\/types\/post"}],"author":[{"embeddable":true,"href":"https:\/\/franciscanos.org.br\/noticias\/wp-json\/wp\/v2\/users\/1"}],"replies":[{"embeddable":true,"href":"https:\/\/franciscanos.org.br\/noticias\/wp-json\/wp\/v2\/comments?post=50090"}],"version-history":[{"count":1,"href":"https:\/\/franciscanos.org.br\/noticias\/wp-json\/wp\/v2\/posts\/50090\/revisions"}],"predecessor-version":[{"id":226256,"href":"https:\/\/franciscanos.org.br\/noticias\/wp-json\/wp\/v2\/posts\/50090\/revisions\/226256"}],"wp:attachment":[{"href":"https:\/\/franciscanos.org.br\/noticias\/wp-json\/wp\/v2\/media?parent=50090"}],"wp:term":[{"taxonomy":"category","embeddable":true,"href":"https:\/\/franciscanos.org.br\/noticias\/wp-json\/wp\/v2\/categories?post=50090"},{"taxonomy":"post_tag","embeddable":true,"href":"https:\/\/franciscanos.org.br\/noticias\/wp-json\/wp\/v2\/tags?post=50090"}],"curies":[{"name":"wp","href":"https:\/\/api.w.org\/{rel}","templated":true}]}}