{"id":50055,"date":"2013-11-15T19:52:13","date_gmt":"2013-11-15T21:52:13","guid":{"rendered":"http:\/\/new.franciscanos.org.br\/?p=50055"},"modified":"2020-01-31T10:05:31","modified_gmt":"2020-01-31T13:05:31","slug":"dom-jaime-toma-posse-na-arquidiocese-de-porto-alegre","status":"publish","type":"post","link":"https:\/\/franciscanos.org.br\/noticias\/dom-jaime-toma-posse-na-arquidiocese-de-porto-alegre.html","title":{"rendered":"Dom Jaime Spengler, novo arcebispo de Porto Alegre"},"content":{"rendered":"<p><img loading=\"lazy\" src=\"http:\/\/franciscanos.org.br\/wp-content\/uploads\/2013\/11\/jaime2.jpg\" alt=\"jaime2\" width=\"820\" height=\"275\" \/><\/p>\n<p><strong>Porto Alegre (RS)<\/strong> &#8211; A capital ga\u00facha viveu um dia hist\u00f3rico nesta sexta-fera, 15 de novembro. Tomou posse na Arquidiocese de Porto Alegre seu s\u00e9timo arcebispo. Nascido em Gaspar (SC), Dom Jaime Spengler foi nomeado para a fun\u00e7\u00e3o no dia 18 de setembro de 2013 pelo Papa Francisco. Desde 5 de fevereiro de 2011, ele era bispo auxiliar da Arquidiocese.<\/p>\n<p>A abertura da solenidade ocorreu no \u00c1trio na Catedral Metropolitana, com a execu\u00e7\u00e3o do Hino Nacional e do Hino Pontif\u00edcio pela Banda da Brigada Militar. Dom Jaime foi acolhido no Col\u00e9gio de Consultores pelo arcebispo em\u00e9rito Dom Dadeus Grings e pelo episcopado ga\u00facho. O ato de posse contou com a presen\u00e7a de quatro arcebispos, 29 bispos, centenas de sacerdotes, pelo Prefeito de Porto Alegre, Jos\u00e9 Fortunati, secret\u00e1rios de Estado, deputados, vereadores, autoridades militares, membros do Grupo Inter-religioso de Porto Alegre e dirigentes de organiza\u00e7\u00f5es da sociedade ga\u00facha. O Governador Tarso Genro foi representado pelo Secret\u00e1rio de Justi\u00e7a e Direitos Humanos, Fabiano Pereira.<\/p>\n<p><img loading=\"lazy\" class=\"alignright size-full wp-image-50065\" src=\"http:\/\/franciscanos.org.br\/wp-content\/uploads\/2013\/11\/jaime3.jpg\" alt=\"Dom Jaime\" width=\"400\" height=\"345\" \/>Muitas delega\u00e7\u00f5es dos Vicariatos (regi\u00f5es geogr\u00e1ficas) da Arquidiocese ocuparam todos os espa\u00e7os da Catedral Metropolitana. Tamb\u00e9m participaram da solene liturgia uma comitiva de mais de 120 pessoas da cidade de Gaspar e um grupo de cerca de 50 pessoas da Par\u00f3quia Senhor Bom Jesus da cidade de Curitiba, onde Dom Jaime trabalhou por v\u00e1rios anos. A curitibana Claudionora Concei\u00e7\u00e3o Santos disse que veio para celebrar com Dom Jaime essa nova miss\u00e3o. &#8220;Ele \u00e9 uma pessoa maravilhosa. Sua simplicidade, humildade e proximidade encantam a todos\u201d. O irm\u00e3o do arcebispo, Gerson Spengler, que veio de Gaspar (SC) acompanhado das irm\u00e3s L\u00facia e Leda, para acompanhar esse momento singular da vida de Dom Jaime, afirmou que \u201ca fam\u00edlia est\u00e1 num momento de profunda alegria. \u201c\u00c9 uma satisfa\u00e7\u00e3o indescrit\u00edvel. Queremos que ele tenha for\u00e7a para esse novo desafio\u201d. A m\u00e3e de Dom Jaime, Lea Maria Spengler, estava emocionada durante a cerim\u00f4nia. \u201c\u00c9 muito bonito ver um filho chegar a essa condi\u00e7\u00e3o. Estou muito feliz pela coragem do Jaime\u201d.<\/p>\n<p>Como primeiro momento do ato de posse, o Mons. Piergiorgio Bertoldi leu a Bula de Nomea\u00e7\u00e3o, na qual o Papa Francisco manifesta que Nossa Senhora Aparecida acompanhe o novo arcebispo e seja sua prote\u00e7\u00e3o. O Santo Padre desejou tamb\u00e9m que \u201cos dons do Esp\u00edrito Santo sempre estejam contigo\u201d. Eram 9h54 quando Dom Jaime Spengler recebeu o b\u00e1culo, s\u00edmbolo da miss\u00e3o de conduzir o povo de Deus na Arquidiocese. Em seguida, foi levado por Dom Dadeus Grings at\u00e9 a C\u00e1tedra, lugar de onde deve orientar o povo.<\/p>\n<p>O arcebispo em\u00e9rito, Dom Dadeus Grings, destacou: \u201cN\u00e3o \u00e9 o senhor que toma posse da Arquidiocese. \u00c9 a arquidiocese que toma posse do Senhor\u201d.<\/p>\n<p><img loading=\"lazy\" class=\"alignleft size-full wp-image-50066\" src=\"http:\/\/franciscanos.org.br\/wp-content\/uploads\/2013\/11\/jaime4.jpg\" alt=\"Dom Jaime\" width=\"400\" height=\"296\" \/>Em sua primeira mensagem como Arcebispo, Dom Jaime expressou: \u201cO senhor vos d\u00ea a paz\u201d. Ele lembrou de todos aqueles que marcaram a hist\u00f3ria da vida da Arquidiocese, religiosos que dedicaram suas vidas no servi\u00e7o ao povo. \u201cQueremos cooperar para que a obra da evangeliza\u00e7\u00e3o iniciada por nossos predecessores possa avan\u00e7ar no tempo e produzir muitos frutos\u201d. Lembrando o di\u00e1logo de Jesus com o Ap\u00f3stolo Pedro e a profiss\u00e3o da infidelidade, Dom Jaime disse que Jesus vai ao encontro de todos. \u201cA miseric\u00f3rdia e a ternura do Senhor recuperam as possibilidades de uma vida nova. A partir da pr\u00f3pria fraqueza \u00e9 poss\u00edvel compreender a experi\u00eancia de amor ainda maior\u201d. O novo arcebispo afirmou que o amor \u00e9 mais forte que a morte. \u201cO Ser humano vale o que \u00e9 diante de Deus e nada mais. Somente o amor de Deus pode ser nossa sustenta\u00e7\u00e3o. Por isso, na miseric\u00f3rdia, na acolhida e na proximidade est\u00e1 o sentido da atividade que estamos assumindo\u201d.<\/p>\n<p>Dirigiu uma palavra especial aos padres. \u201cDeus conta conosco, devemos trabalhar sem reserva, assumindo a cruz, sem negar os sofrimentos e a dor do mundo. Nossa vida, nossa palavra e nosso testemunho devem anunciar o amor crucificado e ressuscitado. Somos convocados a conduzir o rebanho de Jesus. Nosso servi\u00e7o \u00e9 dar o exemplo, manter a unidade, animar o povo e promover a intimidade com o grande pastor de nossas almas. Por amor \u00e9 que devemos desempenhar essa miss\u00e3o a n\u00f3s confiada\u201d.<\/p>\n<p><img loading=\"lazy\" class=\"alignright size-full wp-image-50067\" src=\"http:\/\/franciscanos.org.br\/wp-content\/uploads\/2013\/11\/jaime5.jpg\" alt=\"Dom Jaime\" width=\"400\" height=\"267\" \/>Um dos momentos emocionantes da celebra\u00e7\u00e3o ocorreu ap\u00f3s a comunh\u00e3o. A Orquestra Jovem do Rio Grande do Sul, formada por adolescentes da rede p\u00fablica de ensino executou o Hino <em>Panis Angelicus<\/em>. Em raz\u00e3o da origem franciscana do novo arcebispo, antes do final da solene cerim\u00f4nia foi feita a entrada oficial da imagem de S\u00e3o Francisco de Assis trazida ao Rio Grande do Sul, h\u00e1 250 anos, pelos imigrantes a\u00e7orianos, primeiros moradores de Porto Alegre.<\/p>\n<p>Ao saudar o novo arcebispo, o Vig\u00e1rio Episcopal da Cultura, Mons. Urbano Zilles afirmou que a Arquidiocese j\u00e1 conhece a simplicidade franciscana, o dinamismo e a dedica\u00e7\u00e3o de Dom Jaime. \u201cObrigado por aceitar a miss\u00e3o que lhe foi confiada. As mudan\u00e7as provocam expectativa. Entre n\u00f3s reina a expectativa de uma renova\u00e7\u00e3o, uma Igreja que olhe para al\u00e9m dos templos, das planilhas cont\u00e1beis e das necess\u00e1rias rotinas democr\u00e1tica. Veja as pessoas!\u201d. Zilles manifestou o desejo de que a Igreja seja presen\u00e7a junto a todos, especialmente junto aos pobres, anunciando a Boa Nova com uma mensagem de f\u00e9, de amor e de esperan\u00e7a. Ele disse que do governo de Dom Jaime o povo espera muito. \u201cQueremos uma Igreja alegre, como uma grande fam\u00edlia, na qual todos valorizem a experi\u00eancia dos mais velhos, as crian\u00e7as e aos jovens. Queremos uma Igreja de di\u00e1logo entre irm\u00e3os de todas as cren\u00e7as. Pedimos a Deus que o ilumine no seu trabalho. Tenha for\u00e7a e alegria na nova miss\u00e3o\u201d.<\/p>\n<p><em><strong>Elton Bozzetto, do site da Arquidiocese de Porto Alegre<\/strong><\/em><\/p>\n<p>&nbsp;<\/p>\n<p><strong>Veja mais fotos da posse<\/strong> \u00a0<a href=\"https:\/\/www.facebook.com\/arquipoa\">clique aqui<\/a><\/p>\n","protected":false},"excerpt":{"rendered":"<p>Posse<\/p>\n","protected":false},"author":1,"featured_media":217572,"comment_status":"closed","ping_status":"open","sticky":false,"template":"","format":"standard","meta":[],"categories":[1],"tags":[449],"acf":[],"yoast_head":"<!-- This site is optimized with the Yoast SEO plugin v19.2 - https:\/\/yoast.com\/wordpress\/plugins\/seo\/ -->\n<title>Dom Jaime Spengler, novo arcebispo de Porto Alegre - Not\u00edcias - Franciscanos<\/title>\n<meta name=\"robots\" content=\"index, follow, max-snippet:-1, max-image-preview:large, max-video-preview:-1\" \/>\n<link rel=\"canonical\" href=\"https:\/\/franciscanos.org.br\/noticias\/dom-jaime-toma-posse-na-arquidiocese-de-porto-alegre.html\" \/>\n<meta property=\"og:locale\" content=\"pt_BR\" \/>\n<meta property=\"og:type\" content=\"article\" \/>\n<meta property=\"og:title\" content=\"Dom Jaime Spengler, novo arcebispo de Porto Alegre - Not\u00edcias - Franciscanos\" \/>\n<meta property=\"og:description\" content=\"Posse\" \/>\n<meta property=\"og:url\" content=\"https:\/\/franciscanos.org.br\/noticias\/dom-jaime-toma-posse-na-arquidiocese-de-porto-alegre.html\" \/>\n<meta property=\"og:site_name\" content=\"Not\u00edcias - Franciscanos\" \/>\n<meta property=\"article:published_time\" content=\"2013-11-15T21:52:13+00:00\" \/>\n<meta property=\"article:modified_time\" content=\"2020-01-31T13:05:31+00:00\" \/>\n<meta property=\"og:image\" content=\"https:\/\/franciscanos.org.br\/noticias\/wp-content\/uploads\/2013\/11\/jaime2.jpg\" \/>\n\t<meta property=\"og:image:width\" content=\"273\" \/>\n\t<meta property=\"og:image:height\" content=\"181\" \/>\n\t<meta property=\"og:image:type\" content=\"image\/jpeg\" \/>\n<meta name=\"author\" content=\"admin\" \/>\n<meta name=\"twitter:card\" content=\"summary_large_image\" \/>\n<meta name=\"twitter:label1\" content=\"Escrito por\" \/>\n\t<meta name=\"twitter:data1\" content=\"admin\" \/>\n\t<meta name=\"twitter:label2\" content=\"Est. tempo de leitura\" \/>\n\t<meta name=\"twitter:data2\" content=\"5 minutos\" \/>\n<script type=\"application\/ld+json\" class=\"yoast-schema-graph\">{\"@context\":\"https:\/\/schema.org\",\"@graph\":[{\"@type\":\"WebSite\",\"@id\":\"https:\/\/franciscanos.org.br\/noticias\/#website\",\"url\":\"https:\/\/franciscanos.org.br\/noticias\/\",\"name\":\"Not\u00edcias - Franciscanos\",\"description\":\"Prov\u00edncia Franciscana da Imaculada Concei\u00e7\u00e3o do Brasil - Ordem dos Frades Menores - OFM\",\"potentialAction\":[{\"@type\":\"SearchAction\",\"target\":{\"@type\":\"EntryPoint\",\"urlTemplate\":\"https:\/\/franciscanos.org.br\/noticias\/?s={search_term_string}\"},\"query-input\":\"required name=search_term_string\"}],\"inLanguage\":\"pt-BR\"},{\"@type\":\"ImageObject\",\"inLanguage\":\"pt-BR\",\"@id\":\"https:\/\/franciscanos.org.br\/noticias\/dom-jaime-toma-posse-na-arquidiocese-de-porto-alegre.html#primaryimage\",\"url\":\"https:\/\/franciscanos.org.br\/noticias\/wp-content\/uploads\/2013\/11\/jaime2.jpg\",\"contentUrl\":\"https:\/\/franciscanos.org.br\/noticias\/wp-content\/uploads\/2013\/11\/jaime2.jpg\",\"width\":273,\"height\":181},{\"@type\":\"WebPage\",\"@id\":\"https:\/\/franciscanos.org.br\/noticias\/dom-jaime-toma-posse-na-arquidiocese-de-porto-alegre.html#webpage\",\"url\":\"https:\/\/franciscanos.org.br\/noticias\/dom-jaime-toma-posse-na-arquidiocese-de-porto-alegre.html\",\"name\":\"Dom Jaime Spengler, novo arcebispo de Porto Alegre - Not\u00edcias - Franciscanos\",\"isPartOf\":{\"@id\":\"https:\/\/franciscanos.org.br\/noticias\/#website\"},\"primaryImageOfPage\":{\"@id\":\"https:\/\/franciscanos.org.br\/noticias\/dom-jaime-toma-posse-na-arquidiocese-de-porto-alegre.html#primaryimage\"},\"datePublished\":\"2013-11-15T21:52:13+00:00\",\"dateModified\":\"2020-01-31T13:05:31+00:00\",\"author\":{\"@id\":\"https:\/\/franciscanos.org.br\/noticias\/#\/schema\/person\/b38fbf43118f02820bd932f2e4b14ad3\"},\"breadcrumb\":{\"@id\":\"https:\/\/franciscanos.org.br\/noticias\/dom-jaime-toma-posse-na-arquidiocese-de-porto-alegre.html#breadcrumb\"},\"inLanguage\":\"pt-BR\",\"potentialAction\":[{\"@type\":\"ReadAction\",\"target\":[\"https:\/\/franciscanos.org.br\/noticias\/dom-jaime-toma-posse-na-arquidiocese-de-porto-alegre.html\"]}]},{\"@type\":\"BreadcrumbList\",\"@id\":\"https:\/\/franciscanos.org.br\/noticias\/dom-jaime-toma-posse-na-arquidiocese-de-porto-alegre.html#breadcrumb\",\"itemListElement\":[{\"@type\":\"ListItem\",\"position\":1,\"name\":\"Home\",\"item\":\"https:\/\/franciscanos.org.br\/noticias\"},{\"@type\":\"ListItem\",\"position\":2,\"name\":\"Dom Jaime Spengler, novo arcebispo de Porto Alegre\"}]},{\"@type\":\"Person\",\"@id\":\"https:\/\/franciscanos.org.br\/noticias\/#\/schema\/person\/b38fbf43118f02820bd932f2e4b14ad3\",\"name\":\"admin\",\"image\":{\"@type\":\"ImageObject\",\"inLanguage\":\"pt-BR\",\"@id\":\"https:\/\/franciscanos.org.br\/noticias\/#\/schema\/person\/image\/\",\"url\":\"https:\/\/secure.gravatar.com\/avatar\/e8495742d34d0ba6448ea1c628263b3e?s=96&d=mm&r=g\",\"contentUrl\":\"https:\/\/secure.gravatar.com\/avatar\/e8495742d34d0ba6448ea1c628263b3e?s=96&d=mm&r=g\",\"caption\":\"admin\"},\"url\":\"https:\/\/franciscanos.org.br\/noticias\/author\/admin\"}]}<\/script>\n<!-- \/ Yoast SEO plugin. -->","yoast_head_json":{"title":"Dom Jaime Spengler, novo arcebispo de Porto Alegre - Not\u00edcias - Franciscanos","robots":{"index":"index","follow":"follow","max-snippet":"max-snippet:-1","max-image-preview":"max-image-preview:large","max-video-preview":"max-video-preview:-1"},"canonical":"https:\/\/franciscanos.org.br\/noticias\/dom-jaime-toma-posse-na-arquidiocese-de-porto-alegre.html","og_locale":"pt_BR","og_type":"article","og_title":"Dom Jaime Spengler, novo arcebispo de Porto Alegre - Not\u00edcias - Franciscanos","og_description":"Posse","og_url":"https:\/\/franciscanos.org.br\/noticias\/dom-jaime-toma-posse-na-arquidiocese-de-porto-alegre.html","og_site_name":"Not\u00edcias - Franciscanos","article_published_time":"2013-11-15T21:52:13+00:00","article_modified_time":"2020-01-31T13:05:31+00:00","og_image":[{"width":273,"height":181,"url":"https:\/\/franciscanos.org.br\/noticias\/wp-content\/uploads\/2013\/11\/jaime2.jpg","type":"image\/jpeg"}],"author":"admin","twitter_card":"summary_large_image","twitter_misc":{"Escrito por":"admin","Est. tempo de leitura":"5 minutos"},"schema":{"@context":"https:\/\/schema.org","@graph":[{"@type":"WebSite","@id":"https:\/\/franciscanos.org.br\/noticias\/#website","url":"https:\/\/franciscanos.org.br\/noticias\/","name":"Not\u00edcias - Franciscanos","description":"Prov\u00edncia Franciscana da Imaculada Concei\u00e7\u00e3o do Brasil - Ordem dos Frades Menores - OFM","potentialAction":[{"@type":"SearchAction","target":{"@type":"EntryPoint","urlTemplate":"https:\/\/franciscanos.org.br\/noticias\/?s={search_term_string}"},"query-input":"required name=search_term_string"}],"inLanguage":"pt-BR"},{"@type":"ImageObject","inLanguage":"pt-BR","@id":"https:\/\/franciscanos.org.br\/noticias\/dom-jaime-toma-posse-na-arquidiocese-de-porto-alegre.html#primaryimage","url":"https:\/\/franciscanos.org.br\/noticias\/wp-content\/uploads\/2013\/11\/jaime2.jpg","contentUrl":"https:\/\/franciscanos.org.br\/noticias\/wp-content\/uploads\/2013\/11\/jaime2.jpg","width":273,"height":181},{"@type":"WebPage","@id":"https:\/\/franciscanos.org.br\/noticias\/dom-jaime-toma-posse-na-arquidiocese-de-porto-alegre.html#webpage","url":"https:\/\/franciscanos.org.br\/noticias\/dom-jaime-toma-posse-na-arquidiocese-de-porto-alegre.html","name":"Dom Jaime Spengler, novo arcebispo de Porto Alegre - Not\u00edcias - Franciscanos","isPartOf":{"@id":"https:\/\/franciscanos.org.br\/noticias\/#website"},"primaryImageOfPage":{"@id":"https:\/\/franciscanos.org.br\/noticias\/dom-jaime-toma-posse-na-arquidiocese-de-porto-alegre.html#primaryimage"},"datePublished":"2013-11-15T21:52:13+00:00","dateModified":"2020-01-31T13:05:31+00:00","author":{"@id":"https:\/\/franciscanos.org.br\/noticias\/#\/schema\/person\/b38fbf43118f02820bd932f2e4b14ad3"},"breadcrumb":{"@id":"https:\/\/franciscanos.org.br\/noticias\/dom-jaime-toma-posse-na-arquidiocese-de-porto-alegre.html#breadcrumb"},"inLanguage":"pt-BR","potentialAction":[{"@type":"ReadAction","target":["https:\/\/franciscanos.org.br\/noticias\/dom-jaime-toma-posse-na-arquidiocese-de-porto-alegre.html"]}]},{"@type":"BreadcrumbList","@id":"https:\/\/franciscanos.org.br\/noticias\/dom-jaime-toma-posse-na-arquidiocese-de-porto-alegre.html#breadcrumb","itemListElement":[{"@type":"ListItem","position":1,"name":"Home","item":"https:\/\/franciscanos.org.br\/noticias"},{"@type":"ListItem","position":2,"name":"Dom Jaime Spengler, novo arcebispo de Porto Alegre"}]},{"@type":"Person","@id":"https:\/\/franciscanos.org.br\/noticias\/#\/schema\/person\/b38fbf43118f02820bd932f2e4b14ad3","name":"admin","image":{"@type":"ImageObject","inLanguage":"pt-BR","@id":"https:\/\/franciscanos.org.br\/noticias\/#\/schema\/person\/image\/","url":"https:\/\/secure.gravatar.com\/avatar\/e8495742d34d0ba6448ea1c628263b3e?s=96&d=mm&r=g","contentUrl":"https:\/\/secure.gravatar.com\/avatar\/e8495742d34d0ba6448ea1c628263b3e?s=96&d=mm&r=g","caption":"admin"},"url":"https:\/\/franciscanos.org.br\/noticias\/author\/admin"}]}},"_links":{"self":[{"href":"https:\/\/franciscanos.org.br\/noticias\/wp-json\/wp\/v2\/posts\/50055"}],"collection":[{"href":"https:\/\/franciscanos.org.br\/noticias\/wp-json\/wp\/v2\/posts"}],"about":[{"href":"https:\/\/franciscanos.org.br\/noticias\/wp-json\/wp\/v2\/types\/post"}],"author":[{"embeddable":true,"href":"https:\/\/franciscanos.org.br\/noticias\/wp-json\/wp\/v2\/users\/1"}],"replies":[{"embeddable":true,"href":"https:\/\/franciscanos.org.br\/noticias\/wp-json\/wp\/v2\/comments?post=50055"}],"version-history":[{"count":0,"href":"https:\/\/franciscanos.org.br\/noticias\/wp-json\/wp\/v2\/posts\/50055\/revisions"}],"wp:featuredmedia":[{"embeddable":true,"href":"https:\/\/franciscanos.org.br\/noticias\/wp-json\/wp\/v2\/media\/217572"}],"wp:attachment":[{"href":"https:\/\/franciscanos.org.br\/noticias\/wp-json\/wp\/v2\/media?parent=50055"}],"wp:term":[{"taxonomy":"category","embeddable":true,"href":"https:\/\/franciscanos.org.br\/noticias\/wp-json\/wp\/v2\/categories?post=50055"},{"taxonomy":"post_tag","embeddable":true,"href":"https:\/\/franciscanos.org.br\/noticias\/wp-json\/wp\/v2\/tags?post=50055"}],"curies":[{"name":"wp","href":"https:\/\/api.w.org\/{rel}","templated":true}]}}