{"id":49391,"date":"2013-11-11T08:45:21","date_gmt":"2013-11-11T10:45:21","guid":{"rendered":"http:\/\/new.franciscanos.org.br\/?p=49391"},"modified":"2020-06-10T19:14:12","modified_gmt":"2020-06-10T22:14:12","slug":"papa-o-amor-de-deus-e-eterno-nao-pode-mudar","status":"publish","type":"post","link":"https:\/\/franciscanos.org.br\/noticias\/papa-o-amor-de-deus-e-eterno-nao-pode-mudar.html","title":{"rendered":"Papa: &#8220;O amor de Deus \u00e9 eterno, n\u00e3o pode mudar!&#8221;"},"content":{"rendered":"<p><img loading=\"lazy\" src=\"http:\/\/franciscanos.org.br\/wp-content\/uploads\/2013\/11\/papa_11.jpg\" alt=\"papa_11\" width=\"820\" height=\"417\" \/><\/p>\n<p><strong>Cidade do Vaticano &#8211;<\/strong> Como de costume aos domingos, \u00e0s 12 horas (hor\u00e1rio de Roma), o Papa Francisco apresentou-se na Janela do Pal\u00e1cio Pontif\u00edcio, na Pra\u00e7a de S\u00e3o Pedro repleta de fi\u00e9is e peregrinos vindos de todas as partes do mundo para assitir a habitual cerim\u00f4nia do Angelus. A mensagem do \u00c2ngelus \u00e9 centrada sobre o significado da vida para al\u00e9m da morte, da ressurrei\u00e7\u00e3o dos mortos. Neste sentido, o Papa Francisco come\u00e7ou por recordar que o Evangelho deste domingo apresenta-nos Jesus em discuss\u00e3o com os saduceus que negavam a ressurrei\u00e7\u00e3o. E \u00e9 precisamente sobre este argumento que eles dirigem uma pergunta a Jesus com a mera inten\u00e7\u00e3o de ridicularizar a f\u00e9 na ressurrei\u00e7\u00e3o dos mortos. E partem precisamente do caso imagin\u00e1rio relativo ao tema do levirato: da mulher que teve sete maridos, todos eles mortos um atr\u00e1s do outro e perguntam a Jesus a quem pertencer\u00e1 esta mulher ap\u00f3s a sua morte.<\/p>\n<p>Acompanhe a reflex\u00e3o na \u00edntegra:<\/p>\n<p>***<\/p>\n<p>Caros irm\u00e3os e irm\u00e3s, bom dia!<\/p>\n<p>O Evangelho deste domingo nos apresenta Jesus com os saduceus, que negavam a ressurrei\u00e7\u00e3o. E \u00e9 justamente sobre este tema que eles fazem uma pergunta a Jesus, para coloc\u00e1-lo em dificuldade e ridicularizar a f\u00e9 na ressurrei\u00e7\u00e3o dos mortos. Partem de um caso imagin\u00e1rio: \u201cUma mulher teve sete maridos, mortos um depois do outro\u201d, e perguntam a Jesus: \u201cDe quem ser\u00e1 esposa esta mulher depois da sua morte?\u201d. Jesus, sempre humilde e paciente, primeiramente responde que a vida depois da morte n\u00e3o tem os mesmos par\u00e2metros daquela terrena. A vida eterna \u00e9 uma outra vida, em uma outra dimens\u00e3o onde, entre outras coisas, n\u00e3o existir\u00e1 mais o matrim\u00f4nio, que est\u00e1 ligado \u00e0 nossa exist\u00eancia neste mundo. Os ressuscitados \u2013 disse Jesus \u2013 ser\u00e3o como os anjos, e viver\u00e3o em um estado diferente, que agora n\u00e3o podemos experimentar e nem sequer imaginar. E assim explica Jesus.<\/p>\n<p>Mas, depois, Jesus, por assim dizer, passa ao contra-ataque. E o faz citando a Sagrada Escritura, com uma simplicidade e uma originalidade que nos deixam cheios de admira\u00e7\u00e3o pelo nosso Mestre, o \u00fanico Mestre! A prova da ressurrei\u00e7\u00e3o, Jesus a encontra no epis\u00f3dio de Mois\u00e9s e da sar\u00e7a ardente (cf. Ex 3, 1-6), l\u00e1 onde Deus se revela como o Deus de Abr\u00e3o, de Isaac e de Jac\u00f3. O nome de Deus est\u00e1 ligado aos nomes dos homens e das mulheres com os quais Ele se liga, e esta liga\u00e7\u00e3o \u00e9 mais forte do que a morte. E n\u00f3s podemos falar tamb\u00e9m da rela\u00e7\u00e3o de Deus conosco, com cada um de n\u00f3s: Ele \u00e9 o nosso Deus! Ele \u00e9 o Deus de cada um de n\u00f3s! Como se Ele tivesse o nosso nome. Ele gosta de dizer, e esta \u00e9 a alian\u00e7a. Eis porque Jesus afirma: \u201cDeus n\u00e3o \u00e9 dos mortos, mas dos vivos; porque todos vivem por ele\u201d (Lc 20, 38). E esta \u00e9 a liga\u00e7\u00e3o decisiva, a alian\u00e7a fundamental, a alian\u00e7a com Jesus: Ele mesmo \u00e9 a Alian\u00e7a, Ele mesmo \u00e9 a Vida e a Ressurrei\u00e7\u00e3o, porque com o seu amor crucificado venceu a morte. Em Jesus Deus nos d\u00e1 a vida eterna, a d\u00e1 a todos, e todos, gra\u00e7as a Ele t\u00eam a esperan\u00e7a de uma vida ainda mais verdadeira do que esta. A vida que Deus nos prepara n\u00e3o \u00e9 um simples embelezamento desta atual: essa supera a nossa imagina\u00e7\u00e3o, porque Deus nos surpreende continuamente com o seu amor e com a sua miseric\u00f3rdia.<\/p>\n<p>Portanto, o que acontecer\u00e1 \u00e9 justamente o contr\u00e1rio do que esperavam os fariseus. N\u00e3o \u00e9 esta vida que \u00e9 refer\u00eancia para a vida eterna, para a outra vida, aquela que nos espera, mas \u00e9 a eternidade \u2013 aquela vida \u2013 que ilumina e d\u00e1 esperan\u00e7a \u00e0 vida eterna de cada um de n\u00f3s! Se olhamos somente com olhos humanos, somos levados a dizer que o caminho do homem vai da vida \u00e0 morte. Isso se v\u00ea! Mas somente \u00e9 assim se o olhamos com olhos humanos. Jesus muda esta perspectiva e afirma que a nossa peregrina\u00e7\u00e3o vai da morte \u00e0 vida: a vida plena! N\u00f3s estamos em caminho, em peregrina\u00e7\u00e3o em dire\u00e7\u00e3o \u00e0 vida plena, e aquela vida plena \u00e9 aquela que nos ilumina no nosso caminho! Portanto, a morte est\u00e1 atr\u00e1s, nas costas, n\u00e3o diante de n\u00f3s. Diante de n\u00f3s est\u00e1 o Deus dos vivos, o Deus da alian\u00e7a, o Deus que traz o meu nome, o nosso nome, como Ele disse: \u201ceu sou o Deus com o meu nome, com o teu nome, com o teu nome&#8230;, com o nosso nome. Deus dos vivos!&#8230; Eis a derrota definitiva do pecado e da morte, o come\u00e7o de um novo tempo de alegria e de luz sem fim. Mas j\u00e1 nessa terra, na ora\u00e7\u00e3o, nos Sacramentos, na fraternidade, n\u00f3s encontramos Jesus e o seu amor, e assim podemos degustar algo da vida ressuscitada. A experi\u00eancia que fazemos do seu amor e da sua fidelidade acende como um fogo no nosso cora\u00e7\u00e3o e aumenta a nossa f\u00e9 na ressurrei\u00e7\u00e3o. De fato, se Deus \u00e9 fiel e ama, n\u00e3o pode s\u00ea-lo por tempo limitado: a fidelidade \u00e9 eterna, n\u00e3o pode mudar. O amor de Deus \u00e9 eterno, n\u00e3o pode mudar! N\u00e3o \u00e9 ao mesmo tempo limitado: \u00e9 para sempre! \u00c9 para seguir adianta! Ele \u00e9 fiel para sempre e Ele nos espera, cada um de n\u00f3s, acompanha a cada um de n\u00f3s com esta fidelidade eterna.<\/p>\n<hr \/>\n<p><em>Fonte: R\u00e1dio Vaticano<\/em><\/p>\n","protected":false},"excerpt":{"rendered":"<p>Angelus<\/p>\n","protected":false},"author":1,"featured_media":0,"comment_status":"closed","ping_status":"open","sticky":false,"template":"","format":"standard","meta":[],"categories":[1428],"tags":[403],"acf":[],"yoast_head":"<!-- This site is optimized with the Yoast SEO plugin v19.2 - https:\/\/yoast.com\/wordpress\/plugins\/seo\/ -->\n<title>Papa: &quot;O amor de Deus \u00e9 eterno, n\u00e3o pode mudar!&quot; - Not\u00edcias - Franciscanos<\/title>\n<meta name=\"robots\" content=\"index, follow, max-snippet:-1, max-image-preview:large, max-video-preview:-1\" \/>\n<link rel=\"canonical\" href=\"https:\/\/franciscanos.org.br\/noticias\/papa-o-amor-de-deus-e-eterno-nao-pode-mudar.html\" \/>\n<meta property=\"og:locale\" content=\"pt_BR\" \/>\n<meta property=\"og:type\" content=\"article\" \/>\n<meta property=\"og:title\" content=\"Papa: &quot;O amor de Deus \u00e9 eterno, n\u00e3o pode mudar!&quot; - Not\u00edcias - Franciscanos\" \/>\n<meta property=\"og:description\" content=\"Angelus\" \/>\n<meta property=\"og:url\" content=\"https:\/\/franciscanos.org.br\/noticias\/papa-o-amor-de-deus-e-eterno-nao-pode-mudar.html\" \/>\n<meta property=\"og:site_name\" content=\"Not\u00edcias - Franciscanos\" \/>\n<meta property=\"article:published_time\" content=\"2013-11-11T10:45:21+00:00\" \/>\n<meta property=\"article:modified_time\" content=\"2020-06-10T22:14:12+00:00\" \/>\n<meta property=\"og:image\" content=\"http:\/\/franciscanos.org.br\/wp-content\/uploads\/2013\/11\/papa_11.jpg\" \/>\n<meta name=\"author\" content=\"admin\" \/>\n<meta name=\"twitter:card\" content=\"summary_large_image\" \/>\n<meta name=\"twitter:label1\" content=\"Escrito por\" \/>\n\t<meta name=\"twitter:data1\" content=\"admin\" \/>\n\t<meta name=\"twitter:label2\" content=\"Est. tempo de leitura\" \/>\n\t<meta name=\"twitter:data2\" content=\"5 minutos\" \/>\n<script type=\"application\/ld+json\" class=\"yoast-schema-graph\">{\"@context\":\"https:\/\/schema.org\",\"@graph\":[{\"@type\":\"WebSite\",\"@id\":\"https:\/\/franciscanos.org.br\/noticias\/#website\",\"url\":\"https:\/\/franciscanos.org.br\/noticias\/\",\"name\":\"Not\u00edcias - Franciscanos\",\"description\":\"Prov\u00edncia Franciscana da Imaculada Concei\u00e7\u00e3o do Brasil - Ordem dos Frades Menores - OFM\",\"potentialAction\":[{\"@type\":\"SearchAction\",\"target\":{\"@type\":\"EntryPoint\",\"urlTemplate\":\"https:\/\/franciscanos.org.br\/noticias\/?s={search_term_string}\"},\"query-input\":\"required name=search_term_string\"}],\"inLanguage\":\"pt-BR\"},{\"@type\":\"ImageObject\",\"inLanguage\":\"pt-BR\",\"@id\":\"https:\/\/franciscanos.org.br\/noticias\/papa-o-amor-de-deus-e-eterno-nao-pode-mudar.html#primaryimage\",\"url\":\"http:\/\/franciscanos.org.br\/wp-content\/uploads\/2013\/11\/papa_11.jpg\",\"contentUrl\":\"http:\/\/franciscanos.org.br\/wp-content\/uploads\/2013\/11\/papa_11.jpg\"},{\"@type\":\"WebPage\",\"@id\":\"https:\/\/franciscanos.org.br\/noticias\/papa-o-amor-de-deus-e-eterno-nao-pode-mudar.html#webpage\",\"url\":\"https:\/\/franciscanos.org.br\/noticias\/papa-o-amor-de-deus-e-eterno-nao-pode-mudar.html\",\"name\":\"Papa: \\\"O amor de Deus \u00e9 eterno, n\u00e3o pode mudar!\\\" - Not\u00edcias - Franciscanos\",\"isPartOf\":{\"@id\":\"https:\/\/franciscanos.org.br\/noticias\/#website\"},\"primaryImageOfPage\":{\"@id\":\"https:\/\/franciscanos.org.br\/noticias\/papa-o-amor-de-deus-e-eterno-nao-pode-mudar.html#primaryimage\"},\"datePublished\":\"2013-11-11T10:45:21+00:00\",\"dateModified\":\"2020-06-10T22:14:12+00:00\",\"author\":{\"@id\":\"https:\/\/franciscanos.org.br\/noticias\/#\/schema\/person\/b38fbf43118f02820bd932f2e4b14ad3\"},\"breadcrumb\":{\"@id\":\"https:\/\/franciscanos.org.br\/noticias\/papa-o-amor-de-deus-e-eterno-nao-pode-mudar.html#breadcrumb\"},\"inLanguage\":\"pt-BR\",\"potentialAction\":[{\"@type\":\"ReadAction\",\"target\":[\"https:\/\/franciscanos.org.br\/noticias\/papa-o-amor-de-deus-e-eterno-nao-pode-mudar.html\"]}]},{\"@type\":\"BreadcrumbList\",\"@id\":\"https:\/\/franciscanos.org.br\/noticias\/papa-o-amor-de-deus-e-eterno-nao-pode-mudar.html#breadcrumb\",\"itemListElement\":[{\"@type\":\"ListItem\",\"position\":1,\"name\":\"Home\",\"item\":\"https:\/\/franciscanos.org.br\/noticias\"},{\"@type\":\"ListItem\",\"position\":2,\"name\":\"Papa: &#8220;O amor de Deus \u00e9 eterno, n\u00e3o pode mudar!&#8221;\"}]},{\"@type\":\"Person\",\"@id\":\"https:\/\/franciscanos.org.br\/noticias\/#\/schema\/person\/b38fbf43118f02820bd932f2e4b14ad3\",\"name\":\"admin\",\"image\":{\"@type\":\"ImageObject\",\"inLanguage\":\"pt-BR\",\"@id\":\"https:\/\/franciscanos.org.br\/noticias\/#\/schema\/person\/image\/\",\"url\":\"https:\/\/secure.gravatar.com\/avatar\/e8495742d34d0ba6448ea1c628263b3e?s=96&d=mm&r=g\",\"contentUrl\":\"https:\/\/secure.gravatar.com\/avatar\/e8495742d34d0ba6448ea1c628263b3e?s=96&d=mm&r=g\",\"caption\":\"admin\"},\"url\":\"https:\/\/franciscanos.org.br\/noticias\/author\/admin\"}]}<\/script>\n<!-- \/ Yoast SEO plugin. -->","yoast_head_json":{"title":"Papa: \"O amor de Deus \u00e9 eterno, n\u00e3o pode mudar!\" - Not\u00edcias - Franciscanos","robots":{"index":"index","follow":"follow","max-snippet":"max-snippet:-1","max-image-preview":"max-image-preview:large","max-video-preview":"max-video-preview:-1"},"canonical":"https:\/\/franciscanos.org.br\/noticias\/papa-o-amor-de-deus-e-eterno-nao-pode-mudar.html","og_locale":"pt_BR","og_type":"article","og_title":"Papa: \"O amor de Deus \u00e9 eterno, n\u00e3o pode mudar!\" - Not\u00edcias - Franciscanos","og_description":"Angelus","og_url":"https:\/\/franciscanos.org.br\/noticias\/papa-o-amor-de-deus-e-eterno-nao-pode-mudar.html","og_site_name":"Not\u00edcias - Franciscanos","article_published_time":"2013-11-11T10:45:21+00:00","article_modified_time":"2020-06-10T22:14:12+00:00","og_image":[{"url":"http:\/\/franciscanos.org.br\/wp-content\/uploads\/2013\/11\/papa_11.jpg"}],"author":"admin","twitter_card":"summary_large_image","twitter_misc":{"Escrito por":"admin","Est. tempo de leitura":"5 minutos"},"schema":{"@context":"https:\/\/schema.org","@graph":[{"@type":"WebSite","@id":"https:\/\/franciscanos.org.br\/noticias\/#website","url":"https:\/\/franciscanos.org.br\/noticias\/","name":"Not\u00edcias - Franciscanos","description":"Prov\u00edncia Franciscana da Imaculada Concei\u00e7\u00e3o do Brasil - Ordem dos Frades Menores - OFM","potentialAction":[{"@type":"SearchAction","target":{"@type":"EntryPoint","urlTemplate":"https:\/\/franciscanos.org.br\/noticias\/?s={search_term_string}"},"query-input":"required name=search_term_string"}],"inLanguage":"pt-BR"},{"@type":"ImageObject","inLanguage":"pt-BR","@id":"https:\/\/franciscanos.org.br\/noticias\/papa-o-amor-de-deus-e-eterno-nao-pode-mudar.html#primaryimage","url":"http:\/\/franciscanos.org.br\/wp-content\/uploads\/2013\/11\/papa_11.jpg","contentUrl":"http:\/\/franciscanos.org.br\/wp-content\/uploads\/2013\/11\/papa_11.jpg"},{"@type":"WebPage","@id":"https:\/\/franciscanos.org.br\/noticias\/papa-o-amor-de-deus-e-eterno-nao-pode-mudar.html#webpage","url":"https:\/\/franciscanos.org.br\/noticias\/papa-o-amor-de-deus-e-eterno-nao-pode-mudar.html","name":"Papa: \"O amor de Deus \u00e9 eterno, n\u00e3o pode mudar!\" - Not\u00edcias - Franciscanos","isPartOf":{"@id":"https:\/\/franciscanos.org.br\/noticias\/#website"},"primaryImageOfPage":{"@id":"https:\/\/franciscanos.org.br\/noticias\/papa-o-amor-de-deus-e-eterno-nao-pode-mudar.html#primaryimage"},"datePublished":"2013-11-11T10:45:21+00:00","dateModified":"2020-06-10T22:14:12+00:00","author":{"@id":"https:\/\/franciscanos.org.br\/noticias\/#\/schema\/person\/b38fbf43118f02820bd932f2e4b14ad3"},"breadcrumb":{"@id":"https:\/\/franciscanos.org.br\/noticias\/papa-o-amor-de-deus-e-eterno-nao-pode-mudar.html#breadcrumb"},"inLanguage":"pt-BR","potentialAction":[{"@type":"ReadAction","target":["https:\/\/franciscanos.org.br\/noticias\/papa-o-amor-de-deus-e-eterno-nao-pode-mudar.html"]}]},{"@type":"BreadcrumbList","@id":"https:\/\/franciscanos.org.br\/noticias\/papa-o-amor-de-deus-e-eterno-nao-pode-mudar.html#breadcrumb","itemListElement":[{"@type":"ListItem","position":1,"name":"Home","item":"https:\/\/franciscanos.org.br\/noticias"},{"@type":"ListItem","position":2,"name":"Papa: &#8220;O amor de Deus \u00e9 eterno, n\u00e3o pode mudar!&#8221;"}]},{"@type":"Person","@id":"https:\/\/franciscanos.org.br\/noticias\/#\/schema\/person\/b38fbf43118f02820bd932f2e4b14ad3","name":"admin","image":{"@type":"ImageObject","inLanguage":"pt-BR","@id":"https:\/\/franciscanos.org.br\/noticias\/#\/schema\/person\/image\/","url":"https:\/\/secure.gravatar.com\/avatar\/e8495742d34d0ba6448ea1c628263b3e?s=96&d=mm&r=g","contentUrl":"https:\/\/secure.gravatar.com\/avatar\/e8495742d34d0ba6448ea1c628263b3e?s=96&d=mm&r=g","caption":"admin"},"url":"https:\/\/franciscanos.org.br\/noticias\/author\/admin"}]}},"_links":{"self":[{"href":"https:\/\/franciscanos.org.br\/noticias\/wp-json\/wp\/v2\/posts\/49391"}],"collection":[{"href":"https:\/\/franciscanos.org.br\/noticias\/wp-json\/wp\/v2\/posts"}],"about":[{"href":"https:\/\/franciscanos.org.br\/noticias\/wp-json\/wp\/v2\/types\/post"}],"author":[{"embeddable":true,"href":"https:\/\/franciscanos.org.br\/noticias\/wp-json\/wp\/v2\/users\/1"}],"replies":[{"embeddable":true,"href":"https:\/\/franciscanos.org.br\/noticias\/wp-json\/wp\/v2\/comments?post=49391"}],"version-history":[{"count":1,"href":"https:\/\/franciscanos.org.br\/noticias\/wp-json\/wp\/v2\/posts\/49391\/revisions"}],"predecessor-version":[{"id":226259,"href":"https:\/\/franciscanos.org.br\/noticias\/wp-json\/wp\/v2\/posts\/49391\/revisions\/226259"}],"wp:attachment":[{"href":"https:\/\/franciscanos.org.br\/noticias\/wp-json\/wp\/v2\/media?parent=49391"}],"wp:term":[{"taxonomy":"category","embeddable":true,"href":"https:\/\/franciscanos.org.br\/noticias\/wp-json\/wp\/v2\/categories?post=49391"},{"taxonomy":"post_tag","embeddable":true,"href":"https:\/\/franciscanos.org.br\/noticias\/wp-json\/wp\/v2\/tags?post=49391"}],"curies":[{"name":"wp","href":"https:\/\/api.w.org\/{rel}","templated":true}]}}