{"id":49208,"date":"2013-11-06T14:17:15","date_gmt":"2013-11-06T16:17:15","guid":{"rendered":"http:\/\/new.franciscanos.org.br\/?p=49208"},"modified":"2020-11-11T11:01:21","modified_gmt":"2020-11-11T14:01:21","slug":"fraternidade-nossa-senhora-das-gracas-celebra-30-anos-de-vida-fraterna","status":"publish","type":"post","link":"https:\/\/franciscanos.org.br\/noticias\/fraternidade-nossa-senhora-das-gracas-celebra-30-anos-de-vida-fraterna.html","title":{"rendered":"Fraternidade Nossa Senhora das Gra\u00e7as celebra 30 anos de vida fraterna"},"content":{"rendered":"<p style=\"text-align: left;\" align=\"right\"><b><img loading=\"lazy\" class=\"alignright size-full wp-image-49209\" src=\"http:\/\/franciscanos.org.br\/wp-content\/uploads\/2013\/11\/ofs5.jpg\" alt=\"ofs\" width=\"338\" height=\"450\" \/><\/b>Louvor e a\u00e7\u00e3o de gra\u00e7as deram a t\u00f4nica da celebra\u00e7\u00e3o do 30\u00ba anivers\u00e1rio de funda\u00e7\u00e3o da Fraternidade Franciscana Secular Nossa Senhora das Gra\u00e7as, de S\u00e3o Gon\u00e7alo (RJ). A festa foi abrilhantada pela presen\u00e7a marcante da comunidade local e das fraternidades do Regional Sudeste II presentes no evento. <b><\/b><\/p>\n<p>A celebra\u00e7\u00e3o foi presidida pelo Frei Edcarlos M\u00e1rio Hoffman, OFMCap, pelo assistente local, Frei Jos\u00e9 Soares, OFMCap, e pelo di\u00e1cono permanente Carlos Alberto. Em sua homilia, Frei Edcarlos manifestou sua alegria de celebrar esse singular momento da hist\u00f3ria da fraternidade, destacando que os irm\u00e3os devem viver a f\u00e9 dando testemunho da pr\u00f3pria vida como irm\u00e3o e tendo como referencial de partida o pr\u00f3prio Cristo que teve S\u00e3o Francisco como perfeito imitador.<\/p>\n<p>Frei Edcarlos rememorou os momentos em que foi assistente da fraternidade e confessou que se sentia bem acolhido pelos irm\u00e3os e destacou que a vida fraterna se d\u00e1, sobretudo, no cotidiano, quando se vive momentos de grande alegria ou de dificuldade.<\/p>\n<p>Finalizando sua homilia, exortou os irm\u00e3os a se deixarem contagiar pelo ideal de S\u00e3o Francisco dando testemunho, num mundo marcado pelo ego\u00edsmo, de que somos irm\u00e3os menores na Igreja e na sociedade. O Frei destacou que \u00e9 importante que cada irm\u00e3o ven\u00e7a a si mesmo para viver intensamente a partilha, a solidariedade e a amizade como irm\u00e3os, rogando que a fraternidade abra o nosso esp\u00edrito e cora\u00e7\u00e3o para um testemunho crist\u00e3o e franciscano.<\/p>\n<p>A ministra local da fraternidade, Vilma Aguiar, agradeceu a todos pela presen\u00e7a e homenageou as irm\u00e3s fundadoras da fraternidade presentes e recordou, em especial, a inspira\u00e7\u00e3o dada por Frei Roberto Nunes, OFMCap, que semeou no cora\u00e7\u00e3o dos irm\u00e3os o desejo de fundar uma fraternidade em S\u00e3o Gon\u00e7alo, erigida em 30 de outubro de 1983.<\/p>\n<p>Como express\u00e3o da vida fraterna, o casal H\u00e9lio Gouvea e Admara Titonelli celebraram seus 9 anos de casamento, renovando a uni\u00e3o matrimonial com a b\u00ean\u00e7\u00e3o das alian\u00e7as. A celebra\u00e7\u00e3o foi encerrada com a b\u00ean\u00e7\u00e3o de S\u00e3o Francisco e o entusiasmo dos fi\u00e9is que fizeram votos de que a Fraternidade Nossa Senhora das Gra\u00e7as continue a produzir muitos frutos para a honra e gl\u00f3ria do Alt\u00edssimo.<\/p>\n<p>Ap\u00f3s a celebra\u00e7\u00e3o, a fraternidade brindou a todos com uma festa marcada pela grande hospitalidade e singela de cora\u00e7\u00e3o. Os visitantes tamb\u00e9m puderam conhecer um pouco mais da hist\u00f3ria da fraternidade com o mural rico em fotos e ambientado com s\u00edmbolos franciscanos que tornou viva a mem\u00f3ria da hist\u00f3ria da fraternidade.<\/p>\n<p>Outro destaque \u00e9 a bel\u00edssima arquitetura do templo e os lind\u00edssimos afrescos que ornamentam sua nave e ab\u00f3bada ilustrando as apari\u00e7\u00f5es de Nossa Senhora a Santa Catarina Labour\u00e9, ent\u00e3o uma novi\u00e7a das Irm\u00e3s da Caridade em Paris, no s\u00e9culo XIX. Foi a humilde novi\u00e7a que Nossa Senhora pediu que fosse cunhada uma medalha para uso dos fi\u00e9is que logo se espalhou pelo mundo inteiro, derramando gra\u00e7as t\u00e3o numerosas e extraordin\u00e1rias que o povo, espontaneamente, passou a cham\u00e1-la: a medalha milagrosa.<\/p>\n<p><img loading=\"lazy\" class=\"alignleft size-full wp-image-49210\" src=\"http:\/\/franciscanos.org.br\/wp-content\/uploads\/2013\/11\/ofs21.jpg\" alt=\"ofs2\" width=\"450\" height=\"338\" \/>Nossa Senhora das Gra\u00e7as e Nossa Senhora Medianeira de Todas as Gra\u00e7as s\u00e3o invoca\u00e7\u00f5es especiais pelas quais \u00e9 conhecida a Virgem Maria, tamb\u00e9m invocada com a mesma inten\u00e7\u00e3o sob o nome de Nossa Senhora da Medalha Milagrosa.<\/p>\n<p><b>Breve hist\u00f3ria da Ordem Franciscana Secular<\/b><\/p>\n<p>A Ordem dos Frades Menores (OFM) nasceu em 1210, e a Ordem de Santa Clara (as Clarissas), em 1212. Foi tamb\u00e9m nessa \u00e9poca que nasceu a Ordem Franciscana Secular (OFS), tendo como ideal viver o Evangelho em todos os lugares onde se encontravam. Homens e mulheres, casados e solteiros, em meio \u00e0s fam\u00edlias, buscando viver o mesmo ideal que tanto atraiu Francisco de Assis. A Ordem foi aprovada pelo Papa Hon\u00f3rio III em 1221. Luqu\u00e9sio e Buonadona s\u00e3o considerados os primeiros franciscanos seculares, pois, segundo a tradi\u00e7\u00e3o, esse foi o primeiro casal que S\u00e3o Francisco aceitou na Ordem Secular daquele tempo.<\/p>\n<p>Hoje, mais do que nunca, os Franciscanos Seculares sentem-se comprometidos a viver o Evangelho cada dia e em toda circunst\u00e2ncia, segundo a pr\u00f3pria voca\u00e7\u00e3o e os dons recebidos. A OFS apresenta-se como uma experi\u00eancia de vida crist\u00e3, partilhada por mulheres e homens sem discrimina\u00e7\u00e3o, sendo hoje um verdadeiro ex\u00e9rcito franciscano de Deus espalhado por todo o mundo.<\/p>\n<p>\u201cA Ordem Franciscana Secular \u00e9 a mais antiga forma de organiza\u00e7\u00e3o de Leigos que, guiados pela Igreja, unidos em fraternidade e inspirando-se no ideal de S\u00e3o Francisco de Assis, se empenham em testemunhar com a vida o Evangelho de Jesus Cristo e se dedicam ao apostolado no estado laical\u201d. (beato Jo\u00e3o Paulo II)<\/p>\n<p>&nbsp;<\/p>\n","protected":false},"excerpt":{"rendered":"<p>OFS <\/p>\n","protected":false},"author":1,"featured_media":210876,"comment_status":"closed","ping_status":"open","sticky":false,"template":"","format":"standard","meta":[],"categories":[1],"tags":[40,60],"acf":[],"yoast_head":"<!-- This site is optimized with the Yoast SEO plugin v19.2 - https:\/\/yoast.com\/wordpress\/plugins\/seo\/ -->\n<title>Fraternidade Nossa Senhora das Gra\u00e7as celebra 30 anos de vida fraterna - Not\u00edcias - Franciscanos<\/title>\n<meta name=\"robots\" content=\"index, follow, max-snippet:-1, max-image-preview:large, max-video-preview:-1\" \/>\n<link rel=\"canonical\" href=\"https:\/\/franciscanos.org.br\/noticias\/fraternidade-nossa-senhora-das-gracas-celebra-30-anos-de-vida-fraterna.html\" \/>\n<meta property=\"og:locale\" content=\"pt_BR\" \/>\n<meta property=\"og:type\" content=\"article\" \/>\n<meta property=\"og:title\" content=\"Fraternidade Nossa Senhora das Gra\u00e7as celebra 30 anos de vida fraterna - Not\u00edcias - Franciscanos\" \/>\n<meta property=\"og:description\" content=\"OFS\" \/>\n<meta property=\"og:url\" content=\"https:\/\/franciscanos.org.br\/noticias\/fraternidade-nossa-senhora-das-gracas-celebra-30-anos-de-vida-fraterna.html\" \/>\n<meta property=\"og:site_name\" content=\"Not\u00edcias - Franciscanos\" \/>\n<meta property=\"article:published_time\" content=\"2013-11-06T16:17:15+00:00\" \/>\n<meta property=\"article:modified_time\" content=\"2020-11-11T14:01:21+00:00\" \/>\n<meta property=\"og:image\" content=\"https:\/\/franciscanos.org.br\/noticias\/wp-content\/uploads\/2013\/11\/ofs5.jpg\" \/>\n\t<meta property=\"og:image:width\" content=\"273\" \/>\n\t<meta property=\"og:image:height\" content=\"181\" \/>\n\t<meta property=\"og:image:type\" content=\"image\/jpeg\" \/>\n<meta name=\"author\" content=\"admin\" \/>\n<meta name=\"twitter:card\" content=\"summary_large_image\" \/>\n<meta name=\"twitter:label1\" content=\"Escrito por\" \/>\n\t<meta name=\"twitter:data1\" content=\"admin\" \/>\n\t<meta name=\"twitter:label2\" content=\"Est. tempo de leitura\" \/>\n\t<meta name=\"twitter:data2\" content=\"4 minutos\" \/>\n<script type=\"application\/ld+json\" class=\"yoast-schema-graph\">{\"@context\":\"https:\/\/schema.org\",\"@graph\":[{\"@type\":\"WebSite\",\"@id\":\"https:\/\/franciscanos.org.br\/noticias\/#website\",\"url\":\"https:\/\/franciscanos.org.br\/noticias\/\",\"name\":\"Not\u00edcias - Franciscanos\",\"description\":\"Prov\u00edncia Franciscana da Imaculada Concei\u00e7\u00e3o do Brasil - Ordem dos Frades Menores - OFM\",\"potentialAction\":[{\"@type\":\"SearchAction\",\"target\":{\"@type\":\"EntryPoint\",\"urlTemplate\":\"https:\/\/franciscanos.org.br\/noticias\/?s={search_term_string}\"},\"query-input\":\"required name=search_term_string\"}],\"inLanguage\":\"pt-BR\"},{\"@type\":\"ImageObject\",\"inLanguage\":\"pt-BR\",\"@id\":\"https:\/\/franciscanos.org.br\/noticias\/fraternidade-nossa-senhora-das-gracas-celebra-30-anos-de-vida-fraterna.html#primaryimage\",\"url\":\"https:\/\/franciscanos.org.br\/noticias\/wp-content\/uploads\/2013\/11\/ofs5.jpg\",\"contentUrl\":\"https:\/\/franciscanos.org.br\/noticias\/wp-content\/uploads\/2013\/11\/ofs5.jpg\",\"width\":273,\"height\":181},{\"@type\":\"WebPage\",\"@id\":\"https:\/\/franciscanos.org.br\/noticias\/fraternidade-nossa-senhora-das-gracas-celebra-30-anos-de-vida-fraterna.html#webpage\",\"url\":\"https:\/\/franciscanos.org.br\/noticias\/fraternidade-nossa-senhora-das-gracas-celebra-30-anos-de-vida-fraterna.html\",\"name\":\"Fraternidade Nossa Senhora das Gra\u00e7as celebra 30 anos de vida fraterna - Not\u00edcias - Franciscanos\",\"isPartOf\":{\"@id\":\"https:\/\/franciscanos.org.br\/noticias\/#website\"},\"primaryImageOfPage\":{\"@id\":\"https:\/\/franciscanos.org.br\/noticias\/fraternidade-nossa-senhora-das-gracas-celebra-30-anos-de-vida-fraterna.html#primaryimage\"},\"datePublished\":\"2013-11-06T16:17:15+00:00\",\"dateModified\":\"2020-11-11T14:01:21+00:00\",\"author\":{\"@id\":\"https:\/\/franciscanos.org.br\/noticias\/#\/schema\/person\/b38fbf43118f02820bd932f2e4b14ad3\"},\"breadcrumb\":{\"@id\":\"https:\/\/franciscanos.org.br\/noticias\/fraternidade-nossa-senhora-das-gracas-celebra-30-anos-de-vida-fraterna.html#breadcrumb\"},\"inLanguage\":\"pt-BR\",\"potentialAction\":[{\"@type\":\"ReadAction\",\"target\":[\"https:\/\/franciscanos.org.br\/noticias\/fraternidade-nossa-senhora-das-gracas-celebra-30-anos-de-vida-fraterna.html\"]}]},{\"@type\":\"BreadcrumbList\",\"@id\":\"https:\/\/franciscanos.org.br\/noticias\/fraternidade-nossa-senhora-das-gracas-celebra-30-anos-de-vida-fraterna.html#breadcrumb\",\"itemListElement\":[{\"@type\":\"ListItem\",\"position\":1,\"name\":\"Home\",\"item\":\"https:\/\/franciscanos.org.br\/noticias\"},{\"@type\":\"ListItem\",\"position\":2,\"name\":\"Fraternidade Nossa Senhora das Gra\u00e7as celebra 30 anos de vida fraterna\"}]},{\"@type\":\"Person\",\"@id\":\"https:\/\/franciscanos.org.br\/noticias\/#\/schema\/person\/b38fbf43118f02820bd932f2e4b14ad3\",\"name\":\"admin\",\"image\":{\"@type\":\"ImageObject\",\"inLanguage\":\"pt-BR\",\"@id\":\"https:\/\/franciscanos.org.br\/noticias\/#\/schema\/person\/image\/\",\"url\":\"https:\/\/secure.gravatar.com\/avatar\/e8495742d34d0ba6448ea1c628263b3e?s=96&d=mm&r=g\",\"contentUrl\":\"https:\/\/secure.gravatar.com\/avatar\/e8495742d34d0ba6448ea1c628263b3e?s=96&d=mm&r=g\",\"caption\":\"admin\"},\"url\":\"https:\/\/franciscanos.org.br\/noticias\/author\/admin\"}]}<\/script>\n<!-- \/ Yoast SEO plugin. -->","yoast_head_json":{"title":"Fraternidade Nossa Senhora das Gra\u00e7as celebra 30 anos de vida fraterna - Not\u00edcias - Franciscanos","robots":{"index":"index","follow":"follow","max-snippet":"max-snippet:-1","max-image-preview":"max-image-preview:large","max-video-preview":"max-video-preview:-1"},"canonical":"https:\/\/franciscanos.org.br\/noticias\/fraternidade-nossa-senhora-das-gracas-celebra-30-anos-de-vida-fraterna.html","og_locale":"pt_BR","og_type":"article","og_title":"Fraternidade Nossa Senhora das Gra\u00e7as celebra 30 anos de vida fraterna - Not\u00edcias - Franciscanos","og_description":"OFS","og_url":"https:\/\/franciscanos.org.br\/noticias\/fraternidade-nossa-senhora-das-gracas-celebra-30-anos-de-vida-fraterna.html","og_site_name":"Not\u00edcias - Franciscanos","article_published_time":"2013-11-06T16:17:15+00:00","article_modified_time":"2020-11-11T14:01:21+00:00","og_image":[{"width":273,"height":181,"url":"https:\/\/franciscanos.org.br\/noticias\/wp-content\/uploads\/2013\/11\/ofs5.jpg","type":"image\/jpeg"}],"author":"admin","twitter_card":"summary_large_image","twitter_misc":{"Escrito por":"admin","Est. tempo de leitura":"4 minutos"},"schema":{"@context":"https:\/\/schema.org","@graph":[{"@type":"WebSite","@id":"https:\/\/franciscanos.org.br\/noticias\/#website","url":"https:\/\/franciscanos.org.br\/noticias\/","name":"Not\u00edcias - Franciscanos","description":"Prov\u00edncia Franciscana da Imaculada Concei\u00e7\u00e3o do Brasil - Ordem dos Frades Menores - OFM","potentialAction":[{"@type":"SearchAction","target":{"@type":"EntryPoint","urlTemplate":"https:\/\/franciscanos.org.br\/noticias\/?s={search_term_string}"},"query-input":"required name=search_term_string"}],"inLanguage":"pt-BR"},{"@type":"ImageObject","inLanguage":"pt-BR","@id":"https:\/\/franciscanos.org.br\/noticias\/fraternidade-nossa-senhora-das-gracas-celebra-30-anos-de-vida-fraterna.html#primaryimage","url":"https:\/\/franciscanos.org.br\/noticias\/wp-content\/uploads\/2013\/11\/ofs5.jpg","contentUrl":"https:\/\/franciscanos.org.br\/noticias\/wp-content\/uploads\/2013\/11\/ofs5.jpg","width":273,"height":181},{"@type":"WebPage","@id":"https:\/\/franciscanos.org.br\/noticias\/fraternidade-nossa-senhora-das-gracas-celebra-30-anos-de-vida-fraterna.html#webpage","url":"https:\/\/franciscanos.org.br\/noticias\/fraternidade-nossa-senhora-das-gracas-celebra-30-anos-de-vida-fraterna.html","name":"Fraternidade Nossa Senhora das Gra\u00e7as celebra 30 anos de vida fraterna - Not\u00edcias - Franciscanos","isPartOf":{"@id":"https:\/\/franciscanos.org.br\/noticias\/#website"},"primaryImageOfPage":{"@id":"https:\/\/franciscanos.org.br\/noticias\/fraternidade-nossa-senhora-das-gracas-celebra-30-anos-de-vida-fraterna.html#primaryimage"},"datePublished":"2013-11-06T16:17:15+00:00","dateModified":"2020-11-11T14:01:21+00:00","author":{"@id":"https:\/\/franciscanos.org.br\/noticias\/#\/schema\/person\/b38fbf43118f02820bd932f2e4b14ad3"},"breadcrumb":{"@id":"https:\/\/franciscanos.org.br\/noticias\/fraternidade-nossa-senhora-das-gracas-celebra-30-anos-de-vida-fraterna.html#breadcrumb"},"inLanguage":"pt-BR","potentialAction":[{"@type":"ReadAction","target":["https:\/\/franciscanos.org.br\/noticias\/fraternidade-nossa-senhora-das-gracas-celebra-30-anos-de-vida-fraterna.html"]}]},{"@type":"BreadcrumbList","@id":"https:\/\/franciscanos.org.br\/noticias\/fraternidade-nossa-senhora-das-gracas-celebra-30-anos-de-vida-fraterna.html#breadcrumb","itemListElement":[{"@type":"ListItem","position":1,"name":"Home","item":"https:\/\/franciscanos.org.br\/noticias"},{"@type":"ListItem","position":2,"name":"Fraternidade Nossa Senhora das Gra\u00e7as celebra 30 anos de vida fraterna"}]},{"@type":"Person","@id":"https:\/\/franciscanos.org.br\/noticias\/#\/schema\/person\/b38fbf43118f02820bd932f2e4b14ad3","name":"admin","image":{"@type":"ImageObject","inLanguage":"pt-BR","@id":"https:\/\/franciscanos.org.br\/noticias\/#\/schema\/person\/image\/","url":"https:\/\/secure.gravatar.com\/avatar\/e8495742d34d0ba6448ea1c628263b3e?s=96&d=mm&r=g","contentUrl":"https:\/\/secure.gravatar.com\/avatar\/e8495742d34d0ba6448ea1c628263b3e?s=96&d=mm&r=g","caption":"admin"},"url":"https:\/\/franciscanos.org.br\/noticias\/author\/admin"}]}},"_links":{"self":[{"href":"https:\/\/franciscanos.org.br\/noticias\/wp-json\/wp\/v2\/posts\/49208"}],"collection":[{"href":"https:\/\/franciscanos.org.br\/noticias\/wp-json\/wp\/v2\/posts"}],"about":[{"href":"https:\/\/franciscanos.org.br\/noticias\/wp-json\/wp\/v2\/types\/post"}],"author":[{"embeddable":true,"href":"https:\/\/franciscanos.org.br\/noticias\/wp-json\/wp\/v2\/users\/1"}],"replies":[{"embeddable":true,"href":"https:\/\/franciscanos.org.br\/noticias\/wp-json\/wp\/v2\/comments?post=49208"}],"version-history":[{"count":1,"href":"https:\/\/franciscanos.org.br\/noticias\/wp-json\/wp\/v2\/posts\/49208\/revisions"}],"predecessor-version":[{"id":229294,"href":"https:\/\/franciscanos.org.br\/noticias\/wp-json\/wp\/v2\/posts\/49208\/revisions\/229294"}],"wp:featuredmedia":[{"embeddable":true,"href":"https:\/\/franciscanos.org.br\/noticias\/wp-json\/wp\/v2\/media\/210876"}],"wp:attachment":[{"href":"https:\/\/franciscanos.org.br\/noticias\/wp-json\/wp\/v2\/media?parent=49208"}],"wp:term":[{"taxonomy":"category","embeddable":true,"href":"https:\/\/franciscanos.org.br\/noticias\/wp-json\/wp\/v2\/categories?post=49208"},{"taxonomy":"post_tag","embeddable":true,"href":"https:\/\/franciscanos.org.br\/noticias\/wp-json\/wp\/v2\/tags?post=49208"}],"curies":[{"name":"wp","href":"https:\/\/api.w.org\/{rel}","templated":true}]}}