{"id":49194,"date":"2013-11-06T13:45:22","date_gmt":"2013-11-06T15:45:22","guid":{"rendered":"http:\/\/new.franciscanos.org.br\/?p=49194"},"modified":"2020-06-10T19:18:35","modified_gmt":"2020-06-10T22:18:35","slug":"papa-francisco-sem-amor-a-solidariedade-e-va","status":"publish","type":"post","link":"https:\/\/franciscanos.org.br\/noticias\/papa-francisco-sem-amor-a-solidariedade-e-va.html","title":{"rendered":"Papa Francisco hoje: &#8220;Sem amor, a solidariedade \u00e9 v\u00e3&#8221;"},"content":{"rendered":"<p>&nbsp;<\/p>\n<p><img loading=\"lazy\" class=\"alignnone size-full wp-image-226261\" src=\"https:\/\/franciscanos.org.br\/noticias\/wp-content\/uploads\/2013\/11\/solidariedade_2013.jpg\" alt=\"\" width=\"890\" height=\"501\" srcset=\"https:\/\/franciscanos.org.br\/noticias\/wp-content\/uploads\/2013\/11\/solidariedade_2013.jpg 890w, https:\/\/franciscanos.org.br\/noticias\/wp-content\/uploads\/2013\/11\/solidariedade_2013-450x253.jpg 450w, https:\/\/franciscanos.org.br\/noticias\/wp-content\/uploads\/2013\/11\/solidariedade_2013-768x432.jpg 768w, https:\/\/franciscanos.org.br\/noticias\/wp-content\/uploads\/2013\/11\/solidariedade_2013-150x84.jpg 150w\" sizes=\"(max-width: 890px) 100vw, 890px\" \/><\/p>\n<p><strong>Cidade do Vaticano<\/strong> \u2013 Mais de 80 mil pessoas lotaram a Pra\u00e7a S. Pedro na manh\u00e3 desta quarta-feira para a Audi\u00eancia Geral com o Papa Francisco.<\/p>\n<p>\u00c0s 9h45, o Papa j\u00e1 estava na Pra\u00e7a para receber e retribuir o carinho dos fi\u00e9is. Por cerca de meia-hora, a bordo do seu jipe, Francisco aben\u00e7oou a multid\u00e3o, beijou as crian\u00e7as e conversou com os in\u00fameros grupos.<\/p>\n<p>Prosseguindo sua reflex\u00e3o da semana passada, quando falou da \u201ccomunh\u00e3o dos santos\u201d que professamos no Credo, hoje aprofundou outro aspecto desta realidade, isto \u00e9, a comunh\u00e3o nas coisas santas, ou seja, a comunh\u00e3o dos bens espirituais nos sacramentos, nos carismas e na caridade.<\/p>\n<p>A comunh\u00e3o entre os crist\u00e3os cresce mediante a participa\u00e7\u00e3o aos bens espirituais, explicou o Pont\u00edfice.<\/p>\n<p>Na comunh\u00e3o dos Sacramentos, h\u00e1 uma comunh\u00e3o profunda e efetiva entre n\u00f3s, porque neles encontramos Cristo e atrav\u00e9s Dele, os nossos irm\u00e3os.<\/p>\n<p>Na confiss\u00e3o, por exemplo, \u201cn\u00e3o devemos ter medo do padre, porque \u00e9 Jesus que encontramos no Sacramento\u201d, disse o Papa. Assim, cada encontro com Cristo \u00e9 um convite a ir ao encontro dos outros, levando esta salva\u00e7\u00e3o que se pode ver, tocar e receber; e que \u00e9 cr\u00edvel porque \u00e9 amor. Deste modo, os Sacramentos nos levam a ser mission\u00e1rios, a levar o Evangelho a cada ambiente, inclusive \u00e0queles mais hostis.<\/p>\n<p>Depois, h\u00e1 os carismas: s\u00e3o predisposi\u00e7\u00f5es, inspira\u00e7\u00f5es e impulsos interiores que surgem na consci\u00eancia e na experi\u00eancia das pessoas para ser postos ao servi\u00e7o da comunidade. \u201cDeve-se duvidar dos carismas que servem para afirmar a si mesmos\u201d, advertiu o Santo Padre, pois n\u00e3o s\u00e3o dados em benef\u00edcio de quem os recebe, mas para o bem de todo o Povo de Deus. \u201cTodos somos chamados a respeitar os carismas em n\u00f3s e nos outros, como nos recomendou S\u00e3o Paulo: \u2018N\u00e3o apagueis o Esp\u00edrito\u2019.\u201d<\/p>\n<p>Finalmente, a comunh\u00e3o na caridade: n\u00e3o uma \u201ccaridadezinha\u201d para descargo de consci\u00eancia, mas uma comunh\u00e3o que nos leva a entrar de tal maneira nas alegrias e nas dores alheias que assumimos sinceramente como nossas.<\/p>\n<p>Sem o amor, de fato, inclusive os dons mais extraordin\u00e1rios s\u00e3o v\u00e3os, enquanto o menor dos nossos gestos de amor tem bons efeitos para todos! \u201cCom frequ\u00eancia somos muito \u00e1ridos, indiferentes, distantes e ao inv\u00e9s de transmitir fraternidade, transmitidos mal humor, frieza e ego\u00edsmo. Abramo-nos \u00e0 comunh\u00e3o com Jesus nos sacramentos, nos carismas e na caridade, para vivermos de maneira digna da nossa voca\u00e7\u00e3o crist\u00e3.\u201d<\/p>\n<p>No final da catequese, o Papa emocionou a Pra\u00e7a ao pedir um ato de caridade (tranquilizando os fi\u00e9is de que n\u00e3o se tratava de uma coleta) e rezar por uma menina de um ano e meio, muito doente.<\/p>\n<p>\u201cPermito-me de pedir-vos um ato de caridade. Estejam tranquilos que n\u00e3o vamos fazer um pedit\u00f3rio! Um ato de caridade. Antes de vir para a pra\u00e7a fui visitar uma menina, de um ano e meio com uma doen\u00e7a grav\u00edssima: o seu pai e a sua m\u00e3e rezam e pedem ao Senhor a sa\u00fade desta linda menina. Chama-se Noemi. Sorria coitadinha, Fa\u00e7amos um ato de amor. N\u00f3s n\u00e3o a conhecemos, mas \u00e9 uma menina batizada, \u00e9 uma de n\u00f3s, uma crist\u00e3. Fa\u00e7amos um ato de amor por ela e em sil\u00eancio antes pe\u00e7amos ao Senhor que a ajude neste momento e lhe d\u00ea sa\u00fade. Em sil\u00eancio e depois rezaremos a Av\u00e9-Maria\u201d<\/p>\n<p>Saudando os grupos presentes na Pra\u00e7a, o Pont\u00edfice se dirigiu aos fi\u00e9is de l\u00edngua portuguesa cumprimentando em modo especial os peregrinos de Bauru (SP) e de S\u00e3o Bernardo do Campo (SP).<\/p>\n<p>Por fim, recordou que este m\u00eas de novembro \u00e9 dedicado \u00e0 mem\u00f3ria e \u00e0 ora\u00e7\u00e3o pelos defuntos \u2013 uma oportunidade para considerar de maneira mais aprofundada o significado da exist\u00eancia terrena e o valor da vida eterna. \u201cQue esses dias sejam para todos um est\u00edmulo a compreender que a vida tem valor se vivida para amar a Deus e o pr\u00f3ximo.\u201d<\/p>\n<p><strong>Leia a \u00edntegra da catequese do Papa:<\/strong><\/p>\n<p>Queridos irm\u00e3os e irm\u00e3s, bom dia!<\/p>\n<p>Quarta-feira passada falei da comunh\u00e3o dos santos, entendida como comunh\u00e3o entre as pessoas santas, isso \u00e9, entre n\u00f3s crentes. Hoje gostaria de aprofundar outro aspecto desta realidade: voc\u00eas se lembram de que eram dois aspectos: um a comunh\u00e3o, a unidade entre n\u00f3s, e o outro aspecto a comunh\u00e3o nas coisas santas, nos bens espirituais. Os dois aspectos est\u00e3o intimamente ligados entre si, de fato, a comunh\u00e3o entre os crist\u00e3os cresce mediante a participa\u00e7\u00e3o nos bens espirituais. Em particular, consideremos: os Sacramentos, os carismas e a caridade (cfr Catecismo da Igreja Cat\u00f3lica nn 949-953). N\u00f3s crescemos em unidade, em comunh\u00e3o, com: os Sacramentos, os carismas que cada um tem do Esp\u00edrito Santo e com a caridade.<\/p>\n<p>Antes de tudo, a comunh\u00e3o aos sacramentos. Os sacramentos exprimem e realizam uma efetiva e profunda comunh\u00e3o entre n\u00f3s, porque neles encontramos Cristo Salvador e, atrav\u00e9s Dele, os nossos irm\u00e3os na f\u00e9. Os sacramentos n\u00e3o s\u00e3o apar\u00eancia, n\u00e3o s\u00e3o ritos, mas s\u00e3o a for\u00e7a de Cristo; \u00e9 Jesus Cristo presente nos sacramentos. Quando celebramos a Eucaristia \u00e9 Jesus vivo, que nos une, que nos faz comunidade, que nos faz adorar o Pai. Cada um de n\u00f3s, de fato, mediante o Batismo, a Confirma\u00e7\u00e3o e a Eucaristia foi incorporado a Cristo e unido a toda a comunidade dos crentes. Portanto, se por um lado \u00e9 a Igreja que \u201cfaz\u201d os sacramentos, por outro s\u00e3o os sacramentos que \u201cfazem\u201d a Igreja, edificam-na, gerando novos filhos, agregando-os ao povo santo de Deus, consolidando a sua perten\u00e7a.<\/p>\n<p>Todo encontro com Cristo, que nos sacramentos nos d\u00e1 a salva\u00e7\u00e3o, convida-nos a \u201cir\u201d e comunicar aos outros uma salva\u00e7\u00e3o que pudemos ver, tocar, encontrar, acolher, e que \u00e9 realmente cred\u00edvel porque \u00e9 amor. Deste modo, os sacramentos nos impelem a ser mission\u00e1rios, e o empenho apost\u00f3lico de levar o Evangelho a todo ambiente, mesmo naqueles mais hostis, constitui o fruto mais aut\u00eantico de uma ass\u00eddua vida sacramental, enquanto \u00e9 participa\u00e7\u00e3o na iniciativa salv\u00edfica de Deus, que quer dar a todos a salva\u00e7\u00e3o. A gra\u00e7a dos sacramentos alimenta em n\u00f3s uma f\u00e9 forte e alegre, uma f\u00e9 que sabe admirar as \u201cmaravilhas\u201d de Deus e sabe resistir aos \u00eddolos do mundo. Por isto \u00e9 importante comungar, \u00e9 importante que as crian\u00e7as sejam batizadas cedo, que sejam crismadas, porque os sacramentos s\u00e3o a presen\u00e7a de Jesus Cristo em n\u00f3s, uma presen\u00e7a que nos ajuda. \u00c9 importante, quando nos sentimos pecadores, aproximar-nos do sacramento da Reconcilia\u00e7\u00e3o. Algu\u00e9m poder\u00e1 dizer: \u201cMas tenho medo, porque o padre vai me repreender\u201d. N\u00e3o, n\u00e3o vai te repreender, voc\u00ea sabe quem voc\u00ea vai encontrar no sacramento da Reconcilia\u00e7\u00e3o? Encontrar\u00e1s Jesus que te perdoa! \u00c9 Jesus que nos espera ali; e este \u00e9 um sacramento que faz crescer toda a Igreja.<\/p>\n<p>Um segundo aspecto da comunh\u00e3o nas coisas santas \u00e9 aquele da comunh\u00e3o dos carismas. O Esp\u00edrito Santo distribui entre os fi\u00e9is uma infinidade de dons e de gra\u00e7as espirituais; esta riqueza, digamos, \u201cfantasiosa\u201d dos dons do Esp\u00edrito Santo \u00e9 destinada \u00e0 edifica\u00e7\u00e3o da Igreja. Os carismas \u2013 palavra um pouco dif\u00edcil \u2013 s\u00e3o os presentes que nos d\u00e1 o Esp\u00edrito Santo, habilidades, possibilidades\u2026 Presentes dados n\u00e3o para que fiquem escondidos, mas para comunicar aos outros. N\u00e3o s\u00e3o dados em benef\u00edcio de quem os recebe, mas para a utilidade do povo de Deus. Se um carisma, em vez disso, um presente desses serve para afirmar a sim mesmo, deve-se duvidar que se trate de um aut\u00eantico carisma ou que seja fielmente vivido. Os carismas s\u00e3o gra\u00e7as particulares, dadas a alguns para fazer bem a tantos outros. S\u00e3o atitudes, inspira\u00e7\u00f5es e est\u00edmulos interiores que nascem na consci\u00eancia e na experi\u00eancia de determinadas pessoas, as quais s\u00e3o chamadas a coloc\u00e1-los a servi\u00e7o da comunidade. Em particular, esses dons espirituais beneficiam a santidade da Igreja e da sua miss\u00e3o. Todos somos chamados a respeit\u00e1-los em n\u00f3s e nos outros, a acolh\u00ea-los como est\u00edmulos \u00fateis para uma presen\u00e7a e uma obra fecunda da Igreja. S\u00e3o Paulo advertia: \u201cN\u00e3o extingais o Esp\u00edrito\u201d (1 Ts 5, 19). N\u00e3o extingamos o Esp\u00edrito que nos d\u00e1 estes presentes, estas habilidades, estas virtudes t\u00e3o belas que fazem a Igreja crescer.<\/p>\n<p>Qual \u00e9 o nosso comportamento diante destes dons do Esp\u00edrito Santo? Somos conscientes de que o Esp\u00edrito de Deus \u00e9 livre para d\u00e1-los a quem quer? N\u00f3s os consideramos como uma ajuda espiritual, atrav\u00e9s do qual o Senhor apoia a nossa f\u00e9 e refor\u00e7a a nossa miss\u00e3o no mundo?<\/p>\n<p>E chegamos ao terceiro aspecto da comunh\u00e3o nas coisas santas, isso \u00e9, a comunh\u00e3o da caridade, a unidade entre n\u00f3s que faz a caridade, o amor. Os pag\u00e3os, observando os primeiros crist\u00e3os, diziam: mas, como se amam, como se querem bem! N\u00e3o se odeiam, n\u00e3o falam uns contra os outros. Esta \u00e9 a caridade, o amor de Deus que o Esp\u00edrito Santo nos coloca no cora\u00e7\u00e3o. Os carismas s\u00e3o importantes na vida da comunidade crist\u00e3, mas s\u00e3o sempre meios para crescer na caridade, no amor, que S\u00e3o Paulo coloca acima dos carismas (cfr 1 Cor 13, 1-13). Sem o amor, na verdade, mesmo os dons mais extraordin\u00e1rios s\u00e3o v\u00e3os; este homem cura o povo, tem esta qualidade, esta outra virtude\u2026 mas tem amor e caridade no seu cora\u00e7\u00e3o? Se tem, tudo bem, mas se n\u00e3o tem, n\u00e3o serve \u00e0 Igreja. Sem o amor todos estes dons e carismas n\u00e3o servem \u00e0 Igreja, porque onde n\u00e3o h\u00e1 o amor h\u00e1 um vazio que vem preenchido pelo ego\u00edsmo. E me pergunto: se todos somos ego\u00edstas, podemos viver em comunh\u00e3o e em paz? N\u00e3o se pode, por isto \u00e9 necess\u00e1rio o amor que nos une. O menor dos gestos de amor tem efeito bom para todos! Portanto, viver a unidade na Igreja e a comunh\u00e3o da caridade significa n\u00e3o buscar o pr\u00f3prio interesse, mas partilhar os sofrimentos e as alegrias dos irm\u00e3os (cfr 1 Cor 12, 26), prontos a levar os fardos daqueles mais fr\u00e1geis e necessitados. Esta solidariedade fraterna n\u00e3o \u00e9 uma figura ret\u00f3rica, um modo de dizer, mas \u00e9 parte integrante da comunh\u00e3o entre os crist\u00e3os. Se a vivemos, n\u00f3s somos no mundo sinal, \u201csacramento\u201d do amor de Deus. Somos uns pelos outros e somos por todos! N\u00e3o se trata somente daquela caridade pequena que podemos oferecer ao outro, trata-se de algo mais profundo: \u00e9 uma comunh\u00e3o que nos torna capazes de entrar na alegria e na dor dos outros para faz\u00ea-las nossas sinceramente.<\/p>\n<p>E muitas vezes somos t\u00e3o secos, indiferentes, distantes e em vez de transmitir fraternidade, transmitimos mal humor, frieza, ego\u00edsmo. E com mal humor, frieza, ego\u00edsmo n\u00e3o se pode fazer crescer a Igreja; a Igreja cresce somente com amor que vem do Esp\u00edrito Santo. O Senhor nos convida a abrir-nos \u00e0 comunh\u00e3o com Ele, nos sacramentos, nos carismas e na caridade, para viver de maneira digna da nossa voca\u00e7\u00e3o crist\u00e3!<\/p>\n<p>E agora me permito pedir a voc\u00eas um ato de caridade: fiquem tranquilos que n\u00e3o se far\u00e1 coleta! Antes de vir aqui na pra\u00e7a fui encontrar uma menina de um ano e meio com uma doen\u00e7a grav\u00edssima. Seu pai e sua m\u00e3e rezam e pedem ao Senhor a sa\u00fade desta bela crian\u00e7a. Chama-se Noemi. Sorria, pobrezinha! Fa\u00e7amos um ato de amor. N\u00e3o a conhecemos, mas \u00e9 uma menina batizada, \u00e9 uma de n\u00f3s, \u00e9 uma crist\u00e3. Fa\u00e7amos um ato de amor por ela e em sil\u00eancio pe\u00e7amos que o Senhor a ajude neste momento e lhe d\u00ea sa\u00fade. Em sil\u00eancio um momento e depois rezemos a Ave Maria. E agora todos juntos rezemos \u00e0 Nossa Senhora pela sa\u00fade de Noemi. Ave Maria\u2026 Obrigado por este ato de caridade.<\/p>\n<hr \/>\n<p><em>Fonte: R\u00e1dio Vaticano<\/em><\/p>\n","protected":false},"excerpt":{"rendered":"<p>Audi\u00eancia Geral<\/p>\n","protected":false},"author":1,"featured_media":226262,"comment_status":"closed","ping_status":"open","sticky":false,"template":"","format":"standard","meta":[],"categories":[1428],"tags":[487],"acf":[],"yoast_head":"<!-- This site is optimized with the Yoast SEO plugin v19.2 - https:\/\/yoast.com\/wordpress\/plugins\/seo\/ -->\n<title>Papa Francisco hoje: &quot;Sem amor, a solidariedade \u00e9 v\u00e3&quot; - Not\u00edcias - Franciscanos<\/title>\n<meta name=\"robots\" content=\"index, follow, max-snippet:-1, max-image-preview:large, max-video-preview:-1\" \/>\n<link rel=\"canonical\" href=\"https:\/\/franciscanos.org.br\/noticias\/papa-francisco-sem-amor-a-solidariedade-e-va.html\" \/>\n<meta property=\"og:locale\" content=\"pt_BR\" \/>\n<meta property=\"og:type\" content=\"article\" \/>\n<meta property=\"og:title\" content=\"Papa Francisco hoje: &quot;Sem amor, a solidariedade \u00e9 v\u00e3&quot; - Not\u00edcias - Franciscanos\" \/>\n<meta property=\"og:description\" content=\"Audi\u00eancia Geral\" \/>\n<meta property=\"og:url\" content=\"https:\/\/franciscanos.org.br\/noticias\/papa-francisco-sem-amor-a-solidariedade-e-va.html\" \/>\n<meta property=\"og:site_name\" content=\"Not\u00edcias - Franciscanos\" \/>\n<meta property=\"article:published_time\" content=\"2013-11-06T15:45:22+00:00\" \/>\n<meta property=\"article:modified_time\" content=\"2020-06-10T22:18:35+00:00\" \/>\n<meta property=\"og:image\" content=\"https:\/\/franciscanos.org.br\/noticias\/wp-content\/uploads\/2013\/11\/solidariedade_2013d.jpg\" \/>\n\t<meta property=\"og:image:width\" content=\"800\" \/>\n\t<meta property=\"og:image:height\" content=\"600\" \/>\n\t<meta property=\"og:image:type\" content=\"image\/jpeg\" \/>\n<meta name=\"author\" content=\"admin\" \/>\n<meta name=\"twitter:card\" content=\"summary_large_image\" \/>\n<meta name=\"twitter:label1\" content=\"Escrito por\" \/>\n\t<meta name=\"twitter:data1\" content=\"admin\" \/>\n\t<meta name=\"twitter:label2\" content=\"Est. tempo de leitura\" \/>\n\t<meta name=\"twitter:data2\" content=\"10 minutos\" \/>\n<script type=\"application\/ld+json\" class=\"yoast-schema-graph\">{\"@context\":\"https:\/\/schema.org\",\"@graph\":[{\"@type\":\"WebSite\",\"@id\":\"https:\/\/franciscanos.org.br\/noticias\/#website\",\"url\":\"https:\/\/franciscanos.org.br\/noticias\/\",\"name\":\"Not\u00edcias - Franciscanos\",\"description\":\"Prov\u00edncia Franciscana da Imaculada Concei\u00e7\u00e3o do Brasil - Ordem dos Frades Menores - OFM\",\"potentialAction\":[{\"@type\":\"SearchAction\",\"target\":{\"@type\":\"EntryPoint\",\"urlTemplate\":\"https:\/\/franciscanos.org.br\/noticias\/?s={search_term_string}\"},\"query-input\":\"required name=search_term_string\"}],\"inLanguage\":\"pt-BR\"},{\"@type\":\"ImageObject\",\"inLanguage\":\"pt-BR\",\"@id\":\"https:\/\/franciscanos.org.br\/noticias\/papa-francisco-sem-amor-a-solidariedade-e-va.html#primaryimage\",\"url\":\"https:\/\/franciscanos.org.br\/noticias\/wp-content\/uploads\/2013\/11\/solidariedade_2013d.jpg\",\"contentUrl\":\"https:\/\/franciscanos.org.br\/noticias\/wp-content\/uploads\/2013\/11\/solidariedade_2013d.jpg\",\"width\":800,\"height\":600},{\"@type\":\"WebPage\",\"@id\":\"https:\/\/franciscanos.org.br\/noticias\/papa-francisco-sem-amor-a-solidariedade-e-va.html#webpage\",\"url\":\"https:\/\/franciscanos.org.br\/noticias\/papa-francisco-sem-amor-a-solidariedade-e-va.html\",\"name\":\"Papa Francisco hoje: \\\"Sem amor, a solidariedade \u00e9 v\u00e3\\\" - Not\u00edcias - Franciscanos\",\"isPartOf\":{\"@id\":\"https:\/\/franciscanos.org.br\/noticias\/#website\"},\"primaryImageOfPage\":{\"@id\":\"https:\/\/franciscanos.org.br\/noticias\/papa-francisco-sem-amor-a-solidariedade-e-va.html#primaryimage\"},\"datePublished\":\"2013-11-06T15:45:22+00:00\",\"dateModified\":\"2020-06-10T22:18:35+00:00\",\"author\":{\"@id\":\"https:\/\/franciscanos.org.br\/noticias\/#\/schema\/person\/b38fbf43118f02820bd932f2e4b14ad3\"},\"breadcrumb\":{\"@id\":\"https:\/\/franciscanos.org.br\/noticias\/papa-francisco-sem-amor-a-solidariedade-e-va.html#breadcrumb\"},\"inLanguage\":\"pt-BR\",\"potentialAction\":[{\"@type\":\"ReadAction\",\"target\":[\"https:\/\/franciscanos.org.br\/noticias\/papa-francisco-sem-amor-a-solidariedade-e-va.html\"]}]},{\"@type\":\"BreadcrumbList\",\"@id\":\"https:\/\/franciscanos.org.br\/noticias\/papa-francisco-sem-amor-a-solidariedade-e-va.html#breadcrumb\",\"itemListElement\":[{\"@type\":\"ListItem\",\"position\":1,\"name\":\"Home\",\"item\":\"https:\/\/franciscanos.org.br\/noticias\"},{\"@type\":\"ListItem\",\"position\":2,\"name\":\"Papa Francisco hoje: &#8220;Sem amor, a solidariedade \u00e9 v\u00e3&#8221;\"}]},{\"@type\":\"Person\",\"@id\":\"https:\/\/franciscanos.org.br\/noticias\/#\/schema\/person\/b38fbf43118f02820bd932f2e4b14ad3\",\"name\":\"admin\",\"image\":{\"@type\":\"ImageObject\",\"inLanguage\":\"pt-BR\",\"@id\":\"https:\/\/franciscanos.org.br\/noticias\/#\/schema\/person\/image\/\",\"url\":\"https:\/\/secure.gravatar.com\/avatar\/e8495742d34d0ba6448ea1c628263b3e?s=96&d=mm&r=g\",\"contentUrl\":\"https:\/\/secure.gravatar.com\/avatar\/e8495742d34d0ba6448ea1c628263b3e?s=96&d=mm&r=g\",\"caption\":\"admin\"},\"url\":\"https:\/\/franciscanos.org.br\/noticias\/author\/admin\"}]}<\/script>\n<!-- \/ Yoast SEO plugin. -->","yoast_head_json":{"title":"Papa Francisco hoje: \"Sem amor, a solidariedade \u00e9 v\u00e3\" - Not\u00edcias - Franciscanos","robots":{"index":"index","follow":"follow","max-snippet":"max-snippet:-1","max-image-preview":"max-image-preview:large","max-video-preview":"max-video-preview:-1"},"canonical":"https:\/\/franciscanos.org.br\/noticias\/papa-francisco-sem-amor-a-solidariedade-e-va.html","og_locale":"pt_BR","og_type":"article","og_title":"Papa Francisco hoje: \"Sem amor, a solidariedade \u00e9 v\u00e3\" - Not\u00edcias - Franciscanos","og_description":"Audi\u00eancia Geral","og_url":"https:\/\/franciscanos.org.br\/noticias\/papa-francisco-sem-amor-a-solidariedade-e-va.html","og_site_name":"Not\u00edcias - Franciscanos","article_published_time":"2013-11-06T15:45:22+00:00","article_modified_time":"2020-06-10T22:18:35+00:00","og_image":[{"width":800,"height":600,"url":"https:\/\/franciscanos.org.br\/noticias\/wp-content\/uploads\/2013\/11\/solidariedade_2013d.jpg","type":"image\/jpeg"}],"author":"admin","twitter_card":"summary_large_image","twitter_misc":{"Escrito por":"admin","Est. tempo de leitura":"10 minutos"},"schema":{"@context":"https:\/\/schema.org","@graph":[{"@type":"WebSite","@id":"https:\/\/franciscanos.org.br\/noticias\/#website","url":"https:\/\/franciscanos.org.br\/noticias\/","name":"Not\u00edcias - Franciscanos","description":"Prov\u00edncia Franciscana da Imaculada Concei\u00e7\u00e3o do Brasil - Ordem dos Frades Menores - OFM","potentialAction":[{"@type":"SearchAction","target":{"@type":"EntryPoint","urlTemplate":"https:\/\/franciscanos.org.br\/noticias\/?s={search_term_string}"},"query-input":"required name=search_term_string"}],"inLanguage":"pt-BR"},{"@type":"ImageObject","inLanguage":"pt-BR","@id":"https:\/\/franciscanos.org.br\/noticias\/papa-francisco-sem-amor-a-solidariedade-e-va.html#primaryimage","url":"https:\/\/franciscanos.org.br\/noticias\/wp-content\/uploads\/2013\/11\/solidariedade_2013d.jpg","contentUrl":"https:\/\/franciscanos.org.br\/noticias\/wp-content\/uploads\/2013\/11\/solidariedade_2013d.jpg","width":800,"height":600},{"@type":"WebPage","@id":"https:\/\/franciscanos.org.br\/noticias\/papa-francisco-sem-amor-a-solidariedade-e-va.html#webpage","url":"https:\/\/franciscanos.org.br\/noticias\/papa-francisco-sem-amor-a-solidariedade-e-va.html","name":"Papa Francisco hoje: \"Sem amor, a solidariedade \u00e9 v\u00e3\" - Not\u00edcias - Franciscanos","isPartOf":{"@id":"https:\/\/franciscanos.org.br\/noticias\/#website"},"primaryImageOfPage":{"@id":"https:\/\/franciscanos.org.br\/noticias\/papa-francisco-sem-amor-a-solidariedade-e-va.html#primaryimage"},"datePublished":"2013-11-06T15:45:22+00:00","dateModified":"2020-06-10T22:18:35+00:00","author":{"@id":"https:\/\/franciscanos.org.br\/noticias\/#\/schema\/person\/b38fbf43118f02820bd932f2e4b14ad3"},"breadcrumb":{"@id":"https:\/\/franciscanos.org.br\/noticias\/papa-francisco-sem-amor-a-solidariedade-e-va.html#breadcrumb"},"inLanguage":"pt-BR","potentialAction":[{"@type":"ReadAction","target":["https:\/\/franciscanos.org.br\/noticias\/papa-francisco-sem-amor-a-solidariedade-e-va.html"]}]},{"@type":"BreadcrumbList","@id":"https:\/\/franciscanos.org.br\/noticias\/papa-francisco-sem-amor-a-solidariedade-e-va.html#breadcrumb","itemListElement":[{"@type":"ListItem","position":1,"name":"Home","item":"https:\/\/franciscanos.org.br\/noticias"},{"@type":"ListItem","position":2,"name":"Papa Francisco hoje: &#8220;Sem amor, a solidariedade \u00e9 v\u00e3&#8221;"}]},{"@type":"Person","@id":"https:\/\/franciscanos.org.br\/noticias\/#\/schema\/person\/b38fbf43118f02820bd932f2e4b14ad3","name":"admin","image":{"@type":"ImageObject","inLanguage":"pt-BR","@id":"https:\/\/franciscanos.org.br\/noticias\/#\/schema\/person\/image\/","url":"https:\/\/secure.gravatar.com\/avatar\/e8495742d34d0ba6448ea1c628263b3e?s=96&d=mm&r=g","contentUrl":"https:\/\/secure.gravatar.com\/avatar\/e8495742d34d0ba6448ea1c628263b3e?s=96&d=mm&r=g","caption":"admin"},"url":"https:\/\/franciscanos.org.br\/noticias\/author\/admin"}]}},"_links":{"self":[{"href":"https:\/\/franciscanos.org.br\/noticias\/wp-json\/wp\/v2\/posts\/49194"}],"collection":[{"href":"https:\/\/franciscanos.org.br\/noticias\/wp-json\/wp\/v2\/posts"}],"about":[{"href":"https:\/\/franciscanos.org.br\/noticias\/wp-json\/wp\/v2\/types\/post"}],"author":[{"embeddable":true,"href":"https:\/\/franciscanos.org.br\/noticias\/wp-json\/wp\/v2\/users\/1"}],"replies":[{"embeddable":true,"href":"https:\/\/franciscanos.org.br\/noticias\/wp-json\/wp\/v2\/comments?post=49194"}],"version-history":[{"count":2,"href":"https:\/\/franciscanos.org.br\/noticias\/wp-json\/wp\/v2\/posts\/49194\/revisions"}],"predecessor-version":[{"id":226263,"href":"https:\/\/franciscanos.org.br\/noticias\/wp-json\/wp\/v2\/posts\/49194\/revisions\/226263"}],"wp:featuredmedia":[{"embeddable":true,"href":"https:\/\/franciscanos.org.br\/noticias\/wp-json\/wp\/v2\/media\/226262"}],"wp:attachment":[{"href":"https:\/\/franciscanos.org.br\/noticias\/wp-json\/wp\/v2\/media?parent=49194"}],"wp:term":[{"taxonomy":"category","embeddable":true,"href":"https:\/\/franciscanos.org.br\/noticias\/wp-json\/wp\/v2\/categories?post=49194"},{"taxonomy":"post_tag","embeddable":true,"href":"https:\/\/franciscanos.org.br\/noticias\/wp-json\/wp\/v2\/tags?post=49194"}],"curies":[{"name":"wp","href":"https:\/\/api.w.org\/{rel}","templated":true}]}}