{"id":49151,"date":"2013-11-06T07:57:57","date_gmt":"2013-11-06T09:57:57","guid":{"rendered":"http:\/\/new.franciscanos.org.br\/?p=49151"},"modified":"2020-11-11T11:02:03","modified_gmt":"2020-11-11T14:02:03","slug":"fraternidade-apostolo-sao-pedro-comemora-70-anos-de-vida-fraterna","status":"publish","type":"post","link":"https:\/\/franciscanos.org.br\/noticias\/fraternidade-apostolo-sao-pedro-comemora-70-anos-de-vida-fraterna.html","title":{"rendered":"Fraternidade Ap\u00f3stolo S\u00e3o Pedro comemora 70 anos de vida fraterna"},"content":{"rendered":"<p style=\"text-align: left;\" align=\"right\"><b><img loading=\"lazy\" class=\"alignright size-full wp-image-49152\" src=\"http:\/\/franciscanos.org.br\/wp-content\/uploads\/2013\/11\/ofs11.jpg\" alt=\"ofs1\" width=\"500\" height=\"375\" \/><\/b>A Fraternidade Ap\u00f3stolo S\u00e3o Pedro, em Cavalcante (RJ), comemorou com grande alegria e emo\u00e7\u00e3o, a passagem de seu 70\u00ba anivers\u00e1rio de funda\u00e7\u00e3o. As comemora\u00e7\u00f5es foram prestigiadas pelas fraternidades do Regional Sudeste II da Ordem Franciscana Secular (OFS,) que celebraram juntas esse importante momento da vida fraterna.<\/p>\n<p>Os setenta anos da fraternidade \u00e9 uma prova inconteste da for\u00e7a e do vigor carisma franciscano presente no mundo e, em especial, no Regional Sudeste II. A celebra\u00e7\u00e3o foi presidida pelo Assistente Nacional da OFS, Frei Almir Ribeiro Guimar\u00e3es, OFM, e concelebrada pelo p\u00e1roco da Par\u00f3quia Padre Ludendorfs Cohen Couto, e pelo di\u00e1cono permanente Luiz Francisco Costa. Em sua homilia, Frei Almir destacou a import\u00e2ncia da gratid\u00e3o a Deus por todas as gra\u00e7as que nos oferece e a gratid\u00e3o aos irm\u00e3os como forma de reconhecimento da import\u00e2ncia da vida em fraternidade, expressas na amizade e na alegria do encontro.<\/p>\n<p>A fraternidade exibiu um v\u00eddeo com as fotos de momentos marcantes da vida fraterna fazendo mem\u00f3ria dos irm\u00e3os j\u00e1 falecidos que ajudaram a construir sua hist\u00f3ria de seguimento ao Evangelho de Nosso Senhor Jesus Cristo segundo os passos de S\u00e3o Francisco. Ap\u00f3s a exibi\u00e7\u00e3o, Frei Almir convidou os irm\u00e3os da fraternidade a renovarem suas profiss\u00f5es diante da assembleia como gesto de compromisso e de fidelidade ao Evangelho e \u00e0 Regra e Vida de S\u00e3o Francisco.<\/p>\n<p>No final da celebra\u00e7\u00e3o, Frei Almir Ribeiro desejou longevidade \u00e0 fraternidade para que tamb\u00e9m se revigore com novas voca\u00e7\u00f5es e continue a produzir muitos frutos para honra e gl\u00f3ria de Nosso Senhor Jesus Cristo. A celebra\u00e7\u00e3o foi encerrada com a b\u00ean\u00e7\u00e3o de S\u00e3o Francisco e o entusiasmo dos fi\u00e9is que bradaram seu amor e devo\u00e7\u00e3o a S\u00e3o Francisco de Assis.<\/p>\n<p><img loading=\"lazy\" class=\"alignleft size-full wp-image-49153\" src=\"http:\/\/franciscanos.org.br\/wp-content\/uploads\/2013\/11\/ofs2.jpg\" alt=\"ofs2\" width=\"500\" height=\"375\" \/>Ap\u00f3s a celebra\u00e7\u00e3o, os presentes foram recepcionados com grande hospitalidade e singela de cora\u00e7\u00e3o. O ministro local da fraternidade, J\u00falio Nobre, agradeceu a todos pela presen\u00e7a, homenageando os irm\u00e3os e paroquianos benfeitores da fraternidade. Os visitantes tamb\u00e9m puderam conhecer a Par\u00f3quia Ap\u00f3stolo S\u00e3o Pedro, fundada pelos frades holandeses da Prov\u00edncia Santa Cruz, de Minas Gerais, que no in\u00edcio do s\u00e9culo XX, que marcaram de forma indel\u00e9vel a presen\u00e7a franciscana no sub\u00farbio da Cidade do Rio de Janeiro.<\/p>\n<p><b>Breve hist\u00f3ria da Ordem Franciscana Secular<\/b><\/p>\n<p>A Ordem dos Frades Menores (OFM) nasceu em 1210, e a Ordem de Santa Clara (as Clarissas), em 1212. Foi tamb\u00e9m nessa \u00e9poca que nasceu a Ordem Franciscana Secular (OFS), tendo como ideal viver o Evangelho em todos os lugares onde se encontravam. Homens e mulheres, casados e solteiros, em meio \u00e0s fam\u00edlias, buscando viver o mesmo ideal que tanto atraiu Francisco de Assis. A Ordem foi aprovada pelo Papa Hon\u00f3rio III em 1221. Luqu\u00e9sio e Buonadona s\u00e3o considerados os primeiros franciscanos seculares, pois, segundo a tradi\u00e7\u00e3o, esse foi o primeiro casal que S\u00e3o Francisco aceitou na Ordem Secular daquele tempo.<\/p>\n<p>Hoje, mais do que nunca, os Franciscanos Seculares sentem-se comprometidos a viver o Evangelho cada dia e em toda circunst\u00e2ncia, segundo a pr\u00f3pria voca\u00e7\u00e3o e os dons recebidos. A OFS apresenta-se como uma experi\u00eancia de vida crist\u00e3, partilhada por mulheres e homens sem discrimina\u00e7\u00e3o, sendo hoje um verdadeiro ex\u00e9rcito franciscano de Deus espalhado por todo o mundo.<\/p>\n<p>\u201cA Ordem Franciscana Secular \u00e9 a mais antiga forma de organiza\u00e7\u00e3o de Leigos que, guiados pela Igreja, unidos em fraternidade e inspirando-se no ideal de S\u00e3o Francisco de Assis, se empenham em testemunhar com a vida o Evangelho de Jesus Cristo e se dedicam ao apostolado no estado laical\u201d. (beato Jo\u00e3o Paulo II)<\/p>\n","protected":false},"excerpt":{"rendered":"<p>OFS<\/p>\n","protected":false},"author":1,"featured_media":217834,"comment_status":"closed","ping_status":"open","sticky":false,"template":"","format":"standard","meta":[],"categories":[1],"tags":[40,60],"acf":[],"yoast_head":"<!-- This site is optimized with the Yoast SEO plugin v19.2 - https:\/\/yoast.com\/wordpress\/plugins\/seo\/ -->\n<title>Fraternidade Ap\u00f3stolo S\u00e3o Pedro comemora 70 anos de vida fraterna - Not\u00edcias - Franciscanos<\/title>\n<meta name=\"robots\" content=\"index, follow, max-snippet:-1, max-image-preview:large, max-video-preview:-1\" \/>\n<link rel=\"canonical\" href=\"https:\/\/franciscanos.org.br\/noticias\/fraternidade-apostolo-sao-pedro-comemora-70-anos-de-vida-fraterna.html\" \/>\n<meta property=\"og:locale\" content=\"pt_BR\" \/>\n<meta property=\"og:type\" content=\"article\" \/>\n<meta property=\"og:title\" content=\"Fraternidade Ap\u00f3stolo S\u00e3o Pedro comemora 70 anos de vida fraterna - Not\u00edcias - Franciscanos\" \/>\n<meta property=\"og:description\" content=\"OFS\" \/>\n<meta property=\"og:url\" content=\"https:\/\/franciscanos.org.br\/noticias\/fraternidade-apostolo-sao-pedro-comemora-70-anos-de-vida-fraterna.html\" \/>\n<meta property=\"og:site_name\" content=\"Not\u00edcias - Franciscanos\" \/>\n<meta property=\"article:published_time\" content=\"2013-11-06T09:57:57+00:00\" \/>\n<meta property=\"article:modified_time\" content=\"2020-11-11T14:02:03+00:00\" \/>\n<meta property=\"og:image\" content=\"https:\/\/franciscanos.org.br\/noticias\/wp-content\/uploads\/2013\/11\/ofs11.jpg\" \/>\n\t<meta property=\"og:image:width\" content=\"273\" \/>\n\t<meta property=\"og:image:height\" content=\"181\" \/>\n\t<meta property=\"og:image:type\" content=\"image\/jpeg\" \/>\n<meta name=\"author\" content=\"admin\" \/>\n<meta name=\"twitter:card\" content=\"summary_large_image\" \/>\n<meta name=\"twitter:label1\" content=\"Escrito por\" \/>\n\t<meta name=\"twitter:data1\" content=\"admin\" \/>\n\t<meta name=\"twitter:label2\" content=\"Est. tempo de leitura\" \/>\n\t<meta name=\"twitter:data2\" content=\"3 minutos\" \/>\n<script type=\"application\/ld+json\" class=\"yoast-schema-graph\">{\"@context\":\"https:\/\/schema.org\",\"@graph\":[{\"@type\":\"WebSite\",\"@id\":\"https:\/\/franciscanos.org.br\/noticias\/#website\",\"url\":\"https:\/\/franciscanos.org.br\/noticias\/\",\"name\":\"Not\u00edcias - Franciscanos\",\"description\":\"Prov\u00edncia Franciscana da Imaculada Concei\u00e7\u00e3o do Brasil - Ordem dos Frades Menores - OFM\",\"potentialAction\":[{\"@type\":\"SearchAction\",\"target\":{\"@type\":\"EntryPoint\",\"urlTemplate\":\"https:\/\/franciscanos.org.br\/noticias\/?s={search_term_string}\"},\"query-input\":\"required name=search_term_string\"}],\"inLanguage\":\"pt-BR\"},{\"@type\":\"ImageObject\",\"inLanguage\":\"pt-BR\",\"@id\":\"https:\/\/franciscanos.org.br\/noticias\/fraternidade-apostolo-sao-pedro-comemora-70-anos-de-vida-fraterna.html#primaryimage\",\"url\":\"https:\/\/franciscanos.org.br\/noticias\/wp-content\/uploads\/2013\/11\/ofs11.jpg\",\"contentUrl\":\"https:\/\/franciscanos.org.br\/noticias\/wp-content\/uploads\/2013\/11\/ofs11.jpg\",\"width\":273,\"height\":181},{\"@type\":\"WebPage\",\"@id\":\"https:\/\/franciscanos.org.br\/noticias\/fraternidade-apostolo-sao-pedro-comemora-70-anos-de-vida-fraterna.html#webpage\",\"url\":\"https:\/\/franciscanos.org.br\/noticias\/fraternidade-apostolo-sao-pedro-comemora-70-anos-de-vida-fraterna.html\",\"name\":\"Fraternidade Ap\u00f3stolo S\u00e3o Pedro comemora 70 anos de vida fraterna - Not\u00edcias - Franciscanos\",\"isPartOf\":{\"@id\":\"https:\/\/franciscanos.org.br\/noticias\/#website\"},\"primaryImageOfPage\":{\"@id\":\"https:\/\/franciscanos.org.br\/noticias\/fraternidade-apostolo-sao-pedro-comemora-70-anos-de-vida-fraterna.html#primaryimage\"},\"datePublished\":\"2013-11-06T09:57:57+00:00\",\"dateModified\":\"2020-11-11T14:02:03+00:00\",\"author\":{\"@id\":\"https:\/\/franciscanos.org.br\/noticias\/#\/schema\/person\/b38fbf43118f02820bd932f2e4b14ad3\"},\"breadcrumb\":{\"@id\":\"https:\/\/franciscanos.org.br\/noticias\/fraternidade-apostolo-sao-pedro-comemora-70-anos-de-vida-fraterna.html#breadcrumb\"},\"inLanguage\":\"pt-BR\",\"potentialAction\":[{\"@type\":\"ReadAction\",\"target\":[\"https:\/\/franciscanos.org.br\/noticias\/fraternidade-apostolo-sao-pedro-comemora-70-anos-de-vida-fraterna.html\"]}]},{\"@type\":\"BreadcrumbList\",\"@id\":\"https:\/\/franciscanos.org.br\/noticias\/fraternidade-apostolo-sao-pedro-comemora-70-anos-de-vida-fraterna.html#breadcrumb\",\"itemListElement\":[{\"@type\":\"ListItem\",\"position\":1,\"name\":\"Home\",\"item\":\"https:\/\/franciscanos.org.br\/noticias\"},{\"@type\":\"ListItem\",\"position\":2,\"name\":\"Fraternidade Ap\u00f3stolo S\u00e3o Pedro comemora 70 anos de vida fraterna\"}]},{\"@type\":\"Person\",\"@id\":\"https:\/\/franciscanos.org.br\/noticias\/#\/schema\/person\/b38fbf43118f02820bd932f2e4b14ad3\",\"name\":\"admin\",\"image\":{\"@type\":\"ImageObject\",\"inLanguage\":\"pt-BR\",\"@id\":\"https:\/\/franciscanos.org.br\/noticias\/#\/schema\/person\/image\/\",\"url\":\"https:\/\/secure.gravatar.com\/avatar\/e8495742d34d0ba6448ea1c628263b3e?s=96&d=mm&r=g\",\"contentUrl\":\"https:\/\/secure.gravatar.com\/avatar\/e8495742d34d0ba6448ea1c628263b3e?s=96&d=mm&r=g\",\"caption\":\"admin\"},\"url\":\"https:\/\/franciscanos.org.br\/noticias\/author\/admin\"}]}<\/script>\n<!-- \/ Yoast SEO plugin. -->","yoast_head_json":{"title":"Fraternidade Ap\u00f3stolo S\u00e3o Pedro comemora 70 anos de vida fraterna - Not\u00edcias - Franciscanos","robots":{"index":"index","follow":"follow","max-snippet":"max-snippet:-1","max-image-preview":"max-image-preview:large","max-video-preview":"max-video-preview:-1"},"canonical":"https:\/\/franciscanos.org.br\/noticias\/fraternidade-apostolo-sao-pedro-comemora-70-anos-de-vida-fraterna.html","og_locale":"pt_BR","og_type":"article","og_title":"Fraternidade Ap\u00f3stolo S\u00e3o Pedro comemora 70 anos de vida fraterna - Not\u00edcias - Franciscanos","og_description":"OFS","og_url":"https:\/\/franciscanos.org.br\/noticias\/fraternidade-apostolo-sao-pedro-comemora-70-anos-de-vida-fraterna.html","og_site_name":"Not\u00edcias - Franciscanos","article_published_time":"2013-11-06T09:57:57+00:00","article_modified_time":"2020-11-11T14:02:03+00:00","og_image":[{"width":273,"height":181,"url":"https:\/\/franciscanos.org.br\/noticias\/wp-content\/uploads\/2013\/11\/ofs11.jpg","type":"image\/jpeg"}],"author":"admin","twitter_card":"summary_large_image","twitter_misc":{"Escrito por":"admin","Est. tempo de leitura":"3 minutos"},"schema":{"@context":"https:\/\/schema.org","@graph":[{"@type":"WebSite","@id":"https:\/\/franciscanos.org.br\/noticias\/#website","url":"https:\/\/franciscanos.org.br\/noticias\/","name":"Not\u00edcias - Franciscanos","description":"Prov\u00edncia Franciscana da Imaculada Concei\u00e7\u00e3o do Brasil - Ordem dos Frades Menores - OFM","potentialAction":[{"@type":"SearchAction","target":{"@type":"EntryPoint","urlTemplate":"https:\/\/franciscanos.org.br\/noticias\/?s={search_term_string}"},"query-input":"required name=search_term_string"}],"inLanguage":"pt-BR"},{"@type":"ImageObject","inLanguage":"pt-BR","@id":"https:\/\/franciscanos.org.br\/noticias\/fraternidade-apostolo-sao-pedro-comemora-70-anos-de-vida-fraterna.html#primaryimage","url":"https:\/\/franciscanos.org.br\/noticias\/wp-content\/uploads\/2013\/11\/ofs11.jpg","contentUrl":"https:\/\/franciscanos.org.br\/noticias\/wp-content\/uploads\/2013\/11\/ofs11.jpg","width":273,"height":181},{"@type":"WebPage","@id":"https:\/\/franciscanos.org.br\/noticias\/fraternidade-apostolo-sao-pedro-comemora-70-anos-de-vida-fraterna.html#webpage","url":"https:\/\/franciscanos.org.br\/noticias\/fraternidade-apostolo-sao-pedro-comemora-70-anos-de-vida-fraterna.html","name":"Fraternidade Ap\u00f3stolo S\u00e3o Pedro comemora 70 anos de vida fraterna - Not\u00edcias - Franciscanos","isPartOf":{"@id":"https:\/\/franciscanos.org.br\/noticias\/#website"},"primaryImageOfPage":{"@id":"https:\/\/franciscanos.org.br\/noticias\/fraternidade-apostolo-sao-pedro-comemora-70-anos-de-vida-fraterna.html#primaryimage"},"datePublished":"2013-11-06T09:57:57+00:00","dateModified":"2020-11-11T14:02:03+00:00","author":{"@id":"https:\/\/franciscanos.org.br\/noticias\/#\/schema\/person\/b38fbf43118f02820bd932f2e4b14ad3"},"breadcrumb":{"@id":"https:\/\/franciscanos.org.br\/noticias\/fraternidade-apostolo-sao-pedro-comemora-70-anos-de-vida-fraterna.html#breadcrumb"},"inLanguage":"pt-BR","potentialAction":[{"@type":"ReadAction","target":["https:\/\/franciscanos.org.br\/noticias\/fraternidade-apostolo-sao-pedro-comemora-70-anos-de-vida-fraterna.html"]}]},{"@type":"BreadcrumbList","@id":"https:\/\/franciscanos.org.br\/noticias\/fraternidade-apostolo-sao-pedro-comemora-70-anos-de-vida-fraterna.html#breadcrumb","itemListElement":[{"@type":"ListItem","position":1,"name":"Home","item":"https:\/\/franciscanos.org.br\/noticias"},{"@type":"ListItem","position":2,"name":"Fraternidade Ap\u00f3stolo S\u00e3o Pedro comemora 70 anos de vida fraterna"}]},{"@type":"Person","@id":"https:\/\/franciscanos.org.br\/noticias\/#\/schema\/person\/b38fbf43118f02820bd932f2e4b14ad3","name":"admin","image":{"@type":"ImageObject","inLanguage":"pt-BR","@id":"https:\/\/franciscanos.org.br\/noticias\/#\/schema\/person\/image\/","url":"https:\/\/secure.gravatar.com\/avatar\/e8495742d34d0ba6448ea1c628263b3e?s=96&d=mm&r=g","contentUrl":"https:\/\/secure.gravatar.com\/avatar\/e8495742d34d0ba6448ea1c628263b3e?s=96&d=mm&r=g","caption":"admin"},"url":"https:\/\/franciscanos.org.br\/noticias\/author\/admin"}]}},"_links":{"self":[{"href":"https:\/\/franciscanos.org.br\/noticias\/wp-json\/wp\/v2\/posts\/49151"}],"collection":[{"href":"https:\/\/franciscanos.org.br\/noticias\/wp-json\/wp\/v2\/posts"}],"about":[{"href":"https:\/\/franciscanos.org.br\/noticias\/wp-json\/wp\/v2\/types\/post"}],"author":[{"embeddable":true,"href":"https:\/\/franciscanos.org.br\/noticias\/wp-json\/wp\/v2\/users\/1"}],"replies":[{"embeddable":true,"href":"https:\/\/franciscanos.org.br\/noticias\/wp-json\/wp\/v2\/comments?post=49151"}],"version-history":[{"count":1,"href":"https:\/\/franciscanos.org.br\/noticias\/wp-json\/wp\/v2\/posts\/49151\/revisions"}],"predecessor-version":[{"id":229295,"href":"https:\/\/franciscanos.org.br\/noticias\/wp-json\/wp\/v2\/posts\/49151\/revisions\/229295"}],"wp:featuredmedia":[{"embeddable":true,"href":"https:\/\/franciscanos.org.br\/noticias\/wp-json\/wp\/v2\/media\/217834"}],"wp:attachment":[{"href":"https:\/\/franciscanos.org.br\/noticias\/wp-json\/wp\/v2\/media?parent=49151"}],"wp:term":[{"taxonomy":"category","embeddable":true,"href":"https:\/\/franciscanos.org.br\/noticias\/wp-json\/wp\/v2\/categories?post=49151"},{"taxonomy":"post_tag","embeddable":true,"href":"https:\/\/franciscanos.org.br\/noticias\/wp-json\/wp\/v2\/tags?post=49151"}],"curies":[{"name":"wp","href":"https:\/\/api.w.org\/{rel}","templated":true}]}}