{"id":48886,"date":"2013-11-05T13:27:31","date_gmt":"2013-11-05T15:27:31","guid":{"rendered":"http:\/\/new.franciscanos.org.br\/?p=48886"},"modified":"2020-01-31T11:57:22","modified_gmt":"2020-01-31T14:57:22","slug":"encontro-de-frades-de-primeira-transferencia","status":"publish","type":"post","link":"https:\/\/franciscanos.org.br\/noticias\/encontro-de-frades-de-primeira-transferencia.html","title":{"rendered":"Frades de primeira fransfer\u00eancia se encontram em SP"},"content":{"rendered":"<p><img loading=\"lazy\" src=\"http:\/\/franciscanos.org.br\/wp-content\/uploads\/2013\/11\/encontro.jpg\" alt=\"encontro\" width=\"830\" height=\"421\" \/><\/p>\n<p><strong>Frei Clauzemir Makximovitz<\/strong><\/p>\n<p><b>S\u00e3o Paulo (SP)<\/b> &#8211;\u00a0\u201cN\u00e3o perca de vista seu ponto de partida\u201d! J\u00e1 nos alertava nossa irm\u00e3 Clara sobre a import\u00e2ncia de renovar sempre nossa op\u00e7\u00e3o fundamental por Jesus Cristo, nossa verdadeira voca\u00e7\u00e3o. Nesse esp\u00edrito de a\u00e7\u00e3o de gra\u00e7as por tanto que Deus realiza em nossas vidas,\u00a0 reuniram-se nos dias 4 e 5 de novembro, no Convento S\u00e3o Francisco, em S\u00e3o Paulo, os jovens frades da Prov\u00edncia da Imaculada Concei\u00e7\u00e3o que vivem sua primeira transfer\u00eancia ap\u00f3s os estudos de filosofia e teologia.<\/p>\n<p>Animados pelo moderador da Forma\u00e7\u00e3o Permanente e Vig\u00e1rio Provincial, Frei Estev\u00e3o Ottenbreit, e pelo Ministro Provincial, Frei Fid\u00eancio Vanboemmel, os 14 frades que compareceram puderam partilhar seus trabalhos, conquistas e dificuldades, num exerc\u00edcio de forma\u00e7\u00e3o m\u00fatua.<\/p>\n<p>Al\u00e9m dos 14 frades que participaram, tr\u00eas ainda n\u00e3o puderam estar presentes, e cinco n\u00e3o vieram por estar realizando sua miss\u00e3o fora do Brasil: quatro na Funda\u00e7\u00e3o M\u00e3e de Deus de Angola, e um nos estudos de p\u00f3s-gradua\u00e7\u00e3o em Roma. Mas todos foram lembrados durante a partilha.<\/p>\n<p>Na celebra\u00e7\u00e3o eucar\u00edstica, na manh\u00e3 do dia 5, celebrada pelas voca\u00e7\u00f5es religiosas, recordou-se o anivers\u00e1rio de quatro anos da profiss\u00e3o solene de alguns dos confrades presentes, que logo mais fizeram quest\u00e3o de tirar uma foto com os nomes dos confrades que tamb\u00e9m fizeram os votos perp\u00e9tuos juntos, mas que n\u00e3o estavam no encontro.<\/p>\n<p>A antiga sala de reuni\u00f5es do Definit\u00f3rio Provincial foi palco de uma grande a\u00e7\u00e3o de gra\u00e7as, na troca de dificuldades e alegria m\u00fatuas. Frei Fid\u00eancio e Frei Estev\u00e3o comentaram da alegria em ouvir t\u00e3o diferentes experi\u00eancias e a forma como todos est\u00e3o dando o seu melhor, enfrentando as dificuldades e assumindo suas miss\u00f5es com coragem, responsabilidade e consci\u00eancia de nossas limita\u00e7\u00f5es.<\/p>\n<p>S\u00e3o v\u00e1rios os que, logo saindo da forma\u00e7\u00e3o inicial, j\u00e1 assumem responsabilidades grandes, mas o esp\u00edrito de perten\u00e7a \u00e0 Prov\u00edncia e \u00e0 Ordem Franciscana foi ressaltado desde o in\u00edcio, de modo especial as alegrias a serem partilhadas e os desafios nunca enfrentados sozinhos.<\/p>\n<p>Que Deus nos aben\u00e7oe sempre com disposi\u00e7\u00e3o e boa vontade, para, juntos, a exemplo de Francisco, continuarmos nossa caminhada de, antes de tudo, viv\u00eancia do Evangelho, respondendo coerentemente \u00e0s necessidades de nosso tempo.<\/p>\n<p>Nosso agradecimento \u00e0 Fraternidade S\u00e3o Francisco que nos acolheu com carinho e alegria! Paz e Bem!<\/p>\n<p><img loading=\"lazy\" src=\"http:\/\/franciscanos.org.br\/wp-content\/uploads\/2013\/11\/encontro2.jpg\" alt=\"encontro2\" width=\"830\" height=\"331\" \/><\/p>\n","protected":false},"excerpt":{"rendered":"<p>Forma\u00e7\u00e3o Permanente<\/p>\n","protected":false},"author":1,"featured_media":217829,"comment_status":"closed","ping_status":"open","sticky":false,"template":"","format":"standard","meta":[],"categories":[1],"tags":[497,40],"acf":[],"yoast_head":"<!-- This site is optimized with the Yoast SEO plugin v19.2 - https:\/\/yoast.com\/wordpress\/plugins\/seo\/ -->\n<title>Frades de primeira fransfer\u00eancia se encontram em SP - Not\u00edcias - Franciscanos<\/title>\n<meta name=\"robots\" content=\"index, follow, max-snippet:-1, max-image-preview:large, max-video-preview:-1\" \/>\n<link rel=\"canonical\" href=\"https:\/\/franciscanos.org.br\/noticias\/encontro-de-frades-de-primeira-transferencia.html\" \/>\n<meta property=\"og:locale\" content=\"pt_BR\" \/>\n<meta property=\"og:type\" content=\"article\" \/>\n<meta property=\"og:title\" content=\"Frades de primeira fransfer\u00eancia se encontram em SP - Not\u00edcias - Franciscanos\" \/>\n<meta property=\"og:description\" content=\"Forma\u00e7\u00e3o Permanente\" \/>\n<meta property=\"og:url\" content=\"https:\/\/franciscanos.org.br\/noticias\/encontro-de-frades-de-primeira-transferencia.html\" \/>\n<meta property=\"og:site_name\" content=\"Not\u00edcias - Franciscanos\" \/>\n<meta property=\"article:published_time\" content=\"2013-11-05T15:27:31+00:00\" \/>\n<meta property=\"article:modified_time\" content=\"2020-01-31T14:57:22+00:00\" \/>\n<meta property=\"og:image\" content=\"https:\/\/franciscanos.org.br\/noticias\/wp-content\/uploads\/2013\/11\/encontro.jpg\" \/>\n\t<meta property=\"og:image:width\" content=\"273\" \/>\n\t<meta property=\"og:image:height\" content=\"181\" \/>\n\t<meta property=\"og:image:type\" content=\"image\/jpeg\" \/>\n<meta name=\"author\" content=\"admin\" \/>\n<meta name=\"twitter:card\" content=\"summary_large_image\" \/>\n<meta name=\"twitter:label1\" content=\"Escrito por\" \/>\n\t<meta name=\"twitter:data1\" content=\"admin\" \/>\n\t<meta name=\"twitter:label2\" content=\"Est. tempo de leitura\" \/>\n\t<meta name=\"twitter:data2\" content=\"2 minutos\" \/>\n<script type=\"application\/ld+json\" class=\"yoast-schema-graph\">{\"@context\":\"https:\/\/schema.org\",\"@graph\":[{\"@type\":\"WebSite\",\"@id\":\"https:\/\/franciscanos.org.br\/noticias\/#website\",\"url\":\"https:\/\/franciscanos.org.br\/noticias\/\",\"name\":\"Not\u00edcias - Franciscanos\",\"description\":\"Prov\u00edncia Franciscana da Imaculada Concei\u00e7\u00e3o do Brasil - Ordem dos Frades Menores - OFM\",\"potentialAction\":[{\"@type\":\"SearchAction\",\"target\":{\"@type\":\"EntryPoint\",\"urlTemplate\":\"https:\/\/franciscanos.org.br\/noticias\/?s={search_term_string}\"},\"query-input\":\"required name=search_term_string\"}],\"inLanguage\":\"pt-BR\"},{\"@type\":\"ImageObject\",\"inLanguage\":\"pt-BR\",\"@id\":\"https:\/\/franciscanos.org.br\/noticias\/encontro-de-frades-de-primeira-transferencia.html#primaryimage\",\"url\":\"https:\/\/franciscanos.org.br\/noticias\/wp-content\/uploads\/2013\/11\/encontro.jpg\",\"contentUrl\":\"https:\/\/franciscanos.org.br\/noticias\/wp-content\/uploads\/2013\/11\/encontro.jpg\",\"width\":273,\"height\":181},{\"@type\":\"WebPage\",\"@id\":\"https:\/\/franciscanos.org.br\/noticias\/encontro-de-frades-de-primeira-transferencia.html#webpage\",\"url\":\"https:\/\/franciscanos.org.br\/noticias\/encontro-de-frades-de-primeira-transferencia.html\",\"name\":\"Frades de primeira fransfer\u00eancia se encontram em SP - Not\u00edcias - Franciscanos\",\"isPartOf\":{\"@id\":\"https:\/\/franciscanos.org.br\/noticias\/#website\"},\"primaryImageOfPage\":{\"@id\":\"https:\/\/franciscanos.org.br\/noticias\/encontro-de-frades-de-primeira-transferencia.html#primaryimage\"},\"datePublished\":\"2013-11-05T15:27:31+00:00\",\"dateModified\":\"2020-01-31T14:57:22+00:00\",\"author\":{\"@id\":\"https:\/\/franciscanos.org.br\/noticias\/#\/schema\/person\/b38fbf43118f02820bd932f2e4b14ad3\"},\"breadcrumb\":{\"@id\":\"https:\/\/franciscanos.org.br\/noticias\/encontro-de-frades-de-primeira-transferencia.html#breadcrumb\"},\"inLanguage\":\"pt-BR\",\"potentialAction\":[{\"@type\":\"ReadAction\",\"target\":[\"https:\/\/franciscanos.org.br\/noticias\/encontro-de-frades-de-primeira-transferencia.html\"]}]},{\"@type\":\"BreadcrumbList\",\"@id\":\"https:\/\/franciscanos.org.br\/noticias\/encontro-de-frades-de-primeira-transferencia.html#breadcrumb\",\"itemListElement\":[{\"@type\":\"ListItem\",\"position\":1,\"name\":\"Home\",\"item\":\"https:\/\/franciscanos.org.br\/noticias\"},{\"@type\":\"ListItem\",\"position\":2,\"name\":\"Frades de primeira fransfer\u00eancia se encontram em SP\"}]},{\"@type\":\"Person\",\"@id\":\"https:\/\/franciscanos.org.br\/noticias\/#\/schema\/person\/b38fbf43118f02820bd932f2e4b14ad3\",\"name\":\"admin\",\"image\":{\"@type\":\"ImageObject\",\"inLanguage\":\"pt-BR\",\"@id\":\"https:\/\/franciscanos.org.br\/noticias\/#\/schema\/person\/image\/\",\"url\":\"https:\/\/secure.gravatar.com\/avatar\/e8495742d34d0ba6448ea1c628263b3e?s=96&d=mm&r=g\",\"contentUrl\":\"https:\/\/secure.gravatar.com\/avatar\/e8495742d34d0ba6448ea1c628263b3e?s=96&d=mm&r=g\",\"caption\":\"admin\"},\"url\":\"https:\/\/franciscanos.org.br\/noticias\/author\/admin\"}]}<\/script>\n<!-- \/ Yoast SEO plugin. -->","yoast_head_json":{"title":"Frades de primeira fransfer\u00eancia se encontram em SP - Not\u00edcias - Franciscanos","robots":{"index":"index","follow":"follow","max-snippet":"max-snippet:-1","max-image-preview":"max-image-preview:large","max-video-preview":"max-video-preview:-1"},"canonical":"https:\/\/franciscanos.org.br\/noticias\/encontro-de-frades-de-primeira-transferencia.html","og_locale":"pt_BR","og_type":"article","og_title":"Frades de primeira fransfer\u00eancia se encontram em SP - Not\u00edcias - Franciscanos","og_description":"Forma\u00e7\u00e3o Permanente","og_url":"https:\/\/franciscanos.org.br\/noticias\/encontro-de-frades-de-primeira-transferencia.html","og_site_name":"Not\u00edcias - Franciscanos","article_published_time":"2013-11-05T15:27:31+00:00","article_modified_time":"2020-01-31T14:57:22+00:00","og_image":[{"width":273,"height":181,"url":"https:\/\/franciscanos.org.br\/noticias\/wp-content\/uploads\/2013\/11\/encontro.jpg","type":"image\/jpeg"}],"author":"admin","twitter_card":"summary_large_image","twitter_misc":{"Escrito por":"admin","Est. tempo de leitura":"2 minutos"},"schema":{"@context":"https:\/\/schema.org","@graph":[{"@type":"WebSite","@id":"https:\/\/franciscanos.org.br\/noticias\/#website","url":"https:\/\/franciscanos.org.br\/noticias\/","name":"Not\u00edcias - Franciscanos","description":"Prov\u00edncia Franciscana da Imaculada Concei\u00e7\u00e3o do Brasil - Ordem dos Frades Menores - OFM","potentialAction":[{"@type":"SearchAction","target":{"@type":"EntryPoint","urlTemplate":"https:\/\/franciscanos.org.br\/noticias\/?s={search_term_string}"},"query-input":"required name=search_term_string"}],"inLanguage":"pt-BR"},{"@type":"ImageObject","inLanguage":"pt-BR","@id":"https:\/\/franciscanos.org.br\/noticias\/encontro-de-frades-de-primeira-transferencia.html#primaryimage","url":"https:\/\/franciscanos.org.br\/noticias\/wp-content\/uploads\/2013\/11\/encontro.jpg","contentUrl":"https:\/\/franciscanos.org.br\/noticias\/wp-content\/uploads\/2013\/11\/encontro.jpg","width":273,"height":181},{"@type":"WebPage","@id":"https:\/\/franciscanos.org.br\/noticias\/encontro-de-frades-de-primeira-transferencia.html#webpage","url":"https:\/\/franciscanos.org.br\/noticias\/encontro-de-frades-de-primeira-transferencia.html","name":"Frades de primeira fransfer\u00eancia se encontram em SP - Not\u00edcias - Franciscanos","isPartOf":{"@id":"https:\/\/franciscanos.org.br\/noticias\/#website"},"primaryImageOfPage":{"@id":"https:\/\/franciscanos.org.br\/noticias\/encontro-de-frades-de-primeira-transferencia.html#primaryimage"},"datePublished":"2013-11-05T15:27:31+00:00","dateModified":"2020-01-31T14:57:22+00:00","author":{"@id":"https:\/\/franciscanos.org.br\/noticias\/#\/schema\/person\/b38fbf43118f02820bd932f2e4b14ad3"},"breadcrumb":{"@id":"https:\/\/franciscanos.org.br\/noticias\/encontro-de-frades-de-primeira-transferencia.html#breadcrumb"},"inLanguage":"pt-BR","potentialAction":[{"@type":"ReadAction","target":["https:\/\/franciscanos.org.br\/noticias\/encontro-de-frades-de-primeira-transferencia.html"]}]},{"@type":"BreadcrumbList","@id":"https:\/\/franciscanos.org.br\/noticias\/encontro-de-frades-de-primeira-transferencia.html#breadcrumb","itemListElement":[{"@type":"ListItem","position":1,"name":"Home","item":"https:\/\/franciscanos.org.br\/noticias"},{"@type":"ListItem","position":2,"name":"Frades de primeira fransfer\u00eancia se encontram em SP"}]},{"@type":"Person","@id":"https:\/\/franciscanos.org.br\/noticias\/#\/schema\/person\/b38fbf43118f02820bd932f2e4b14ad3","name":"admin","image":{"@type":"ImageObject","inLanguage":"pt-BR","@id":"https:\/\/franciscanos.org.br\/noticias\/#\/schema\/person\/image\/","url":"https:\/\/secure.gravatar.com\/avatar\/e8495742d34d0ba6448ea1c628263b3e?s=96&d=mm&r=g","contentUrl":"https:\/\/secure.gravatar.com\/avatar\/e8495742d34d0ba6448ea1c628263b3e?s=96&d=mm&r=g","caption":"admin"},"url":"https:\/\/franciscanos.org.br\/noticias\/author\/admin"}]}},"_links":{"self":[{"href":"https:\/\/franciscanos.org.br\/noticias\/wp-json\/wp\/v2\/posts\/48886"}],"collection":[{"href":"https:\/\/franciscanos.org.br\/noticias\/wp-json\/wp\/v2\/posts"}],"about":[{"href":"https:\/\/franciscanos.org.br\/noticias\/wp-json\/wp\/v2\/types\/post"}],"author":[{"embeddable":true,"href":"https:\/\/franciscanos.org.br\/noticias\/wp-json\/wp\/v2\/users\/1"}],"replies":[{"embeddable":true,"href":"https:\/\/franciscanos.org.br\/noticias\/wp-json\/wp\/v2\/comments?post=48886"}],"version-history":[{"count":0,"href":"https:\/\/franciscanos.org.br\/noticias\/wp-json\/wp\/v2\/posts\/48886\/revisions"}],"wp:featuredmedia":[{"embeddable":true,"href":"https:\/\/franciscanos.org.br\/noticias\/wp-json\/wp\/v2\/media\/217829"}],"wp:attachment":[{"href":"https:\/\/franciscanos.org.br\/noticias\/wp-json\/wp\/v2\/media?parent=48886"}],"wp:term":[{"taxonomy":"category","embeddable":true,"href":"https:\/\/franciscanos.org.br\/noticias\/wp-json\/wp\/v2\/categories?post=48886"},{"taxonomy":"post_tag","embeddable":true,"href":"https:\/\/franciscanos.org.br\/noticias\/wp-json\/wp\/v2\/tags?post=48886"}],"curies":[{"name":"wp","href":"https:\/\/api.w.org\/{rel}","templated":true}]}}