{"id":48612,"date":"2013-11-04T15:45:53","date_gmt":"2013-11-04T17:45:53","guid":{"rendered":"http:\/\/new.franciscanos.org.br\/?p=48612"},"modified":"2020-06-10T19:20:57","modified_gmt":"2020-06-10T22:20:57","slug":"regional-sudeste-ii-promove-encontro-com-iniciantes","status":"publish","type":"post","link":"https:\/\/franciscanos.org.br\/noticias\/regional-sudeste-ii-promove-encontro-com-iniciantes.html","title":{"rendered":"Regional Sudeste II promove encontro com iniciantes"},"content":{"rendered":"<p style=\"text-align: left;\"><b><img loading=\"lazy\" class=\"alignright size-full wp-image-48613\" src=\"http:\/\/franciscanos.org.br\/wp-content\/uploads\/2013\/11\/ofs.jpg\" alt=\"ofs\" width=\"450\" height=\"338\" \/><\/b><b><\/b>O Conselho Regional Sudeste II da Ordem Franciscana Secular promoveu na Catedral de Santo Ant\u00f4nio, de Duque de Caxias (RJ), o seu encontro anual com os irm\u00e3os que ingressaram na etapa de inicia\u00e7\u00e3o. O encontro foi realizado pela equipe de forma\u00e7\u00e3o regional e reuniu os iniciantes das Fraternidades Ap\u00f3stolo S\u00e3o Pedro (RJ), Santo Ant\u00f4nio do Largo da Carioca (RJ), Santo Ant\u00f4nio (Duque de Caxias), Nossa Senhora das Gra\u00e7as (S\u00e3o Gon\u00e7alo), S\u00e3o Jo\u00e3o Batista (S\u00e3o Jo\u00e3o de Meriti).<\/p>\n<p style=\"text-align: left;\">O encontro contribuiu para integrar os iniciantes das diversas fraternidades, aprofundar aspectos importantes da espiritualidade franciscana e esclarecer como se estrutura e organiza a Ordem Franciscana Secular (OFS) nos seus diferentes n\u00edveis. A formadora regional Daysi L\u00facia ressaltou a import\u00e2ncia de se fortalecer a identidade franciscana aproveitando as etapas de forma\u00e7\u00e3o para aprofundar o estudo da Regra e Vida, dos documentos da OFS, e, sobretudo, das fontes franciscanas que possibilitam conhecer em profundidade o manancial que \u00e9 a espiritualidade franciscana.<\/p>\n<p style=\"text-align: left;\">A formadora finalizou destacando que a forma\u00e7\u00e3o do franciscano secular \u00e9 um processo permanente e recomendou ser oportuno que desde as etapas iniciais de forma\u00e7\u00e3o os franciscanos assinem a Revista Paz e Bem, \u00f3rg\u00e3o da Ordem Franciscana Secular do Brasil, que traz not\u00edcias de interesse geral e artigos pr\u00f3prios para forma\u00e7\u00e3o individual e em fraternidade.<\/p>\n<p style=\"text-align: left;\"><img loading=\"lazy\" class=\"alignleft size-full wp-image-48614\" src=\"http:\/\/franciscanos.org.br\/wp-content\/uploads\/2013\/11\/ofs1.jpg\" alt=\"ofs1\" width=\"450\" height=\"338\" \/>No encerramento, o ministro regional Arion Silva agradeceu aos organizadores do encontro e afirmou que \u00e9 poss\u00edvel seguir o ideal de S\u00e3o Francisco nos dias de hoje, ressaltando a import\u00e2ncia da vida em fraternidade e do testemunho de cada irm\u00e3o para a forma\u00e7\u00e3o dos iniciantes. O ministro destacou ainda a import\u00e2ncia dos formadores que devem receber os novos irm\u00e3os como presentes de Deus para que cada voca\u00e7\u00e3o cres\u00e7a e amadure\u00e7a dando bons frutos de amor e devo\u00e7\u00e3o \u00e0 S\u00e3o Francisco, Santa Clara e \u00e0 Ordem Franciscana Secular.<\/p>\n<p style=\"text-align: left;\" align=\"center\"><b>Breve hist\u00f3ria da Ordem Franciscana Secular<\/b><\/p>\n<p style=\"text-align: left;\">A Ordem dos Frades Menores (OFM) nasceu em 1210, e a Ordem de Santa Clara (as Clarissas), em 1212. Foi tamb\u00e9m nessa \u00e9poca que nasceu a Ordem Franciscana Secular (OFS), tendo como ideal viver o Evangelho em todos os lugares onde se encontravam. Homens e mulheres, casados e solteiros, em meio \u00e0s fam\u00edlias, buscando viver o mesmo ideal que tanto atraiu Francisco de Assis. A Ordem foi aprovada pelo Papa Hon\u00f3rio III em 1221. Luqu\u00e9sio e Buonadona s\u00e3o considerados os primeiros franciscanos seculares, pois, segundo a tradi\u00e7\u00e3o, esse foi o primeiro casal que S\u00e3o Francisco aceitou na Ordem Secular daquele tempo.<\/p>\n<p style=\"text-align: left;\">Hoje, mais do que nunca, os Franciscanos Seculares sentem-se comprometidos a viver o Evangelho cada dia e em toda circunst\u00e2ncia, segundo a pr\u00f3pria voca\u00e7\u00e3o e os dons recebidos. A OFS apresenta-se como uma experi\u00eancia de vida crist\u00e3, partilhada por mulheres e homens sem discrimina\u00e7\u00e3o, sendo hoje um verdadeiro ex\u00e9rcito franciscano de Deus espalhado por todo o mundo.<\/p>\n<p style=\"text-align: left;\">\u201cA Ordem Franciscana Secular \u00e9 a mais antiga forma de organiza\u00e7\u00e3o de Leigos que, guiados pela Igreja, unidos em fraternidade e inspirando-se no ideal de S\u00e3o Francisco de Assis, se empenham em testemunhar com a vida o Evangelho de Jesus Cristo e se dedicam ao apostolado no estado laical\u201d. (beato Jo\u00e3o Paulo II)<\/p>\n<p style=\"text-align: left;\" align=\"right\">\n","protected":false},"excerpt":{"rendered":"<p>OFS<\/p>\n","protected":false},"author":1,"featured_media":217823,"comment_status":"closed","ping_status":"open","sticky":false,"template":"","format":"standard","meta":[],"categories":[1],"tags":[60],"acf":[],"yoast_head":"<!-- This site is optimized with the Yoast SEO plugin v19.2 - https:\/\/yoast.com\/wordpress\/plugins\/seo\/ -->\n<title>Regional Sudeste II promove encontro com iniciantes - Not\u00edcias - Franciscanos<\/title>\n<meta name=\"robots\" content=\"index, follow, max-snippet:-1, max-image-preview:large, max-video-preview:-1\" \/>\n<link rel=\"canonical\" href=\"https:\/\/franciscanos.org.br\/noticias\/regional-sudeste-ii-promove-encontro-com-iniciantes.html\" \/>\n<meta property=\"og:locale\" content=\"pt_BR\" \/>\n<meta property=\"og:type\" content=\"article\" \/>\n<meta property=\"og:title\" content=\"Regional Sudeste II promove encontro com iniciantes - Not\u00edcias - Franciscanos\" \/>\n<meta property=\"og:description\" content=\"OFS\" \/>\n<meta property=\"og:url\" content=\"https:\/\/franciscanos.org.br\/noticias\/regional-sudeste-ii-promove-encontro-com-iniciantes.html\" \/>\n<meta property=\"og:site_name\" content=\"Not\u00edcias - Franciscanos\" \/>\n<meta property=\"article:published_time\" content=\"2013-11-04T17:45:53+00:00\" \/>\n<meta property=\"article:modified_time\" content=\"2020-06-10T22:20:57+00:00\" \/>\n<meta property=\"og:image\" content=\"https:\/\/franciscanos.org.br\/noticias\/wp-content\/uploads\/2013\/11\/ofs.jpg\" \/>\n\t<meta property=\"og:image:width\" content=\"273\" \/>\n\t<meta property=\"og:image:height\" content=\"181\" \/>\n\t<meta property=\"og:image:type\" content=\"image\/jpeg\" \/>\n<meta name=\"author\" content=\"admin\" \/>\n<meta name=\"twitter:card\" content=\"summary_large_image\" \/>\n<meta name=\"twitter:label1\" content=\"Escrito por\" \/>\n\t<meta name=\"twitter:data1\" content=\"admin\" \/>\n\t<meta name=\"twitter:label2\" content=\"Est. tempo de leitura\" \/>\n\t<meta name=\"twitter:data2\" content=\"3 minutos\" \/>\n<script type=\"application\/ld+json\" class=\"yoast-schema-graph\">{\"@context\":\"https:\/\/schema.org\",\"@graph\":[{\"@type\":\"WebSite\",\"@id\":\"https:\/\/franciscanos.org.br\/noticias\/#website\",\"url\":\"https:\/\/franciscanos.org.br\/noticias\/\",\"name\":\"Not\u00edcias - Franciscanos\",\"description\":\"Prov\u00edncia Franciscana da Imaculada Concei\u00e7\u00e3o do Brasil - Ordem dos Frades Menores - OFM\",\"potentialAction\":[{\"@type\":\"SearchAction\",\"target\":{\"@type\":\"EntryPoint\",\"urlTemplate\":\"https:\/\/franciscanos.org.br\/noticias\/?s={search_term_string}\"},\"query-input\":\"required name=search_term_string\"}],\"inLanguage\":\"pt-BR\"},{\"@type\":\"ImageObject\",\"inLanguage\":\"pt-BR\",\"@id\":\"https:\/\/franciscanos.org.br\/noticias\/regional-sudeste-ii-promove-encontro-com-iniciantes.html#primaryimage\",\"url\":\"https:\/\/franciscanos.org.br\/noticias\/wp-content\/uploads\/2013\/11\/ofs.jpg\",\"contentUrl\":\"https:\/\/franciscanos.org.br\/noticias\/wp-content\/uploads\/2013\/11\/ofs.jpg\",\"width\":273,\"height\":181},{\"@type\":\"WebPage\",\"@id\":\"https:\/\/franciscanos.org.br\/noticias\/regional-sudeste-ii-promove-encontro-com-iniciantes.html#webpage\",\"url\":\"https:\/\/franciscanos.org.br\/noticias\/regional-sudeste-ii-promove-encontro-com-iniciantes.html\",\"name\":\"Regional Sudeste II promove encontro com iniciantes - Not\u00edcias - Franciscanos\",\"isPartOf\":{\"@id\":\"https:\/\/franciscanos.org.br\/noticias\/#website\"},\"primaryImageOfPage\":{\"@id\":\"https:\/\/franciscanos.org.br\/noticias\/regional-sudeste-ii-promove-encontro-com-iniciantes.html#primaryimage\"},\"datePublished\":\"2013-11-04T17:45:53+00:00\",\"dateModified\":\"2020-06-10T22:20:57+00:00\",\"author\":{\"@id\":\"https:\/\/franciscanos.org.br\/noticias\/#\/schema\/person\/b38fbf43118f02820bd932f2e4b14ad3\"},\"breadcrumb\":{\"@id\":\"https:\/\/franciscanos.org.br\/noticias\/regional-sudeste-ii-promove-encontro-com-iniciantes.html#breadcrumb\"},\"inLanguage\":\"pt-BR\",\"potentialAction\":[{\"@type\":\"ReadAction\",\"target\":[\"https:\/\/franciscanos.org.br\/noticias\/regional-sudeste-ii-promove-encontro-com-iniciantes.html\"]}]},{\"@type\":\"BreadcrumbList\",\"@id\":\"https:\/\/franciscanos.org.br\/noticias\/regional-sudeste-ii-promove-encontro-com-iniciantes.html#breadcrumb\",\"itemListElement\":[{\"@type\":\"ListItem\",\"position\":1,\"name\":\"Home\",\"item\":\"https:\/\/franciscanos.org.br\/noticias\"},{\"@type\":\"ListItem\",\"position\":2,\"name\":\"Regional Sudeste II promove encontro com iniciantes\"}]},{\"@type\":\"Person\",\"@id\":\"https:\/\/franciscanos.org.br\/noticias\/#\/schema\/person\/b38fbf43118f02820bd932f2e4b14ad3\",\"name\":\"admin\",\"image\":{\"@type\":\"ImageObject\",\"inLanguage\":\"pt-BR\",\"@id\":\"https:\/\/franciscanos.org.br\/noticias\/#\/schema\/person\/image\/\",\"url\":\"https:\/\/secure.gravatar.com\/avatar\/e8495742d34d0ba6448ea1c628263b3e?s=96&d=mm&r=g\",\"contentUrl\":\"https:\/\/secure.gravatar.com\/avatar\/e8495742d34d0ba6448ea1c628263b3e?s=96&d=mm&r=g\",\"caption\":\"admin\"},\"url\":\"https:\/\/franciscanos.org.br\/noticias\/author\/admin\"}]}<\/script>\n<!-- \/ Yoast SEO plugin. -->","yoast_head_json":{"title":"Regional Sudeste II promove encontro com iniciantes - Not\u00edcias - Franciscanos","robots":{"index":"index","follow":"follow","max-snippet":"max-snippet:-1","max-image-preview":"max-image-preview:large","max-video-preview":"max-video-preview:-1"},"canonical":"https:\/\/franciscanos.org.br\/noticias\/regional-sudeste-ii-promove-encontro-com-iniciantes.html","og_locale":"pt_BR","og_type":"article","og_title":"Regional Sudeste II promove encontro com iniciantes - Not\u00edcias - Franciscanos","og_description":"OFS","og_url":"https:\/\/franciscanos.org.br\/noticias\/regional-sudeste-ii-promove-encontro-com-iniciantes.html","og_site_name":"Not\u00edcias - Franciscanos","article_published_time":"2013-11-04T17:45:53+00:00","article_modified_time":"2020-06-10T22:20:57+00:00","og_image":[{"width":273,"height":181,"url":"https:\/\/franciscanos.org.br\/noticias\/wp-content\/uploads\/2013\/11\/ofs.jpg","type":"image\/jpeg"}],"author":"admin","twitter_card":"summary_large_image","twitter_misc":{"Escrito por":"admin","Est. tempo de leitura":"3 minutos"},"schema":{"@context":"https:\/\/schema.org","@graph":[{"@type":"WebSite","@id":"https:\/\/franciscanos.org.br\/noticias\/#website","url":"https:\/\/franciscanos.org.br\/noticias\/","name":"Not\u00edcias - Franciscanos","description":"Prov\u00edncia Franciscana da Imaculada Concei\u00e7\u00e3o do Brasil - Ordem dos Frades Menores - OFM","potentialAction":[{"@type":"SearchAction","target":{"@type":"EntryPoint","urlTemplate":"https:\/\/franciscanos.org.br\/noticias\/?s={search_term_string}"},"query-input":"required name=search_term_string"}],"inLanguage":"pt-BR"},{"@type":"ImageObject","inLanguage":"pt-BR","@id":"https:\/\/franciscanos.org.br\/noticias\/regional-sudeste-ii-promove-encontro-com-iniciantes.html#primaryimage","url":"https:\/\/franciscanos.org.br\/noticias\/wp-content\/uploads\/2013\/11\/ofs.jpg","contentUrl":"https:\/\/franciscanos.org.br\/noticias\/wp-content\/uploads\/2013\/11\/ofs.jpg","width":273,"height":181},{"@type":"WebPage","@id":"https:\/\/franciscanos.org.br\/noticias\/regional-sudeste-ii-promove-encontro-com-iniciantes.html#webpage","url":"https:\/\/franciscanos.org.br\/noticias\/regional-sudeste-ii-promove-encontro-com-iniciantes.html","name":"Regional Sudeste II promove encontro com iniciantes - Not\u00edcias - Franciscanos","isPartOf":{"@id":"https:\/\/franciscanos.org.br\/noticias\/#website"},"primaryImageOfPage":{"@id":"https:\/\/franciscanos.org.br\/noticias\/regional-sudeste-ii-promove-encontro-com-iniciantes.html#primaryimage"},"datePublished":"2013-11-04T17:45:53+00:00","dateModified":"2020-06-10T22:20:57+00:00","author":{"@id":"https:\/\/franciscanos.org.br\/noticias\/#\/schema\/person\/b38fbf43118f02820bd932f2e4b14ad3"},"breadcrumb":{"@id":"https:\/\/franciscanos.org.br\/noticias\/regional-sudeste-ii-promove-encontro-com-iniciantes.html#breadcrumb"},"inLanguage":"pt-BR","potentialAction":[{"@type":"ReadAction","target":["https:\/\/franciscanos.org.br\/noticias\/regional-sudeste-ii-promove-encontro-com-iniciantes.html"]}]},{"@type":"BreadcrumbList","@id":"https:\/\/franciscanos.org.br\/noticias\/regional-sudeste-ii-promove-encontro-com-iniciantes.html#breadcrumb","itemListElement":[{"@type":"ListItem","position":1,"name":"Home","item":"https:\/\/franciscanos.org.br\/noticias"},{"@type":"ListItem","position":2,"name":"Regional Sudeste II promove encontro com iniciantes"}]},{"@type":"Person","@id":"https:\/\/franciscanos.org.br\/noticias\/#\/schema\/person\/b38fbf43118f02820bd932f2e4b14ad3","name":"admin","image":{"@type":"ImageObject","inLanguage":"pt-BR","@id":"https:\/\/franciscanos.org.br\/noticias\/#\/schema\/person\/image\/","url":"https:\/\/secure.gravatar.com\/avatar\/e8495742d34d0ba6448ea1c628263b3e?s=96&d=mm&r=g","contentUrl":"https:\/\/secure.gravatar.com\/avatar\/e8495742d34d0ba6448ea1c628263b3e?s=96&d=mm&r=g","caption":"admin"},"url":"https:\/\/franciscanos.org.br\/noticias\/author\/admin"}]}},"_links":{"self":[{"href":"https:\/\/franciscanos.org.br\/noticias\/wp-json\/wp\/v2\/posts\/48612"}],"collection":[{"href":"https:\/\/franciscanos.org.br\/noticias\/wp-json\/wp\/v2\/posts"}],"about":[{"href":"https:\/\/franciscanos.org.br\/noticias\/wp-json\/wp\/v2\/types\/post"}],"author":[{"embeddable":true,"href":"https:\/\/franciscanos.org.br\/noticias\/wp-json\/wp\/v2\/users\/1"}],"replies":[{"embeddable":true,"href":"https:\/\/franciscanos.org.br\/noticias\/wp-json\/wp\/v2\/comments?post=48612"}],"version-history":[{"count":1,"href":"https:\/\/franciscanos.org.br\/noticias\/wp-json\/wp\/v2\/posts\/48612\/revisions"}],"predecessor-version":[{"id":226266,"href":"https:\/\/franciscanos.org.br\/noticias\/wp-json\/wp\/v2\/posts\/48612\/revisions\/226266"}],"wp:featuredmedia":[{"embeddable":true,"href":"https:\/\/franciscanos.org.br\/noticias\/wp-json\/wp\/v2\/media\/217823"}],"wp:attachment":[{"href":"https:\/\/franciscanos.org.br\/noticias\/wp-json\/wp\/v2\/media?parent=48612"}],"wp:term":[{"taxonomy":"category","embeddable":true,"href":"https:\/\/franciscanos.org.br\/noticias\/wp-json\/wp\/v2\/categories?post=48612"},{"taxonomy":"post_tag","embeddable":true,"href":"https:\/\/franciscanos.org.br\/noticias\/wp-json\/wp\/v2\/tags?post=48612"}],"curies":[{"name":"wp","href":"https:\/\/api.w.org\/{rel}","templated":true}]}}