{"id":48541,"date":"2013-11-04T11:08:57","date_gmt":"2013-11-04T13:08:57","guid":{"rendered":"http:\/\/new.franciscanos.org.br\/?p=48541"},"modified":"2020-01-30T10:40:57","modified_gmt":"2020-01-30T13:40:57","slug":"as-crises-suscitadas-pelo-8o-muticom","status":"publish","type":"post","link":"https:\/\/franciscanos.org.br\/noticias\/as-crises-suscitadas-pelo-8o-muticom.html","title":{"rendered":"As crises suscitadas durante o 8\u00ba Mutir\u00e3o da Comunica\u00e7\u00e3o"},"content":{"rendered":"<p><img loading=\"lazy\" src=\"http:\/\/franciscanos.org.br\/wp-content\/uploads\/2013\/11\/mesa.jpg\" alt=\"mesa\" width=\"830\" height=\"324\" \/><\/p>\n<p><strong>Frei Gustavo Medella<\/strong><\/p>\n<p>Mais do que me apontar pistas ou sugerir caminhos, o 8\u00ba Mutir\u00e3o da Comunica\u00e7\u00e3o da CNBB, que teve como tema \u201cComunica\u00e7\u00e3o e Participa\u00e7\u00e3o Cidad\u00e3: Meios e Processos\u201d, provocou em mim uma profunda revis\u00e3o em torno de nossa Miss\u00e3o Evangelizadora enquanto Igreja \u2013 e consequentemente enquanto Prov\u00edncia Franciscana \u2013 no campo da comunica\u00e7\u00e3o. Percebi que caminhamos em uma esp\u00e9cie de \u201cterreno minado\u201d, no qual precisamos de toda cautela e discernimento para permanecermos em conson\u00e2ncia com o projeto de constru\u00e7\u00e3o do Reino. E os desafios perpassam diversos \u00e2mbitos, desde o est\u00e9tico, passando pelo campo econ\u00f4mico, pol\u00edtico e, fundamentalmente, por dilemas \u00e9ticos.<\/p>\n<p>Como construir uma comunica\u00e7\u00e3o competente, eficaz e com qualidade evang\u00e9lica? Como sobreviver \u00e0 concorr\u00eancia imposta pela l\u00f3gica do mercado? Ser\u00e1 que a lideran\u00e7a em audi\u00eancia deve ser a nossa meta? A busca de sucesso, fama e poder devem pautar a nossa atua\u00e7\u00e3o? Somos ou n\u00e3o somos concorrentes da \u201cgrande m\u00eddia\u201d? Precisamos necessariamente perseguir o padr\u00e3o est\u00e9tico e o modo de pensar proposto pelos meios comerciais de massa? De que forma, como Igreja, podemos contribuir para a pr\u00e1tica de uma comunica\u00e7\u00e3o mais cidad\u00e3?<\/p>\n<h4><b>\u2022 Engajar-se no \u00e2mbito pol\u00edtico em busca de articular um espa\u00e7o mais aberto, universalista e democr\u00e1tico na comunica\u00e7\u00e3o<\/b><\/h4>\n<p>Os grandes ve\u00edculos da comunica\u00e7\u00e3o de massa \u201cvendem\u201d a imagem de serem ambientes democr\u00e1ticos, onde o povo brasileiro teria uma \u201cjanela\u201d por onde pudesse ver e ser visto, onde as pessoas encontrassem uma esp\u00e9cie de pra\u00e7a em que todos pudessem ouvir e falar livremente. No entanto, a pr\u00e1tica, os conte\u00fados e as mensagens que diariamente adentram nossos lares e formam nosso imagin\u00e1rio d\u00e3o sinais de um outro tipo de rela\u00e7\u00e3o, marcado por uma outra l\u00f3gica que n\u00e3o a do encontro, da partilha e da colabora\u00e7\u00e3o.<\/p>\n<p>Um mercado publicit\u00e1rio marcado pela concorr\u00eancia predat\u00f3ria e a persegui\u00e7\u00e3o obsessiva pela lideran\u00e7a na audi\u00eancia s\u00e3o apenas dois dos diversos elementos que regem a l\u00f3gica a que servem as nossas grandes emissoras e grupos comunicacionais. \u00c9 muito dinheiro, muita concorr\u00eancia, muita concentra\u00e7\u00e3o de poder na m\u00e3o de pouqu\u00edssimos.<\/p>\n<p>Diante deste quadro, enquanto Igreja, precisamos investir no trabalho pol\u00edtico de exigir que as concess\u00f5es dos canais de comunica\u00e7\u00e3o, que s\u00e3o totalmente p\u00fablicas, estejam a servi\u00e7o de construir um espa\u00e7o de di\u00e1logo aberto a todas as express\u00f5es de nossa cultura e de nossa gente. N\u00e3o se trata de uma articula\u00e7\u00e3o f\u00e1cil, pois entra de cheio em uma disputa de interesses divergentes. Mas aproxima\u00e7\u00e3o com grupos e entidades que atuam nesta dire\u00e7\u00e3o seria algo muito pr\u00f3prio da atua\u00e7\u00e3o eclesial no campo da Comunica\u00e7\u00e3o.<\/p>\n<h4><b>\u2022 Trabalhar por uma pr\u00e1tica comunicativa pautada na participa\u00e7\u00e3o<\/b><\/h4>\n<p>A comunica\u00e7\u00e3o \u00e9 constitutiva da vida e da exist\u00eancia humana. Ainda que vivamos num ambiente profundamente povoado por sinais e informa\u00e7\u00f5es provenientes de in\u00fameras fontes, em nosso \u00edntimo trazemos um desejo profundo de comunica\u00e7\u00e3o no que diz respeito ao cultivo de la\u00e7os, rela\u00e7\u00f5es e experi\u00eancias realmente transformadoras, que toquem de cheio o nosso ser, quando ocorre a <i>comunica\u00e7\u00e3o de fato<\/i>, mais rara do que se imagina.<\/p>\n<p>Comunica de fato a mensagem que brota do ch\u00e3o da vida, dos dramas, lutas e conquistas vivenciados pela comunidade de f\u00e9 que busca ser express\u00e3o do Ressuscitado. No \u00e2mbito eclesial, h\u00e1 de se investir em meios e processos de comunica\u00e7\u00e3o nos quais as pessoas se sintam iluminadas e tamb\u00e9m convocadas a lan\u00e7ar luzes sobre o coletivo a partir da hist\u00f3ria que carregam em sua pr\u00f3pria carne. Neste contexto, da constru\u00e7\u00e3o de um processo mais participativo e dial\u00f3gico, a frase do Professor Elson Faxina (UFPR) foi emblem\u00e1tica, quando se referia ao texto jornal\u00edstico baseado neste pressuposto: &#8220;Falta carne\/vida nos nossos textos. Precisamos buscar nas pessoas o que h\u00e1 de Encarna\u00e7\u00e3o \/ Evangelho e contar sua hist\u00f3ria. Jesus traduziu na vida a pr\u00e1tica do que era ser verbo em carne e os comunicadores fazem o contr\u00e1rio: transformam a carne em verbo.&#8221; Esta comunica\u00e7\u00e3o encarnada \u00e9 fruto de um processo no qual a participa\u00e7\u00e3o seja uma constante.<\/p>\n<h4><b>\u2022 Esfor\u00e7ar-se na busca de um padr\u00e3o est\u00e9tico pr\u00f3prio<\/b><\/h4>\n<p>Quando, enquanto Igreja, buscamos adequar o nosso padr\u00e3o est\u00e9tico \u00e0quele proposto pelo mercado (do brilho, da velocidade, do sucesso, da euforia), ca\u00edmos numa caricatura que nos exp\u00f5e a posturas pouco consistentes, ou at\u00e9 mais, rid\u00edculas. \u00c9 claro que precisamos ter o cuidado de acompanhar as transforma\u00e7\u00f5es de nosso tempo e executar uma comunica\u00e7\u00e3o competente e atraente. No entanto, nossa ousadia e criatividade devem se pautar na for\u00e7a do Evangelho, sem a necessidade de se recorrer a maquiagens que transformaria nossa Comunica\u00e7\u00e3o em um produto <i>light, teen<\/i>, <i>business<\/i>, at\u00e9 porque n\u00e3o dispomos dos meios econ\u00f4micos e instrumentais para produzir uma comunica\u00e7\u00e3o com o padr\u00e3o est\u00e9tico da grande m\u00eddia.<\/p>\n<h4><b>\u2022 Ir ao encontro das hist\u00f3rias do povo e apresentar a narrativa a partir de \u00e2ngulos alternativos<\/b><\/h4>\n<p>Em sintonia com a preocupa\u00e7\u00e3o expressa no item anterior, precisamos buscar um profundo discernimento em torno de quem s\u00e3o os \u201cnarradores\u201d de nossas hist\u00f3rias e que hist\u00f3rias queremos contar, segundo o padr\u00e3o est\u00e9tico do simples, do pac\u00edfico, do puro, sem ingenuidade. O modelo do p\u00falpito, onde um s\u00f3 fala (e brilha) e muitos escutam, parece n\u00e3o mais dar conta dos desafios atuais. O exerc\u00edcio de sermos \u201cbuscadores\u201d de Deus encarnado na vida e na hist\u00f3ria deve lan\u00e7ar olhar atento e interessado sobre os dramas humanos que ocorrem no sil\u00eancio e na discri\u00e7\u00e3o, sem voz e vez nos grandes meios porque de pouco, ou nenhum, apelo mercadol\u00f3gico.<\/p>\n<h4><b>\u2022 Apostar na for\u00e7a das pequenas iniciativas<\/b><\/h4>\n<p>A comunica\u00e7\u00e3o popular e participativa deve ser o \u201cfermento na massa\u201d de nossa pr\u00e1tica enquanto Igreja. Sem negar a influ\u00eancia do que uma vez se convencionou chamar de <i>mass media<\/i>, precisamos tamb\u00e9m romper com a tenta\u00e7\u00e3o da megalomania para apostar na for\u00e7a do que \u00e9 discreto, pobre, despojado, alternativo. Na dire\u00e7\u00e3o deste modo comunicativo, tenho a impress\u00e3o de que a nova ambi\u00eancia gerada pela internet e pelas m\u00eddias sociais possa ser lugar prop\u00edcio para esta presen\u00e7a efetiva, atrav\u00e9s de <i>blogs<\/i>, v\u00eddeos, produ\u00e7\u00f5es de <i>Web<\/i>TV e <i>Web<\/i>Radio, difus\u00e3o de artigos, material formativo, mobiliza\u00e7\u00e3o de pessoas, sem jamais se contrapor \u00e0 riqueza dos encontros presenciais ou buscar substitu\u00ed-los.<\/p>\n<p>Neste sentido, adquire grande relevo a considera\u00e7\u00e3o contida na Instru\u00e7\u00e3o Pastoral <i>Aetatis Novae<\/i>, de 1992: \u201cAs comunica\u00e7\u00f5es t\u00eam a capacidade de pesar, n\u00e3o s\u00f3 os modos de pensar, mas tamb\u00e9m os conte\u00fados do pensamento. Para muitas pessoas, a realidade corresponde ao que os <i>mass media<\/i> definem como tal; o que os <i>mass media<\/i> n\u00e3o reconhecem explicitamente torna-se tamb\u00e9m insignificante. O sil\u00eancio pode assim ser imposto, de fato, a indiv\u00edduos ou grupos que os <i>mass media <\/i>ignoram; a voz do Evangelho pode, ela tamb\u00e9m, ser reduzida ao sil\u00eancio, sem ficar por isso completamente abafada. \u00c9 importante, ent\u00e3o, que os crist\u00e3os sejam capazes de fornecer uma informa\u00e7\u00e3o que cria not\u00edcias, dando a palavra aos que dela s\u00e3o privados (AN, n. 6).<\/p>\n<h4><b>\u2022 Rever o conceito de sucesso no que diz respeito \u00e0 pr\u00e1tica da comunica\u00e7\u00e3o<\/b><\/h4>\n<p>No campo da comunica\u00e7\u00e3o, precisamos vencer toda tenta\u00e7\u00e3o de triunfalismo. Tamb\u00e9m neste campo \u00e9 preciso que se invista em uma Igreja do servi\u00e7o, da defesa dos pobres, do combate \u00e0 injusti\u00e7a e \u00e0 explora\u00e7\u00e3o, da constru\u00e7\u00e3o de pontes que diminuam dist\u00e2ncias e de correntes que n\u00e3o aprisionem, mas aproximem, unam e comprometam as pessoas. Uma Igreja onde a est\u00e9tica caminhe de m\u00e3os dadas com a \u00e9tica, na qual as belas liturgias, os toques de trombeta, os megatemplos, as grandes concentra\u00e7\u00f5es de fi\u00e9is n\u00e3o sejam apenas um espet\u00e1culo aos olhos e ao cora\u00e7\u00e3o, mas express\u00e3o de um compromisso, de um elo vital que lance as pessoas \u00e0 aten\u00e7\u00e3o e ao cuidado integral da vida do ser humano, pois cada pessoa, por sua dignidade, \u00e9 \u201ccasa de toda humanidade\u201d e habita\u00e7\u00e3o de Deus. Uma Igreja de escuta, de di\u00e1logo, de ouvidos atentos para distinguir a voz do Senhor que clama na vida, no mundo e nas pessoas.<\/p>\n<p>Esta \u00e9 apenas a partilha de algumas inquieta\u00e7\u00f5es que surgiram em mim a partir da participa\u00e7\u00e3o no VIII Mutir\u00e3o Brasileiro de Comunica\u00e7\u00e3o, realizado na cidade de Natal, bel\u00edssima capital do Rio Grande do Norte, entre os dias 27 de outubro e 1\u00ba de novembro. Que as provoca\u00e7\u00f5es deste VIII Muticom nos ajudem a caminharmos na dire\u00e7\u00e3o de construir um Projeto Provincial de Comunica\u00e7\u00e3o cada vez mais conforme os sonhos de Cristo e de Francisco.<\/p>\n","protected":false},"excerpt":{"rendered":"<p>CNBB<\/p>\n","protected":false},"author":1,"featured_media":217179,"comment_status":"closed","ping_status":"open","sticky":false,"template":"","format":"standard","meta":[],"categories":[1],"tags":[29,40,490],"acf":[],"yoast_head":"<!-- This site is optimized with the Yoast SEO plugin v19.2 - https:\/\/yoast.com\/wordpress\/plugins\/seo\/ -->\n<title>As crises suscitadas durante o 8\u00ba Mutir\u00e3o da Comunica\u00e7\u00e3o - Not\u00edcias - Franciscanos<\/title>\n<meta name=\"robots\" content=\"index, follow, max-snippet:-1, max-image-preview:large, max-video-preview:-1\" \/>\n<link rel=\"canonical\" href=\"https:\/\/franciscanos.org.br\/noticias\/as-crises-suscitadas-pelo-8o-muticom.html\" \/>\n<meta property=\"og:locale\" content=\"pt_BR\" \/>\n<meta property=\"og:type\" content=\"article\" \/>\n<meta property=\"og:title\" content=\"As crises suscitadas durante o 8\u00ba Mutir\u00e3o da Comunica\u00e7\u00e3o - Not\u00edcias - Franciscanos\" \/>\n<meta property=\"og:description\" content=\"CNBB\" \/>\n<meta property=\"og:url\" content=\"https:\/\/franciscanos.org.br\/noticias\/as-crises-suscitadas-pelo-8o-muticom.html\" \/>\n<meta property=\"og:site_name\" content=\"Not\u00edcias - Franciscanos\" \/>\n<meta property=\"article:published_time\" content=\"2013-11-04T13:08:57+00:00\" \/>\n<meta property=\"article:modified_time\" content=\"2020-01-30T13:40:57+00:00\" \/>\n<meta property=\"og:image\" content=\"https:\/\/franciscanos.org.br\/noticias\/wp-content\/uploads\/2013\/11\/mesa.jpg\" \/>\n\t<meta property=\"og:image:width\" content=\"273\" \/>\n\t<meta property=\"og:image:height\" content=\"181\" \/>\n\t<meta property=\"og:image:type\" content=\"image\/jpeg\" \/>\n<meta name=\"author\" content=\"admin\" \/>\n<meta name=\"twitter:card\" content=\"summary_large_image\" \/>\n<meta name=\"twitter:label1\" content=\"Escrito por\" \/>\n\t<meta name=\"twitter:data1\" content=\"admin\" \/>\n\t<meta name=\"twitter:label2\" content=\"Est. tempo de leitura\" \/>\n\t<meta name=\"twitter:data2\" content=\"8 minutos\" \/>\n<script type=\"application\/ld+json\" class=\"yoast-schema-graph\">{\"@context\":\"https:\/\/schema.org\",\"@graph\":[{\"@type\":\"WebSite\",\"@id\":\"https:\/\/franciscanos.org.br\/noticias\/#website\",\"url\":\"https:\/\/franciscanos.org.br\/noticias\/\",\"name\":\"Not\u00edcias - Franciscanos\",\"description\":\"Prov\u00edncia Franciscana da Imaculada Concei\u00e7\u00e3o do Brasil - Ordem dos Frades Menores - OFM\",\"potentialAction\":[{\"@type\":\"SearchAction\",\"target\":{\"@type\":\"EntryPoint\",\"urlTemplate\":\"https:\/\/franciscanos.org.br\/noticias\/?s={search_term_string}\"},\"query-input\":\"required name=search_term_string\"}],\"inLanguage\":\"pt-BR\"},{\"@type\":\"ImageObject\",\"inLanguage\":\"pt-BR\",\"@id\":\"https:\/\/franciscanos.org.br\/noticias\/as-crises-suscitadas-pelo-8o-muticom.html#primaryimage\",\"url\":\"https:\/\/franciscanos.org.br\/noticias\/wp-content\/uploads\/2013\/11\/mesa.jpg\",\"contentUrl\":\"https:\/\/franciscanos.org.br\/noticias\/wp-content\/uploads\/2013\/11\/mesa.jpg\",\"width\":273,\"height\":181},{\"@type\":\"WebPage\",\"@id\":\"https:\/\/franciscanos.org.br\/noticias\/as-crises-suscitadas-pelo-8o-muticom.html#webpage\",\"url\":\"https:\/\/franciscanos.org.br\/noticias\/as-crises-suscitadas-pelo-8o-muticom.html\",\"name\":\"As crises suscitadas durante o 8\u00ba Mutir\u00e3o da Comunica\u00e7\u00e3o - Not\u00edcias - Franciscanos\",\"isPartOf\":{\"@id\":\"https:\/\/franciscanos.org.br\/noticias\/#website\"},\"primaryImageOfPage\":{\"@id\":\"https:\/\/franciscanos.org.br\/noticias\/as-crises-suscitadas-pelo-8o-muticom.html#primaryimage\"},\"datePublished\":\"2013-11-04T13:08:57+00:00\",\"dateModified\":\"2020-01-30T13:40:57+00:00\",\"author\":{\"@id\":\"https:\/\/franciscanos.org.br\/noticias\/#\/schema\/person\/b38fbf43118f02820bd932f2e4b14ad3\"},\"breadcrumb\":{\"@id\":\"https:\/\/franciscanos.org.br\/noticias\/as-crises-suscitadas-pelo-8o-muticom.html#breadcrumb\"},\"inLanguage\":\"pt-BR\",\"potentialAction\":[{\"@type\":\"ReadAction\",\"target\":[\"https:\/\/franciscanos.org.br\/noticias\/as-crises-suscitadas-pelo-8o-muticom.html\"]}]},{\"@type\":\"BreadcrumbList\",\"@id\":\"https:\/\/franciscanos.org.br\/noticias\/as-crises-suscitadas-pelo-8o-muticom.html#breadcrumb\",\"itemListElement\":[{\"@type\":\"ListItem\",\"position\":1,\"name\":\"Home\",\"item\":\"https:\/\/franciscanos.org.br\/noticias\"},{\"@type\":\"ListItem\",\"position\":2,\"name\":\"As crises suscitadas durante o 8\u00ba Mutir\u00e3o da Comunica\u00e7\u00e3o\"}]},{\"@type\":\"Person\",\"@id\":\"https:\/\/franciscanos.org.br\/noticias\/#\/schema\/person\/b38fbf43118f02820bd932f2e4b14ad3\",\"name\":\"admin\",\"image\":{\"@type\":\"ImageObject\",\"inLanguage\":\"pt-BR\",\"@id\":\"https:\/\/franciscanos.org.br\/noticias\/#\/schema\/person\/image\/\",\"url\":\"https:\/\/secure.gravatar.com\/avatar\/e8495742d34d0ba6448ea1c628263b3e?s=96&d=mm&r=g\",\"contentUrl\":\"https:\/\/secure.gravatar.com\/avatar\/e8495742d34d0ba6448ea1c628263b3e?s=96&d=mm&r=g\",\"caption\":\"admin\"},\"url\":\"https:\/\/franciscanos.org.br\/noticias\/author\/admin\"}]}<\/script>\n<!-- \/ Yoast SEO plugin. -->","yoast_head_json":{"title":"As crises suscitadas durante o 8\u00ba Mutir\u00e3o da Comunica\u00e7\u00e3o - Not\u00edcias - Franciscanos","robots":{"index":"index","follow":"follow","max-snippet":"max-snippet:-1","max-image-preview":"max-image-preview:large","max-video-preview":"max-video-preview:-1"},"canonical":"https:\/\/franciscanos.org.br\/noticias\/as-crises-suscitadas-pelo-8o-muticom.html","og_locale":"pt_BR","og_type":"article","og_title":"As crises suscitadas durante o 8\u00ba Mutir\u00e3o da Comunica\u00e7\u00e3o - Not\u00edcias - Franciscanos","og_description":"CNBB","og_url":"https:\/\/franciscanos.org.br\/noticias\/as-crises-suscitadas-pelo-8o-muticom.html","og_site_name":"Not\u00edcias - Franciscanos","article_published_time":"2013-11-04T13:08:57+00:00","article_modified_time":"2020-01-30T13:40:57+00:00","og_image":[{"width":273,"height":181,"url":"https:\/\/franciscanos.org.br\/noticias\/wp-content\/uploads\/2013\/11\/mesa.jpg","type":"image\/jpeg"}],"author":"admin","twitter_card":"summary_large_image","twitter_misc":{"Escrito por":"admin","Est. tempo de leitura":"8 minutos"},"schema":{"@context":"https:\/\/schema.org","@graph":[{"@type":"WebSite","@id":"https:\/\/franciscanos.org.br\/noticias\/#website","url":"https:\/\/franciscanos.org.br\/noticias\/","name":"Not\u00edcias - Franciscanos","description":"Prov\u00edncia Franciscana da Imaculada Concei\u00e7\u00e3o do Brasil - Ordem dos Frades Menores - OFM","potentialAction":[{"@type":"SearchAction","target":{"@type":"EntryPoint","urlTemplate":"https:\/\/franciscanos.org.br\/noticias\/?s={search_term_string}"},"query-input":"required name=search_term_string"}],"inLanguage":"pt-BR"},{"@type":"ImageObject","inLanguage":"pt-BR","@id":"https:\/\/franciscanos.org.br\/noticias\/as-crises-suscitadas-pelo-8o-muticom.html#primaryimage","url":"https:\/\/franciscanos.org.br\/noticias\/wp-content\/uploads\/2013\/11\/mesa.jpg","contentUrl":"https:\/\/franciscanos.org.br\/noticias\/wp-content\/uploads\/2013\/11\/mesa.jpg","width":273,"height":181},{"@type":"WebPage","@id":"https:\/\/franciscanos.org.br\/noticias\/as-crises-suscitadas-pelo-8o-muticom.html#webpage","url":"https:\/\/franciscanos.org.br\/noticias\/as-crises-suscitadas-pelo-8o-muticom.html","name":"As crises suscitadas durante o 8\u00ba Mutir\u00e3o da Comunica\u00e7\u00e3o - Not\u00edcias - Franciscanos","isPartOf":{"@id":"https:\/\/franciscanos.org.br\/noticias\/#website"},"primaryImageOfPage":{"@id":"https:\/\/franciscanos.org.br\/noticias\/as-crises-suscitadas-pelo-8o-muticom.html#primaryimage"},"datePublished":"2013-11-04T13:08:57+00:00","dateModified":"2020-01-30T13:40:57+00:00","author":{"@id":"https:\/\/franciscanos.org.br\/noticias\/#\/schema\/person\/b38fbf43118f02820bd932f2e4b14ad3"},"breadcrumb":{"@id":"https:\/\/franciscanos.org.br\/noticias\/as-crises-suscitadas-pelo-8o-muticom.html#breadcrumb"},"inLanguage":"pt-BR","potentialAction":[{"@type":"ReadAction","target":["https:\/\/franciscanos.org.br\/noticias\/as-crises-suscitadas-pelo-8o-muticom.html"]}]},{"@type":"BreadcrumbList","@id":"https:\/\/franciscanos.org.br\/noticias\/as-crises-suscitadas-pelo-8o-muticom.html#breadcrumb","itemListElement":[{"@type":"ListItem","position":1,"name":"Home","item":"https:\/\/franciscanos.org.br\/noticias"},{"@type":"ListItem","position":2,"name":"As crises suscitadas durante o 8\u00ba Mutir\u00e3o da Comunica\u00e7\u00e3o"}]},{"@type":"Person","@id":"https:\/\/franciscanos.org.br\/noticias\/#\/schema\/person\/b38fbf43118f02820bd932f2e4b14ad3","name":"admin","image":{"@type":"ImageObject","inLanguage":"pt-BR","@id":"https:\/\/franciscanos.org.br\/noticias\/#\/schema\/person\/image\/","url":"https:\/\/secure.gravatar.com\/avatar\/e8495742d34d0ba6448ea1c628263b3e?s=96&d=mm&r=g","contentUrl":"https:\/\/secure.gravatar.com\/avatar\/e8495742d34d0ba6448ea1c628263b3e?s=96&d=mm&r=g","caption":"admin"},"url":"https:\/\/franciscanos.org.br\/noticias\/author\/admin"}]}},"_links":{"self":[{"href":"https:\/\/franciscanos.org.br\/noticias\/wp-json\/wp\/v2\/posts\/48541"}],"collection":[{"href":"https:\/\/franciscanos.org.br\/noticias\/wp-json\/wp\/v2\/posts"}],"about":[{"href":"https:\/\/franciscanos.org.br\/noticias\/wp-json\/wp\/v2\/types\/post"}],"author":[{"embeddable":true,"href":"https:\/\/franciscanos.org.br\/noticias\/wp-json\/wp\/v2\/users\/1"}],"replies":[{"embeddable":true,"href":"https:\/\/franciscanos.org.br\/noticias\/wp-json\/wp\/v2\/comments?post=48541"}],"version-history":[{"count":0,"href":"https:\/\/franciscanos.org.br\/noticias\/wp-json\/wp\/v2\/posts\/48541\/revisions"}],"wp:featuredmedia":[{"embeddable":true,"href":"https:\/\/franciscanos.org.br\/noticias\/wp-json\/wp\/v2\/media\/217179"}],"wp:attachment":[{"href":"https:\/\/franciscanos.org.br\/noticias\/wp-json\/wp\/v2\/media?parent=48541"}],"wp:term":[{"taxonomy":"category","embeddable":true,"href":"https:\/\/franciscanos.org.br\/noticias\/wp-json\/wp\/v2\/categories?post=48541"},{"taxonomy":"post_tag","embeddable":true,"href":"https:\/\/franciscanos.org.br\/noticias\/wp-json\/wp\/v2\/tags?post=48541"}],"curies":[{"name":"wp","href":"https:\/\/api.w.org\/{rel}","templated":true}]}}