{"id":48053,"date":"2013-10-30T07:34:58","date_gmt":"2013-10-30T09:34:58","guid":{"rendered":"http:\/\/new.franciscanos.org.br\/?p=48053"},"modified":"2019-07-02T08:10:57","modified_gmt":"2019-07-02T11:10:57","slug":"biblioteca-da-usf-braganca-possui-mais-de-55-mil-titulos","status":"publish","type":"post","link":"https:\/\/franciscanos.org.br\/noticias\/biblioteca-da-usf-braganca-possui-mais-de-55-mil-titulos.html","title":{"rendered":"Biblioteca da USF Bragan\u00e7a possui mais de 55 mil t\u00edtulos"},"content":{"rendered":"<blockquote>\n<p style=\"text-align: left;\" align=\"center\"><img loading=\"lazy\" class=\"alignright size-full wp-image-48054\" src=\"http:\/\/franciscanos.org.br\/wp-content\/uploads\/2013\/10\/052_braganca_221013.jpg\" alt=\"052_braganca_221013\" width=\"450\" height=\"338\" \/><i>Todo o acervo est\u00e1 aberto ao p\u00fablico para consulta; CDs, DVDs, <\/i><i>peri\u00f3dicos e obras raras integram a crescente cole\u00e7\u00e3o<\/i><\/p>\n<\/blockquote>\n<p>O Campus da Universidade S\u00e3o Francisco (USF) Bragan\u00e7a Paulista \u00e9 o maior e mais tradicional da institui\u00e7\u00e3o, com quase 37 anos. No local, o que poucos sabem \u00e9 que funcionam tr\u00eas bibliotecas, sendo uma geral, chamada Biblioteca S\u00e3o Boaventura e outras duas especializadas, denominadas Biblioteca de Obras Raras e Biblioteca Jur\u00eddica.<\/p>\n<p>Juntas, re\u00fanem aproximadamente 55 mil t\u00edtulos diferentes (incluindo livros, CDs, DVDs, Teses e 1.160 obras raras), totalizando mais de 100 mil exemplares. O acervo \u00e9 aberto n\u00e3o s\u00f3 para alunos, professores e acad\u00eamicos, como tamb\u00e9m para toda a comunidade.<\/p>\n<p>\u201cO Sistema de Bibliotecas da USF \u00e9 uma estrutura que agrega oito unidades: as tr\u00eas do Campus Bragan\u00e7a Paulista; as bibliotecas dos Campi\u00a0 de S\u00e3o Paulo (Biblioteca Santo Ant\u00f4nio e Bom Jesus Santo Ant\u00f4nio do Pari), Itatiba (Biblioteca Santa Clara) e em Campinas (Cambu\u00ed e Swift)\u201d, explica Cleonice Souza, coordenadora do Sistema de Bibliotecas da USF.<\/p>\n<p>As obras atendem aos cursos oferecidos no Campus e ainda contemplam todas as \u00e1reas do CNPq, entre elas Ci\u00eancias da Sa\u00fade, Exatas, Humanas, Sociais. Lingu\u00edstica, Letras e Artes, completando um acervo multidisciplinar de n\u00edvel m\u00e9dio e superior.<\/p>\n<p>\u201cAl\u00e9m das obras impressas, a USF \u00e9 credenciada ao Portal de Peri\u00f3dicos da CAPES, que disponibiliza \u00e0 comunidade acad\u00eamica t\u00edtulos cient\u00edficos, refer\u00eancias, resumos, patentes, livros e estat\u00edsticas, abrangendo diversas \u00e1reas do conhecimento\u201d, destaca Rosimeire Barbosa, auxiliar de biblioteca que trabalha ao lado de outros 20 profissionais<span style=\"text-decoration: line-through;\">.<\/span><\/p>\n<p><b>Centen\u00e1rias<\/b><\/p>\n<p>Livros publicados h\u00e1 mais de 500 anos est\u00e3o entre as surpresas que os visitantes poder\u00e3o encontrar na Biblioteca de Obras Raras. \u201cA obra mais antiga do acervo chama-se \u2018Subtilitatis epidicticon\u2019, ou \u2018Livro das Quest\u00f5es\u2019. A publica\u00e7\u00e3o data de 1520, in\u00edcio da coloniza\u00e7\u00e3o do Brasil\u201d, destaca Cleonice Souza, coordenadora do Sistema de Bibliotecas da USF.<\/p>\n<p>A lista \u00e9 grande, e Cleonice enumera entre as obras centen\u00e1rias o Livro dos Salmos, de 1.776; Introdu\u00e7\u00e3o \u00e0 B\u00edblia, de 1.566; Coletas de Ora\u00e7\u00f5es, de 1.531; e a literatura russa Dama de Espadas, de 1.890. \u201cA nossa edi\u00e7\u00e3o da \u2018Dama de Espadas\u2019 \u00e9 toda em cetim, com ilustra\u00e7\u00f5es, autografada pelo autor e ilustrador\u201d, pontua a respons\u00e1vel.<\/p>\n<p><b>Conserva\u00e7\u00e3o cautelosa<\/b><\/p>\n<p>A coordenadora do Sistema de Bibliotecas da USF conta que a universidade investiu em um sistema de desinfesta\u00e7\u00e3o de documentos para assegurar que as obras n\u00e3o ser\u00e3o perdidas com o tempo. O processo adotado pela USF segue padr\u00f5es adotados pela Biblioteca Nacional, UFMG e Unicamp.<\/p>\n<p>\u201cO procedimento \u00e9 feito sob atmosfera modificada. Utilizamos sacos pl\u00e1sticos, vedados a v\u00e1cuo com uma solu\u00e7\u00e3o de g\u00e1s carb\u00f4nico e nitrog\u00eanio. Posteriormente, os materiais s\u00e3o higienizados p\u00e1gina por p\u00e1gina antes de encaminharmos para a cataloga\u00e7\u00e3o\u201d, explica Cleonice.<b><\/b><\/p>\n<p><b>Acessibilidade e hor\u00e1rios flex\u00edveis<\/b><\/p>\n<p>As Bibliotecas s\u00e3o adaptadas para Portadores de Necessidades Especiais e possuem computadores e mesas exclusivas, sendo um espa\u00e7o acess\u00edvel e confort\u00e1vel para o corpo docente, discente e toda a comunidade.<\/p>\n<p>Os hor\u00e1rios tamb\u00e9m s\u00e3o flex\u00edveis nos dias letivos, com a Biblioteca S\u00e3o Boaventura atendendo de segunda a sexta das 7h30 \u00e0s 22h45 e aos s\u00e1bados das 8h \u00e0s 15h45. A Biblioteca de Obras Jur\u00eddicas, localizada no Pr\u00e9dio II, funciona de segunda a sexta-feira das 7h30 \u00e0s 22h45 e aos s\u00e1bados das 8h00 \u00e0s 13h00. Biblioteca de Obras Raras recebe os visitantes de segunda a sexta das 8h00 \u00e0s 16h00.<\/p>\n<p><strong>Servi\u00e7o:<\/strong><b>\u00a0<\/b><br \/>\n<b>Bibliotecas S\u00e3o Boaventura, Obras Raras e Obras Jur\u00eddicas \u2013 USF Bragan\u00e7a<\/b><br \/>\nInforma\u00e7\u00f5es: <a href=\"http:\/\/www.usf.edu.br\/biblioteca\">www.usf.edu.br\/biblioteca<\/a> \/ 11 2454-8046<br \/>\nLocal: Av. S\u00e3o Francisco de Assis, 218 \u2013 Jd. S\u00e3o Jos\u00e9<\/p>\n<p><b>Sobre a USF<\/b><\/p>\n<p>A Universidade S\u00e3o Francisco &#8211; USF \u00e9 uma institui\u00e7\u00e3o de ensino superior, sem fins lucrativos, com 36 anos de tradi\u00e7\u00e3o e 10 mil alunos matriculados. Presente nas cidades de S\u00e3o Paulo, Bragan\u00e7a Paulista, Itatiba e Campinas, oferece estrutura completa para mais de 50 cursos de gradua\u00e7\u00e3o e 27 de p\u00f3s-gradua\u00e7\u00e3o, incluindo tr\u00eas programas Stricto Sensu. Em parceria com a ESADE Business School de Barcelona, oferta tamb\u00e9m o programa de educa\u00e7\u00e3o executiva AMP (Advanced Management Program).<\/p>\n<p>Os alunos da institui\u00e7\u00e3o contam ainda com o N\u00facleo de Empregabilidade e Empreendedorismo e o N\u00facleo de Rela\u00e7\u00f5es Internacionais, que promovem forma\u00e7\u00e3o profissional e interc\u00e2mbio estudantil por meio de parcerias com universidades estrangeiras. Inspirada no lema \u201cEduca\u00e7\u00e3o para a Paz\u201d e movida pelo seu Patrono, S\u00e3o Francisco de Assis, tem como miss\u00e3o a produ\u00e7\u00e3o e a difus\u00e3o de conhecimento, da fraternidade e da solidariedade.<\/p>\n<h4><a href=\"http:\/\/g1.globo.com\/sp\/vale-do-paraiba-regiao\/link-vanguarda\/videos\/t\/edicoes\/v\/biblioteca-de-braganca-paulista-sp-tem-mil-livros-historicos\/2889554\/?fb_action_ids=10151730997448935&amp;fb_action_types=og.likes&amp;fb_source=aggregation&amp;fb_aggregation_id=288381481237582\" target=\"_blank\" rel=\"noopener noreferrer\"><strong>Link para a reportagem realizada na Biblioteca da USF em Bragan\u00e7a Paulista.<\/strong><\/a><\/h4>\n","protected":false},"excerpt":{"rendered":"<p>Frente da Educa\u00e7\u00e3o<\/p>\n","protected":false},"author":1,"featured_media":207051,"comment_status":"closed","ping_status":"open","sticky":false,"template":"","format":"standard","meta":[],"categories":[1],"tags":[354],"acf":[],"yoast_head":"<!-- This site is optimized with the Yoast SEO plugin v19.2 - https:\/\/yoast.com\/wordpress\/plugins\/seo\/ -->\n<title>Biblioteca da USF Bragan\u00e7a possui mais de 55 mil t\u00edtulos - Not\u00edcias - Franciscanos<\/title>\n<meta name=\"robots\" content=\"index, follow, max-snippet:-1, max-image-preview:large, max-video-preview:-1\" \/>\n<link rel=\"canonical\" href=\"https:\/\/franciscanos.org.br\/noticias\/biblioteca-da-usf-braganca-possui-mais-de-55-mil-titulos.html\" \/>\n<meta property=\"og:locale\" content=\"pt_BR\" \/>\n<meta property=\"og:type\" content=\"article\" \/>\n<meta property=\"og:title\" content=\"Biblioteca da USF Bragan\u00e7a possui mais de 55 mil t\u00edtulos - Not\u00edcias - Franciscanos\" \/>\n<meta property=\"og:description\" content=\"Frente da Educa\u00e7\u00e3o\" \/>\n<meta property=\"og:url\" content=\"https:\/\/franciscanos.org.br\/noticias\/biblioteca-da-usf-braganca-possui-mais-de-55-mil-titulos.html\" \/>\n<meta property=\"og:site_name\" content=\"Not\u00edcias - Franciscanos\" \/>\n<meta property=\"article:published_time\" content=\"2013-10-30T09:34:58+00:00\" \/>\n<meta property=\"article:modified_time\" content=\"2019-07-02T11:10:57+00:00\" \/>\n<meta property=\"og:image\" content=\"https:\/\/franciscanos.org.br\/noticias\/wp-content\/uploads\/2013\/10\/052_braganca_221013.jpg\" \/>\n\t<meta property=\"og:image:width\" content=\"273\" \/>\n\t<meta property=\"og:image:height\" content=\"181\" \/>\n\t<meta property=\"og:image:type\" content=\"image\/jpeg\" \/>\n<meta name=\"author\" content=\"admin\" \/>\n<meta name=\"twitter:card\" content=\"summary_large_image\" \/>\n<meta name=\"twitter:label1\" content=\"Escrito por\" \/>\n\t<meta name=\"twitter:data1\" content=\"admin\" \/>\n\t<meta name=\"twitter:label2\" content=\"Est. tempo de leitura\" \/>\n\t<meta name=\"twitter:data2\" content=\"4 minutos\" \/>\n<script type=\"application\/ld+json\" class=\"yoast-schema-graph\">{\"@context\":\"https:\/\/schema.org\",\"@graph\":[{\"@type\":\"WebSite\",\"@id\":\"https:\/\/franciscanos.org.br\/noticias\/#website\",\"url\":\"https:\/\/franciscanos.org.br\/noticias\/\",\"name\":\"Not\u00edcias - Franciscanos\",\"description\":\"Prov\u00edncia Franciscana da Imaculada Concei\u00e7\u00e3o do Brasil - Ordem dos Frades Menores - OFM\",\"potentialAction\":[{\"@type\":\"SearchAction\",\"target\":{\"@type\":\"EntryPoint\",\"urlTemplate\":\"https:\/\/franciscanos.org.br\/noticias\/?s={search_term_string}\"},\"query-input\":\"required name=search_term_string\"}],\"inLanguage\":\"pt-BR\"},{\"@type\":\"ImageObject\",\"inLanguage\":\"pt-BR\",\"@id\":\"https:\/\/franciscanos.org.br\/noticias\/biblioteca-da-usf-braganca-possui-mais-de-55-mil-titulos.html#primaryimage\",\"url\":\"https:\/\/franciscanos.org.br\/noticias\/wp-content\/uploads\/2013\/10\/052_braganca_221013.jpg\",\"contentUrl\":\"https:\/\/franciscanos.org.br\/noticias\/wp-content\/uploads\/2013\/10\/052_braganca_221013.jpg\",\"width\":273,\"height\":181},{\"@type\":\"WebPage\",\"@id\":\"https:\/\/franciscanos.org.br\/noticias\/biblioteca-da-usf-braganca-possui-mais-de-55-mil-titulos.html#webpage\",\"url\":\"https:\/\/franciscanos.org.br\/noticias\/biblioteca-da-usf-braganca-possui-mais-de-55-mil-titulos.html\",\"name\":\"Biblioteca da USF Bragan\u00e7a possui mais de 55 mil t\u00edtulos - Not\u00edcias - Franciscanos\",\"isPartOf\":{\"@id\":\"https:\/\/franciscanos.org.br\/noticias\/#website\"},\"primaryImageOfPage\":{\"@id\":\"https:\/\/franciscanos.org.br\/noticias\/biblioteca-da-usf-braganca-possui-mais-de-55-mil-titulos.html#primaryimage\"},\"datePublished\":\"2013-10-30T09:34:58+00:00\",\"dateModified\":\"2019-07-02T11:10:57+00:00\",\"author\":{\"@id\":\"https:\/\/franciscanos.org.br\/noticias\/#\/schema\/person\/b38fbf43118f02820bd932f2e4b14ad3\"},\"breadcrumb\":{\"@id\":\"https:\/\/franciscanos.org.br\/noticias\/biblioteca-da-usf-braganca-possui-mais-de-55-mil-titulos.html#breadcrumb\"},\"inLanguage\":\"pt-BR\",\"potentialAction\":[{\"@type\":\"ReadAction\",\"target\":[\"https:\/\/franciscanos.org.br\/noticias\/biblioteca-da-usf-braganca-possui-mais-de-55-mil-titulos.html\"]}]},{\"@type\":\"BreadcrumbList\",\"@id\":\"https:\/\/franciscanos.org.br\/noticias\/biblioteca-da-usf-braganca-possui-mais-de-55-mil-titulos.html#breadcrumb\",\"itemListElement\":[{\"@type\":\"ListItem\",\"position\":1,\"name\":\"Home\",\"item\":\"https:\/\/franciscanos.org.br\/noticias\"},{\"@type\":\"ListItem\",\"position\":2,\"name\":\"Biblioteca da USF Bragan\u00e7a possui mais de 55 mil t\u00edtulos\"}]},{\"@type\":\"Person\",\"@id\":\"https:\/\/franciscanos.org.br\/noticias\/#\/schema\/person\/b38fbf43118f02820bd932f2e4b14ad3\",\"name\":\"admin\",\"image\":{\"@type\":\"ImageObject\",\"inLanguage\":\"pt-BR\",\"@id\":\"https:\/\/franciscanos.org.br\/noticias\/#\/schema\/person\/image\/\",\"url\":\"https:\/\/secure.gravatar.com\/avatar\/e8495742d34d0ba6448ea1c628263b3e?s=96&d=mm&r=g\",\"contentUrl\":\"https:\/\/secure.gravatar.com\/avatar\/e8495742d34d0ba6448ea1c628263b3e?s=96&d=mm&r=g\",\"caption\":\"admin\"},\"url\":\"https:\/\/franciscanos.org.br\/noticias\/author\/admin\"}]}<\/script>\n<!-- \/ Yoast SEO plugin. -->","yoast_head_json":{"title":"Biblioteca da USF Bragan\u00e7a possui mais de 55 mil t\u00edtulos - Not\u00edcias - Franciscanos","robots":{"index":"index","follow":"follow","max-snippet":"max-snippet:-1","max-image-preview":"max-image-preview:large","max-video-preview":"max-video-preview:-1"},"canonical":"https:\/\/franciscanos.org.br\/noticias\/biblioteca-da-usf-braganca-possui-mais-de-55-mil-titulos.html","og_locale":"pt_BR","og_type":"article","og_title":"Biblioteca da USF Bragan\u00e7a possui mais de 55 mil t\u00edtulos - Not\u00edcias - Franciscanos","og_description":"Frente da Educa\u00e7\u00e3o","og_url":"https:\/\/franciscanos.org.br\/noticias\/biblioteca-da-usf-braganca-possui-mais-de-55-mil-titulos.html","og_site_name":"Not\u00edcias - Franciscanos","article_published_time":"2013-10-30T09:34:58+00:00","article_modified_time":"2019-07-02T11:10:57+00:00","og_image":[{"width":273,"height":181,"url":"https:\/\/franciscanos.org.br\/noticias\/wp-content\/uploads\/2013\/10\/052_braganca_221013.jpg","type":"image\/jpeg"}],"author":"admin","twitter_card":"summary_large_image","twitter_misc":{"Escrito por":"admin","Est. tempo de leitura":"4 minutos"},"schema":{"@context":"https:\/\/schema.org","@graph":[{"@type":"WebSite","@id":"https:\/\/franciscanos.org.br\/noticias\/#website","url":"https:\/\/franciscanos.org.br\/noticias\/","name":"Not\u00edcias - Franciscanos","description":"Prov\u00edncia Franciscana da Imaculada Concei\u00e7\u00e3o do Brasil - Ordem dos Frades Menores - OFM","potentialAction":[{"@type":"SearchAction","target":{"@type":"EntryPoint","urlTemplate":"https:\/\/franciscanos.org.br\/noticias\/?s={search_term_string}"},"query-input":"required name=search_term_string"}],"inLanguage":"pt-BR"},{"@type":"ImageObject","inLanguage":"pt-BR","@id":"https:\/\/franciscanos.org.br\/noticias\/biblioteca-da-usf-braganca-possui-mais-de-55-mil-titulos.html#primaryimage","url":"https:\/\/franciscanos.org.br\/noticias\/wp-content\/uploads\/2013\/10\/052_braganca_221013.jpg","contentUrl":"https:\/\/franciscanos.org.br\/noticias\/wp-content\/uploads\/2013\/10\/052_braganca_221013.jpg","width":273,"height":181},{"@type":"WebPage","@id":"https:\/\/franciscanos.org.br\/noticias\/biblioteca-da-usf-braganca-possui-mais-de-55-mil-titulos.html#webpage","url":"https:\/\/franciscanos.org.br\/noticias\/biblioteca-da-usf-braganca-possui-mais-de-55-mil-titulos.html","name":"Biblioteca da USF Bragan\u00e7a possui mais de 55 mil t\u00edtulos - Not\u00edcias - Franciscanos","isPartOf":{"@id":"https:\/\/franciscanos.org.br\/noticias\/#website"},"primaryImageOfPage":{"@id":"https:\/\/franciscanos.org.br\/noticias\/biblioteca-da-usf-braganca-possui-mais-de-55-mil-titulos.html#primaryimage"},"datePublished":"2013-10-30T09:34:58+00:00","dateModified":"2019-07-02T11:10:57+00:00","author":{"@id":"https:\/\/franciscanos.org.br\/noticias\/#\/schema\/person\/b38fbf43118f02820bd932f2e4b14ad3"},"breadcrumb":{"@id":"https:\/\/franciscanos.org.br\/noticias\/biblioteca-da-usf-braganca-possui-mais-de-55-mil-titulos.html#breadcrumb"},"inLanguage":"pt-BR","potentialAction":[{"@type":"ReadAction","target":["https:\/\/franciscanos.org.br\/noticias\/biblioteca-da-usf-braganca-possui-mais-de-55-mil-titulos.html"]}]},{"@type":"BreadcrumbList","@id":"https:\/\/franciscanos.org.br\/noticias\/biblioteca-da-usf-braganca-possui-mais-de-55-mil-titulos.html#breadcrumb","itemListElement":[{"@type":"ListItem","position":1,"name":"Home","item":"https:\/\/franciscanos.org.br\/noticias"},{"@type":"ListItem","position":2,"name":"Biblioteca da USF Bragan\u00e7a possui mais de 55 mil t\u00edtulos"}]},{"@type":"Person","@id":"https:\/\/franciscanos.org.br\/noticias\/#\/schema\/person\/b38fbf43118f02820bd932f2e4b14ad3","name":"admin","image":{"@type":"ImageObject","inLanguage":"pt-BR","@id":"https:\/\/franciscanos.org.br\/noticias\/#\/schema\/person\/image\/","url":"https:\/\/secure.gravatar.com\/avatar\/e8495742d34d0ba6448ea1c628263b3e?s=96&d=mm&r=g","contentUrl":"https:\/\/secure.gravatar.com\/avatar\/e8495742d34d0ba6448ea1c628263b3e?s=96&d=mm&r=g","caption":"admin"},"url":"https:\/\/franciscanos.org.br\/noticias\/author\/admin"}]}},"_links":{"self":[{"href":"https:\/\/franciscanos.org.br\/noticias\/wp-json\/wp\/v2\/posts\/48053"}],"collection":[{"href":"https:\/\/franciscanos.org.br\/noticias\/wp-json\/wp\/v2\/posts"}],"about":[{"href":"https:\/\/franciscanos.org.br\/noticias\/wp-json\/wp\/v2\/types\/post"}],"author":[{"embeddable":true,"href":"https:\/\/franciscanos.org.br\/noticias\/wp-json\/wp\/v2\/users\/1"}],"replies":[{"embeddable":true,"href":"https:\/\/franciscanos.org.br\/noticias\/wp-json\/wp\/v2\/comments?post=48053"}],"version-history":[{"count":0,"href":"https:\/\/franciscanos.org.br\/noticias\/wp-json\/wp\/v2\/posts\/48053\/revisions"}],"wp:featuredmedia":[{"embeddable":true,"href":"https:\/\/franciscanos.org.br\/noticias\/wp-json\/wp\/v2\/media\/207051"}],"wp:attachment":[{"href":"https:\/\/franciscanos.org.br\/noticias\/wp-json\/wp\/v2\/media?parent=48053"}],"wp:term":[{"taxonomy":"category","embeddable":true,"href":"https:\/\/franciscanos.org.br\/noticias\/wp-json\/wp\/v2\/categories?post=48053"},{"taxonomy":"post_tag","embeddable":true,"href":"https:\/\/franciscanos.org.br\/noticias\/wp-json\/wp\/v2\/tags?post=48053"}],"curies":[{"name":"wp","href":"https:\/\/api.w.org\/{rel}","templated":true}]}}