{"id":48048,"date":"2013-10-29T15:15:48","date_gmt":"2013-10-29T17:15:48","guid":{"rendered":"http:\/\/new.franciscanos.org.br\/?p=48048"},"modified":"2020-01-31T11:24:25","modified_gmt":"2020-01-31T14:24:25","slug":"comunicadores-de-todo-o-brasil-participam-do-8o-muticom-em-natal","status":"publish","type":"post","link":"https:\/\/franciscanos.org.br\/noticias\/comunicadores-de-todo-o-brasil-participam-do-8o-muticom-em-natal.html","title":{"rendered":"Comunicadores de todo o Brasil participam do 8\u00ba Muticom em Natal"},"content":{"rendered":"<p><strong><img loading=\"lazy\" class=\"alignright size-full wp-image-48049\" src=\"http:\/\/franciscanos.org.br\/wp-content\/uploads\/2013\/10\/multicom1.jpg\" alt=\"multicom1\" width=\"450\" height=\"285\" \/>Frei Gustavo Medella<\/strong><\/p>\n<p><strong>Natal &#8211;<\/strong> Os 800 participantes do 8\u00ba Mutir\u00e3o de Comunica\u00e7\u00e3o da CNBB est\u00e3o experimentando todo calor humano e clim\u00e1tico que Natal, a \u201cNoiva do Sol\u201d, tem a oferecer. Realizado no Campus da Universidade Federal do Rio Grande do Norte, o encontro, que re\u00fane comunicadores cat\u00f3licos de todo o Brasil, neste ano, traz como tema: \u201cComunica\u00e7\u00e3o Cidad\u00e3: Meios e Processos\u201d. Na parte da manh\u00e3, todo grupo se re\u00fane no Gin\u00e1sio de Esportes da UFRN, para um momento de ora\u00e7\u00e3o seguido pela confer\u00eancia do dia.<\/p>\n<p>Na segunda-feira, dia 28, falou o Pesquisador e Professor Em\u00e9rito da Universidade Federal do Rio de Janeiro (UFRJ), Muniz Sodr\u00e9, abordando o tema que d\u00e1 t\u00edtulo ao Muticom.\u00a0 Em sua coloca\u00e7\u00e3o, o professor recordou que a grande m\u00eddia, os meios de comunica\u00e7\u00e3o de massa, t\u00eam sua atua\u00e7\u00e3o pautada nos valores e perspectivas da l\u00f3gica do mercado.\u00a0 De acordo com, as preocupa\u00e7\u00f5es em torno da cria\u00e7\u00e3o de um senso de cidadania, do cultivo de valores e princ\u00edpios n\u00e3o s\u00e3o as que regem o trabalho realizado pela comunica\u00e7\u00e3o de massa. Segundo Muniz Sodr\u00e9, a concep\u00e7\u00e3o de comunica\u00e7\u00e3o cidad\u00e3o, com a qual a Igreja e a Religi\u00e3o podem e devem contribuir, perpassa mais o universo da compreens\u00e3o do que o da transmiss\u00e3o. \u201cO termo \u2018compeender\u2019 traz em seu significado o sentido de\u00a0 \u2018abra\u00e7ar\u2019, de \u2018ir ao encontro\u2019, participar da vida do outro. \u00c9 a l\u00f3gica do compartilhamento, explicou\u201d.<\/p>\n<p><img loading=\"lazy\" class=\"alignleft size-full wp-image-48050\" src=\"http:\/\/franciscanos.org.br\/wp-content\/uploads\/2013\/10\/multicom2.jpg\" alt=\"multicom2\" width=\"450\" height=\"294\" \/>Na ter\u00e7a-feira, dia 29, a conferencista foi a Professora e Pesquisadora Raquel Paiva, tamb\u00e9m da UFRJ. Ela discorreu sobre o tema: \u201cComunica\u00e7\u00e3o Comunit\u00e1ria e Constru\u00e7\u00e3o da Cidadania\u201d. A Professora fez uma breve contextualiza\u00e7\u00e3o em rela\u00e7\u00e3o ao conceito de \u201ccomunidade\u201d a partir da compreens\u00e3o de autores de diferentes \u00e9pocas e escolas de pensamento. Na explana\u00e7\u00e3o, a palestrante discorreu ainda sobre diversos conceitos e elementos que perpassam a tem\u00e1tica da cidadania, como educa\u00e7\u00e3o e democracia. Para todo investimento e discuss\u00e3o em torno da tem\u00e1tica da \u201ccomunica\u00e7\u00e3o comunit\u00e1ria\u201d revelam uma certa insatisfa\u00e7\u00e3o de diferentes setores da sociedade em rela\u00e7\u00e3o ao que \u00e9 apresentado pela grande m\u00eddia. Para compor a mesa da confer\u00eancia, tamb\u00e9m foi convidado o Padre Manoel Filho, Coordenador da Pastoral da Comunica\u00e7\u00e3o na Arquidiocese de Salvador. Padre Manoel ressaltou que, na Igreja, a ideia de comunica\u00e7\u00e3o n\u00e3o deve ser pautada pela busca do sucesso, que pode se tornar inclusive um elemento perigoso. Para ele, a Comunica\u00e7\u00e3o Eclesial deve ser comunit\u00e1ria e popular, baseada em um processo de constru\u00e7\u00e3o conjunto e colaborativo. \u201cIsto para mim \u00e9 uma profiss\u00e3o de f\u00e9\u201d, refor\u00e7ou.<\/p>\n<p>Na parte da tarde, os participantes se dividem em grupos de trabalho que s\u00e3o tem\u00e1ticos para discutir a pr\u00e1tica, atrav\u00e9s da apresenta\u00e7\u00e3o de casos concretos, e a teoria, com a assist\u00eancia de professores e estudiosos da \u00e1rea, da Comunica\u00e7\u00e3o realizada pela e na Igreja do Brasil. Nesta ter\u00e7a-feira, no Gropo de Trabalho 1, voltado para R\u00e1dio Comercial, Comunit\u00e1ria e Educativa, o coordenador da Frente de Evangeliza\u00e7\u00e3o de Comunica\u00e7\u00e3o da Prov\u00edncia, Frei Gustavo Medella, apresenta a experi\u00eancia do Programa de R\u00e1dio <i>Sala Franciscana<\/i>, que j\u00e1 t\u00e1 h\u00e1 quase dois anos no ar pelas R\u00e1dios 9 de Julho, de S\u00e3o Paulo, SP, e Imperial, de Petr\u00f3polis, RJ, como proposta comunicativa que buscar reunir os esfor\u00e7os de frades da prov\u00edncia e tamb\u00e9m dos trabalhadores leigos na busca de uma Comunica\u00e7\u00e3o conjunta, comunicativa e solid\u00e1ria. Al\u00e9m de Frei Gustavo, tamb\u00e9m participa do 8\u00ba Muticom pela Prov\u00edncia Frei Alvaci Mendes da Luz. A abertura do evento foi realizada na noite do domingo, dia 27 de outubro, no Hotel Praia Mar, com a participa\u00e7\u00e3o do Presidente da Comiss\u00e3o Episcopal para a Comunica\u00e7\u00e3o da CNBB, Dom Dimas Lara Barbosa, a Reitora da UFRN, Professora \u00c2ngela Maria Paiva Cruz, e outras autoridades. O Muticom termina na pr\u00f3xima quinta-feira, dia 31 de outubro, com o an\u00fancio da sede do pr\u00f3ximo Muticom e show da cantora Elba Ramalho.<\/p>\n","protected":false},"excerpt":{"rendered":"<p>CNBB <\/p>\n","protected":false},"author":1,"featured_media":217774,"comment_status":"closed","ping_status":"open","sticky":false,"template":"","format":"standard","meta":[],"categories":[1],"tags":[],"acf":[],"yoast_head":"<!-- This site is optimized with the Yoast SEO plugin v19.2 - https:\/\/yoast.com\/wordpress\/plugins\/seo\/ -->\n<title>Comunicadores de todo o Brasil participam do 8\u00ba Muticom em Natal - Not\u00edcias - Franciscanos<\/title>\n<meta name=\"robots\" content=\"index, follow, max-snippet:-1, max-image-preview:large, max-video-preview:-1\" \/>\n<link rel=\"canonical\" href=\"https:\/\/franciscanos.org.br\/noticias\/comunicadores-de-todo-o-brasil-participam-do-8o-muticom-em-natal.html\" \/>\n<meta property=\"og:locale\" content=\"pt_BR\" \/>\n<meta property=\"og:type\" content=\"article\" \/>\n<meta property=\"og:title\" content=\"Comunicadores de todo o Brasil participam do 8\u00ba Muticom em Natal - Not\u00edcias - Franciscanos\" \/>\n<meta property=\"og:description\" content=\"CNBB\" \/>\n<meta property=\"og:url\" content=\"https:\/\/franciscanos.org.br\/noticias\/comunicadores-de-todo-o-brasil-participam-do-8o-muticom-em-natal.html\" \/>\n<meta property=\"og:site_name\" content=\"Not\u00edcias - Franciscanos\" \/>\n<meta property=\"article:published_time\" content=\"2013-10-29T17:15:48+00:00\" \/>\n<meta property=\"article:modified_time\" content=\"2020-01-31T14:24:25+00:00\" \/>\n<meta property=\"og:image\" content=\"https:\/\/franciscanos.org.br\/noticias\/wp-content\/uploads\/2013\/10\/multicom1.jpg\" \/>\n\t<meta property=\"og:image:width\" content=\"273\" \/>\n\t<meta property=\"og:image:height\" content=\"181\" \/>\n\t<meta property=\"og:image:type\" content=\"image\/jpeg\" \/>\n<meta name=\"author\" content=\"admin\" \/>\n<meta name=\"twitter:card\" content=\"summary_large_image\" \/>\n<meta name=\"twitter:label1\" content=\"Escrito por\" \/>\n\t<meta name=\"twitter:data1\" content=\"admin\" \/>\n\t<meta name=\"twitter:label2\" content=\"Est. tempo de leitura\" \/>\n\t<meta name=\"twitter:data2\" content=\"4 minutos\" \/>\n<script type=\"application\/ld+json\" class=\"yoast-schema-graph\">{\"@context\":\"https:\/\/schema.org\",\"@graph\":[{\"@type\":\"WebSite\",\"@id\":\"https:\/\/franciscanos.org.br\/noticias\/#website\",\"url\":\"https:\/\/franciscanos.org.br\/noticias\/\",\"name\":\"Not\u00edcias - Franciscanos\",\"description\":\"Prov\u00edncia Franciscana da Imaculada Concei\u00e7\u00e3o do Brasil - Ordem dos Frades Menores - OFM\",\"potentialAction\":[{\"@type\":\"SearchAction\",\"target\":{\"@type\":\"EntryPoint\",\"urlTemplate\":\"https:\/\/franciscanos.org.br\/noticias\/?s={search_term_string}\"},\"query-input\":\"required name=search_term_string\"}],\"inLanguage\":\"pt-BR\"},{\"@type\":\"ImageObject\",\"inLanguage\":\"pt-BR\",\"@id\":\"https:\/\/franciscanos.org.br\/noticias\/comunicadores-de-todo-o-brasil-participam-do-8o-muticom-em-natal.html#primaryimage\",\"url\":\"https:\/\/franciscanos.org.br\/noticias\/wp-content\/uploads\/2013\/10\/multicom1.jpg\",\"contentUrl\":\"https:\/\/franciscanos.org.br\/noticias\/wp-content\/uploads\/2013\/10\/multicom1.jpg\",\"width\":273,\"height\":181},{\"@type\":\"WebPage\",\"@id\":\"https:\/\/franciscanos.org.br\/noticias\/comunicadores-de-todo-o-brasil-participam-do-8o-muticom-em-natal.html#webpage\",\"url\":\"https:\/\/franciscanos.org.br\/noticias\/comunicadores-de-todo-o-brasil-participam-do-8o-muticom-em-natal.html\",\"name\":\"Comunicadores de todo o Brasil participam do 8\u00ba Muticom em Natal - Not\u00edcias - Franciscanos\",\"isPartOf\":{\"@id\":\"https:\/\/franciscanos.org.br\/noticias\/#website\"},\"primaryImageOfPage\":{\"@id\":\"https:\/\/franciscanos.org.br\/noticias\/comunicadores-de-todo-o-brasil-participam-do-8o-muticom-em-natal.html#primaryimage\"},\"datePublished\":\"2013-10-29T17:15:48+00:00\",\"dateModified\":\"2020-01-31T14:24:25+00:00\",\"author\":{\"@id\":\"https:\/\/franciscanos.org.br\/noticias\/#\/schema\/person\/b38fbf43118f02820bd932f2e4b14ad3\"},\"breadcrumb\":{\"@id\":\"https:\/\/franciscanos.org.br\/noticias\/comunicadores-de-todo-o-brasil-participam-do-8o-muticom-em-natal.html#breadcrumb\"},\"inLanguage\":\"pt-BR\",\"potentialAction\":[{\"@type\":\"ReadAction\",\"target\":[\"https:\/\/franciscanos.org.br\/noticias\/comunicadores-de-todo-o-brasil-participam-do-8o-muticom-em-natal.html\"]}]},{\"@type\":\"BreadcrumbList\",\"@id\":\"https:\/\/franciscanos.org.br\/noticias\/comunicadores-de-todo-o-brasil-participam-do-8o-muticom-em-natal.html#breadcrumb\",\"itemListElement\":[{\"@type\":\"ListItem\",\"position\":1,\"name\":\"Home\",\"item\":\"https:\/\/franciscanos.org.br\/noticias\"},{\"@type\":\"ListItem\",\"position\":2,\"name\":\"Comunicadores de todo o Brasil participam do 8\u00ba Muticom em Natal\"}]},{\"@type\":\"Person\",\"@id\":\"https:\/\/franciscanos.org.br\/noticias\/#\/schema\/person\/b38fbf43118f02820bd932f2e4b14ad3\",\"name\":\"admin\",\"image\":{\"@type\":\"ImageObject\",\"inLanguage\":\"pt-BR\",\"@id\":\"https:\/\/franciscanos.org.br\/noticias\/#\/schema\/person\/image\/\",\"url\":\"https:\/\/secure.gravatar.com\/avatar\/e8495742d34d0ba6448ea1c628263b3e?s=96&d=mm&r=g\",\"contentUrl\":\"https:\/\/secure.gravatar.com\/avatar\/e8495742d34d0ba6448ea1c628263b3e?s=96&d=mm&r=g\",\"caption\":\"admin\"},\"url\":\"https:\/\/franciscanos.org.br\/noticias\/author\/admin\"}]}<\/script>\n<!-- \/ Yoast SEO plugin. -->","yoast_head_json":{"title":"Comunicadores de todo o Brasil participam do 8\u00ba Muticom em Natal - Not\u00edcias - Franciscanos","robots":{"index":"index","follow":"follow","max-snippet":"max-snippet:-1","max-image-preview":"max-image-preview:large","max-video-preview":"max-video-preview:-1"},"canonical":"https:\/\/franciscanos.org.br\/noticias\/comunicadores-de-todo-o-brasil-participam-do-8o-muticom-em-natal.html","og_locale":"pt_BR","og_type":"article","og_title":"Comunicadores de todo o Brasil participam do 8\u00ba Muticom em Natal - Not\u00edcias - Franciscanos","og_description":"CNBB","og_url":"https:\/\/franciscanos.org.br\/noticias\/comunicadores-de-todo-o-brasil-participam-do-8o-muticom-em-natal.html","og_site_name":"Not\u00edcias - Franciscanos","article_published_time":"2013-10-29T17:15:48+00:00","article_modified_time":"2020-01-31T14:24:25+00:00","og_image":[{"width":273,"height":181,"url":"https:\/\/franciscanos.org.br\/noticias\/wp-content\/uploads\/2013\/10\/multicom1.jpg","type":"image\/jpeg"}],"author":"admin","twitter_card":"summary_large_image","twitter_misc":{"Escrito por":"admin","Est. tempo de leitura":"4 minutos"},"schema":{"@context":"https:\/\/schema.org","@graph":[{"@type":"WebSite","@id":"https:\/\/franciscanos.org.br\/noticias\/#website","url":"https:\/\/franciscanos.org.br\/noticias\/","name":"Not\u00edcias - Franciscanos","description":"Prov\u00edncia Franciscana da Imaculada Concei\u00e7\u00e3o do Brasil - Ordem dos Frades Menores - OFM","potentialAction":[{"@type":"SearchAction","target":{"@type":"EntryPoint","urlTemplate":"https:\/\/franciscanos.org.br\/noticias\/?s={search_term_string}"},"query-input":"required name=search_term_string"}],"inLanguage":"pt-BR"},{"@type":"ImageObject","inLanguage":"pt-BR","@id":"https:\/\/franciscanos.org.br\/noticias\/comunicadores-de-todo-o-brasil-participam-do-8o-muticom-em-natal.html#primaryimage","url":"https:\/\/franciscanos.org.br\/noticias\/wp-content\/uploads\/2013\/10\/multicom1.jpg","contentUrl":"https:\/\/franciscanos.org.br\/noticias\/wp-content\/uploads\/2013\/10\/multicom1.jpg","width":273,"height":181},{"@type":"WebPage","@id":"https:\/\/franciscanos.org.br\/noticias\/comunicadores-de-todo-o-brasil-participam-do-8o-muticom-em-natal.html#webpage","url":"https:\/\/franciscanos.org.br\/noticias\/comunicadores-de-todo-o-brasil-participam-do-8o-muticom-em-natal.html","name":"Comunicadores de todo o Brasil participam do 8\u00ba Muticom em Natal - Not\u00edcias - Franciscanos","isPartOf":{"@id":"https:\/\/franciscanos.org.br\/noticias\/#website"},"primaryImageOfPage":{"@id":"https:\/\/franciscanos.org.br\/noticias\/comunicadores-de-todo-o-brasil-participam-do-8o-muticom-em-natal.html#primaryimage"},"datePublished":"2013-10-29T17:15:48+00:00","dateModified":"2020-01-31T14:24:25+00:00","author":{"@id":"https:\/\/franciscanos.org.br\/noticias\/#\/schema\/person\/b38fbf43118f02820bd932f2e4b14ad3"},"breadcrumb":{"@id":"https:\/\/franciscanos.org.br\/noticias\/comunicadores-de-todo-o-brasil-participam-do-8o-muticom-em-natal.html#breadcrumb"},"inLanguage":"pt-BR","potentialAction":[{"@type":"ReadAction","target":["https:\/\/franciscanos.org.br\/noticias\/comunicadores-de-todo-o-brasil-participam-do-8o-muticom-em-natal.html"]}]},{"@type":"BreadcrumbList","@id":"https:\/\/franciscanos.org.br\/noticias\/comunicadores-de-todo-o-brasil-participam-do-8o-muticom-em-natal.html#breadcrumb","itemListElement":[{"@type":"ListItem","position":1,"name":"Home","item":"https:\/\/franciscanos.org.br\/noticias"},{"@type":"ListItem","position":2,"name":"Comunicadores de todo o Brasil participam do 8\u00ba Muticom em Natal"}]},{"@type":"Person","@id":"https:\/\/franciscanos.org.br\/noticias\/#\/schema\/person\/b38fbf43118f02820bd932f2e4b14ad3","name":"admin","image":{"@type":"ImageObject","inLanguage":"pt-BR","@id":"https:\/\/franciscanos.org.br\/noticias\/#\/schema\/person\/image\/","url":"https:\/\/secure.gravatar.com\/avatar\/e8495742d34d0ba6448ea1c628263b3e?s=96&d=mm&r=g","contentUrl":"https:\/\/secure.gravatar.com\/avatar\/e8495742d34d0ba6448ea1c628263b3e?s=96&d=mm&r=g","caption":"admin"},"url":"https:\/\/franciscanos.org.br\/noticias\/author\/admin"}]}},"_links":{"self":[{"href":"https:\/\/franciscanos.org.br\/noticias\/wp-json\/wp\/v2\/posts\/48048"}],"collection":[{"href":"https:\/\/franciscanos.org.br\/noticias\/wp-json\/wp\/v2\/posts"}],"about":[{"href":"https:\/\/franciscanos.org.br\/noticias\/wp-json\/wp\/v2\/types\/post"}],"author":[{"embeddable":true,"href":"https:\/\/franciscanos.org.br\/noticias\/wp-json\/wp\/v2\/users\/1"}],"replies":[{"embeddable":true,"href":"https:\/\/franciscanos.org.br\/noticias\/wp-json\/wp\/v2\/comments?post=48048"}],"version-history":[{"count":0,"href":"https:\/\/franciscanos.org.br\/noticias\/wp-json\/wp\/v2\/posts\/48048\/revisions"}],"wp:featuredmedia":[{"embeddable":true,"href":"https:\/\/franciscanos.org.br\/noticias\/wp-json\/wp\/v2\/media\/217774"}],"wp:attachment":[{"href":"https:\/\/franciscanos.org.br\/noticias\/wp-json\/wp\/v2\/media?parent=48048"}],"wp:term":[{"taxonomy":"category","embeddable":true,"href":"https:\/\/franciscanos.org.br\/noticias\/wp-json\/wp\/v2\/categories?post=48048"},{"taxonomy":"post_tag","embeddable":true,"href":"https:\/\/franciscanos.org.br\/noticias\/wp-json\/wp\/v2\/tags?post=48048"}],"curies":[{"name":"wp","href":"https:\/\/api.w.org\/{rel}","templated":true}]}}