{"id":47900,"date":"2013-10-24T08:01:44","date_gmt":"2013-10-24T10:01:44","guid":{"rendered":"http:\/\/new.franciscanos.org.br\/?p=47900"},"modified":"2020-06-10T19:23:18","modified_gmt":"2020-06-10T22:23:18","slug":"o-papa-francisco-fala-de-maria-como-modelo-de-fe","status":"publish","type":"post","link":"https:\/\/franciscanos.org.br\/noticias\/o-papa-francisco-fala-de-maria-como-modelo-de-fe.html","title":{"rendered":"O Papa Francisco fala de \u201cMaria como modelo de f\u00e9\u201d"},"content":{"rendered":"<p><img loading=\"lazy\" src=\"http:\/\/franciscanos.org.br\/wp-content\/uploads\/2013\/10\/papabeto.jpg\" alt=\"papabeto\" width=\"830\" height=\"446\" \/><\/p>\n<p>Eram quase 10 horas da manh\u00e3 quando o Santo Padre chegou \u00e0 Pra\u00e7a S\u00e3o Pedro no papam\u00f3vel. Desde as primeiras horas, \u00f4nibus de peregrinos j\u00e1 estacionavam nos arredores do Vaticano e os peregrinos ocupavam os lugares para tentar saudar o Santo Padre. Mesmo no fim de outubro, o tempo em Roma ainda permite audi\u00eancias ao ar livre, sem a necessidade de transferi-las para a Sala Paulo VI, onde o espa\u00e7o \u00e9 bem mais limitado. Na manh\u00e3 ensolarada desta quarta (23\/10), cerca de 100.000 pessoas estiveram presentes na audi\u00eancia geral.<\/p>\n<p>Ao ritmo de tambores e em meio aos bal\u00f5es que coloriam a Pra\u00e7a de S\u00e3o Pedro, Francisco percorreu as \u201cruas\u201d improvisadas entre a multid\u00e3o e saudou os fi\u00e9is vindos de todo o mundo para escutar a sua catequese. Hoje, o Papa prop\u00f4s uma reflex\u00e3o sobre a Virgem Maria como \u201cmodelo da Igreja na ordem da f\u00e9, da caridade e da uni\u00e3o perfeita com Cristo\u201d.<\/p>\n<p>Durante o trajeto, o bispo de Roma desceu do papam\u00f3vel algumas vezes. Ele conversou durante alguns minutos com uma senhora em cadeira de rodas, a quem abra\u00e7ou e deu a b\u00ean\u00e7\u00e3o, al\u00e9m de, com muita ternura, lhe colocar um chap\u00e9u. Um pouco mais adiante, um jovem tamb\u00e9m em cadeira de rodas p\u00f4de intercambiar outras palavras com Francisco.<\/p>\n<p>Durante a catequese, o Santo Padre fez perguntas em v\u00e1rias ocasi\u00f5es aos fi\u00e9is presentes na pra\u00e7a e os incentivou com gestos a responder em voz alta e com for\u00e7a.<\/p>\n<p>\u201cNa catequese de hoje\u201d, disse ele, \u201ce seguindo o conc\u00edlio Vaticano II, quero refletir sobre Maria como modelo da &#8216;Igreja na ordem da f\u00e9, da caridade e da uni\u00e3o perfeita com Cristo&#8217;. Ela \u00e9 modelo de f\u00e9 n\u00e3o s\u00f3 porque, como judia, esperava o redentor, e, com seu sim, aderiu ao projeto de Deus, mas porque, desde aquele momento da vida, ela se centrou em Jesus\u201d.<\/p>\n<p>\u201cEla se centra em Jesus na cotidianidade de uma mulher humilde, que, no entanto, vive imersa no mist\u00e9rio. O seu sim, j\u00e1 perfeito desde o in\u00edcio, cresce at\u00e9 a cruz, em que a sua maternidade abra\u00e7a todos. E \u00e9 modelo de caridade, como vemos na Visita\u00e7\u00e3o, porque ela n\u00e3o apenas ajuda a prima, como tamb\u00e9m leva at\u00e9 ela o Cristo, a perfeita alegria que vem do Esp\u00edrito e um amor oblativo\u201d.<\/p>\n<p>\u201cMaria \u00e9 modelo tamb\u00e9m de uni\u00e3o com Cristo, seja em suas tarefas cotidianas, seja no caminho da cruz, at\u00e9 se unir a Ele no mart\u00edrio do cora\u00e7\u00e3o. E agora vamos nos perguntar: como \u00e9 que a figura de Maria nos interpela? Apenas de longe? Recorremos a ela somente na hora da prova\u00e7\u00e3o? Somos capazes, como ela, de amar na entrega total? Estamos unidos a Jesus, seguindo o exemplo dela, em uma rela\u00e7\u00e3o constante, ou s\u00f3 nos lembramos dele na hora da necessidade?&#8221;.<\/p>\n<p>Ao finalizar as despedidas em diversos idiomas, o santo padre continuou saudando as pessoas, entre elas os bispos presentes, com quem intercambiou afetuosos abra\u00e7os. Depois, desceu a rampa e se aproximou dos doentes, dos rec\u00e9m-casados e das demais pessoas que estavam nas fileiras mais pr\u00f3ximas.<\/p>\n<h4><b>\u00cdntegra da Catequese de hoje<\/b><\/h4>\n<p>Queridos irm\u00e3os e irm\u00e3s, bom dia!<\/p>\n<p>Continuando as catequeses sobre a Igreja, hoje gostaria de olhar para Maria como imagem e modelo da Igreja. Fa\u00e7o isso retomando uma express\u00e3o do Conc\u00edlio Vaticano II. Diz a Constitui\u00e7\u00e3o <i>Lumen Gentium<\/i>: \u201cComo j\u00e1 ensinava Santo Ambr\u00f3sio, a M\u00e3e de Deus \u00e9 figura da Igreja na ordem da f\u00e9, da caridade e da perfeita uni\u00e3o com Cristo\u201d (n. 63).<\/p>\n<p>1. Partamos do primeiro aspecto, Maria como modelo de f\u00e9. Em que sentido Maria representa um modelo para a f\u00e9 da Igreja? Pensemos em quem era a Virgem Maria: uma mo\u00e7a judia, que esperava com todo o cora\u00e7\u00e3o a reden\u00e7\u00e3o do seu povo. Mas naquele cora\u00e7\u00e3o de jovem filha de Israel havia um segredo que ela mesma ainda n\u00e3o conhecia: no des\u00edgnio do amor de Deus estava destinada a tornar-se a M\u00e3e do Redentor. Na Anuncia\u00e7\u00e3o, o Mensageiro de Deus chama-a \u201ccheia de gra\u00e7a\u201d e lhe revela este projeto. Maria responde \u201csim\u201d e daquele momento a f\u00e9 de Maria recebe uma luz nova: concentra-se em Jesus, o Filho de Deus que dela se fez carne e no qual se cumprem as promessas de toda a hist\u00f3ria da salva\u00e7\u00e3o. A f\u00e9 de Maria \u00e9 o cumprimento da f\u00e9 de Israel, nela est\u00e1 justamente concentrado todo o caminho, toda a estrada daquele povo que esperava a reden\u00e7\u00e3o, neste sentido \u00e9 o modelo da f\u00e9 da Igreja que tem como centro Cristo, encarna\u00e7\u00e3o do amor infinito de Deus.<\/p>\n<p>Como Maria viveu esta f\u00e9? Viveu na simplicidade das mil ocupa\u00e7\u00f5es e preocupa\u00e7\u00f5es cotidianas de toda m\u00e3e, como fornecer o alimento, a vestimenta, cuidar da casa\u2026 Justamente esta exist\u00eancia normal de Maria foi terreno onde se desenvolveu uma rela\u00e7\u00e3o singular e um di\u00e1logo profundo entre ela e Deus, entre ela e o seu Filho. O \u201csim\u201d de Maria, j\u00e1 perfeito desde o in\u00edcio, cresceu at\u00e9 o momento da Cruz. Ali a sua maternidade se espalhou abra\u00e7ando cada um de n\u00f3s, a nossa vida, para nos guiar ao seu Filho. Maria viveu sempre imersa no mist\u00e9rio de Deus feito homem, como sua primeira e perfeita disc\u00edpula, meditando cada coisa no seu cora\u00e7\u00e3o \u00e0 luz do Esp\u00edrito Santo, para compreender e colocar em pr\u00e1tica toda a vontade de Deus.<\/p>\n<p>Podemos fazer-nos uma pergunta: deixamo-nos iluminar pela f\u00e9 de Maria, que \u00e9 nossa M\u00e3e? Ou a pensamos distante, muito diferente de n\u00f3s? Nos momentos de dificuldade, de prova\u00e7\u00e3o, de escurid\u00e3o, olhamos para ela como modelo de confian\u00e7a em Deus, que quer sempre e somente o nosso bem? Pensemos nisso, talvez nos far\u00e1 bem encontrar Maria como modelo e figura da Igreja nesta f\u00e9 que ela tinha!<\/p>\n<p>2. Vamos ao segundo aspecto: Maria modelo de caridade. De que modo Maria \u00e9 para a Igreja exemplo vivo de amor? Pensemos em sua disponibilidade para com a prima Isabel. Visitando-a, a Virgem Maria n\u00e3o lhe levou somente uma ajuda material, tamb\u00e9m isto, mas levou Jesus, que j\u00e1 vivia em seu ventre. Levar Jesus \u00e0quela casa queria dizer levar a alegria, a alegria plena. Isabel e Zacarias estavam felizes pela gravidez que parecia imposs\u00edvel em sua idade, mas \u00e9 a jovem Maria que leva a eles a alegria plena, aquela que vem de Jesus e do Esp\u00edrito Santo e se exprime na caridade gratuita, no partilhar, no ajudar, no compreender.<\/p>\n<p>Nossa Senhora quer trazer tamb\u00e9m a n\u00f3s o grande presente que \u00e9 Jesus e com Ele nos traz o seu amor, a sua paz, a sua alegria. Assim \u00e9 a Igreja, \u00e9 como Maria: a Igreja n\u00e3o \u00e9 um neg\u00f3cio, n\u00e3o \u00e9 uma ag\u00eancia humanit\u00e1ria, a Igreja n\u00e3o \u00e9 uma ONG, a Igreja \u00e9 enviada a levar Cristo e o seu Evangelho a todos; n\u00e3o leva a si mesma \u2013 se pequena, se grande, se forte, se fr\u00e1gil, a Igreja leva Jesus e deve ser como Maria quando foi visitar Isabel. O que levava Maria? Jesus. A Igreja leva Jesus: este \u00e9 o centro da Igreja, levar Jesus! Se por hip\u00f3tese, uma vez acontecesse que a Igreja n\u00e3o levasse Jesus, aquela seria uma Igreja morta! A Igreja deve levar a caridade de Jesus, o amor de Deus, a caridade de Jesus.<\/p>\n<p>Falamos de Maria, de Jesus. E n\u00f3s? N\u00f3s que somos a Igreja? Qual \u00e9 o amor que levamos aos outros? \u00c9 o amor de Jesus, que partilha, que perdoa, que acompanha, ou \u00e9 um amor aguado, como se dilu\u00edsse o vinho com \u00e1gua? \u00c9 um amor forte ou fr\u00e1gil, tanto que segue as simpatias, que procura um retorno, um amor interessado? Outra pergunta: Jesus gosta do amor interessado? N\u00e3o, n\u00e3o gosta, porque o amor deve ser gratuito, como o seu. Como s\u00e3o as rela\u00e7\u00f5es nas nossas par\u00f3quias, nas nossas comunidades? N\u00f3s nos tratamos como irm\u00e3os e irm\u00e3s? Ou nos julgamos, falamos mal uns dos outros, cuidamos de cada um como o pr\u00f3prio jardim, ou cuidamos uns dos outros? S\u00e3o perguntas de caridade!<\/p>\n<p>3. Brevemente um \u00faltimo aspecto: Maria modelo de uni\u00e3o com Cristo. A vida da Virgem Maria foi a vida de uma mulher do seu povo: Maria rezava, trabalhava, ia \u00e0 sinagoga\u2026 Mas cada a\u00e7\u00e3o era cumprida sempre em uni\u00e3o perfeita com Jesus. Esta uni\u00e3o alcan\u00e7a o ponto alto no Calv\u00e1rio: aqui Maria se une ao Filho no mart\u00edrio do cora\u00e7\u00e3o e na oferta da vida ao Pai pela salva\u00e7\u00e3o da humanidade. Nossa Senhora fez sua a dor do Filho e aceitou com Ele a vontade do Pai, naquela obedi\u00eancia que d\u00e1 frutos, que d\u00e1 a verdadeira vit\u00f3ria sobre o mal e sobre a morte.<\/p>\n<p>\u00c9 muito bonita esta realidade que Maria nos ensina: ser sempre mais unidos a Jesus. Podemos perguntar-nos: n\u00f3s nos lembramos de Jesus somente quando algo n\u00e3o vai bem e temos necessidade ou a nossa rela\u00e7\u00e3o \u00e9 constante, uma amizade profunda, mesmo quando se trata de segui-Lo no caminho da cruz?<\/p>\n<p>Pe\u00e7amos ao Senhor que nos doe a sua gra\u00e7a, a sua for\u00e7a, a fim de que na nossa vida e na vida de cada comunidade eclesial reflita-se o modelo de Maria, M\u00e3e da Igreja. Assim seja!<\/p>\n<hr \/>\n<p><em>Fonte: R\u00e1dio Vaticano<\/em><\/p>\n","protected":false},"excerpt":{"rendered":"<p>Audi\u00eancia Geral<\/p>\n","protected":false},"author":1,"featured_media":209103,"comment_status":"closed","ping_status":"open","sticky":false,"template":"","format":"standard","meta":[],"categories":[1428],"tags":[487],"acf":[],"yoast_head":"<!-- This site is optimized with the Yoast SEO plugin v19.2 - https:\/\/yoast.com\/wordpress\/plugins\/seo\/ -->\n<title>O Papa Francisco fala de \u201cMaria como modelo de f\u00e9\u201d - Not\u00edcias - Franciscanos<\/title>\n<meta name=\"robots\" content=\"index, follow, max-snippet:-1, max-image-preview:large, max-video-preview:-1\" \/>\n<link rel=\"canonical\" href=\"https:\/\/franciscanos.org.br\/noticias\/o-papa-francisco-fala-de-maria-como-modelo-de-fe.html\" \/>\n<meta property=\"og:locale\" content=\"pt_BR\" \/>\n<meta property=\"og:type\" content=\"article\" \/>\n<meta property=\"og:title\" content=\"O Papa Francisco fala de \u201cMaria como modelo de f\u00e9\u201d - Not\u00edcias - Franciscanos\" \/>\n<meta property=\"og:description\" content=\"Audi\u00eancia Geral\" \/>\n<meta property=\"og:url\" content=\"https:\/\/franciscanos.org.br\/noticias\/o-papa-francisco-fala-de-maria-como-modelo-de-fe.html\" \/>\n<meta property=\"og:site_name\" content=\"Not\u00edcias - Franciscanos\" \/>\n<meta property=\"article:published_time\" content=\"2013-10-24T10:01:44+00:00\" \/>\n<meta property=\"article:modified_time\" content=\"2020-06-10T22:23:18+00:00\" \/>\n<meta property=\"og:image\" content=\"https:\/\/franciscanos.org.br\/noticias\/wp-content\/uploads\/2013\/10\/papabeto.jpg\" \/>\n\t<meta property=\"og:image:width\" content=\"273\" \/>\n\t<meta property=\"og:image:height\" content=\"181\" \/>\n\t<meta property=\"og:image:type\" content=\"image\/jpeg\" \/>\n<meta name=\"author\" content=\"admin\" \/>\n<meta name=\"twitter:card\" content=\"summary_large_image\" \/>\n<meta name=\"twitter:label1\" content=\"Escrito por\" \/>\n\t<meta name=\"twitter:data1\" content=\"admin\" \/>\n\t<meta name=\"twitter:label2\" content=\"Est. tempo de leitura\" \/>\n\t<meta name=\"twitter:data2\" content=\"8 minutos\" \/>\n<script type=\"application\/ld+json\" class=\"yoast-schema-graph\">{\"@context\":\"https:\/\/schema.org\",\"@graph\":[{\"@type\":\"WebSite\",\"@id\":\"https:\/\/franciscanos.org.br\/noticias\/#website\",\"url\":\"https:\/\/franciscanos.org.br\/noticias\/\",\"name\":\"Not\u00edcias - Franciscanos\",\"description\":\"Prov\u00edncia Franciscana da Imaculada Concei\u00e7\u00e3o do Brasil - Ordem dos Frades Menores - OFM\",\"potentialAction\":[{\"@type\":\"SearchAction\",\"target\":{\"@type\":\"EntryPoint\",\"urlTemplate\":\"https:\/\/franciscanos.org.br\/noticias\/?s={search_term_string}\"},\"query-input\":\"required name=search_term_string\"}],\"inLanguage\":\"pt-BR\"},{\"@type\":\"ImageObject\",\"inLanguage\":\"pt-BR\",\"@id\":\"https:\/\/franciscanos.org.br\/noticias\/o-papa-francisco-fala-de-maria-como-modelo-de-fe.html#primaryimage\",\"url\":\"https:\/\/franciscanos.org.br\/noticias\/wp-content\/uploads\/2013\/10\/papabeto.jpg\",\"contentUrl\":\"https:\/\/franciscanos.org.br\/noticias\/wp-content\/uploads\/2013\/10\/papabeto.jpg\",\"width\":273,\"height\":181},{\"@type\":\"WebPage\",\"@id\":\"https:\/\/franciscanos.org.br\/noticias\/o-papa-francisco-fala-de-maria-como-modelo-de-fe.html#webpage\",\"url\":\"https:\/\/franciscanos.org.br\/noticias\/o-papa-francisco-fala-de-maria-como-modelo-de-fe.html\",\"name\":\"O Papa Francisco fala de \u201cMaria como modelo de f\u00e9\u201d - Not\u00edcias - Franciscanos\",\"isPartOf\":{\"@id\":\"https:\/\/franciscanos.org.br\/noticias\/#website\"},\"primaryImageOfPage\":{\"@id\":\"https:\/\/franciscanos.org.br\/noticias\/o-papa-francisco-fala-de-maria-como-modelo-de-fe.html#primaryimage\"},\"datePublished\":\"2013-10-24T10:01:44+00:00\",\"dateModified\":\"2020-06-10T22:23:18+00:00\",\"author\":{\"@id\":\"https:\/\/franciscanos.org.br\/noticias\/#\/schema\/person\/b38fbf43118f02820bd932f2e4b14ad3\"},\"breadcrumb\":{\"@id\":\"https:\/\/franciscanos.org.br\/noticias\/o-papa-francisco-fala-de-maria-como-modelo-de-fe.html#breadcrumb\"},\"inLanguage\":\"pt-BR\",\"potentialAction\":[{\"@type\":\"ReadAction\",\"target\":[\"https:\/\/franciscanos.org.br\/noticias\/o-papa-francisco-fala-de-maria-como-modelo-de-fe.html\"]}]},{\"@type\":\"BreadcrumbList\",\"@id\":\"https:\/\/franciscanos.org.br\/noticias\/o-papa-francisco-fala-de-maria-como-modelo-de-fe.html#breadcrumb\",\"itemListElement\":[{\"@type\":\"ListItem\",\"position\":1,\"name\":\"Home\",\"item\":\"https:\/\/franciscanos.org.br\/noticias\"},{\"@type\":\"ListItem\",\"position\":2,\"name\":\"O Papa Francisco fala de \u201cMaria como modelo de f\u00e9\u201d\"}]},{\"@type\":\"Person\",\"@id\":\"https:\/\/franciscanos.org.br\/noticias\/#\/schema\/person\/b38fbf43118f02820bd932f2e4b14ad3\",\"name\":\"admin\",\"image\":{\"@type\":\"ImageObject\",\"inLanguage\":\"pt-BR\",\"@id\":\"https:\/\/franciscanos.org.br\/noticias\/#\/schema\/person\/image\/\",\"url\":\"https:\/\/secure.gravatar.com\/avatar\/e8495742d34d0ba6448ea1c628263b3e?s=96&d=mm&r=g\",\"contentUrl\":\"https:\/\/secure.gravatar.com\/avatar\/e8495742d34d0ba6448ea1c628263b3e?s=96&d=mm&r=g\",\"caption\":\"admin\"},\"url\":\"https:\/\/franciscanos.org.br\/noticias\/author\/admin\"}]}<\/script>\n<!-- \/ Yoast SEO plugin. -->","yoast_head_json":{"title":"O Papa Francisco fala de \u201cMaria como modelo de f\u00e9\u201d - Not\u00edcias - Franciscanos","robots":{"index":"index","follow":"follow","max-snippet":"max-snippet:-1","max-image-preview":"max-image-preview:large","max-video-preview":"max-video-preview:-1"},"canonical":"https:\/\/franciscanos.org.br\/noticias\/o-papa-francisco-fala-de-maria-como-modelo-de-fe.html","og_locale":"pt_BR","og_type":"article","og_title":"O Papa Francisco fala de \u201cMaria como modelo de f\u00e9\u201d - Not\u00edcias - Franciscanos","og_description":"Audi\u00eancia Geral","og_url":"https:\/\/franciscanos.org.br\/noticias\/o-papa-francisco-fala-de-maria-como-modelo-de-fe.html","og_site_name":"Not\u00edcias - Franciscanos","article_published_time":"2013-10-24T10:01:44+00:00","article_modified_time":"2020-06-10T22:23:18+00:00","og_image":[{"width":273,"height":181,"url":"https:\/\/franciscanos.org.br\/noticias\/wp-content\/uploads\/2013\/10\/papabeto.jpg","type":"image\/jpeg"}],"author":"admin","twitter_card":"summary_large_image","twitter_misc":{"Escrito por":"admin","Est. tempo de leitura":"8 minutos"},"schema":{"@context":"https:\/\/schema.org","@graph":[{"@type":"WebSite","@id":"https:\/\/franciscanos.org.br\/noticias\/#website","url":"https:\/\/franciscanos.org.br\/noticias\/","name":"Not\u00edcias - Franciscanos","description":"Prov\u00edncia Franciscana da Imaculada Concei\u00e7\u00e3o do Brasil - Ordem dos Frades Menores - OFM","potentialAction":[{"@type":"SearchAction","target":{"@type":"EntryPoint","urlTemplate":"https:\/\/franciscanos.org.br\/noticias\/?s={search_term_string}"},"query-input":"required name=search_term_string"}],"inLanguage":"pt-BR"},{"@type":"ImageObject","inLanguage":"pt-BR","@id":"https:\/\/franciscanos.org.br\/noticias\/o-papa-francisco-fala-de-maria-como-modelo-de-fe.html#primaryimage","url":"https:\/\/franciscanos.org.br\/noticias\/wp-content\/uploads\/2013\/10\/papabeto.jpg","contentUrl":"https:\/\/franciscanos.org.br\/noticias\/wp-content\/uploads\/2013\/10\/papabeto.jpg","width":273,"height":181},{"@type":"WebPage","@id":"https:\/\/franciscanos.org.br\/noticias\/o-papa-francisco-fala-de-maria-como-modelo-de-fe.html#webpage","url":"https:\/\/franciscanos.org.br\/noticias\/o-papa-francisco-fala-de-maria-como-modelo-de-fe.html","name":"O Papa Francisco fala de \u201cMaria como modelo de f\u00e9\u201d - Not\u00edcias - Franciscanos","isPartOf":{"@id":"https:\/\/franciscanos.org.br\/noticias\/#website"},"primaryImageOfPage":{"@id":"https:\/\/franciscanos.org.br\/noticias\/o-papa-francisco-fala-de-maria-como-modelo-de-fe.html#primaryimage"},"datePublished":"2013-10-24T10:01:44+00:00","dateModified":"2020-06-10T22:23:18+00:00","author":{"@id":"https:\/\/franciscanos.org.br\/noticias\/#\/schema\/person\/b38fbf43118f02820bd932f2e4b14ad3"},"breadcrumb":{"@id":"https:\/\/franciscanos.org.br\/noticias\/o-papa-francisco-fala-de-maria-como-modelo-de-fe.html#breadcrumb"},"inLanguage":"pt-BR","potentialAction":[{"@type":"ReadAction","target":["https:\/\/franciscanos.org.br\/noticias\/o-papa-francisco-fala-de-maria-como-modelo-de-fe.html"]}]},{"@type":"BreadcrumbList","@id":"https:\/\/franciscanos.org.br\/noticias\/o-papa-francisco-fala-de-maria-como-modelo-de-fe.html#breadcrumb","itemListElement":[{"@type":"ListItem","position":1,"name":"Home","item":"https:\/\/franciscanos.org.br\/noticias"},{"@type":"ListItem","position":2,"name":"O Papa Francisco fala de \u201cMaria como modelo de f\u00e9\u201d"}]},{"@type":"Person","@id":"https:\/\/franciscanos.org.br\/noticias\/#\/schema\/person\/b38fbf43118f02820bd932f2e4b14ad3","name":"admin","image":{"@type":"ImageObject","inLanguage":"pt-BR","@id":"https:\/\/franciscanos.org.br\/noticias\/#\/schema\/person\/image\/","url":"https:\/\/secure.gravatar.com\/avatar\/e8495742d34d0ba6448ea1c628263b3e?s=96&d=mm&r=g","contentUrl":"https:\/\/secure.gravatar.com\/avatar\/e8495742d34d0ba6448ea1c628263b3e?s=96&d=mm&r=g","caption":"admin"},"url":"https:\/\/franciscanos.org.br\/noticias\/author\/admin"}]}},"_links":{"self":[{"href":"https:\/\/franciscanos.org.br\/noticias\/wp-json\/wp\/v2\/posts\/47900"}],"collection":[{"href":"https:\/\/franciscanos.org.br\/noticias\/wp-json\/wp\/v2\/posts"}],"about":[{"href":"https:\/\/franciscanos.org.br\/noticias\/wp-json\/wp\/v2\/types\/post"}],"author":[{"embeddable":true,"href":"https:\/\/franciscanos.org.br\/noticias\/wp-json\/wp\/v2\/users\/1"}],"replies":[{"embeddable":true,"href":"https:\/\/franciscanos.org.br\/noticias\/wp-json\/wp\/v2\/comments?post=47900"}],"version-history":[{"count":1,"href":"https:\/\/franciscanos.org.br\/noticias\/wp-json\/wp\/v2\/posts\/47900\/revisions"}],"predecessor-version":[{"id":226269,"href":"https:\/\/franciscanos.org.br\/noticias\/wp-json\/wp\/v2\/posts\/47900\/revisions\/226269"}],"wp:featuredmedia":[{"embeddable":true,"href":"https:\/\/franciscanos.org.br\/noticias\/wp-json\/wp\/v2\/media\/209103"}],"wp:attachment":[{"href":"https:\/\/franciscanos.org.br\/noticias\/wp-json\/wp\/v2\/media?parent=47900"}],"wp:term":[{"taxonomy":"category","embeddable":true,"href":"https:\/\/franciscanos.org.br\/noticias\/wp-json\/wp\/v2\/categories?post=47900"},{"taxonomy":"post_tag","embeddable":true,"href":"https:\/\/franciscanos.org.br\/noticias\/wp-json\/wp\/v2\/tags?post=47900"}],"curies":[{"name":"wp","href":"https:\/\/api.w.org\/{rel}","templated":true}]}}