{"id":47831,"date":"2013-10-23T09:24:19","date_gmt":"2013-10-23T11:24:19","guid":{"rendered":"http:\/\/new.franciscanos.org.br\/?p=47831"},"modified":"2019-09-24T13:12:32","modified_gmt":"2019-09-24T16:12:32","slug":"rezar-o-evangelho-ano-a-ultimo-lancamento","status":"publish","type":"post","link":"https:\/\/franciscanos.org.br\/noticias\/rezar-o-evangelho-ano-a-ultimo-lancamento.html","title":{"rendered":"&#8220;Rezar o Evangelho &#8211; Ano A&#8221; entre os lan\u00e7amentos"},"content":{"rendered":"<p><img loading=\"lazy\" class=\"alignright size-full wp-image-47836\" src=\"http:\/\/franciscanos.org.br\/wp-content\/uploads\/2013\/10\/rezar.jpg\" alt=\"rezar\" width=\"450\" height=\"689\" \/>A Editora Vozes apresenta seus \u00faltimos lan\u00e7amentos. Confira:<\/p>\n<h4><strong>Rezar o Evangelho &#8211; Ano A<\/strong><\/h4>\n<p><strong>ISBN<\/strong>: 9788532646590<br \/>\n296 p\u00e1ginas<br \/>\n<strong>autor<\/strong>: Pascoal Fusinato<br \/>\n<strong>Peso<\/strong>: 320 gramas<br \/>\n1\u00aa edi\u00e7\u00e3o<br \/>\n<strong>Assunto<\/strong>: Pastoral<\/p>\n<p>O objetivo deste livro \u00e9 levar a experimentar e aprender a rezar a Palavra de Deus. O autor n\u00e3o pretende apresentar um estudo b\u00edblico, nem interpreta\u00e7\u00e3o exeg\u00e9tico-teol\u00f3gica. Pretende, sim, levar quem queira rezar, sozinho ou em comunidade, \u00e0 Palavra de Deus e ajud\u00e1-los a trazer a Palavra de Deus para dentro da pr\u00f3pria vida e da comunidade. O material \u00e9 um subs\u00eddio para leitura e ora\u00e7\u00e3o b\u00edblica tanto individual quanto em grupo, modelo muito proveitoso para que ministros da palavra e participantes de grupos se preparem para as celebra\u00e7\u00f5es e encontros.<\/p>\n<h4><strong><img loading=\"lazy\" class=\"alignleft size-full wp-image-47837\" src=\"http:\/\/franciscanos.org.br\/wp-content\/uploads\/2013\/10\/espiritualidade.jpg\" alt=\"espiritualidade\" width=\"90\" height=\"150\" \/>Espiritualidade do catequista &#8211; Uma resposta ao chamado de Deus<\/strong><\/h4>\n<p><strong>ISBN<\/strong>: 9788532646569<br \/>\n80 p\u00e1ginas<br \/>\n<strong>autor<\/strong>: Araceli Gl\u00f3ria Xavier da Roza, Maria Aparecida dos Santos e Manuel Freixo dos Santos<br \/>\n<strong>Peso<\/strong>: 124 gramas<br \/>\n1\u00aa edi\u00e7\u00e3o<br \/>\n<strong>Assunto<\/strong>: Catequese &#8211; Outros livros<\/p>\n<p>O livro busca proporcionar, a partir da ilumina\u00e7\u00e3o b\u00edblica, reflex\u00e3o e compromisso uma motiva\u00e7\u00e3o ao servi\u00e7o de evangeliza\u00e7\u00e3o. Para tanto, a Palavra de Deus, que \u00e9 fonte da espiritualidade, estabelece a linha central nos blocos tem\u00e1ticos, propostos para leitura e medita\u00e7\u00e3o pessoal; estudo em encontros de forma\u00e7\u00e3o de grupos de catequistas ou em reuni\u00f5es com a fam\u00edlia e lideran\u00e7as da comunidade, ou seja, momentos de espiritualidade com a inten\u00e7\u00e3o de auxiliar catequistas e demais servi\u00e7os de evangeliza\u00e7\u00e3o a melhor testemunhar a Palavra de Deus.<\/p>\n<h4><strong><img loading=\"lazy\" class=\"alignleft size-full wp-image-47838\" src=\"http:\/\/franciscanos.org.br\/wp-content\/uploads\/2013\/10\/cristao.jpg\" alt=\"cristao\" width=\"90\" height=\"150\" \/>Crist\u00e3os leigos no mundo da pol\u00edtica \u00e0 luz do concilio vaticano II (Os)<\/strong><\/h4>\n<p><strong>ISBN<\/strong>: 9788532646279<br \/>\n256 p\u00e1ginas<br \/>\n<strong>autor<\/strong>: Pe. Jos\u00e9 Ernanne Pinheiro e Antonio Aparecido Alves (orgs.)<br \/>\n<strong>Peso<\/strong>: 326 gramas<br \/>\n1\u00aa edi\u00e7\u00e3o<br \/>\n<strong>Assunto<\/strong>: Igreja<\/p>\n<p>Formar crist\u00e3os leigos para agir na pol\u00edtica \u00e9 exatamente a miss\u00e3o que a CNBB entregou ao Centro Nacional de F\u00e9 e Pol\u00edtica &#8220;Dom Helder Camara&#8221;, favorecendo-lhes a aquisi\u00e7\u00e3o de compet\u00eancia e habilita\u00e7\u00e3o para atuar nesse complexo campo da sociedade. Para isso, esta publica\u00e7\u00e3o traz referenciais para a rela\u00e7\u00e3o Igreja e pol\u00edtica nas pegadas do Conc\u00edlio Vaticano II, e tamb\u00e9m pressupostos s\u00f3lidos para o agir do crist\u00e3o leigo\/a na pol\u00edtica como membro do Povo de Deus.<\/p>\n<h4><strong><img loading=\"lazy\" class=\"alignleft size-full wp-image-47839\" src=\"http:\/\/franciscanos.org.br\/wp-content\/uploads\/2013\/10\/orientacao.jpg\" alt=\"orientacao\" width=\"90\" height=\"150\" \/>Orienta\u00e7\u00e3o espiritual dos padres do deserto (A)<\/strong><\/h4>\n<p><strong>ISBN<\/strong>: 9788532646606<br \/>\n128 p\u00e1ginas<br \/>\n<strong>autor<\/strong>: Anselm Gr\u00fcn<br \/>\n<strong>Peso<\/strong>: 122 gramas<br \/>\n1\u00aa edi\u00e7\u00e3o<br \/>\n<strong>Assunto<\/strong>: Espiritualidade e M\u00edstica<\/p>\n<p>A orienta\u00e7\u00e3o espiritual dos Padres do deserto traz instru\u00e7\u00f5es sobre o tema do acompanhamento espiritual colhidas nas intui\u00e7\u00f5es do monacato primitivo, em especial, em Poimen e Ev\u00e1grio P\u00f4ntico, dentre dezenas de autores. Neste pequeno escrito, vamos conhecer os Padres do Deserto para saber como eles compreenderam e praticaram sua tarefa de orienta\u00e7\u00e3o espiritual.<\/p>\n<h4><strong><img loading=\"lazy\" class=\"alignleft size-full wp-image-47840\" src=\"http:\/\/franciscanos.org.br\/wp-content\/uploads\/2013\/10\/entrevista.jpg\" alt=\"entrevista\" width=\"90\" height=\"150\" \/>Entrevista compreensiva (A) &#8211; Um guia para pesquisa de campo<\/strong><\/h4>\n<p><strong>ISBN<\/strong>: 9788532646378<br \/>\n208 p\u00e1ginas<br \/>\n<strong>autor<\/strong>: Jean-Claude Kaufmann<br \/>\n<strong>Peso<\/strong>: 190gramas<br \/>\n1\u00aa edi\u00e7\u00e3o<br \/>\n<strong>Assunto<\/strong>: Metodologia de estudo e pesquisa<\/p>\n<p>A entrevista compreensiva n\u00e3o \u00e9 apenas uma t\u00e9cnica, mas um m\u00e9todo de trabalho diferenciado e com prop\u00f3sitos claros visando \u00e0 produ\u00e7\u00e3o te\u00f3rica a partir dos dados. A obra prop\u00f5e e discute um m\u00e9todo de entrevista qualitativa que se coloca na contracorrente dos m\u00e9todos de produ\u00e7\u00e3o industrial de dados. O livro \u00e9 ao mesmo tempo, um guia pr\u00e1tico para a pesquisa de campo e um excelente suporte ao ensino de metodologia qualitativa em ci\u00eancias sociais.<\/p>\n<h4><strong><img loading=\"lazy\" class=\"alignleft size-full wp-image-47841\" src=\"http:\/\/franciscanos.org.br\/wp-content\/uploads\/2013\/10\/etica1.jpg\" alt=\"etica\" width=\"90\" height=\"150\" \/>\u00c9tica e Filosofia do Direito &#8211; Autonomia e dignidade da pessoa humana<\/strong><\/h4>\n<p><strong>ISBN<\/strong>: 9788532646217<br \/>\n256 p\u00e1ginas<br \/>\n<strong>autor<\/strong>: Thadeu Weber<br \/>\n<strong>Peso<\/strong>: 276 gramas<br \/>\n1\u00aa edi\u00e7\u00e3o<br \/>\n<strong>Assunto<\/strong>: Filosofia<\/p>\n<p>Autonomia e dignidade s\u00e3o temas de intenso debate na \u00c9tica, na Filosofia Pol\u00edtica e na Filosofia do Direito. O livro vincula-os a algumas teorias de justi\u00e7a e dialoga com autores de indiscut\u00edvel relev\u00e2ncia e reconhecimento, tais como: Kant, Hegel, Rawls e Dworkin. Discute os limites do exerc\u00edcio da autonomia e contribui com a explicita\u00e7\u00e3o do conte\u00fado pr\u00f3prio da dignidade humana, da justi\u00e7a e dos direitos fundamentais. Relaciona a concep\u00e7\u00e3o normativa de pessoa com a concep\u00e7\u00e3o pol\u00edtica de justi\u00e7a, tendo em vista a organiza\u00e7\u00e3o de uma sociedade cooperativa com institui\u00e7\u00f5es justas.<\/p>\n","protected":false},"excerpt":{"rendered":"<p>Editora Vozes<\/p>\n","protected":false},"author":1,"featured_media":211513,"comment_status":"closed","ping_status":"open","sticky":false,"template":"","format":"standard","meta":[],"categories":[1],"tags":[238],"acf":[],"yoast_head":"<!-- This site is optimized with the Yoast SEO plugin v19.2 - https:\/\/yoast.com\/wordpress\/plugins\/seo\/ -->\n<title>&quot;Rezar o Evangelho - Ano A&quot; entre os lan\u00e7amentos - Not\u00edcias - Franciscanos<\/title>\n<meta name=\"robots\" content=\"index, follow, max-snippet:-1, max-image-preview:large, max-video-preview:-1\" \/>\n<link rel=\"canonical\" href=\"https:\/\/franciscanos.org.br\/noticias\/rezar-o-evangelho-ano-a-ultimo-lancamento.html\" \/>\n<meta property=\"og:locale\" content=\"pt_BR\" \/>\n<meta property=\"og:type\" content=\"article\" \/>\n<meta property=\"og:title\" content=\"&quot;Rezar o Evangelho - Ano A&quot; entre os lan\u00e7amentos - Not\u00edcias - Franciscanos\" \/>\n<meta property=\"og:description\" content=\"Editora Vozes\" \/>\n<meta property=\"og:url\" content=\"https:\/\/franciscanos.org.br\/noticias\/rezar-o-evangelho-ano-a-ultimo-lancamento.html\" \/>\n<meta property=\"og:site_name\" content=\"Not\u00edcias - Franciscanos\" \/>\n<meta property=\"article:published_time\" content=\"2013-10-23T11:24:19+00:00\" \/>\n<meta property=\"article:modified_time\" content=\"2019-09-24T16:12:32+00:00\" \/>\n<meta property=\"og:image\" content=\"https:\/\/franciscanos.org.br\/noticias\/wp-content\/uploads\/2013\/10\/rezar.jpg\" \/>\n\t<meta property=\"og:image:width\" content=\"273\" \/>\n\t<meta property=\"og:image:height\" content=\"181\" \/>\n\t<meta property=\"og:image:type\" content=\"image\/jpeg\" \/>\n<meta name=\"author\" content=\"admin\" \/>\n<meta name=\"twitter:card\" content=\"summary_large_image\" \/>\n<meta name=\"twitter:label1\" content=\"Escrito por\" \/>\n\t<meta name=\"twitter:data1\" content=\"admin\" \/>\n\t<meta name=\"twitter:label2\" content=\"Est. tempo de leitura\" \/>\n\t<meta name=\"twitter:data2\" content=\"4 minutos\" \/>\n<script type=\"application\/ld+json\" class=\"yoast-schema-graph\">{\"@context\":\"https:\/\/schema.org\",\"@graph\":[{\"@type\":\"WebSite\",\"@id\":\"https:\/\/franciscanos.org.br\/noticias\/#website\",\"url\":\"https:\/\/franciscanos.org.br\/noticias\/\",\"name\":\"Not\u00edcias - Franciscanos\",\"description\":\"Prov\u00edncia Franciscana da Imaculada Concei\u00e7\u00e3o do Brasil - Ordem dos Frades Menores - OFM\",\"potentialAction\":[{\"@type\":\"SearchAction\",\"target\":{\"@type\":\"EntryPoint\",\"urlTemplate\":\"https:\/\/franciscanos.org.br\/noticias\/?s={search_term_string}\"},\"query-input\":\"required name=search_term_string\"}],\"inLanguage\":\"pt-BR\"},{\"@type\":\"ImageObject\",\"inLanguage\":\"pt-BR\",\"@id\":\"https:\/\/franciscanos.org.br\/noticias\/rezar-o-evangelho-ano-a-ultimo-lancamento.html#primaryimage\",\"url\":\"https:\/\/franciscanos.org.br\/noticias\/wp-content\/uploads\/2013\/10\/rezar.jpg\",\"contentUrl\":\"https:\/\/franciscanos.org.br\/noticias\/wp-content\/uploads\/2013\/10\/rezar.jpg\",\"width\":273,\"height\":181},{\"@type\":\"WebPage\",\"@id\":\"https:\/\/franciscanos.org.br\/noticias\/rezar-o-evangelho-ano-a-ultimo-lancamento.html#webpage\",\"url\":\"https:\/\/franciscanos.org.br\/noticias\/rezar-o-evangelho-ano-a-ultimo-lancamento.html\",\"name\":\"\\\"Rezar o Evangelho - Ano A\\\" entre os lan\u00e7amentos - Not\u00edcias - Franciscanos\",\"isPartOf\":{\"@id\":\"https:\/\/franciscanos.org.br\/noticias\/#website\"},\"primaryImageOfPage\":{\"@id\":\"https:\/\/franciscanos.org.br\/noticias\/rezar-o-evangelho-ano-a-ultimo-lancamento.html#primaryimage\"},\"datePublished\":\"2013-10-23T11:24:19+00:00\",\"dateModified\":\"2019-09-24T16:12:32+00:00\",\"author\":{\"@id\":\"https:\/\/franciscanos.org.br\/noticias\/#\/schema\/person\/b38fbf43118f02820bd932f2e4b14ad3\"},\"breadcrumb\":{\"@id\":\"https:\/\/franciscanos.org.br\/noticias\/rezar-o-evangelho-ano-a-ultimo-lancamento.html#breadcrumb\"},\"inLanguage\":\"pt-BR\",\"potentialAction\":[{\"@type\":\"ReadAction\",\"target\":[\"https:\/\/franciscanos.org.br\/noticias\/rezar-o-evangelho-ano-a-ultimo-lancamento.html\"]}]},{\"@type\":\"BreadcrumbList\",\"@id\":\"https:\/\/franciscanos.org.br\/noticias\/rezar-o-evangelho-ano-a-ultimo-lancamento.html#breadcrumb\",\"itemListElement\":[{\"@type\":\"ListItem\",\"position\":1,\"name\":\"Home\",\"item\":\"https:\/\/franciscanos.org.br\/noticias\"},{\"@type\":\"ListItem\",\"position\":2,\"name\":\"&#8220;Rezar o Evangelho &#8211; Ano A&#8221; entre os lan\u00e7amentos\"}]},{\"@type\":\"Person\",\"@id\":\"https:\/\/franciscanos.org.br\/noticias\/#\/schema\/person\/b38fbf43118f02820bd932f2e4b14ad3\",\"name\":\"admin\",\"image\":{\"@type\":\"ImageObject\",\"inLanguage\":\"pt-BR\",\"@id\":\"https:\/\/franciscanos.org.br\/noticias\/#\/schema\/person\/image\/\",\"url\":\"https:\/\/secure.gravatar.com\/avatar\/e8495742d34d0ba6448ea1c628263b3e?s=96&d=mm&r=g\",\"contentUrl\":\"https:\/\/secure.gravatar.com\/avatar\/e8495742d34d0ba6448ea1c628263b3e?s=96&d=mm&r=g\",\"caption\":\"admin\"},\"url\":\"https:\/\/franciscanos.org.br\/noticias\/author\/admin\"}]}<\/script>\n<!-- \/ Yoast SEO plugin. -->","yoast_head_json":{"title":"\"Rezar o Evangelho - Ano A\" entre os lan\u00e7amentos - Not\u00edcias - Franciscanos","robots":{"index":"index","follow":"follow","max-snippet":"max-snippet:-1","max-image-preview":"max-image-preview:large","max-video-preview":"max-video-preview:-1"},"canonical":"https:\/\/franciscanos.org.br\/noticias\/rezar-o-evangelho-ano-a-ultimo-lancamento.html","og_locale":"pt_BR","og_type":"article","og_title":"\"Rezar o Evangelho - Ano A\" entre os lan\u00e7amentos - Not\u00edcias - Franciscanos","og_description":"Editora Vozes","og_url":"https:\/\/franciscanos.org.br\/noticias\/rezar-o-evangelho-ano-a-ultimo-lancamento.html","og_site_name":"Not\u00edcias - Franciscanos","article_published_time":"2013-10-23T11:24:19+00:00","article_modified_time":"2019-09-24T16:12:32+00:00","og_image":[{"width":273,"height":181,"url":"https:\/\/franciscanos.org.br\/noticias\/wp-content\/uploads\/2013\/10\/rezar.jpg","type":"image\/jpeg"}],"author":"admin","twitter_card":"summary_large_image","twitter_misc":{"Escrito por":"admin","Est. tempo de leitura":"4 minutos"},"schema":{"@context":"https:\/\/schema.org","@graph":[{"@type":"WebSite","@id":"https:\/\/franciscanos.org.br\/noticias\/#website","url":"https:\/\/franciscanos.org.br\/noticias\/","name":"Not\u00edcias - Franciscanos","description":"Prov\u00edncia Franciscana da Imaculada Concei\u00e7\u00e3o do Brasil - Ordem dos Frades Menores - OFM","potentialAction":[{"@type":"SearchAction","target":{"@type":"EntryPoint","urlTemplate":"https:\/\/franciscanos.org.br\/noticias\/?s={search_term_string}"},"query-input":"required name=search_term_string"}],"inLanguage":"pt-BR"},{"@type":"ImageObject","inLanguage":"pt-BR","@id":"https:\/\/franciscanos.org.br\/noticias\/rezar-o-evangelho-ano-a-ultimo-lancamento.html#primaryimage","url":"https:\/\/franciscanos.org.br\/noticias\/wp-content\/uploads\/2013\/10\/rezar.jpg","contentUrl":"https:\/\/franciscanos.org.br\/noticias\/wp-content\/uploads\/2013\/10\/rezar.jpg","width":273,"height":181},{"@type":"WebPage","@id":"https:\/\/franciscanos.org.br\/noticias\/rezar-o-evangelho-ano-a-ultimo-lancamento.html#webpage","url":"https:\/\/franciscanos.org.br\/noticias\/rezar-o-evangelho-ano-a-ultimo-lancamento.html","name":"\"Rezar o Evangelho - Ano A\" entre os lan\u00e7amentos - Not\u00edcias - Franciscanos","isPartOf":{"@id":"https:\/\/franciscanos.org.br\/noticias\/#website"},"primaryImageOfPage":{"@id":"https:\/\/franciscanos.org.br\/noticias\/rezar-o-evangelho-ano-a-ultimo-lancamento.html#primaryimage"},"datePublished":"2013-10-23T11:24:19+00:00","dateModified":"2019-09-24T16:12:32+00:00","author":{"@id":"https:\/\/franciscanos.org.br\/noticias\/#\/schema\/person\/b38fbf43118f02820bd932f2e4b14ad3"},"breadcrumb":{"@id":"https:\/\/franciscanos.org.br\/noticias\/rezar-o-evangelho-ano-a-ultimo-lancamento.html#breadcrumb"},"inLanguage":"pt-BR","potentialAction":[{"@type":"ReadAction","target":["https:\/\/franciscanos.org.br\/noticias\/rezar-o-evangelho-ano-a-ultimo-lancamento.html"]}]},{"@type":"BreadcrumbList","@id":"https:\/\/franciscanos.org.br\/noticias\/rezar-o-evangelho-ano-a-ultimo-lancamento.html#breadcrumb","itemListElement":[{"@type":"ListItem","position":1,"name":"Home","item":"https:\/\/franciscanos.org.br\/noticias"},{"@type":"ListItem","position":2,"name":"&#8220;Rezar o Evangelho &#8211; Ano A&#8221; entre os lan\u00e7amentos"}]},{"@type":"Person","@id":"https:\/\/franciscanos.org.br\/noticias\/#\/schema\/person\/b38fbf43118f02820bd932f2e4b14ad3","name":"admin","image":{"@type":"ImageObject","inLanguage":"pt-BR","@id":"https:\/\/franciscanos.org.br\/noticias\/#\/schema\/person\/image\/","url":"https:\/\/secure.gravatar.com\/avatar\/e8495742d34d0ba6448ea1c628263b3e?s=96&d=mm&r=g","contentUrl":"https:\/\/secure.gravatar.com\/avatar\/e8495742d34d0ba6448ea1c628263b3e?s=96&d=mm&r=g","caption":"admin"},"url":"https:\/\/franciscanos.org.br\/noticias\/author\/admin"}]}},"_links":{"self":[{"href":"https:\/\/franciscanos.org.br\/noticias\/wp-json\/wp\/v2\/posts\/47831"}],"collection":[{"href":"https:\/\/franciscanos.org.br\/noticias\/wp-json\/wp\/v2\/posts"}],"about":[{"href":"https:\/\/franciscanos.org.br\/noticias\/wp-json\/wp\/v2\/types\/post"}],"author":[{"embeddable":true,"href":"https:\/\/franciscanos.org.br\/noticias\/wp-json\/wp\/v2\/users\/1"}],"replies":[{"embeddable":true,"href":"https:\/\/franciscanos.org.br\/noticias\/wp-json\/wp\/v2\/comments?post=47831"}],"version-history":[{"count":0,"href":"https:\/\/franciscanos.org.br\/noticias\/wp-json\/wp\/v2\/posts\/47831\/revisions"}],"wp:featuredmedia":[{"embeddable":true,"href":"https:\/\/franciscanos.org.br\/noticias\/wp-json\/wp\/v2\/media\/211513"}],"wp:attachment":[{"href":"https:\/\/franciscanos.org.br\/noticias\/wp-json\/wp\/v2\/media?parent=47831"}],"wp:term":[{"taxonomy":"category","embeddable":true,"href":"https:\/\/franciscanos.org.br\/noticias\/wp-json\/wp\/v2\/categories?post=47831"},{"taxonomy":"post_tag","embeddable":true,"href":"https:\/\/franciscanos.org.br\/noticias\/wp-json\/wp\/v2\/tags?post=47831"}],"curies":[{"name":"wp","href":"https:\/\/api.w.org\/{rel}","templated":true}]}}