{"id":47280,"date":"2013-10-16T09:38:24","date_gmt":"2013-10-16T12:38:24","guid":{"rendered":"http:\/\/new.franciscanos.org.br\/?p=47280"},"modified":"2020-06-10T19:27:00","modified_gmt":"2020-06-10T22:27:00","slug":"uma-igreja-fechada-em-si-mesma-trai-sua-propria-identidade","status":"publish","type":"post","link":"https:\/\/franciscanos.org.br\/noticias\/uma-igreja-fechada-em-si-mesma-trai-sua-propria-identidade.html","title":{"rendered":"&#8220;Uma Igreja fechada em si mesma trai sua pr\u00f3pria identidade&#8221;"},"content":{"rendered":"<p><img loading=\"lazy\" src=\"http:\/\/franciscanos.org.br\/wp-content\/uploads\/2013\/10\/audiencia.jpg\" alt=\"audiencia\" width=\"820\" height=\"365\" \/><\/p>\n<p><strong>Cidade do Vaticano<\/strong> \u2013 Nesta quarta-feira, mais uma vez a Pra\u00e7a S. Pedro ficou lotada para a Audi\u00eancia Geral com o Papa Francisco.\u00a0Antes das 10 horas, o Pont\u00edfice j\u00e1 estava em meio aos fi\u00e9is, a bordo do seu jipe, para cumpriment\u00e1-los com b\u00ean\u00e7\u00e3os, carinhos e aperto de m\u00e3os. Em sua catequese, o Papa falou de mais uma caracter\u00edstica da Igreja professada no Credo: a apostolicidade.<\/p>\n<p>Professar que a Igreja \u00e9 apost\u00f3lica, explicou Francisco, significa destacar o elo profundo, constitutivo que ela tem com os Ap\u00f3stolos. \u201cApostolo\u201d \u00e9 uma palavra grega que quer dizer \u201cmandado\u201d, \u201cenviado\u201d. Os Ap\u00f3stolos foram escolhidos, chamados e enviados por Jesus, para continuar a sua obra. Partindo desta explica\u00e7\u00e3o, o Papa destacou brevemente tr\u00eas significados do adjetivo \u201capost\u00f3lica\u201d aplicado \u00e0 Igreja.<\/p>\n<p>Em primeiro lugar, a Igreja \u00e9 apost\u00f3lica porque est\u00e1 fundada sobre a prega\u00e7\u00e3o dos Ap\u00f3stolos, que conviveram com Cristo e foram testemunhas da sua morte e ressurrei\u00e7\u00e3o. \u201cSem Jesus, a Igreja n\u00e3o existe. Ele \u00e9 a base e o fundamento da Igreja\u201d, recordou o Papa, afirmando que a Igreja \u00e9 como uma planta, que cresceu, se desenvolveu e deu frutos ao longo dos s\u00e9culos, mas mant\u00eam suas ra\u00edzes bem firmes em Cristo.<\/p>\n<p>Em segundo lugar, a Igreja \u00e9 apost\u00f3lica, porque Ela guarda e transmite, com ajuda do Esp\u00edrito Santo, os ensinamentos recebidos dos Ap\u00f3stolos, dando-nos a certeza de que aquilo em que acreditamos \u00e9 realmente o que Cristo nos comunicou.<\/p>\n<p>\u201cEle \u00e9 o ressuscitado e suas palavras jamais passam, porque Ele est\u00e1 vivo. Hoje Ele est\u00e1 entre n\u00f3s, est\u00e1 aqui, nos ouve. Ele est\u00e1 no nosso cora\u00e7\u00e3o. E esta \u00e9 a beleza da Igreja. J\u00e1 pensamos em quanto \u00e9 importante este dom que Cristo nos fez, o dom da Igreja, onde podemos encontr\u00e1-Lo? J\u00e1 pensamos que \u00e9 justamente a Igreja \u2013 no seu longo caminhar nesses s\u00e9culos, apesar das dificuldades, dos problemas, das fraquezas, os nossos pecados \u2013 que nos transmite a aut\u00eantica mensagem de Cristo?\u201d<\/p>\n<p>Enfim, a Igreja \u00e9 apost\u00f3lica porque \u00e9 enviada a levar o Evangelho a todo o mundo. Esta \u00e9 uma grande responsabilidade que somos chamados a redescobrir: a Igreja \u00e9 mission\u00e1ria e n\u00e3o pode ficar fechada em si mesma.<\/p>\n<p>\u201cInsisto sobre este aspecto da missionariedade, porque Cristo convida todos a irem ao encontro dos outros. Nos envia, nos pede que nos movamos para levar a alegria do Evangelho. Devemos nos perguntar: somos mission\u00e1rios ou somos crist\u00e3os de sacristia, s\u00f3 de palavras mas que vivem como pag\u00e3os? Isso n\u00e3o \u00e9 uma cr\u00edtica, tamb\u00e9m eu me questiono. A Igreja tem suas ra\u00edzes, mas olha sempre para o futuro, com a consci\u00eancia de ser enviada por Jesus. Uma Igreja fechada trai sua pr\u00f3pria identidade. Redescubramos hoje toda a beleza e a responsabilidade de ser Igreja apost\u00f3lica.\u201d<\/p>\n<p>Ap\u00f3s a catequese, o Pont\u00edfice saudou os peregrinos de l\u00edngua portuguesa, em especial os fi\u00e9is brasileiros de S\u00e3o Jos\u00e9 dos Campos, Santos e S\u00e3o Paulo. Em polon\u00eas, recordou os 35 anos da elei\u00e7\u00e3o \u00e0 S\u00e9 de Pedro de Jo\u00e3o Paulo II.<\/p>\n<hr \/>\n<p><em>Fonte: R\u00e1dio Vaticano<\/em><\/p>\n","protected":false},"excerpt":{"rendered":"<p>Audi\u00eancia Geral<\/p>\n","protected":false},"author":1,"featured_media":0,"comment_status":"closed","ping_status":"open","sticky":false,"template":"","format":"standard","meta":[],"categories":[1428],"tags":[487],"acf":[],"yoast_head":"<!-- This site is optimized with the Yoast SEO plugin v19.2 - https:\/\/yoast.com\/wordpress\/plugins\/seo\/ -->\n<title>&quot;Uma Igreja fechada em si mesma trai sua pr\u00f3pria identidade&quot; - Not\u00edcias - Franciscanos<\/title>\n<meta name=\"robots\" content=\"index, follow, max-snippet:-1, max-image-preview:large, max-video-preview:-1\" \/>\n<link rel=\"canonical\" href=\"https:\/\/franciscanos.org.br\/noticias\/uma-igreja-fechada-em-si-mesma-trai-sua-propria-identidade.html\" \/>\n<meta property=\"og:locale\" content=\"pt_BR\" \/>\n<meta property=\"og:type\" content=\"article\" \/>\n<meta property=\"og:title\" content=\"&quot;Uma Igreja fechada em si mesma trai sua pr\u00f3pria identidade&quot; - Not\u00edcias - Franciscanos\" \/>\n<meta property=\"og:description\" content=\"Audi\u00eancia Geral\" \/>\n<meta property=\"og:url\" content=\"https:\/\/franciscanos.org.br\/noticias\/uma-igreja-fechada-em-si-mesma-trai-sua-propria-identidade.html\" \/>\n<meta property=\"og:site_name\" content=\"Not\u00edcias - Franciscanos\" \/>\n<meta property=\"article:published_time\" content=\"2013-10-16T12:38:24+00:00\" \/>\n<meta property=\"article:modified_time\" content=\"2020-06-10T22:27:00+00:00\" \/>\n<meta property=\"og:image\" content=\"http:\/\/franciscanos.org.br\/wp-content\/uploads\/2013\/10\/audiencia.jpg\" \/>\n<meta name=\"author\" content=\"admin\" \/>\n<meta name=\"twitter:card\" content=\"summary_large_image\" \/>\n<meta name=\"twitter:label1\" content=\"Escrito por\" \/>\n\t<meta name=\"twitter:data1\" content=\"admin\" \/>\n\t<meta name=\"twitter:label2\" content=\"Est. tempo de leitura\" \/>\n\t<meta name=\"twitter:data2\" content=\"3 minutos\" \/>\n<script type=\"application\/ld+json\" class=\"yoast-schema-graph\">{\"@context\":\"https:\/\/schema.org\",\"@graph\":[{\"@type\":\"WebSite\",\"@id\":\"https:\/\/franciscanos.org.br\/noticias\/#website\",\"url\":\"https:\/\/franciscanos.org.br\/noticias\/\",\"name\":\"Not\u00edcias - Franciscanos\",\"description\":\"Prov\u00edncia Franciscana da Imaculada Concei\u00e7\u00e3o do Brasil - Ordem dos Frades Menores - OFM\",\"potentialAction\":[{\"@type\":\"SearchAction\",\"target\":{\"@type\":\"EntryPoint\",\"urlTemplate\":\"https:\/\/franciscanos.org.br\/noticias\/?s={search_term_string}\"},\"query-input\":\"required name=search_term_string\"}],\"inLanguage\":\"pt-BR\"},{\"@type\":\"ImageObject\",\"inLanguage\":\"pt-BR\",\"@id\":\"https:\/\/franciscanos.org.br\/noticias\/uma-igreja-fechada-em-si-mesma-trai-sua-propria-identidade.html#primaryimage\",\"url\":\"http:\/\/franciscanos.org.br\/wp-content\/uploads\/2013\/10\/audiencia.jpg\",\"contentUrl\":\"http:\/\/franciscanos.org.br\/wp-content\/uploads\/2013\/10\/audiencia.jpg\"},{\"@type\":\"WebPage\",\"@id\":\"https:\/\/franciscanos.org.br\/noticias\/uma-igreja-fechada-em-si-mesma-trai-sua-propria-identidade.html#webpage\",\"url\":\"https:\/\/franciscanos.org.br\/noticias\/uma-igreja-fechada-em-si-mesma-trai-sua-propria-identidade.html\",\"name\":\"\\\"Uma Igreja fechada em si mesma trai sua pr\u00f3pria identidade\\\" - Not\u00edcias - Franciscanos\",\"isPartOf\":{\"@id\":\"https:\/\/franciscanos.org.br\/noticias\/#website\"},\"primaryImageOfPage\":{\"@id\":\"https:\/\/franciscanos.org.br\/noticias\/uma-igreja-fechada-em-si-mesma-trai-sua-propria-identidade.html#primaryimage\"},\"datePublished\":\"2013-10-16T12:38:24+00:00\",\"dateModified\":\"2020-06-10T22:27:00+00:00\",\"author\":{\"@id\":\"https:\/\/franciscanos.org.br\/noticias\/#\/schema\/person\/b38fbf43118f02820bd932f2e4b14ad3\"},\"breadcrumb\":{\"@id\":\"https:\/\/franciscanos.org.br\/noticias\/uma-igreja-fechada-em-si-mesma-trai-sua-propria-identidade.html#breadcrumb\"},\"inLanguage\":\"pt-BR\",\"potentialAction\":[{\"@type\":\"ReadAction\",\"target\":[\"https:\/\/franciscanos.org.br\/noticias\/uma-igreja-fechada-em-si-mesma-trai-sua-propria-identidade.html\"]}]},{\"@type\":\"BreadcrumbList\",\"@id\":\"https:\/\/franciscanos.org.br\/noticias\/uma-igreja-fechada-em-si-mesma-trai-sua-propria-identidade.html#breadcrumb\",\"itemListElement\":[{\"@type\":\"ListItem\",\"position\":1,\"name\":\"Home\",\"item\":\"https:\/\/franciscanos.org.br\/noticias\"},{\"@type\":\"ListItem\",\"position\":2,\"name\":\"&#8220;Uma Igreja fechada em si mesma trai sua pr\u00f3pria identidade&#8221;\"}]},{\"@type\":\"Person\",\"@id\":\"https:\/\/franciscanos.org.br\/noticias\/#\/schema\/person\/b38fbf43118f02820bd932f2e4b14ad3\",\"name\":\"admin\",\"image\":{\"@type\":\"ImageObject\",\"inLanguage\":\"pt-BR\",\"@id\":\"https:\/\/franciscanos.org.br\/noticias\/#\/schema\/person\/image\/\",\"url\":\"https:\/\/secure.gravatar.com\/avatar\/e8495742d34d0ba6448ea1c628263b3e?s=96&d=mm&r=g\",\"contentUrl\":\"https:\/\/secure.gravatar.com\/avatar\/e8495742d34d0ba6448ea1c628263b3e?s=96&d=mm&r=g\",\"caption\":\"admin\"},\"url\":\"https:\/\/franciscanos.org.br\/noticias\/author\/admin\"}]}<\/script>\n<!-- \/ Yoast SEO plugin. -->","yoast_head_json":{"title":"\"Uma Igreja fechada em si mesma trai sua pr\u00f3pria identidade\" - Not\u00edcias - Franciscanos","robots":{"index":"index","follow":"follow","max-snippet":"max-snippet:-1","max-image-preview":"max-image-preview:large","max-video-preview":"max-video-preview:-1"},"canonical":"https:\/\/franciscanos.org.br\/noticias\/uma-igreja-fechada-em-si-mesma-trai-sua-propria-identidade.html","og_locale":"pt_BR","og_type":"article","og_title":"\"Uma Igreja fechada em si mesma trai sua pr\u00f3pria identidade\" - Not\u00edcias - Franciscanos","og_description":"Audi\u00eancia Geral","og_url":"https:\/\/franciscanos.org.br\/noticias\/uma-igreja-fechada-em-si-mesma-trai-sua-propria-identidade.html","og_site_name":"Not\u00edcias - Franciscanos","article_published_time":"2013-10-16T12:38:24+00:00","article_modified_time":"2020-06-10T22:27:00+00:00","og_image":[{"url":"http:\/\/franciscanos.org.br\/wp-content\/uploads\/2013\/10\/audiencia.jpg"}],"author":"admin","twitter_card":"summary_large_image","twitter_misc":{"Escrito por":"admin","Est. tempo de leitura":"3 minutos"},"schema":{"@context":"https:\/\/schema.org","@graph":[{"@type":"WebSite","@id":"https:\/\/franciscanos.org.br\/noticias\/#website","url":"https:\/\/franciscanos.org.br\/noticias\/","name":"Not\u00edcias - Franciscanos","description":"Prov\u00edncia Franciscana da Imaculada Concei\u00e7\u00e3o do Brasil - Ordem dos Frades Menores - OFM","potentialAction":[{"@type":"SearchAction","target":{"@type":"EntryPoint","urlTemplate":"https:\/\/franciscanos.org.br\/noticias\/?s={search_term_string}"},"query-input":"required name=search_term_string"}],"inLanguage":"pt-BR"},{"@type":"ImageObject","inLanguage":"pt-BR","@id":"https:\/\/franciscanos.org.br\/noticias\/uma-igreja-fechada-em-si-mesma-trai-sua-propria-identidade.html#primaryimage","url":"http:\/\/franciscanos.org.br\/wp-content\/uploads\/2013\/10\/audiencia.jpg","contentUrl":"http:\/\/franciscanos.org.br\/wp-content\/uploads\/2013\/10\/audiencia.jpg"},{"@type":"WebPage","@id":"https:\/\/franciscanos.org.br\/noticias\/uma-igreja-fechada-em-si-mesma-trai-sua-propria-identidade.html#webpage","url":"https:\/\/franciscanos.org.br\/noticias\/uma-igreja-fechada-em-si-mesma-trai-sua-propria-identidade.html","name":"\"Uma Igreja fechada em si mesma trai sua pr\u00f3pria identidade\" - Not\u00edcias - Franciscanos","isPartOf":{"@id":"https:\/\/franciscanos.org.br\/noticias\/#website"},"primaryImageOfPage":{"@id":"https:\/\/franciscanos.org.br\/noticias\/uma-igreja-fechada-em-si-mesma-trai-sua-propria-identidade.html#primaryimage"},"datePublished":"2013-10-16T12:38:24+00:00","dateModified":"2020-06-10T22:27:00+00:00","author":{"@id":"https:\/\/franciscanos.org.br\/noticias\/#\/schema\/person\/b38fbf43118f02820bd932f2e4b14ad3"},"breadcrumb":{"@id":"https:\/\/franciscanos.org.br\/noticias\/uma-igreja-fechada-em-si-mesma-trai-sua-propria-identidade.html#breadcrumb"},"inLanguage":"pt-BR","potentialAction":[{"@type":"ReadAction","target":["https:\/\/franciscanos.org.br\/noticias\/uma-igreja-fechada-em-si-mesma-trai-sua-propria-identidade.html"]}]},{"@type":"BreadcrumbList","@id":"https:\/\/franciscanos.org.br\/noticias\/uma-igreja-fechada-em-si-mesma-trai-sua-propria-identidade.html#breadcrumb","itemListElement":[{"@type":"ListItem","position":1,"name":"Home","item":"https:\/\/franciscanos.org.br\/noticias"},{"@type":"ListItem","position":2,"name":"&#8220;Uma Igreja fechada em si mesma trai sua pr\u00f3pria identidade&#8221;"}]},{"@type":"Person","@id":"https:\/\/franciscanos.org.br\/noticias\/#\/schema\/person\/b38fbf43118f02820bd932f2e4b14ad3","name":"admin","image":{"@type":"ImageObject","inLanguage":"pt-BR","@id":"https:\/\/franciscanos.org.br\/noticias\/#\/schema\/person\/image\/","url":"https:\/\/secure.gravatar.com\/avatar\/e8495742d34d0ba6448ea1c628263b3e?s=96&d=mm&r=g","contentUrl":"https:\/\/secure.gravatar.com\/avatar\/e8495742d34d0ba6448ea1c628263b3e?s=96&d=mm&r=g","caption":"admin"},"url":"https:\/\/franciscanos.org.br\/noticias\/author\/admin"}]}},"_links":{"self":[{"href":"https:\/\/franciscanos.org.br\/noticias\/wp-json\/wp\/v2\/posts\/47280"}],"collection":[{"href":"https:\/\/franciscanos.org.br\/noticias\/wp-json\/wp\/v2\/posts"}],"about":[{"href":"https:\/\/franciscanos.org.br\/noticias\/wp-json\/wp\/v2\/types\/post"}],"author":[{"embeddable":true,"href":"https:\/\/franciscanos.org.br\/noticias\/wp-json\/wp\/v2\/users\/1"}],"replies":[{"embeddable":true,"href":"https:\/\/franciscanos.org.br\/noticias\/wp-json\/wp\/v2\/comments?post=47280"}],"version-history":[{"count":1,"href":"https:\/\/franciscanos.org.br\/noticias\/wp-json\/wp\/v2\/posts\/47280\/revisions"}],"predecessor-version":[{"id":226273,"href":"https:\/\/franciscanos.org.br\/noticias\/wp-json\/wp\/v2\/posts\/47280\/revisions\/226273"}],"wp:attachment":[{"href":"https:\/\/franciscanos.org.br\/noticias\/wp-json\/wp\/v2\/media?parent=47280"}],"wp:term":[{"taxonomy":"category","embeddable":true,"href":"https:\/\/franciscanos.org.br\/noticias\/wp-json\/wp\/v2\/categories?post=47280"},{"taxonomy":"post_tag","embeddable":true,"href":"https:\/\/franciscanos.org.br\/noticias\/wp-json\/wp\/v2\/tags?post=47280"}],"curies":[{"name":"wp","href":"https:\/\/api.w.org\/{rel}","templated":true}]}}