{"id":47210,"date":"2013-10-15T09:20:12","date_gmt":"2013-10-15T12:20:12","guid":{"rendered":"http:\/\/new.franciscanos.org.br\/?p=47210"},"modified":"2020-01-31T10:59:48","modified_gmt":"2020-01-31T13:59:48","slug":"a-maior-beatificacao-coletiva-da-igreja","status":"publish","type":"post","link":"https:\/\/franciscanos.org.br\/noticias\/a-maior-beatificacao-coletiva-da-igreja.html","title":{"rendered":"A maior beatifica\u00e7\u00e3o coletiva da Igreja"},"content":{"rendered":"<p><img loading=\"lazy\" src=\"http:\/\/franciscanos.org.br\/wp-content\/uploads\/2013\/10\/martires.jpg\" alt=\"martires\" width=\"830\" height=\"304\" \/><\/p>\n<p><img loading=\"lazy\" class=\"alignright size-full wp-image-47212\" src=\"http:\/\/franciscanos.org.br\/wp-content\/uploads\/2013\/10\/martires_e.jpg\" alt=\"martires_e\" width=\"400\" height=\"300\" \/>No dia 13 de outubro, domingo, foi celebrada uma das beatifica\u00e7\u00f5es mais numerosas da hist\u00f3ria da Igreja. No ato religioso, realizado em Tarragona, na Espanha, foram elevados \u00e0 gloria dos altares 522 m\u00e1rtires da persegui\u00e7\u00e3o religiosa ocorrida na Espanha nos anos 30 do s\u00e9culo XX.<\/p>\n<p>Papa Francisco participou, via sat\u00e9lite, desta maior beatifica\u00e7\u00e3o coletiva da hist\u00f3ria da Igreja. Cerca de trinta mil pessoas participaram na celebra\u00e7\u00e3o.\u00a0 O Santo Padre iniciou a sua mensagem com o tradicional \u2018bom dia\u2019 e continuou no seu estilo:<\/p>\n<p>\u201cQuem s\u00e3o os m\u00e1rtires? S\u00e3o crist\u00e3os conquistados por Cristo, disc\u00edpulos que aprenderam bem o sentido do \u2018amar at\u00e9 ao extremo\u2019, que levou Jesus \u00e0 Cruz. N\u00e3o existe \u2018amor \u00e0s presta\u00e7\u00f5es\u2019, &#8216;amor aos bocadinhos\u2019. Quando se ama, ama-se at\u00e9 o fim\u201d, concretizou o Santo Padre.<\/p>\n<p>Na sua mensagem, o Papa Francisco refletiu sobre o \u2018sentido\u2019 de ser m\u00e1rtir dizendo que \u201c\u00e9 preciso sempre morrer um pouco para sairmos de n\u00f3s mesmos, do nosso ego\u00edsmo, do nosso bem-estar, da nossa pregui\u00e7a, das nossas tristezas e abrirmo-nos a Deus, aos outros e especialmente aos que mais necessitam de n\u00f3s\u201d.<\/p>\n<p>\u201cDizem os Santos Padres, imitemos os m\u00e1rtires. Imploremos a intercess\u00e3o dos m\u00e1rtires para sermos crist\u00e3os concretos, crist\u00e3os de obras e n\u00e3o de palavras; para n\u00e3o sermos crist\u00e3os med\u00edocres, crist\u00e3os \u2018envernizados\u2019 de cristianismo, mas sem subst\u00e2ncia. Pe\u00e7amos aos m\u00e1rtires ajuda para mantermos s\u00f3lida a nossa f\u00e9 a fim de que, no meio das dificuldades, sejam fermento de esperan\u00e7a e art\u00edfices de fraternidade e solidariedade\u201d \u2013 concluiu o Papa Francisco.<\/p>\n<p>\u00c9 hist\u00f3rico o fato de que, com a Guerra Civil espanhola, a repress\u00e3o tornou-se mais grave, mas, a persegui\u00e7\u00e3o aos cat\u00f3licos j\u00e1 havia come\u00e7ado anos antes. Padre Vicente Ort\u00ed, um dos poucos que tiveram acesso aos documentos da \u00e9poca, nos Arquivos Secretos do Vaticano, assegura que foi uma das persegui\u00e7\u00f5es mais cruentas que os cat\u00f3licos sofreram em toda sua hist\u00f3ria:<\/p>\n<p>&#8220;Desde de 1931 havia come\u00e7ado uma persegui\u00e7\u00e3o: foram proibidos jornais cat\u00f3licos, persegui\u00e7\u00e3o para que n\u00e3o fossem realizados enterros pelas ruas e fossem ocultados os s\u00edmbolos religiosos. Com certeza, em dados num\u00e9ricos, foi a maior persegui\u00e7\u00e3o de toda a Europa Ocidental desde os tempos do Imp\u00e9rio Romano&#8221;.<\/p>\n<p>Como se sabe, foi em 1987 que tiveram in\u00edcio as primeiras beatifica\u00e7\u00f5es destes m\u00e1rtires. Jo\u00e3o Paulo II, comovido pelas hist\u00f3rias de persegui\u00e7\u00e3o, mart\u00edrio, perd\u00e3o e reconcilia\u00e7\u00e3o, foi um de seus impulsionadores.<\/p>\n<p>&#8220;Contou-me um Cardeal &#8211;diz o Padre Vicente&#8211; que o Papa Jo\u00e3o Paulo II foi levado a mover estas causas de beatifica\u00e7\u00e3o pelo fato de terem sido assassinadas mulheres. Para o Papa isto era incompreens\u00edvel. Ele disse: &#8216;Est\u00e1 clar\u00edssimo que s\u00e3o m\u00e1rtires da F\u00e9'&#8221;.<\/p>\n<p>Calcula-se que nesse per\u00edodo mais de 10 mil cat\u00f3licos tenham sido assassinados por causa de sua F\u00e9. Com a beatifica\u00e7\u00e3o do pr\u00f3ximo dia 13, o n\u00famero de m\u00e1rtires da Guerra Civil da Espanha, reconhecidos como tal pela Igreja Cat\u00f3lica, cresce e chega a 1.523.<\/p>\n","protected":false},"excerpt":{"rendered":"<p>M\u00e1rtires<\/p>\n","protected":false},"author":1,"featured_media":217718,"comment_status":"closed","ping_status":"open","sticky":false,"template":"","format":"standard","meta":[],"categories":[1],"tags":[40,480],"acf":[],"yoast_head":"<!-- This site is optimized with the Yoast SEO plugin v19.2 - https:\/\/yoast.com\/wordpress\/plugins\/seo\/ -->\n<title>A maior beatifica\u00e7\u00e3o coletiva da Igreja - Not\u00edcias - Franciscanos<\/title>\n<meta name=\"robots\" content=\"index, follow, max-snippet:-1, max-image-preview:large, max-video-preview:-1\" \/>\n<link rel=\"canonical\" href=\"https:\/\/franciscanos.org.br\/noticias\/a-maior-beatificacao-coletiva-da-igreja.html\" \/>\n<meta property=\"og:locale\" content=\"pt_BR\" \/>\n<meta property=\"og:type\" content=\"article\" \/>\n<meta property=\"og:title\" content=\"A maior beatifica\u00e7\u00e3o coletiva da Igreja - Not\u00edcias - Franciscanos\" \/>\n<meta property=\"og:description\" content=\"M\u00e1rtires\" \/>\n<meta property=\"og:url\" content=\"https:\/\/franciscanos.org.br\/noticias\/a-maior-beatificacao-coletiva-da-igreja.html\" \/>\n<meta property=\"og:site_name\" content=\"Not\u00edcias - Franciscanos\" \/>\n<meta property=\"article:published_time\" content=\"2013-10-15T12:20:12+00:00\" \/>\n<meta property=\"article:modified_time\" content=\"2020-01-31T13:59:48+00:00\" \/>\n<meta property=\"og:image\" content=\"https:\/\/franciscanos.org.br\/noticias\/wp-content\/uploads\/2013\/10\/martires.jpg\" \/>\n\t<meta property=\"og:image:width\" content=\"273\" \/>\n\t<meta property=\"og:image:height\" content=\"181\" \/>\n\t<meta property=\"og:image:type\" content=\"image\/jpeg\" \/>\n<meta name=\"author\" content=\"admin\" \/>\n<meta name=\"twitter:card\" content=\"summary_large_image\" \/>\n<meta name=\"twitter:label1\" content=\"Escrito por\" \/>\n\t<meta name=\"twitter:data1\" content=\"admin\" \/>\n\t<meta name=\"twitter:label2\" content=\"Est. tempo de leitura\" \/>\n\t<meta name=\"twitter:data2\" content=\"3 minutos\" \/>\n<script type=\"application\/ld+json\" class=\"yoast-schema-graph\">{\"@context\":\"https:\/\/schema.org\",\"@graph\":[{\"@type\":\"WebSite\",\"@id\":\"https:\/\/franciscanos.org.br\/noticias\/#website\",\"url\":\"https:\/\/franciscanos.org.br\/noticias\/\",\"name\":\"Not\u00edcias - Franciscanos\",\"description\":\"Prov\u00edncia Franciscana da Imaculada Concei\u00e7\u00e3o do Brasil - Ordem dos Frades Menores - OFM\",\"potentialAction\":[{\"@type\":\"SearchAction\",\"target\":{\"@type\":\"EntryPoint\",\"urlTemplate\":\"https:\/\/franciscanos.org.br\/noticias\/?s={search_term_string}\"},\"query-input\":\"required name=search_term_string\"}],\"inLanguage\":\"pt-BR\"},{\"@type\":\"ImageObject\",\"inLanguage\":\"pt-BR\",\"@id\":\"https:\/\/franciscanos.org.br\/noticias\/a-maior-beatificacao-coletiva-da-igreja.html#primaryimage\",\"url\":\"https:\/\/franciscanos.org.br\/noticias\/wp-content\/uploads\/2013\/10\/martires.jpg\",\"contentUrl\":\"https:\/\/franciscanos.org.br\/noticias\/wp-content\/uploads\/2013\/10\/martires.jpg\",\"width\":273,\"height\":181},{\"@type\":\"WebPage\",\"@id\":\"https:\/\/franciscanos.org.br\/noticias\/a-maior-beatificacao-coletiva-da-igreja.html#webpage\",\"url\":\"https:\/\/franciscanos.org.br\/noticias\/a-maior-beatificacao-coletiva-da-igreja.html\",\"name\":\"A maior beatifica\u00e7\u00e3o coletiva da Igreja - Not\u00edcias - Franciscanos\",\"isPartOf\":{\"@id\":\"https:\/\/franciscanos.org.br\/noticias\/#website\"},\"primaryImageOfPage\":{\"@id\":\"https:\/\/franciscanos.org.br\/noticias\/a-maior-beatificacao-coletiva-da-igreja.html#primaryimage\"},\"datePublished\":\"2013-10-15T12:20:12+00:00\",\"dateModified\":\"2020-01-31T13:59:48+00:00\",\"author\":{\"@id\":\"https:\/\/franciscanos.org.br\/noticias\/#\/schema\/person\/b38fbf43118f02820bd932f2e4b14ad3\"},\"breadcrumb\":{\"@id\":\"https:\/\/franciscanos.org.br\/noticias\/a-maior-beatificacao-coletiva-da-igreja.html#breadcrumb\"},\"inLanguage\":\"pt-BR\",\"potentialAction\":[{\"@type\":\"ReadAction\",\"target\":[\"https:\/\/franciscanos.org.br\/noticias\/a-maior-beatificacao-coletiva-da-igreja.html\"]}]},{\"@type\":\"BreadcrumbList\",\"@id\":\"https:\/\/franciscanos.org.br\/noticias\/a-maior-beatificacao-coletiva-da-igreja.html#breadcrumb\",\"itemListElement\":[{\"@type\":\"ListItem\",\"position\":1,\"name\":\"Home\",\"item\":\"https:\/\/franciscanos.org.br\/noticias\"},{\"@type\":\"ListItem\",\"position\":2,\"name\":\"A maior beatifica\u00e7\u00e3o coletiva da Igreja\"}]},{\"@type\":\"Person\",\"@id\":\"https:\/\/franciscanos.org.br\/noticias\/#\/schema\/person\/b38fbf43118f02820bd932f2e4b14ad3\",\"name\":\"admin\",\"image\":{\"@type\":\"ImageObject\",\"inLanguage\":\"pt-BR\",\"@id\":\"https:\/\/franciscanos.org.br\/noticias\/#\/schema\/person\/image\/\",\"url\":\"https:\/\/secure.gravatar.com\/avatar\/e8495742d34d0ba6448ea1c628263b3e?s=96&d=mm&r=g\",\"contentUrl\":\"https:\/\/secure.gravatar.com\/avatar\/e8495742d34d0ba6448ea1c628263b3e?s=96&d=mm&r=g\",\"caption\":\"admin\"},\"url\":\"https:\/\/franciscanos.org.br\/noticias\/author\/admin\"}]}<\/script>\n<!-- \/ Yoast SEO plugin. -->","yoast_head_json":{"title":"A maior beatifica\u00e7\u00e3o coletiva da Igreja - Not\u00edcias - Franciscanos","robots":{"index":"index","follow":"follow","max-snippet":"max-snippet:-1","max-image-preview":"max-image-preview:large","max-video-preview":"max-video-preview:-1"},"canonical":"https:\/\/franciscanos.org.br\/noticias\/a-maior-beatificacao-coletiva-da-igreja.html","og_locale":"pt_BR","og_type":"article","og_title":"A maior beatifica\u00e7\u00e3o coletiva da Igreja - Not\u00edcias - Franciscanos","og_description":"M\u00e1rtires","og_url":"https:\/\/franciscanos.org.br\/noticias\/a-maior-beatificacao-coletiva-da-igreja.html","og_site_name":"Not\u00edcias - Franciscanos","article_published_time":"2013-10-15T12:20:12+00:00","article_modified_time":"2020-01-31T13:59:48+00:00","og_image":[{"width":273,"height":181,"url":"https:\/\/franciscanos.org.br\/noticias\/wp-content\/uploads\/2013\/10\/martires.jpg","type":"image\/jpeg"}],"author":"admin","twitter_card":"summary_large_image","twitter_misc":{"Escrito por":"admin","Est. tempo de leitura":"3 minutos"},"schema":{"@context":"https:\/\/schema.org","@graph":[{"@type":"WebSite","@id":"https:\/\/franciscanos.org.br\/noticias\/#website","url":"https:\/\/franciscanos.org.br\/noticias\/","name":"Not\u00edcias - Franciscanos","description":"Prov\u00edncia Franciscana da Imaculada Concei\u00e7\u00e3o do Brasil - Ordem dos Frades Menores - OFM","potentialAction":[{"@type":"SearchAction","target":{"@type":"EntryPoint","urlTemplate":"https:\/\/franciscanos.org.br\/noticias\/?s={search_term_string}"},"query-input":"required name=search_term_string"}],"inLanguage":"pt-BR"},{"@type":"ImageObject","inLanguage":"pt-BR","@id":"https:\/\/franciscanos.org.br\/noticias\/a-maior-beatificacao-coletiva-da-igreja.html#primaryimage","url":"https:\/\/franciscanos.org.br\/noticias\/wp-content\/uploads\/2013\/10\/martires.jpg","contentUrl":"https:\/\/franciscanos.org.br\/noticias\/wp-content\/uploads\/2013\/10\/martires.jpg","width":273,"height":181},{"@type":"WebPage","@id":"https:\/\/franciscanos.org.br\/noticias\/a-maior-beatificacao-coletiva-da-igreja.html#webpage","url":"https:\/\/franciscanos.org.br\/noticias\/a-maior-beatificacao-coletiva-da-igreja.html","name":"A maior beatifica\u00e7\u00e3o coletiva da Igreja - Not\u00edcias - Franciscanos","isPartOf":{"@id":"https:\/\/franciscanos.org.br\/noticias\/#website"},"primaryImageOfPage":{"@id":"https:\/\/franciscanos.org.br\/noticias\/a-maior-beatificacao-coletiva-da-igreja.html#primaryimage"},"datePublished":"2013-10-15T12:20:12+00:00","dateModified":"2020-01-31T13:59:48+00:00","author":{"@id":"https:\/\/franciscanos.org.br\/noticias\/#\/schema\/person\/b38fbf43118f02820bd932f2e4b14ad3"},"breadcrumb":{"@id":"https:\/\/franciscanos.org.br\/noticias\/a-maior-beatificacao-coletiva-da-igreja.html#breadcrumb"},"inLanguage":"pt-BR","potentialAction":[{"@type":"ReadAction","target":["https:\/\/franciscanos.org.br\/noticias\/a-maior-beatificacao-coletiva-da-igreja.html"]}]},{"@type":"BreadcrumbList","@id":"https:\/\/franciscanos.org.br\/noticias\/a-maior-beatificacao-coletiva-da-igreja.html#breadcrumb","itemListElement":[{"@type":"ListItem","position":1,"name":"Home","item":"https:\/\/franciscanos.org.br\/noticias"},{"@type":"ListItem","position":2,"name":"A maior beatifica\u00e7\u00e3o coletiva da Igreja"}]},{"@type":"Person","@id":"https:\/\/franciscanos.org.br\/noticias\/#\/schema\/person\/b38fbf43118f02820bd932f2e4b14ad3","name":"admin","image":{"@type":"ImageObject","inLanguage":"pt-BR","@id":"https:\/\/franciscanos.org.br\/noticias\/#\/schema\/person\/image\/","url":"https:\/\/secure.gravatar.com\/avatar\/e8495742d34d0ba6448ea1c628263b3e?s=96&d=mm&r=g","contentUrl":"https:\/\/secure.gravatar.com\/avatar\/e8495742d34d0ba6448ea1c628263b3e?s=96&d=mm&r=g","caption":"admin"},"url":"https:\/\/franciscanos.org.br\/noticias\/author\/admin"}]}},"_links":{"self":[{"href":"https:\/\/franciscanos.org.br\/noticias\/wp-json\/wp\/v2\/posts\/47210"}],"collection":[{"href":"https:\/\/franciscanos.org.br\/noticias\/wp-json\/wp\/v2\/posts"}],"about":[{"href":"https:\/\/franciscanos.org.br\/noticias\/wp-json\/wp\/v2\/types\/post"}],"author":[{"embeddable":true,"href":"https:\/\/franciscanos.org.br\/noticias\/wp-json\/wp\/v2\/users\/1"}],"replies":[{"embeddable":true,"href":"https:\/\/franciscanos.org.br\/noticias\/wp-json\/wp\/v2\/comments?post=47210"}],"version-history":[{"count":0,"href":"https:\/\/franciscanos.org.br\/noticias\/wp-json\/wp\/v2\/posts\/47210\/revisions"}],"wp:featuredmedia":[{"embeddable":true,"href":"https:\/\/franciscanos.org.br\/noticias\/wp-json\/wp\/v2\/media\/217718"}],"wp:attachment":[{"href":"https:\/\/franciscanos.org.br\/noticias\/wp-json\/wp\/v2\/media?parent=47210"}],"wp:term":[{"taxonomy":"category","embeddable":true,"href":"https:\/\/franciscanos.org.br\/noticias\/wp-json\/wp\/v2\/categories?post=47210"},{"taxonomy":"post_tag","embeddable":true,"href":"https:\/\/franciscanos.org.br\/noticias\/wp-json\/wp\/v2\/tags?post=47210"}],"curies":[{"name":"wp","href":"https:\/\/api.w.org\/{rel}","templated":true}]}}