{"id":47168,"date":"2013-10-14T10:03:54","date_gmt":"2013-10-14T13:03:54","guid":{"rendered":"http:\/\/new.franciscanos.org.br\/?p=47168"},"modified":"2019-08-07T08:38:46","modified_gmt":"2019-08-07T11:38:46","slug":"franciscanos-do-rio-do-grande-do-sul-em-capitulo","status":"publish","type":"post","link":"https:\/\/franciscanos.org.br\/noticias\/franciscanos-do-rio-do-grande-do-sul-em-capitulo.html","title":{"rendered":"Franciscanos do Rio do Grande do Sul est\u00e3o em Cap\u00edtulo"},"content":{"rendered":"<p><img loading=\"lazy\" src=\"http:\/\/franciscanos.org.br\/wp-content\/uploads\/2013\/10\/capit.jpg\" alt=\"capit\" width=\"830\" height=\"282\" \/><\/p>\n<p><img loading=\"lazy\" class=\"alignright wp-image-47171\" src=\"http:\/\/franciscanos.org.br\/wp-content\/uploads\/2013\/10\/capitulo2.jpg\" alt=\"capitulo2\" width=\"365\" height=\"235\" \/>Os frades franciscanos da Prov\u00edncia de S\u00e3o Francisco de Assis, que abrange todo o Rio Grande do Sul, est\u00e3o em Cap\u00edtulo Provincial, no Convento S\u00e3o Boaventura da cidade de Imigrante. O visitador Frei Valmir Ramos, da Cust\u00f3dia do Sagrado Cora\u00e7\u00e3o de Jesus, de Franca (SP), presidiu a celebra\u00e7\u00e3o de abertura neste domingo (13\/10), \u00e0s 20h30.<\/p>\n<p>O Cap\u00edtulo, como se chama nas Ordens religiosas, \u00e9 uma assembleia dos frades e pretende ser um momento de revis\u00e3o e reorganiza\u00e7\u00e3o da vida e miss\u00e3o dos frades no Rio Grande do Sul e nas suas frentes de miss\u00e3o. A previs\u00e3o \u00e9 que termine no pr\u00f3ximo dia 18.<\/p>\n<p>Este Cap\u00edtulo tem como tema &#8220;Viver a Voca\u00e7\u00e3o Franciscano no Mundo\u201d e, como lema, \u201cIrm\u00e3os, vamos recome\u00e7ar!\u201d e vai eleger um novo governo provincial. Ele marca a despedida de Frei Jo\u00e3o In\u00e1cio M\u00fcller, atual Provincial, que foi nomeado recentemente bispo da Diocese de Lorena.<\/p>\n<p><img loading=\"lazy\" class=\"alignleft wp-image-47172\" src=\"http:\/\/franciscanos.org.br\/wp-content\/uploads\/2013\/10\/local.jpg\" alt=\"local\" width=\"365\" height=\"274\" \/>Segundo Frei Albano Bohn e Frei Tiago Frey, da equipe de Comunica\u00e7\u00e3o, a partir da homologa\u00e7\u00e3o do Definit\u00f3rio Geral da Ordem, os frades candidatos \u00e0 elei\u00e7\u00e3o do novo governo s\u00e3o: Frei In\u00e1cio Dellazari, Frei Ol\u00e1vio Jos\u00e9 Dotto, Frei Arno Frelich, Frei Armando Mariani e Frei Nelson M\u00fclller.<\/p>\n<p>A hist\u00f3ria da Prov\u00edncia de S\u00e3o Francisco de Assis est\u00e1 ligada \u00e0 Prov\u00edncia de Santa Cruz, com sede em Minas Gerais. No dia 7 de maio de 1900, chegava ao Rio de Janeiro os fundadores do comissariado da Santa Cruz, hoje Prov\u00edncia: os holandeses Frei Burges (1\u00ba comiss\u00e1rio provincial) e Frei Frederico Voorvelt. Em 1926, este Comissariado estende-se ao Rio Grande do Sul (Bela Vista do F\u00e3o).<\/p>\n<p>Em 1949, o Comissariado Santa Cruz se torna Prov\u00edncia independente. Em 1966, no dia 22 de fevereiro, a Cust\u00f3dia S\u00e3o Francisco de Assis do Rio Grande do Sul, \u00e9 desmembrada da Prov\u00edncia da Santa Cruz, tendo como sede a capital Porto Alegre. Em 1976, no dia 4 de outubro, torna-se Prov\u00edncia.<\/p>\n<p style=\"text-align: center;\">\n","protected":false},"excerpt":{"rendered":"<p>Cap\u00edtulo Provincial <\/p>\n","protected":false},"author":1,"featured_media":209015,"comment_status":"closed","ping_status":"open","sticky":false,"template":"","format":"standard","meta":[],"categories":[1],"tags":[323,477],"acf":[],"yoast_head":"<!-- This site is optimized with the Yoast SEO plugin v19.2 - https:\/\/yoast.com\/wordpress\/plugins\/seo\/ -->\n<title>Franciscanos do Rio do Grande do Sul est\u00e3o em Cap\u00edtulo - Not\u00edcias - Franciscanos<\/title>\n<meta name=\"robots\" content=\"index, follow, max-snippet:-1, max-image-preview:large, max-video-preview:-1\" \/>\n<link rel=\"canonical\" href=\"https:\/\/franciscanos.org.br\/noticias\/franciscanos-do-rio-do-grande-do-sul-em-capitulo.html\" \/>\n<meta property=\"og:locale\" content=\"pt_BR\" \/>\n<meta property=\"og:type\" content=\"article\" \/>\n<meta property=\"og:title\" content=\"Franciscanos do Rio do Grande do Sul est\u00e3o em Cap\u00edtulo - Not\u00edcias - Franciscanos\" \/>\n<meta property=\"og:description\" content=\"Cap\u00edtulo Provincial\" \/>\n<meta property=\"og:url\" content=\"https:\/\/franciscanos.org.br\/noticias\/franciscanos-do-rio-do-grande-do-sul-em-capitulo.html\" \/>\n<meta property=\"og:site_name\" content=\"Not\u00edcias - Franciscanos\" \/>\n<meta property=\"article:published_time\" content=\"2013-10-14T13:03:54+00:00\" \/>\n<meta property=\"article:modified_time\" content=\"2019-08-07T11:38:46+00:00\" \/>\n<meta property=\"og:image\" content=\"https:\/\/franciscanos.org.br\/noticias\/wp-content\/uploads\/2013\/10\/capitulo2.jpg\" \/>\n\t<meta property=\"og:image:width\" content=\"273\" \/>\n\t<meta property=\"og:image:height\" content=\"176\" \/>\n\t<meta property=\"og:image:type\" content=\"image\/jpeg\" \/>\n<meta name=\"author\" content=\"admin\" \/>\n<meta name=\"twitter:card\" content=\"summary_large_image\" \/>\n<meta name=\"twitter:label1\" content=\"Escrito por\" \/>\n\t<meta name=\"twitter:data1\" content=\"admin\" \/>\n\t<meta name=\"twitter:label2\" content=\"Est. tempo de leitura\" \/>\n\t<meta name=\"twitter:data2\" content=\"2 minutos\" \/>\n<script type=\"application\/ld+json\" class=\"yoast-schema-graph\">{\"@context\":\"https:\/\/schema.org\",\"@graph\":[{\"@type\":\"WebSite\",\"@id\":\"https:\/\/franciscanos.org.br\/noticias\/#website\",\"url\":\"https:\/\/franciscanos.org.br\/noticias\/\",\"name\":\"Not\u00edcias - Franciscanos\",\"description\":\"Prov\u00edncia Franciscana da Imaculada Concei\u00e7\u00e3o do Brasil - Ordem dos Frades Menores - OFM\",\"potentialAction\":[{\"@type\":\"SearchAction\",\"target\":{\"@type\":\"EntryPoint\",\"urlTemplate\":\"https:\/\/franciscanos.org.br\/noticias\/?s={search_term_string}\"},\"query-input\":\"required name=search_term_string\"}],\"inLanguage\":\"pt-BR\"},{\"@type\":\"ImageObject\",\"inLanguage\":\"pt-BR\",\"@id\":\"https:\/\/franciscanos.org.br\/noticias\/franciscanos-do-rio-do-grande-do-sul-em-capitulo.html#primaryimage\",\"url\":\"https:\/\/franciscanos.org.br\/noticias\/wp-content\/uploads\/2013\/10\/capitulo2.jpg\",\"contentUrl\":\"https:\/\/franciscanos.org.br\/noticias\/wp-content\/uploads\/2013\/10\/capitulo2.jpg\",\"width\":273,\"height\":176},{\"@type\":\"WebPage\",\"@id\":\"https:\/\/franciscanos.org.br\/noticias\/franciscanos-do-rio-do-grande-do-sul-em-capitulo.html#webpage\",\"url\":\"https:\/\/franciscanos.org.br\/noticias\/franciscanos-do-rio-do-grande-do-sul-em-capitulo.html\",\"name\":\"Franciscanos do Rio do Grande do Sul est\u00e3o em Cap\u00edtulo - Not\u00edcias - Franciscanos\",\"isPartOf\":{\"@id\":\"https:\/\/franciscanos.org.br\/noticias\/#website\"},\"primaryImageOfPage\":{\"@id\":\"https:\/\/franciscanos.org.br\/noticias\/franciscanos-do-rio-do-grande-do-sul-em-capitulo.html#primaryimage\"},\"datePublished\":\"2013-10-14T13:03:54+00:00\",\"dateModified\":\"2019-08-07T11:38:46+00:00\",\"author\":{\"@id\":\"https:\/\/franciscanos.org.br\/noticias\/#\/schema\/person\/b38fbf43118f02820bd932f2e4b14ad3\"},\"breadcrumb\":{\"@id\":\"https:\/\/franciscanos.org.br\/noticias\/franciscanos-do-rio-do-grande-do-sul-em-capitulo.html#breadcrumb\"},\"inLanguage\":\"pt-BR\",\"potentialAction\":[{\"@type\":\"ReadAction\",\"target\":[\"https:\/\/franciscanos.org.br\/noticias\/franciscanos-do-rio-do-grande-do-sul-em-capitulo.html\"]}]},{\"@type\":\"BreadcrumbList\",\"@id\":\"https:\/\/franciscanos.org.br\/noticias\/franciscanos-do-rio-do-grande-do-sul-em-capitulo.html#breadcrumb\",\"itemListElement\":[{\"@type\":\"ListItem\",\"position\":1,\"name\":\"Home\",\"item\":\"https:\/\/franciscanos.org.br\/noticias\"},{\"@type\":\"ListItem\",\"position\":2,\"name\":\"Franciscanos do Rio do Grande do Sul est\u00e3o em Cap\u00edtulo\"}]},{\"@type\":\"Person\",\"@id\":\"https:\/\/franciscanos.org.br\/noticias\/#\/schema\/person\/b38fbf43118f02820bd932f2e4b14ad3\",\"name\":\"admin\",\"image\":{\"@type\":\"ImageObject\",\"inLanguage\":\"pt-BR\",\"@id\":\"https:\/\/franciscanos.org.br\/noticias\/#\/schema\/person\/image\/\",\"url\":\"https:\/\/secure.gravatar.com\/avatar\/e8495742d34d0ba6448ea1c628263b3e?s=96&d=mm&r=g\",\"contentUrl\":\"https:\/\/secure.gravatar.com\/avatar\/e8495742d34d0ba6448ea1c628263b3e?s=96&d=mm&r=g\",\"caption\":\"admin\"},\"url\":\"https:\/\/franciscanos.org.br\/noticias\/author\/admin\"}]}<\/script>\n<!-- \/ Yoast SEO plugin. -->","yoast_head_json":{"title":"Franciscanos do Rio do Grande do Sul est\u00e3o em Cap\u00edtulo - Not\u00edcias - Franciscanos","robots":{"index":"index","follow":"follow","max-snippet":"max-snippet:-1","max-image-preview":"max-image-preview:large","max-video-preview":"max-video-preview:-1"},"canonical":"https:\/\/franciscanos.org.br\/noticias\/franciscanos-do-rio-do-grande-do-sul-em-capitulo.html","og_locale":"pt_BR","og_type":"article","og_title":"Franciscanos do Rio do Grande do Sul est\u00e3o em Cap\u00edtulo - Not\u00edcias - Franciscanos","og_description":"Cap\u00edtulo Provincial","og_url":"https:\/\/franciscanos.org.br\/noticias\/franciscanos-do-rio-do-grande-do-sul-em-capitulo.html","og_site_name":"Not\u00edcias - Franciscanos","article_published_time":"2013-10-14T13:03:54+00:00","article_modified_time":"2019-08-07T11:38:46+00:00","og_image":[{"width":273,"height":176,"url":"https:\/\/franciscanos.org.br\/noticias\/wp-content\/uploads\/2013\/10\/capitulo2.jpg","type":"image\/jpeg"}],"author":"admin","twitter_card":"summary_large_image","twitter_misc":{"Escrito por":"admin","Est. tempo de leitura":"2 minutos"},"schema":{"@context":"https:\/\/schema.org","@graph":[{"@type":"WebSite","@id":"https:\/\/franciscanos.org.br\/noticias\/#website","url":"https:\/\/franciscanos.org.br\/noticias\/","name":"Not\u00edcias - Franciscanos","description":"Prov\u00edncia Franciscana da Imaculada Concei\u00e7\u00e3o do Brasil - Ordem dos Frades Menores - OFM","potentialAction":[{"@type":"SearchAction","target":{"@type":"EntryPoint","urlTemplate":"https:\/\/franciscanos.org.br\/noticias\/?s={search_term_string}"},"query-input":"required name=search_term_string"}],"inLanguage":"pt-BR"},{"@type":"ImageObject","inLanguage":"pt-BR","@id":"https:\/\/franciscanos.org.br\/noticias\/franciscanos-do-rio-do-grande-do-sul-em-capitulo.html#primaryimage","url":"https:\/\/franciscanos.org.br\/noticias\/wp-content\/uploads\/2013\/10\/capitulo2.jpg","contentUrl":"https:\/\/franciscanos.org.br\/noticias\/wp-content\/uploads\/2013\/10\/capitulo2.jpg","width":273,"height":176},{"@type":"WebPage","@id":"https:\/\/franciscanos.org.br\/noticias\/franciscanos-do-rio-do-grande-do-sul-em-capitulo.html#webpage","url":"https:\/\/franciscanos.org.br\/noticias\/franciscanos-do-rio-do-grande-do-sul-em-capitulo.html","name":"Franciscanos do Rio do Grande do Sul est\u00e3o em Cap\u00edtulo - Not\u00edcias - Franciscanos","isPartOf":{"@id":"https:\/\/franciscanos.org.br\/noticias\/#website"},"primaryImageOfPage":{"@id":"https:\/\/franciscanos.org.br\/noticias\/franciscanos-do-rio-do-grande-do-sul-em-capitulo.html#primaryimage"},"datePublished":"2013-10-14T13:03:54+00:00","dateModified":"2019-08-07T11:38:46+00:00","author":{"@id":"https:\/\/franciscanos.org.br\/noticias\/#\/schema\/person\/b38fbf43118f02820bd932f2e4b14ad3"},"breadcrumb":{"@id":"https:\/\/franciscanos.org.br\/noticias\/franciscanos-do-rio-do-grande-do-sul-em-capitulo.html#breadcrumb"},"inLanguage":"pt-BR","potentialAction":[{"@type":"ReadAction","target":["https:\/\/franciscanos.org.br\/noticias\/franciscanos-do-rio-do-grande-do-sul-em-capitulo.html"]}]},{"@type":"BreadcrumbList","@id":"https:\/\/franciscanos.org.br\/noticias\/franciscanos-do-rio-do-grande-do-sul-em-capitulo.html#breadcrumb","itemListElement":[{"@type":"ListItem","position":1,"name":"Home","item":"https:\/\/franciscanos.org.br\/noticias"},{"@type":"ListItem","position":2,"name":"Franciscanos do Rio do Grande do Sul est\u00e3o em Cap\u00edtulo"}]},{"@type":"Person","@id":"https:\/\/franciscanos.org.br\/noticias\/#\/schema\/person\/b38fbf43118f02820bd932f2e4b14ad3","name":"admin","image":{"@type":"ImageObject","inLanguage":"pt-BR","@id":"https:\/\/franciscanos.org.br\/noticias\/#\/schema\/person\/image\/","url":"https:\/\/secure.gravatar.com\/avatar\/e8495742d34d0ba6448ea1c628263b3e?s=96&d=mm&r=g","contentUrl":"https:\/\/secure.gravatar.com\/avatar\/e8495742d34d0ba6448ea1c628263b3e?s=96&d=mm&r=g","caption":"admin"},"url":"https:\/\/franciscanos.org.br\/noticias\/author\/admin"}]}},"_links":{"self":[{"href":"https:\/\/franciscanos.org.br\/noticias\/wp-json\/wp\/v2\/posts\/47168"}],"collection":[{"href":"https:\/\/franciscanos.org.br\/noticias\/wp-json\/wp\/v2\/posts"}],"about":[{"href":"https:\/\/franciscanos.org.br\/noticias\/wp-json\/wp\/v2\/types\/post"}],"author":[{"embeddable":true,"href":"https:\/\/franciscanos.org.br\/noticias\/wp-json\/wp\/v2\/users\/1"}],"replies":[{"embeddable":true,"href":"https:\/\/franciscanos.org.br\/noticias\/wp-json\/wp\/v2\/comments?post=47168"}],"version-history":[{"count":0,"href":"https:\/\/franciscanos.org.br\/noticias\/wp-json\/wp\/v2\/posts\/47168\/revisions"}],"wp:featuredmedia":[{"embeddable":true,"href":"https:\/\/franciscanos.org.br\/noticias\/wp-json\/wp\/v2\/media\/209015"}],"wp:attachment":[{"href":"https:\/\/franciscanos.org.br\/noticias\/wp-json\/wp\/v2\/media?parent=47168"}],"wp:term":[{"taxonomy":"category","embeddable":true,"href":"https:\/\/franciscanos.org.br\/noticias\/wp-json\/wp\/v2\/categories?post=47168"},{"taxonomy":"post_tag","embeddable":true,"href":"https:\/\/franciscanos.org.br\/noticias\/wp-json\/wp\/v2\/tags?post=47168"}],"curies":[{"name":"wp","href":"https:\/\/api.w.org\/{rel}","templated":true}]}}