{"id":46513,"date":"2013-10-07T08:06:11","date_gmt":"2013-10-07T11:06:11","guid":{"rendered":"http:\/\/new.franciscanos.org.br\/?p=46513"},"modified":"2020-06-10T19:32:42","modified_gmt":"2020-06-10T22:32:42","slug":"franciscanos-caminham-pela-paz-e-em-defesa-da-vida-em-duque-de-caxias-2","status":"publish","type":"post","link":"https:\/\/franciscanos.org.br\/noticias\/franciscanos-caminham-pela-paz-e-em-defesa-da-vida-em-duque-de-caxias-2.html","title":{"rendered":"Franciscanos caminham pela paz e em defesa da vida em Duque de Caxias"},"content":{"rendered":"<p style=\"text-align: left;\" align=\"right\"><b><img loading=\"lazy\" class=\"alignright size-full wp-image-46514\" src=\"http:\/\/franciscanos.org.br\/wp-content\/uploads\/2013\/10\/duquedecaxias_franciscanos.org_.br_.jpg\" alt=\"duquedecaxias_franciscanos.org.br\" width=\"450\" height=\"253\" \/><\/b>Os franciscanos e simpatizantes do carisma franciscano vivenciaram uma rica experi\u00eancia fraterna durante o momento de ora\u00e7\u00e3o realizado durante a III Caminhada Franciscana pela Paz e em Defesa da Vida realizada em Duque de Caxias (RJ), no \u00faltimo domingo. O evento abriu a Semana Nacional da Vida que est\u00e1 sendo celebrada no Brasil inteiro com o apoio da Confer\u00eancia Nacional dos Bispos do Brasil (Cnbb).<\/p>\n<p style=\"text-align: left;\">A caminhada foi uma iniciativa promovida pela Fraternidade Franciscana Santo Ant\u00f4nio, ligada \u00e0 Ordem Franciscana Secular (OFS), em conjunto com a Juventude Franciscana, Sinfrajupe, Pastoral Familiar, Pastoral da AIDS, ASPASA e Col\u00e9gio S\u00e3o Francisco. O evento contou ainda com o apoio do jornal Pilar, da Diocese de Duque de Caxias e S\u00e3o Jo\u00e3o de Meriti.<\/p>\n<p style=\"text-align: left;\">O evento fez parte da programa\u00e7\u00e3o da Semana Franciscana, e teve como objetivo de chamar a aten\u00e7\u00e3o para a viol\u00eancia e o exterm\u00ednio de jovens na Baixada Fluminense e para a necessidade de se debater o fen\u00f4meno da viol\u00eancia e seus impactos nas vidas de crian\u00e7as e jovens das periferias das grandes metr\u00f3poles brasileiras. Durante o momento de ora\u00e7\u00e3o, os participantes puderam refletir sobre a viol\u00eancia e os problemas que atingem as fam\u00edlias brasileiras, principalmente as crian\u00e7as e jovens, idosos e mulheres, bem como o meio ambiente e seus ecossistemas. Al\u00e9m das associa\u00e7\u00f5es, grupos, pastorais e fi\u00e9is da par\u00f3quia, a caminhada tamb\u00e9m reuniu pessoas que passavam pelo local, e que vivenciaram essa marcante experi\u00eancia de comunh\u00e3o fraterna em prol da paz e em defesa da vida.<\/p>\n<p style=\"text-align: left;\"><img loading=\"lazy\" class=\"alignleft size-full wp-image-46515\" src=\"http:\/\/franciscanos.org.br\/wp-content\/uploads\/2013\/10\/duquedecaxias1_franciscanos.org_.jpg\" alt=\"duquedecaxias1_franciscanos.org\" width=\"450\" height=\"254\" \/>Dados do Mapa da Viol\u00eancia 2013: Homic\u00eddio e Juventude no Brasil, realizado pelo soc\u00f3logo Julio Jacobo Waiselfisz, com o apoio da Faculdade Latino-Americana de Ci\u00eancias Sociais (FLACSO) e do Centro de Estudos Latino-Americanos (Cebela), revelam n\u00fameros de guerra na mencionada faixa et\u00e1ria.<\/p>\n<p style=\"text-align: left;\">Somente em 2011, ano conclusivo do estudo, foram 1.505 homic\u00eddios de jovens no Estado do Rio de Janeiro, cujos dados registram uma pequena diminui\u00e7\u00e3o de 45,2% em dez anos de an\u00e1lise. A gravidade do n\u00famero se mostra mais evidente quando se calculado no universo 100 mil habitantes da faixa et\u00e1ria \u2013 m\u00e9todo comum para se medir a viol\u00eancia nos principais centros.<\/p>\n<p style=\"text-align: left;\">O Estado registrou 58 mortes por 100 mil jovens que residem em cidades fluminenses, superando a m\u00e9dia nacional, de 53,4 mortes. Comparativamente, essa taxa s\u00f3 \u00e9 superada pelo n\u00famero de mortes registradas nos conflitos armados no Iraque no per\u00edodo de 2004 a 2007, quando se registrou m\u00e9dia de 64,9 mortes por 100 mil habitantes.<\/p>\n<p style=\"text-align: left;\">Em n\u00fameros absolutos, o Estado do Rio de Janeiro teve registrado em 2011 taxa de 58 mortes por 100 mil habitantes (1.505 casos), figurando como o 14\u00aa Estado mais violento. Em 2001, ano inicial da an\u00e1lise, o Estado ocupava o segundo lugar nacional com 2.746 casos. Nas cidades com mais de 10 mil habitantes na faixa et\u00e1ria de 15 a 29 anos, quatro munic\u00edpios fluminenses figuram no ranking entre os 100 mais violentos: Duque de Caxias (46\u00ba posi\u00e7\u00e3o), seguido por Maca\u00e9 (62\u00ba), Cabo Frio (70\u00ba) e Nova Igua\u00e7u (96\u00ba), duas delas situadas na Baixada Fluminense, regi\u00e3o historicamente abandonada pelos governos federal e estadual.<\/p>\n<p style=\"text-align: left;\"><img loading=\"lazy\" class=\"alignright size-full wp-image-46516\" src=\"http:\/\/franciscanos.org.br\/wp-content\/uploads\/2013\/10\/duquedecaxias2_franciscanos.jpg\" alt=\"duquedecaxias2_franciscanos\" width=\"450\" height=\"338\" \/>Isso representa dizer que dentre as cidades do Estado do Rio de Janeiro com mais de 10 mil habitantes na faixa et\u00e1ria de 15 a 29 anos, Duque de Caxias \u00e9 a cidade com o maior \u00edndice de homic\u00eddios de jovens por armas de fogo com uma taxa de 135,2 e 201 casos de morte de jovens em 2011. Considerando os 100 munic\u00edpios com mais de 20.000 habitantes, o a taxa de homic\u00eddios na popula\u00e7\u00e3o total, Duque de Caxias registra uma taxa \u00e9 de 60,3, ocupando a 88\u00aa posi\u00e7\u00e3o no ranking das100 cidades com maiores \u00edndices de viol\u00eancia, com 519 casos em 2011.<\/p>\n<p style=\"text-align: left;\">A capital fluminense apresentou uma taxa de 41,4 mortes no universo de 100 mil jovens, abaixo da m\u00e9dia nacional que \u00e9 de 82,0. Somente em 2011, foram 405 homic\u00eddios. Infere-se, portanto, que Duque de Caxias \u00e9 mais violento do que a capital. Os n\u00fameros s\u00e3o contundentes e demonstram o a perversidade do sistema capitalista e o grau viol\u00eancia a que s\u00e3o submetidos os mais pobres.<\/p>\n<p style=\"text-align: left;\">O estudo tamb\u00e9m revela que mulheres com idade entre 15 e 24 anos foram as principais v\u00edtimas de homic\u00eddio na \u00faltima d\u00e9cada. De 2001 a 2011, o \u00edndice de mulheres jovens assassinadas foi superior ao do restante da popula\u00e7\u00e3o feminina. Em 2011, a taxa de homic\u00eddios entre mulheres com idades entre 15 e 24 anos foi de 7,1 mortes para cada 100 mil, enquanto a m\u00e9dia para as n\u00e3o jovens foi de 4,1.\u00a0Ainda segundo o estudo, de 2001 a 2011, o \u00edndice de homic\u00eddios de mulheres aumentou 17,2%, com a morte de mais de 48 mil brasileiras nesse per\u00edodo. S\u00f3 em 2011 mais de 4,5 mil mulheres foram assassinadas no pa\u00eds.<\/p>\n<p style=\"text-align: left;\"><img loading=\"lazy\" class=\"alignleft size-full wp-image-46517\" src=\"http:\/\/franciscanos.org.br\/wp-content\/uploads\/2013\/10\/duquedecaxias3_franciscanos.jpg\" alt=\"duquedecaxias3_franciscanos\" width=\"400\" height=\"507\" \/>O Mapa da Viol\u00eancia tamb\u00e9m apontou para uma queda consider\u00e1vel no n\u00famero de homic\u00eddios ocorridos entre a popula\u00e7\u00e3o branca (queda de 26,4%) e um aumento no numero de homic\u00eddios entre a popula\u00e7\u00e3o negra (aumento de 30,6%), ou seja, o n\u00famero de homic\u00eddios ocorrido entre a popula\u00e7\u00e3o branca cai de 41% (2002) para 28,2% (2011), enquanto na popula\u00e7\u00e3o negra essa taxa, que j\u00e1 era bastante elevada, vai de 58,6% (2002) para 71,4% (2011).<\/p>\n<p style=\"text-align: left;\">As estat\u00edsticas s\u00e3o frias, mas trazem o recorte de ra\u00e7a e g\u00eanero que revelam o exterm\u00ednio da juventude negra. O racismo est\u00e1 institucionalizado e transformou-se numa pol\u00edtica genocida das elites e do aparelho estatal brasileiro que urge ser abolido. Precisamos dar um basta nas execu\u00e7\u00f5es sum\u00e1rias, arbitr\u00e1rias e extralegais que matam nossa juventude, principalmente nas favelas e periferias.<\/p>\n<p style=\"text-align: left;\">N\u00e3o basta combater as desigualdades, temos que cultivar uma cultura de paz que ven\u00e7a o racismo, o machismo e a homofobia que legitimam a exclus\u00e3o. O n\u00famero elevado de assassinatos reflete n\u00e3o s\u00f3 a perversidade do sistema capitalista, mas desnuda as mazelas de nossa pr\u00f3pria hist\u00f3ria, marcada por s\u00e9culos de escravid\u00e3o ind\u00edgena e negra que estruturou economicamente e socialmente o Brasil.<\/p>\n<p style=\"text-align: left;\">A vida e os sonhos da juventude est\u00e3o sendo interrompidos pela viol\u00eancia presentes nas cidades da Baixada Fluminense. Realizar uma caminhada pela paz e em defesa da vida \u00e9 emblem\u00e1tico n\u00e3o s\u00f3 pela viol\u00eancia que assola a juventude, mas pela coragem e ousadia de vencer a indiferen\u00e7a e trazer para o debate essa tem\u00e1tica e denunciar a neglig\u00eancia dos governantes frente \u00e0 impunidade e a cultura da viol\u00eancia presente nas cidades brasileiras.<\/p>\n<p style=\"text-align: left;\">A Caminhada Franciscana pela Paz e em Defesa da Vida sinaliza para toda a sociedade a necessidade de busca por estrat\u00e9gias eficazes para o enfrentamento da exclus\u00e3o e da viol\u00eancia, construindo uma cultura de paz e justi\u00e7a para as futuras gera\u00e7\u00f5es.<\/p>\n","protected":false},"excerpt":{"rendered":"<p>OFS<\/p>\n","protected":false},"author":1,"featured_media":211701,"comment_status":"closed","ping_status":"open","sticky":false,"template":"","format":"standard","meta":[],"categories":[1],"tags":[185,40],"acf":[],"yoast_head":"<!-- This site is optimized with the Yoast SEO plugin v19.2 - https:\/\/yoast.com\/wordpress\/plugins\/seo\/ -->\n<title>Franciscanos caminham pela paz e em defesa da vida em Duque de Caxias - Not\u00edcias - Franciscanos<\/title>\n<meta name=\"robots\" content=\"index, follow, max-snippet:-1, max-image-preview:large, max-video-preview:-1\" \/>\n<link rel=\"canonical\" href=\"https:\/\/franciscanos.org.br\/noticias\/franciscanos-caminham-pela-paz-e-em-defesa-da-vida-em-duque-de-caxias-2.html\" \/>\n<meta property=\"og:locale\" content=\"pt_BR\" \/>\n<meta property=\"og:type\" content=\"article\" \/>\n<meta property=\"og:title\" content=\"Franciscanos caminham pela paz e em defesa da vida em Duque de Caxias - Not\u00edcias - Franciscanos\" \/>\n<meta property=\"og:description\" content=\"OFS\" \/>\n<meta property=\"og:url\" content=\"https:\/\/franciscanos.org.br\/noticias\/franciscanos-caminham-pela-paz-e-em-defesa-da-vida-em-duque-de-caxias-2.html\" \/>\n<meta property=\"og:site_name\" content=\"Not\u00edcias - Franciscanos\" \/>\n<meta property=\"article:published_time\" content=\"2013-10-07T11:06:11+00:00\" \/>\n<meta property=\"article:modified_time\" content=\"2020-06-10T22:32:42+00:00\" \/>\n<meta property=\"og:image\" content=\"https:\/\/franciscanos.org.br\/noticias\/wp-content\/uploads\/2013\/10\/duquedecaxias_franciscanos.org_.br_.jpg\" \/>\n\t<meta property=\"og:image:width\" content=\"273\" \/>\n\t<meta property=\"og:image:height\" content=\"181\" \/>\n\t<meta property=\"og:image:type\" content=\"image\/jpeg\" \/>\n<meta name=\"author\" content=\"admin\" \/>\n<meta name=\"twitter:card\" content=\"summary_large_image\" \/>\n<meta name=\"twitter:label1\" content=\"Escrito por\" \/>\n\t<meta name=\"twitter:data1\" content=\"admin\" \/>\n\t<meta name=\"twitter:label2\" content=\"Est. tempo de leitura\" \/>\n\t<meta name=\"twitter:data2\" content=\"6 minutos\" \/>\n<script type=\"application\/ld+json\" class=\"yoast-schema-graph\">{\"@context\":\"https:\/\/schema.org\",\"@graph\":[{\"@type\":\"WebSite\",\"@id\":\"https:\/\/franciscanos.org.br\/noticias\/#website\",\"url\":\"https:\/\/franciscanos.org.br\/noticias\/\",\"name\":\"Not\u00edcias - Franciscanos\",\"description\":\"Prov\u00edncia Franciscana da Imaculada Concei\u00e7\u00e3o do Brasil - Ordem dos Frades Menores - OFM\",\"potentialAction\":[{\"@type\":\"SearchAction\",\"target\":{\"@type\":\"EntryPoint\",\"urlTemplate\":\"https:\/\/franciscanos.org.br\/noticias\/?s={search_term_string}\"},\"query-input\":\"required name=search_term_string\"}],\"inLanguage\":\"pt-BR\"},{\"@type\":\"ImageObject\",\"inLanguage\":\"pt-BR\",\"@id\":\"https:\/\/franciscanos.org.br\/noticias\/franciscanos-caminham-pela-paz-e-em-defesa-da-vida-em-duque-de-caxias-2.html#primaryimage\",\"url\":\"https:\/\/franciscanos.org.br\/noticias\/wp-content\/uploads\/2013\/10\/duquedecaxias_franciscanos.org_.br_.jpg\",\"contentUrl\":\"https:\/\/franciscanos.org.br\/noticias\/wp-content\/uploads\/2013\/10\/duquedecaxias_franciscanos.org_.br_.jpg\",\"width\":273,\"height\":181},{\"@type\":\"WebPage\",\"@id\":\"https:\/\/franciscanos.org.br\/noticias\/franciscanos-caminham-pela-paz-e-em-defesa-da-vida-em-duque-de-caxias-2.html#webpage\",\"url\":\"https:\/\/franciscanos.org.br\/noticias\/franciscanos-caminham-pela-paz-e-em-defesa-da-vida-em-duque-de-caxias-2.html\",\"name\":\"Franciscanos caminham pela paz e em defesa da vida em Duque de Caxias - Not\u00edcias - Franciscanos\",\"isPartOf\":{\"@id\":\"https:\/\/franciscanos.org.br\/noticias\/#website\"},\"primaryImageOfPage\":{\"@id\":\"https:\/\/franciscanos.org.br\/noticias\/franciscanos-caminham-pela-paz-e-em-defesa-da-vida-em-duque-de-caxias-2.html#primaryimage\"},\"datePublished\":\"2013-10-07T11:06:11+00:00\",\"dateModified\":\"2020-06-10T22:32:42+00:00\",\"author\":{\"@id\":\"https:\/\/franciscanos.org.br\/noticias\/#\/schema\/person\/b38fbf43118f02820bd932f2e4b14ad3\"},\"breadcrumb\":{\"@id\":\"https:\/\/franciscanos.org.br\/noticias\/franciscanos-caminham-pela-paz-e-em-defesa-da-vida-em-duque-de-caxias-2.html#breadcrumb\"},\"inLanguage\":\"pt-BR\",\"potentialAction\":[{\"@type\":\"ReadAction\",\"target\":[\"https:\/\/franciscanos.org.br\/noticias\/franciscanos-caminham-pela-paz-e-em-defesa-da-vida-em-duque-de-caxias-2.html\"]}]},{\"@type\":\"BreadcrumbList\",\"@id\":\"https:\/\/franciscanos.org.br\/noticias\/franciscanos-caminham-pela-paz-e-em-defesa-da-vida-em-duque-de-caxias-2.html#breadcrumb\",\"itemListElement\":[{\"@type\":\"ListItem\",\"position\":1,\"name\":\"Home\",\"item\":\"https:\/\/franciscanos.org.br\/noticias\"},{\"@type\":\"ListItem\",\"position\":2,\"name\":\"Franciscanos caminham pela paz e em defesa da vida em Duque de Caxias\"}]},{\"@type\":\"Person\",\"@id\":\"https:\/\/franciscanos.org.br\/noticias\/#\/schema\/person\/b38fbf43118f02820bd932f2e4b14ad3\",\"name\":\"admin\",\"image\":{\"@type\":\"ImageObject\",\"inLanguage\":\"pt-BR\",\"@id\":\"https:\/\/franciscanos.org.br\/noticias\/#\/schema\/person\/image\/\",\"url\":\"https:\/\/secure.gravatar.com\/avatar\/e8495742d34d0ba6448ea1c628263b3e?s=96&d=mm&r=g\",\"contentUrl\":\"https:\/\/secure.gravatar.com\/avatar\/e8495742d34d0ba6448ea1c628263b3e?s=96&d=mm&r=g\",\"caption\":\"admin\"},\"url\":\"https:\/\/franciscanos.org.br\/noticias\/author\/admin\"}]}<\/script>\n<!-- \/ Yoast SEO plugin. -->","yoast_head_json":{"title":"Franciscanos caminham pela paz e em defesa da vida em Duque de Caxias - Not\u00edcias - Franciscanos","robots":{"index":"index","follow":"follow","max-snippet":"max-snippet:-1","max-image-preview":"max-image-preview:large","max-video-preview":"max-video-preview:-1"},"canonical":"https:\/\/franciscanos.org.br\/noticias\/franciscanos-caminham-pela-paz-e-em-defesa-da-vida-em-duque-de-caxias-2.html","og_locale":"pt_BR","og_type":"article","og_title":"Franciscanos caminham pela paz e em defesa da vida em Duque de Caxias - Not\u00edcias - Franciscanos","og_description":"OFS","og_url":"https:\/\/franciscanos.org.br\/noticias\/franciscanos-caminham-pela-paz-e-em-defesa-da-vida-em-duque-de-caxias-2.html","og_site_name":"Not\u00edcias - Franciscanos","article_published_time":"2013-10-07T11:06:11+00:00","article_modified_time":"2020-06-10T22:32:42+00:00","og_image":[{"width":273,"height":181,"url":"https:\/\/franciscanos.org.br\/noticias\/wp-content\/uploads\/2013\/10\/duquedecaxias_franciscanos.org_.br_.jpg","type":"image\/jpeg"}],"author":"admin","twitter_card":"summary_large_image","twitter_misc":{"Escrito por":"admin","Est. tempo de leitura":"6 minutos"},"schema":{"@context":"https:\/\/schema.org","@graph":[{"@type":"WebSite","@id":"https:\/\/franciscanos.org.br\/noticias\/#website","url":"https:\/\/franciscanos.org.br\/noticias\/","name":"Not\u00edcias - Franciscanos","description":"Prov\u00edncia Franciscana da Imaculada Concei\u00e7\u00e3o do Brasil - Ordem dos Frades Menores - OFM","potentialAction":[{"@type":"SearchAction","target":{"@type":"EntryPoint","urlTemplate":"https:\/\/franciscanos.org.br\/noticias\/?s={search_term_string}"},"query-input":"required name=search_term_string"}],"inLanguage":"pt-BR"},{"@type":"ImageObject","inLanguage":"pt-BR","@id":"https:\/\/franciscanos.org.br\/noticias\/franciscanos-caminham-pela-paz-e-em-defesa-da-vida-em-duque-de-caxias-2.html#primaryimage","url":"https:\/\/franciscanos.org.br\/noticias\/wp-content\/uploads\/2013\/10\/duquedecaxias_franciscanos.org_.br_.jpg","contentUrl":"https:\/\/franciscanos.org.br\/noticias\/wp-content\/uploads\/2013\/10\/duquedecaxias_franciscanos.org_.br_.jpg","width":273,"height":181},{"@type":"WebPage","@id":"https:\/\/franciscanos.org.br\/noticias\/franciscanos-caminham-pela-paz-e-em-defesa-da-vida-em-duque-de-caxias-2.html#webpage","url":"https:\/\/franciscanos.org.br\/noticias\/franciscanos-caminham-pela-paz-e-em-defesa-da-vida-em-duque-de-caxias-2.html","name":"Franciscanos caminham pela paz e em defesa da vida em Duque de Caxias - Not\u00edcias - Franciscanos","isPartOf":{"@id":"https:\/\/franciscanos.org.br\/noticias\/#website"},"primaryImageOfPage":{"@id":"https:\/\/franciscanos.org.br\/noticias\/franciscanos-caminham-pela-paz-e-em-defesa-da-vida-em-duque-de-caxias-2.html#primaryimage"},"datePublished":"2013-10-07T11:06:11+00:00","dateModified":"2020-06-10T22:32:42+00:00","author":{"@id":"https:\/\/franciscanos.org.br\/noticias\/#\/schema\/person\/b38fbf43118f02820bd932f2e4b14ad3"},"breadcrumb":{"@id":"https:\/\/franciscanos.org.br\/noticias\/franciscanos-caminham-pela-paz-e-em-defesa-da-vida-em-duque-de-caxias-2.html#breadcrumb"},"inLanguage":"pt-BR","potentialAction":[{"@type":"ReadAction","target":["https:\/\/franciscanos.org.br\/noticias\/franciscanos-caminham-pela-paz-e-em-defesa-da-vida-em-duque-de-caxias-2.html"]}]},{"@type":"BreadcrumbList","@id":"https:\/\/franciscanos.org.br\/noticias\/franciscanos-caminham-pela-paz-e-em-defesa-da-vida-em-duque-de-caxias-2.html#breadcrumb","itemListElement":[{"@type":"ListItem","position":1,"name":"Home","item":"https:\/\/franciscanos.org.br\/noticias"},{"@type":"ListItem","position":2,"name":"Franciscanos caminham pela paz e em defesa da vida em Duque de Caxias"}]},{"@type":"Person","@id":"https:\/\/franciscanos.org.br\/noticias\/#\/schema\/person\/b38fbf43118f02820bd932f2e4b14ad3","name":"admin","image":{"@type":"ImageObject","inLanguage":"pt-BR","@id":"https:\/\/franciscanos.org.br\/noticias\/#\/schema\/person\/image\/","url":"https:\/\/secure.gravatar.com\/avatar\/e8495742d34d0ba6448ea1c628263b3e?s=96&d=mm&r=g","contentUrl":"https:\/\/secure.gravatar.com\/avatar\/e8495742d34d0ba6448ea1c628263b3e?s=96&d=mm&r=g","caption":"admin"},"url":"https:\/\/franciscanos.org.br\/noticias\/author\/admin"}]}},"_links":{"self":[{"href":"https:\/\/franciscanos.org.br\/noticias\/wp-json\/wp\/v2\/posts\/46513"}],"collection":[{"href":"https:\/\/franciscanos.org.br\/noticias\/wp-json\/wp\/v2\/posts"}],"about":[{"href":"https:\/\/franciscanos.org.br\/noticias\/wp-json\/wp\/v2\/types\/post"}],"author":[{"embeddable":true,"href":"https:\/\/franciscanos.org.br\/noticias\/wp-json\/wp\/v2\/users\/1"}],"replies":[{"embeddable":true,"href":"https:\/\/franciscanos.org.br\/noticias\/wp-json\/wp\/v2\/comments?post=46513"}],"version-history":[{"count":1,"href":"https:\/\/franciscanos.org.br\/noticias\/wp-json\/wp\/v2\/posts\/46513\/revisions"}],"predecessor-version":[{"id":226279,"href":"https:\/\/franciscanos.org.br\/noticias\/wp-json\/wp\/v2\/posts\/46513\/revisions\/226279"}],"wp:featuredmedia":[{"embeddable":true,"href":"https:\/\/franciscanos.org.br\/noticias\/wp-json\/wp\/v2\/media\/211701"}],"wp:attachment":[{"href":"https:\/\/franciscanos.org.br\/noticias\/wp-json\/wp\/v2\/media?parent=46513"}],"wp:term":[{"taxonomy":"category","embeddable":true,"href":"https:\/\/franciscanos.org.br\/noticias\/wp-json\/wp\/v2\/categories?post=46513"},{"taxonomy":"post_tag","embeddable":true,"href":"https:\/\/franciscanos.org.br\/noticias\/wp-json\/wp\/v2\/tags?post=46513"}],"curies":[{"name":"wp","href":"https:\/\/api.w.org\/{rel}","templated":true}]}}